{"id":50,"date":"2020-03-10T16:58:02","date_gmt":"2020-03-10T15:58:02","guid":{"rendered":"https:\/\/www.etoilesportivemontoise.fr\/batidadobrasil\/?p=50"},"modified":"2024-03-24T18:33:08","modified_gmt":"2024-03-24T17:33:08","slug":"stage-de-forro-avec-marcelo-chagas","status":"publish","type":"post","link":"https:\/\/www.etoilesportivemontoise.fr\/batidadobrasil\/2020\/03\/10\/stage-de-forro-avec-marcelo-chagas\/","title":{"rendered":"Dimanche 5 avril : Stage de forr\u00f3 avec Marcelo Chagas"},"content":{"rendered":"<section class=\"wpb-content-wrapper\">[vc_row row_type=\u00a0\u00bbrow\u00a0\u00bb text_align=\u00a0\u00bbleft\u00a0\u00bb css_animation=\u00a0\u00bb\u00a0\u00bb][vc_column width=\u00a0\u00bb1\/2&Prime;][vc_video link=\u00a0\u00bbhttps:\/\/youtu.be\/pGqskfrxxck\u00a0\u00bb][\/vc_column][vc_column width=\u00a0\u00bb1\/2&Prime;][vc_column_text]\n<h2><strong>Stage de Forr\u00f3 avec Marcelo Chagas <\/strong><\/h2>\n<h2><strong>Dimanche 5 avril | 15h &#8211; 18h<\/strong><\/h2>\n<p class=\"font_9\">Le <a href=\"http:\/\/forrobordeaux.blogspot.com\/\" target=\"_blank\" rel=\"noopener noreferrer\" data-content=\"http:\/\/forrobordeaux.blogspot.com\/\" data-type=\"external\">Forr\u00f3<\/a> est, \u00e0 l&rsquo;origine, une musique traditionnelle originaire du nord-est du Br\u00e9sil. Croisement entre les percussions indiennes et la musique populaire portugaise, le forr\u00f3 s\u2019est tout d\u2019abord implant\u00e9 dans le Nordeste du Br\u00e9sil avant de conqu\u00e9rir le reste du pays. Cette musique joyeuse et alerte se base essentiellement sur la zabumba (grosse caisse plate) alli\u00e9e \u00e0 l\u2019accord\u00e9on et au triangle. Il existe plusieurs rythmes de forr\u00f3 dans la culture du nord-est br\u00e9silien (xote, bai\u00e3o, xaxado, c\u00f4co, arrastap\u00e9&#8230;).<\/p>\n<p class=\"font_9\">La musique a donn\u00e9 son nom \u00e0 une danse de couple tr\u00e8s largement appr\u00e9ci\u00e9e et pratiqu\u00e9e au Br\u00e9sil. C&rsquo;est une danse ludique, festive et populaire. <span class=\"C-4\">Les corps se touchent et les regards se croisent. Le pas de danse est relativement simple : deux pas \u00e0 gauche, deux pas \u00e0 droite. Le pas peut \u00eatre pos\u00e9, mais il est plus fr\u00e9quemment sautillant quand on le voit dans\u00e9 par des couples exp\u00e9riment\u00e9s au Br\u00e9sil.<\/span><\/p>\n[\/vc_column_text][vc_empty_space height=\u00a0\u00bb15px\u00a0\u00bb][\/vc_column][\/vc_row][vc_row row_type=\u00a0\u00bbrow\u00a0\u00bb text_align=\u00a0\u00bbleft\u00a0\u00bb css_animation=\u00a0\u00bb\u00a0\u00bb][vc_column][vc_separator css_animation=\u00a0\u00bbslideInRight\u00a0\u00bb type=\u00a0\u00bbnormal\u00a0\u00bb color=\u00a0\u00bb#ffe436&Prime;][vc_empty_space height=\u00a0\u00bb15px\u00a0\u00bb][vc_column_text]\n<h3><img loading=\"lazy\" decoding=\"async\" class=\"size-medium wp-image-169 alignleft\" src=\"https:\/\/www.etoilesportivemontoise.fr\/content\/uploads\/sites\/9\/2020\/03\/33508414_1525816064207090_3303833197934018560_n-200x300.jpg\" alt=\"\" width=\"200\" height=\"300\" srcset=\"https:\/\/www.etoilesportivemontoise.fr\/content\/uploads\/sites\/9\/2020\/03\/33508414_1525816064207090_3303833197934018560_n-200x300.jpg 200w, https:\/\/www.etoilesportivemontoise.fr\/content\/uploads\/sites\/9\/2020\/03\/33508414_1525816064207090_3303833197934018560_n.jpg 600w\" sizes=\"auto, (max-width: 200px) 100vw, 200px\" \/>Marcelo Chagas<\/h3>\n<p>&nbsp;<\/p>\n<p>Originaire de Rio de Janeiro, Marcelo Chagas a commenc\u00e9 en 1992 \u00e0 \u00e9tudier les danses de salon br\u00e9siliennes. En 2002, il a commenc\u00e9 \u00e0 donner des cours de danse (Samba de Gafieira, Bolero, Soltinho, Forr\u00f3, Lambazouk e Samba no p\u00e9). Plus tard, il a recherch\u00e9 d\u2019autres danses comme le Jazz, le Ballet et le Contemporain pour enrichir ses connaissances personnelles en tant que danseur et professeur. C\u2019est avec le m\u00eame objectif d\u2019apprentissage, qu\u2019il s\u2019est form\u00e9 en danse de salon et chor\u00e9graphie et qu\u2019il a obtenu un Master en Danse et Conscience Corporel. Apr\u00e8s plusieurs voyages en Europe (France et Finlande) o\u00f9 il a r\u00e9alis\u00e9 diff\u00e9rents stages de danse, Marcelo a choisi de poursuivre son travail p\u00e9dagogique et artistique \u00e0 la ville de Bordeaux.<\/p>\n<p>&nbsp;<\/p>\n<h4>TARIFS<\/h4>\n<h4>15\u20ac adh\u00e9rents ESM (toutes sections)<\/h4>\n<h4>20\u20ac non-adh\u00e9rent<\/h4>\n<p>&nbsp;<\/p>\n<h4>INSCRIPTIONS<\/h4>\n<h4>batidadobrasil@gmail.com \/ 06.15.67.37.74 \/ via notre <a href=\"https:\/\/www.facebook.com\/events\/624574358367270\/\">\u00e9v\u00e8nement facebook<\/a><\/h4>\n[\/vc_column_text][\/vc_column][\/vc_row][vc_row row_type=\u00a0\u00bbrow\u00a0\u00bb text_align=\u00a0\u00bbleft\u00a0\u00bb css_animation=\u00a0\u00bb\u00a0\u00bb][vc_column][\/vc_column][\/vc_row]\n<\/section>","protected":false},"excerpt":{"rendered":"<p>[vc_row row_type=\u00a0\u00bbrow\u00a0\u00bb text_align=\u00a0\u00bbleft\u00a0\u00bb css_animation=\u00a0\u00bb\u00a0\u00bb][vc_column width=\u00a0\u00bb1\/2&Prime;][vc_video link=\u00a0\u00bbhttps:\/\/youtu.be\/pGqskfrxxck\u00a0\u00bb][\/vc_column][vc_column width=\u00a0\u00bb1\/2&Prime;][vc_column_text] Stage de Forr\u00f3 avec Marcelo Chagas Dimanche 5 avril | 15h &#8211; 18h Le Forr\u00f3 est, \u00e0 l&rsquo;origine, une musique traditionnelle originaire du nord-est du Br\u00e9sil. Croisement entre les percussions indiennes et la musique populaire portugaise, le forr\u00f3&#8230;<\/p>\n","protected":false},"author":37,"featured_media":165,"comment_status":"closed","ping_status":"closed","sticky":false,"template":"","format":"standard","meta":{"footnotes":""},"categories":[9],"tags":[],"class_list":["post-50","post","type-post","status-publish","format-standard","has-post-thumbnail","hentry","category-actualites"],"yoast_head":"<!-- This site is optimized with the Yoast SEO plugin v27.3 - https:\/\/yoast.com\/product\/yoast-seo-wordpress\/ -->\n<title>Dimanche 5 avril : Stage de forr\u00f3 avec Marcelo Chagas - ESM Batida do Brasil<\/title>\n<meta name=\"robots\" content=\"index, follow, max-snippet:-1, max-image-preview:large, max-video-preview:-1\" \/>\n<link rel=\"canonical\" href=\"https:\/\/www.etoilesportivemontoise.fr\/batidadobrasil\/2020\/03\/10\/stage-de-forro-avec-marcelo-chagas\/\" \/>\n<meta property=\"og:locale\" content=\"fr_FR\" \/>\n<meta property=\"og:type\" content=\"article\" \/>\n<meta property=\"og:title\" content=\"Dimanche 5 avril : Stage de forr\u00f3 avec Marcelo Chagas - ESM Batida do Brasil\" \/>\n<meta property=\"og:description\" content=\"[vc_row row_type=\u00a0\u00bbrow\u00a0\u00bb text_align=\u00a0\u00bbleft\u00a0\u00bb css_animation=\u00a0\u00bb\u00a0\u00bb][vc_column width=\u00a0\u00bb1\/2&Prime;][vc_video link=\u00a0\u00bbhttps:\/\/youtu.be\/pGqskfrxxck\u00a0\u00bb][\/vc_column][vc_column width=\u00a0\u00bb1\/2&Prime;][vc_column_text] Stage de Forr\u00f3 avec Marcelo Chagas Dimanche 5 avril | 15h &#8211; 18h Le Forr\u00f3 est, \u00e0 l&rsquo;origine, une musique traditionnelle originaire du nord-est du Br\u00e9sil. Croisement entre les percussions indiennes et la musique populaire portugaise, le forr\u00f3...\" \/>\n<meta property=\"og:url\" content=\"https:\/\/www.etoilesportivemontoise.fr\/batidadobrasil\/2020\/03\/10\/stage-de-forro-avec-marcelo-chagas\/\" \/>\n<meta property=\"og:site_name\" content=\"ESM Batida do Brasil\" \/>\n<meta property=\"article:published_time\" content=\"2020-03-10T15:58:02+00:00\" \/>\n<meta property=\"article:modified_time\" content=\"2024-03-24T17:33:08+00:00\" \/>\n<meta property=\"og:image\" content=\"https:\/\/www.etoilesportivemontoise.fr\/content\/uploads\/sites\/9\/2020\/03\/39569873_1799143000184416_4741130139385987072_n.jpg\" \/>\n\t<meta property=\"og:image:width\" content=\"720\" \/>\n\t<meta property=\"og:image:height\" content=\"478\" \/>\n\t<meta property=\"og:image:type\" content=\"image\/jpeg\" \/>\n<meta name=\"author\" content=\"gvaillant\" \/>\n<meta name=\"twitter:card\" content=\"summary_large_image\" \/>\n<meta name=\"twitter:label1\" content=\"\u00c9crit par\" \/>\n\t<meta name=\"twitter:data1\" content=\"gvaillant\" \/>\n\t<meta name=\"twitter:label2\" content=\"Dur\u00e9e de lecture estim\u00e9e\" \/>\n\t<meta name=\"twitter:data2\" content=\"2 minutes\" \/>\n<script type=\"application\/ld+json\" class=\"yoast-schema-graph\">{\"@context\":\"https:\\\/\\\/schema.org\",\"@graph\":[{\"@type\":\"Article\",\"@id\":\"https:\\\/\\\/www.etoilesportivemontoise.fr\\\/batidadobrasil\\\/2020\\\/03\\\/10\\\/stage-de-forro-avec-marcelo-chagas\\\/#article\",\"isPartOf\":{\"@id\":\"https:\\\/\\\/www.etoilesportivemontoise.fr\\\/batidadobrasil\\\/2020\\\/03\\\/10\\\/stage-de-forro-avec-marcelo-chagas\\\/\"},\"author\":{\"name\":\"gvaillant\",\"@id\":\"https:\\\/\\\/www.etoilesportivemontoise.fr\\\/batidadobrasil\\\/#\\\/schema\\\/person\\\/b8c95595be3e4ba5417e2871f0f99719\"},\"headline\":\"Dimanche 5 avril : Stage de forr\u00f3 avec Marcelo Chagas\",\"datePublished\":\"2020-03-10T15:58:02+00:00\",\"dateModified\":\"2024-03-24T17:33:08+00:00\",\"mainEntityOfPage\":{\"@id\":\"https:\\\/\\\/www.etoilesportivemontoise.fr\\\/batidadobrasil\\\/2020\\\/03\\\/10\\\/stage-de-forro-avec-marcelo-chagas\\\/\"},\"wordCount\":430,\"image\":{\"@id\":\"https:\\\/\\\/www.etoilesportivemontoise.fr\\\/batidadobrasil\\\/2020\\\/03\\\/10\\\/stage-de-forro-avec-marcelo-chagas\\\/#primaryimage\"},\"thumbnailUrl\":\"https:\\\/\\\/www.etoilesportivemontoise.fr\\\/content\\\/uploads\\\/sites\\\/9\\\/2020\\\/03\\\/39569873_1799143000184416_4741130139385987072_n.jpg\",\"articleSection\":[\"Actualit\u00e9s\"],\"inLanguage\":\"fr-FR\"},{\"@type\":\"WebPage\",\"@id\":\"https:\\\/\\\/www.etoilesportivemontoise.fr\\\/batidadobrasil\\\/2020\\\/03\\\/10\\\/stage-de-forro-avec-marcelo-chagas\\\/\",\"url\":\"https:\\\/\\\/www.etoilesportivemontoise.fr\\\/batidadobrasil\\\/2020\\\/03\\\/10\\\/stage-de-forro-avec-marcelo-chagas\\\/\",\"name\":\"Dimanche 5 avril : Stage de forr\u00f3 avec Marcelo Chagas - ESM Batida do Brasil\",\"isPartOf\":{\"@id\":\"https:\\\/\\\/www.etoilesportivemontoise.fr\\\/batidadobrasil\\\/#website\"},\"primaryImageOfPage\":{\"@id\":\"https:\\\/\\\/www.etoilesportivemontoise.fr\\\/batidadobrasil\\\/2020\\\/03\\\/10\\\/stage-de-forro-avec-marcelo-chagas\\\/#primaryimage\"},\"image\":{\"@id\":\"https:\\\/\\\/www.etoilesportivemontoise.fr\\\/batidadobrasil\\\/2020\\\/03\\\/10\\\/stage-de-forro-avec-marcelo-chagas\\\/#primaryimage\"},\"thumbnailUrl\":\"https:\\\/\\\/www.etoilesportivemontoise.fr\\\/content\\\/uploads\\\/sites\\\/9\\\/2020\\\/03\\\/39569873_1799143000184416_4741130139385987072_n.jpg\",\"datePublished\":\"2020-03-10T15:58:02+00:00\",\"dateModified\":\"2024-03-24T17:33:08+00:00\",\"author\":{\"@id\":\"https:\\\/\\\/www.etoilesportivemontoise.fr\\\/batidadobrasil\\\/#\\\/schema\\\/person\\\/b8c95595be3e4ba5417e2871f0f99719\"},\"breadcrumb\":{\"@id\":\"https:\\\/\\\/www.etoilesportivemontoise.fr\\\/batidadobrasil\\\/2020\\\/03\\\/10\\\/stage-de-forro-avec-marcelo-chagas\\\/#breadcrumb\"},\"inLanguage\":\"fr-FR\",\"potentialAction\":[{\"@type\":\"ReadAction\",\"target\":[\"https:\\\/\\\/www.etoilesportivemontoise.fr\\\/batidadobrasil\\\/2020\\\/03\\\/10\\\/stage-de-forro-avec-marcelo-chagas\\\/\"]}]},{\"@type\":\"ImageObject\",\"inLanguage\":\"fr-FR\",\"@id\":\"https:\\\/\\\/www.etoilesportivemontoise.fr\\\/batidadobrasil\\\/2020\\\/03\\\/10\\\/stage-de-forro-avec-marcelo-chagas\\\/#primaryimage\",\"url\":\"https:\\\/\\\/www.etoilesportivemontoise.fr\\\/content\\\/uploads\\\/sites\\\/9\\\/2020\\\/03\\\/39569873_1799143000184416_4741130139385987072_n.jpg\",\"contentUrl\":\"https:\\\/\\\/www.etoilesportivemontoise.fr\\\/content\\\/uploads\\\/sites\\\/9\\\/2020\\\/03\\\/39569873_1799143000184416_4741130139385987072_n.jpg\",\"width\":720,\"height\":478},{\"@type\":\"BreadcrumbList\",\"@id\":\"https:\\\/\\\/www.etoilesportivemontoise.fr\\\/batidadobrasil\\\/2020\\\/03\\\/10\\\/stage-de-forro-avec-marcelo-chagas\\\/#breadcrumb\",\"itemListElement\":[{\"@type\":\"ListItem\",\"position\":1,\"name\":\"Accueil\",\"item\":\"https:\\\/\\\/www.etoilesportivemontoise.fr\\\/batidadobrasil\\\/\"},{\"@type\":\"ListItem\",\"position\":2,\"name\":\"Dimanche 5 avril : Stage de forr\u00f3 avec Marcelo Chagas\"}]},{\"@type\":\"WebSite\",\"@id\":\"https:\\\/\\\/www.etoilesportivemontoise.fr\\\/batidadobrasil\\\/#website\",\"url\":\"https:\\\/\\\/www.etoilesportivemontoise.fr\\\/batidadobrasil\\\/\",\"name\":\"ESM Batida do Brasil\",\"description\":\"\",\"potentialAction\":[{\"@type\":\"SearchAction\",\"target\":{\"@type\":\"EntryPoint\",\"urlTemplate\":\"https:\\\/\\\/www.etoilesportivemontoise.fr\\\/batidadobrasil\\\/?s={search_term_string}\"},\"query-input\":{\"@type\":\"PropertyValueSpecification\",\"valueRequired\":true,\"valueName\":\"search_term_string\"}}],\"inLanguage\":\"fr-FR\"},{\"@type\":\"Person\",\"@id\":\"https:\\\/\\\/www.etoilesportivemontoise.fr\\\/batidadobrasil\\\/#\\\/schema\\\/person\\\/b8c95595be3e4ba5417e2871f0f99719\",\"name\":\"gvaillant\",\"image\":{\"@type\":\"ImageObject\",\"inLanguage\":\"fr-FR\",\"@id\":\"https:\\\/\\\/secure.gravatar.com\\\/avatar\\\/4d93f446a3a192449711beca9de4ff358ad158057f28bc34d60af73667ca91bc?s=96&d=mm&r=g\",\"url\":\"https:\\\/\\\/secure.gravatar.com\\\/avatar\\\/4d93f446a3a192449711beca9de4ff358ad158057f28bc34d60af73667ca91bc?s=96&d=mm&r=g\",\"contentUrl\":\"https:\\\/\\\/secure.gravatar.com\\\/avatar\\\/4d93f446a3a192449711beca9de4ff358ad158057f28bc34d60af73667ca91bc?s=96&d=mm&r=g\",\"caption\":\"gvaillant\"},\"url\":\"https:\\\/\\\/www.etoilesportivemontoise.fr\\\/batidadobrasil\\\/aka\\\/bbd826311f2b90ce9d88f4805075bf3671f871aa\\\/\"}]}<\/script>\n<!-- \/ Yoast SEO plugin. -->","yoast_head_json":{"title":"Dimanche 5 avril : Stage de forr\u00f3 avec Marcelo Chagas - ESM Batida do Brasil","robots":{"index":"index","follow":"follow","max-snippet":"max-snippet:-1","max-image-preview":"max-image-preview:large","max-video-preview":"max-video-preview:-1"},"canonical":"https:\/\/www.etoilesportivemontoise.fr\/batidadobrasil\/2020\/03\/10\/stage-de-forro-avec-marcelo-chagas\/","og_locale":"fr_FR","og_type":"article","og_title":"Dimanche 5 avril : Stage de forr\u00f3 avec Marcelo Chagas - ESM Batida do Brasil","og_description":"[vc_row row_type=\u00a0\u00bbrow\u00a0\u00bb text_align=\u00a0\u00bbleft\u00a0\u00bb css_animation=\u00a0\u00bb\u00a0\u00bb][vc_column width=\u00a0\u00bb1\/2&Prime;][vc_video link=\u00a0\u00bbhttps:\/\/youtu.be\/pGqskfrxxck\u00a0\u00bb][\/vc_column][vc_column width=\u00a0\u00bb1\/2&Prime;][vc_column_text] Stage de Forr\u00f3 avec Marcelo Chagas Dimanche 5 avril | 15h &#8211; 18h Le Forr\u00f3 est, \u00e0 l&rsquo;origine, une musique traditionnelle originaire du nord-est du Br\u00e9sil. Croisement entre les percussions indiennes et la musique populaire portugaise, le forr\u00f3...","og_url":"https:\/\/www.etoilesportivemontoise.fr\/batidadobrasil\/2020\/03\/10\/stage-de-forro-avec-marcelo-chagas\/","og_site_name":"ESM Batida do Brasil","article_published_time":"2020-03-10T15:58:02+00:00","article_modified_time":"2024-03-24T17:33:08+00:00","og_image":[{"width":720,"height":478,"url":"https:\/\/www.etoilesportivemontoise.fr\/content\/uploads\/sites\/9\/2020\/03\/39569873_1799143000184416_4741130139385987072_n.jpg","type":"image\/jpeg"}],"author":"gvaillant","twitter_card":"summary_large_image","twitter_misc":{"\u00c9crit par":"gvaillant","Dur\u00e9e de lecture estim\u00e9e":"2 minutes"},"schema":{"@context":"https:\/\/schema.org","@graph":[{"@type":"Article","@id":"https:\/\/www.etoilesportivemontoise.fr\/batidadobrasil\/2020\/03\/10\/stage-de-forro-avec-marcelo-chagas\/#article","isPartOf":{"@id":"https:\/\/www.etoilesportivemontoise.fr\/batidadobrasil\/2020\/03\/10\/stage-de-forro-avec-marcelo-chagas\/"},"author":{"name":"gvaillant","@id":"https:\/\/www.etoilesportivemontoise.fr\/batidadobrasil\/#\/schema\/person\/b8c95595be3e4ba5417e2871f0f99719"},"headline":"Dimanche 5 avril : Stage de forr\u00f3 avec Marcelo Chagas","datePublished":"2020-03-10T15:58:02+00:00","dateModified":"2024-03-24T17:33:08+00:00","mainEntityOfPage":{"@id":"https:\/\/www.etoilesportivemontoise.fr\/batidadobrasil\/2020\/03\/10\/stage-de-forro-avec-marcelo-chagas\/"},"wordCount":430,"image":{"@id":"https:\/\/www.etoilesportivemontoise.fr\/batidadobrasil\/2020\/03\/10\/stage-de-forro-avec-marcelo-chagas\/#primaryimage"},"thumbnailUrl":"https:\/\/www.etoilesportivemontoise.fr\/content\/uploads\/sites\/9\/2020\/03\/39569873_1799143000184416_4741130139385987072_n.jpg","articleSection":["Actualit\u00e9s"],"inLanguage":"fr-FR"},{"@type":"WebPage","@id":"https:\/\/www.etoilesportivemontoise.fr\/batidadobrasil\/2020\/03\/10\/stage-de-forro-avec-marcelo-chagas\/","url":"https:\/\/www.etoilesportivemontoise.fr\/batidadobrasil\/2020\/03\/10\/stage-de-forro-avec-marcelo-chagas\/","name":"Dimanche 5 avril : Stage de forr\u00f3 avec Marcelo Chagas - ESM Batida do Brasil","isPartOf":{"@id":"https:\/\/www.etoilesportivemontoise.fr\/batidadobrasil\/#website"},"primaryImageOfPage":{"@id":"https:\/\/www.etoilesportivemontoise.fr\/batidadobrasil\/2020\/03\/10\/stage-de-forro-avec-marcelo-chagas\/#primaryimage"},"image":{"@id":"https:\/\/www.etoilesportivemontoise.fr\/batidadobrasil\/2020\/03\/10\/stage-de-forro-avec-marcelo-chagas\/#primaryimage"},"thumbnailUrl":"https:\/\/www.etoilesportivemontoise.fr\/content\/uploads\/sites\/9\/2020\/03\/39569873_1799143000184416_4741130139385987072_n.jpg","datePublished":"2020-03-10T15:58:02+00:00","dateModified":"2024-03-24T17:33:08+00:00","author":{"@id":"https:\/\/www.etoilesportivemontoise.fr\/batidadobrasil\/#\/schema\/person\/b8c95595be3e4ba5417e2871f0f99719"},"breadcrumb":{"@id":"https:\/\/www.etoilesportivemontoise.fr\/batidadobrasil\/2020\/03\/10\/stage-de-forro-avec-marcelo-chagas\/#breadcrumb"},"inLanguage":"fr-FR","potentialAction":[{"@type":"ReadAction","target":["https:\/\/www.etoilesportivemontoise.fr\/batidadobrasil\/2020\/03\/10\/stage-de-forro-avec-marcelo-chagas\/"]}]},{"@type":"ImageObject","inLanguage":"fr-FR","@id":"https:\/\/www.etoilesportivemontoise.fr\/batidadobrasil\/2020\/03\/10\/stage-de-forro-avec-marcelo-chagas\/#primaryimage","url":"https:\/\/www.etoilesportivemontoise.fr\/content\/uploads\/sites\/9\/2020\/03\/39569873_1799143000184416_4741130139385987072_n.jpg","contentUrl":"https:\/\/www.etoilesportivemontoise.fr\/content\/uploads\/sites\/9\/2020\/03\/39569873_1799143000184416_4741130139385987072_n.jpg","width":720,"height":478},{"@type":"BreadcrumbList","@id":"https:\/\/www.etoilesportivemontoise.fr\/batidadobrasil\/2020\/03\/10\/stage-de-forro-avec-marcelo-chagas\/#breadcrumb","itemListElement":[{"@type":"ListItem","position":1,"name":"Accueil","item":"https:\/\/www.etoilesportivemontoise.fr\/batidadobrasil\/"},{"@type":"ListItem","position":2,"name":"Dimanche 5 avril : Stage de forr\u00f3 avec Marcelo Chagas"}]},{"@type":"WebSite","@id":"https:\/\/www.etoilesportivemontoise.fr\/batidadobrasil\/#website","url":"https:\/\/www.etoilesportivemontoise.fr\/batidadobrasil\/","name":"ESM Batida do Brasil","description":"","potentialAction":[{"@type":"SearchAction","target":{"@type":"EntryPoint","urlTemplate":"https:\/\/www.etoilesportivemontoise.fr\/batidadobrasil\/?s={search_term_string}"},"query-input":{"@type":"PropertyValueSpecification","valueRequired":true,"valueName":"search_term_string"}}],"inLanguage":"fr-FR"},{"@type":"Person","@id":"https:\/\/www.etoilesportivemontoise.fr\/batidadobrasil\/#\/schema\/person\/b8c95595be3e4ba5417e2871f0f99719","name":"gvaillant","image":{"@type":"ImageObject","inLanguage":"fr-FR","@id":"https:\/\/secure.gravatar.com\/avatar\/4d93f446a3a192449711beca9de4ff358ad158057f28bc34d60af73667ca91bc?s=96&d=mm&r=g","url":"https:\/\/secure.gravatar.com\/avatar\/4d93f446a3a192449711beca9de4ff358ad158057f28bc34d60af73667ca91bc?s=96&d=mm&r=g","contentUrl":"https:\/\/secure.gravatar.com\/avatar\/4d93f446a3a192449711beca9de4ff358ad158057f28bc34d60af73667ca91bc?s=96&d=mm&r=g","caption":"gvaillant"},"url":"https:\/\/www.etoilesportivemontoise.fr\/batidadobrasil\/aka\/bbd826311f2b90ce9d88f4805075bf3671f871aa\/"}]}},"_links":{"self":[{"href":"https:\/\/www.etoilesportivemontoise.fr\/batidadobrasil\/wp-json\/wp\/v2\/posts\/50","targetHints":{"allow":["GET"]}}],"collection":[{"href":"https:\/\/www.etoilesportivemontoise.fr\/batidadobrasil\/wp-json\/wp\/v2\/posts"}],"about":[{"href":"https:\/\/www.etoilesportivemontoise.fr\/batidadobrasil\/wp-json\/wp\/v2\/types\/post"}],"author":[{"embeddable":true,"href":"https:\/\/www.etoilesportivemontoise.fr\/batidadobrasil\/wp-json\/wp\/v2\/users\/37"}],"replies":[{"embeddable":true,"href":"https:\/\/www.etoilesportivemontoise.fr\/batidadobrasil\/wp-json\/wp\/v2\/comments?post=50"}],"version-history":[{"count":24,"href":"https:\/\/www.etoilesportivemontoise.fr\/batidadobrasil\/wp-json\/wp\/v2\/posts\/50\/revisions"}],"predecessor-version":[{"id":190,"href":"https:\/\/www.etoilesportivemontoise.fr\/batidadobrasil\/wp-json\/wp\/v2\/posts\/50\/revisions\/190"}],"wp:featuredmedia":[{"embeddable":true,"href":"https:\/\/www.etoilesportivemontoise.fr\/batidadobrasil\/wp-json\/wp\/v2\/media\/165"}],"wp:attachment":[{"href":"https:\/\/www.etoilesportivemontoise.fr\/batidadobrasil\/wp-json\/wp\/v2\/media?parent=50"}],"wp:term":[{"taxonomy":"category","embeddable":true,"href":"https:\/\/www.etoilesportivemontoise.fr\/batidadobrasil\/wp-json\/wp\/v2\/categories?post=50"},{"taxonomy":"post_tag","embeddable":true,"href":"https:\/\/www.etoilesportivemontoise.fr\/batidadobrasil\/wp-json\/wp\/v2\/tags?post=50"}],"curies":[{"name":"wp","href":"https:\/\/api.w.org\/{rel}","templated":true}]}}