{"id":3380,"date":"2015-01-09T11:12:00","date_gmt":"2015-01-09T10:12:00","guid":{"rendered":"http:\/\/www.etoilesportivemontoise.fr\/football\/marion-marty-au-district-des-landes-de-football\/"},"modified":"2024-03-24T18:13:32","modified_gmt":"2024-03-24T17:13:32","slug":"marion-marty-au-district-des-landes-de","status":"publish","type":"post","link":"https:\/\/www.etoilesportivemontoise.fr\/football\/2015\/01\/marion-marty-au-district-des-landes-de\/","title":{"rendered":"Marion Marty au district des Landes de Football."},"content":{"rendered":"<div style=\"clear: both;text-align: center\"><\/div>\n<h1 style=\"background-color: white;font-family: Arial;font-size: 14px;margin: 0px 0px 10px\"><span style=\"text-decoration: underline\">Le club de L&rsquo;Etoile Sportive Montoise Football f\u00e9licite Marion Marty pour son entr\u00e9e au poste \u00a0\u00bb service civique \u00a0\u00bb du district des landes.<\/span><\/h1>\n<h1 style=\"background-color: white;color: #56b3e4;font-family: Arial;font-size: 14px;margin: 0px 0px 10px\"><\/h1>\n<h1 style=\"background-color: white;color: #56b3e4;font-family: Arial;font-size: 14px;margin: 0px 0px 10px\">Le District, un tremplin pour l&rsquo;avenir<\/h1>\n<div style=\"background-color: white;color: #303030;font-family: Arial;font-size: 11px;font-weight: bold;margin-bottom: 10px;text-align: justify\"><\/div>\n<div style=\"background-color: white;color: #303030;font-family: Arial;font-size: 11px;margin-bottom: 10px;text-align: justify\">Au moment ou le football landais compte de plus en plus de licenci\u00e9s, le District des\u00a0Landes de Football\u00a0a d\u00e9cid\u00e9 d&rsquo;ouvrir 2 postes\u00a0\u00ab\u00a0service civique\u00a0\u00bb, c&rsquo;est ainsi que Marion Marty et Florian Lafen\u00eatre nous ont rejoints depuis\u00a0Lundi 5 Janvier 2015 pour\u00a0une dur\u00e9e de 8 mois.<\/div>\n<div style=\"background-color: white;color: #303030;font-family: Arial;font-size: 11px;margin-bottom: 10px;text-align: justify\"><\/div>\n<ul style=\"background-color: white;color: #303030;font-family: Arial;font-size: 11px;text-align: justify\">\n<li><strong>Pouvez-vous vous pr\u00e9senter?<\/strong><\/li>\n<\/ul>\n<p>&nbsp;<\/p>\n<div style=\"background-color: white;color: #303030;font-family: Arial;font-size: 11px;margin-bottom: 10px;padding: 0px 0px 0px 40px;text-align: justify\"><strong>Marion Marty<\/strong>: \u00ab\u00a0Passionn\u00e9e\u00a0par le\u00a0football depuis toute jeune et ayant pratiqu\u00e9 ce sport quelques ann\u00e9es, je me suis aujourd&rsquo;hui rapproch\u00e9e \u00e0 nouveau des terrains mais cette fois-ci en tant qu&rsquo;\u00e9ducatrice au sein de l&rsquo;\u00e9cole de football du P\u00f4le F\u00e9minin Montois. Je suis \u00e9galement tr\u00e8s impliqu\u00e9e dans la vie de mon club : l&rsquo;Etoile Sportive Montoise. Je fais\u00a0partie du bureau, de diverses commissions et je suis \u00e9galement r\u00e9f\u00e9rente et d\u00e9l\u00e9gu\u00e9e\u00a0de la r\u00e9serve Seniors\u00a0\u00bb.<\/div>\n<p>&nbsp;<\/p>\n<div style=\"background-color: white;color: #303030;font-family: Arial;font-size: 11px;margin-bottom: 10px;padding: 0px 0px 0px 40px;text-align: justify\"><strong>Florian Lafen\u00eatre<\/strong>: \u00ab\u00a0Habitant \u00e0 St Sever depuis toujours, je suis \u00e9galement joueur et \u00e9ducateur au SASS. F\u00e9ru de ce sport, j&rsquo;ai choisi de m&rsquo;engager avec le District des Landes de Football afin d&rsquo;\u00eatre au c\u0153ur m\u00eame de l&rsquo;instance qui g\u00e8re et organise toutes les rencontres et Comp\u00e9titions du d\u00e9partement\u00a0\u00bb.<\/div>\n<p>&nbsp;<\/p>\n<ul style=\"background-color: white;color: #303030;font-family: Arial;font-size: 11px;text-align: justify\">\n<li><strong>Qu&rsquo;est ce que\u00a0le service civique?<\/strong><\/li>\n<\/ul>\n<p>&nbsp;<\/p>\n<div style=\"background-color: white;color: #303030;font-family: Arial;font-size: 11px;margin-bottom: 10px;padding: 0px 0px 0px 40px;text-align: justify\"><strong>MM-FL<\/strong>: \u00ab\u00a0Le service civique est un engagement volontaire au service de l&rsquo;int\u00e9r\u00eat g\u00e9n\u00e9ral,\u00a0bas\u00e9 sur la passion et l&rsquo;envie d&rsquo;approfondir ces connaissances dans divers corps de m\u00e9tier\u00a0\u00bb.<\/div>\n<p>&nbsp;<\/p>\n<ul style=\"background-color: white;color: #303030;font-family: Arial;font-size: 11px;text-align: justify\">\n<li><strong>Quelles sont vos principales missions?\u00a0<\/strong><\/li>\n<\/ul>\n<p>&nbsp;<\/p>\n<div style=\"background-color: white;color: #303030;font-family: Arial;font-size: 11px;margin-bottom: 10px;padding: 0px 0px 0px 40px;text-align: justify\">\u00a0<strong>MM-FL<\/strong>: \u00ab\u00a0Nos principales missions seront de d\u00e9velopper le Programme Educatif F\u00e9d\u00e9ral dans les clubs engag\u00e9s mais\u00a0aussi d&rsquo;intervenir en\u00a0milieu scolaire\u00a0dans le cadre de \u00ab\u00a0Mon Euro 2016&Prime; en collaboration avec l&rsquo;\u00e9ducation nationale\u00a0\u00bb.<\/div>\n<p>&nbsp;<\/p>\n<ul style=\"background-color: white;color: #303030;font-family: Arial;font-size: 11px;text-align: justify\">\n<li><strong>Quels sont vos projets futurs?<\/strong><\/li>\n<\/ul>\n<p>&nbsp;<\/p>\n<div style=\"background-color: white;color: #303030;font-family: Arial;font-size: 11px;margin-bottom: 10px;padding: 0px 0px 0px 40px;text-align: justify\"><strong>MM<\/strong>: \u00ab\u00a0Je profite de l&rsquo;opportunit\u00e9 du Service Civique pour acqu\u00e9rir de l&rsquo;exp\u00e9rience tout en passant les diverses formations propos\u00e9es par le Centre Inter-R\u00e9gional de Formation. Une fois les 4 certificats F\u00e9d\u00e9raux obtenus, mon but est de pr\u00e9parer le Brevet de Moniteur de Football et bien entendu de l&rsquo;obtenir\u00a0\u00bb.<\/div>\n<p>&nbsp;<\/p>\n<div style=\"background-color: white;color: #303030;font-family: Arial;font-size: 11px;margin-bottom: 10px;padding: 0px 0px 0px 40px;text-align: justify\"><strong>FL<\/strong>: \u00ab\u00a0Mes principaux projets sont tout d&rsquo;abord d&#8217;emmagasiner un maximum d&rsquo;\u00e9xp\u00e9rience et de peaufiner mes comp\u00e9tences afin de devenir le plus complet possible. Puis, \u00e0 long terme, envisager de passer le BMF puis le BEF\u00a0\u00bb.<\/div>\n<div style=\"background-color: white;border: 0px;clear: both;color: #303030;font-family: Arial;font-size: 1px;height: 20px;margin: 0px;overflow: hidden;padding: 0px;text-align: justify\"><\/div>\n<div>Par J\u00e9r\u00f4me Courrouyan<\/div>\n","protected":false},"excerpt":{"rendered":"<p>Le club de L&rsquo;Etoile Sportive Montoise Football f\u00e9licite Marion Marty pour son entr\u00e9e au poste \u00a0\u00bb service civique \u00a0\u00bb du district des landes. Le District, un tremplin pour l&rsquo;avenir Au moment ou le football landais compte de plus en plus de licenci\u00e9s, le District des\u00a0Landes&#8230;<\/p>\n","protected":false},"author":2,"featured_media":3625,"comment_status":"closed","ping_status":"closed","sticky":false,"template":"","format":"standard","meta":{"footnotes":""},"categories":[28],"tags":[],"class_list":["post-3380","post","type-post","status-publish","format-standard","has-post-thumbnail","hentry","category-old"],"yoast_head":"<!-- This site is optimized with the Yoast SEO plugin v27.3 - https:\/\/yoast.com\/product\/yoast-seo-wordpress\/ -->\n<title>Marion Marty au district des Landes de Football. - ESM Foot<\/title>\n<meta name=\"robots\" content=\"index, follow, max-snippet:-1, max-image-preview:large, max-video-preview:-1\" \/>\n<link rel=\"canonical\" href=\"https:\/\/www.etoilesportivemontoise.fr\/football\/2015\/01\/marion-marty-au-district-des-landes-de\/\" \/>\n<meta property=\"og:locale\" content=\"fr_FR\" \/>\n<meta property=\"og:type\" content=\"article\" \/>\n<meta property=\"og:title\" content=\"Marion Marty au district des Landes de Football. - ESM Foot\" \/>\n<meta property=\"og:description\" content=\"Le club de L&rsquo;Etoile Sportive Montoise Football f\u00e9licite Marion Marty pour son entr\u00e9e au poste \u00a0\u00bb service civique \u00a0\u00bb du district des landes. Le District, un tremplin pour l&rsquo;avenir Au moment ou le football landais compte de plus en plus de licenci\u00e9s, le District des\u00a0Landes...\" \/>\n<meta property=\"og:url\" content=\"https:\/\/www.etoilesportivemontoise.fr\/football\/2015\/01\/marion-marty-au-district-des-landes-de\/\" \/>\n<meta property=\"og:site_name\" content=\"ESM Foot\" \/>\n<meta property=\"article:published_time\" content=\"2015-01-09T10:12:00+00:00\" \/>\n<meta property=\"article:modified_time\" content=\"2024-03-24T17:13:32+00:00\" \/>\n<meta property=\"og:image\" content=\"https:\/\/www.etoilesportivemontoise.fr\/content\/uploads\/sites\/2\/2015\/01\/marion-2Bmarty.jpg\" \/>\n\t<meta property=\"og:image:width\" content=\"435\" \/>\n\t<meta property=\"og:image:height\" content=\"239\" \/>\n\t<meta property=\"og:image:type\" content=\"image\/jpeg\" \/>\n<meta name=\"twitter:label1\" content=\"\u00c9crit par\" \/>\n\t<meta name=\"twitter:data1\" content=\"\" \/>\n\t<meta name=\"twitter:label2\" content=\"Dur\u00e9e de lecture estim\u00e9e\" \/>\n\t<meta name=\"twitter:data2\" content=\"2 minutes\" \/>\n<script type=\"application\/ld+json\" class=\"yoast-schema-graph\">{\"@context\":\"https:\\\/\\\/schema.org\",\"@graph\":[{\"@type\":\"Article\",\"@id\":\"https:\\\/\\\/www.etoilesportivemontoise.fr\\\/football\\\/2015\\\/01\\\/marion-marty-au-district-des-landes-de\\\/#article\",\"isPartOf\":{\"@id\":\"https:\\\/\\\/www.etoilesportivemontoise.fr\\\/football\\\/2015\\\/01\\\/marion-marty-au-district-des-landes-de\\\/\"},\"author\":{\"name\":\"\",\"@id\":\"\"},\"headline\":\"Marion Marty au district des Landes de Football.\",\"datePublished\":\"2015-01-09T10:12:00+00:00\",\"dateModified\":\"2024-03-24T17:13:32+00:00\",\"mainEntityOfPage\":{\"@id\":\"https:\\\/\\\/www.etoilesportivemontoise.fr\\\/football\\\/2015\\\/01\\\/marion-marty-au-district-des-landes-de\\\/\"},\"wordCount\":442,\"image\":{\"@id\":\"https:\\\/\\\/www.etoilesportivemontoise.fr\\\/football\\\/2015\\\/01\\\/marion-marty-au-district-des-landes-de\\\/#primaryimage\"},\"thumbnailUrl\":\"https:\\\/\\\/www.etoilesportivemontoise.fr\\\/content\\\/uploads\\\/sites\\\/2\\\/2015\\\/01\\\/marion-2Bmarty.jpg\",\"articleSection\":[\"Archives\"],\"inLanguage\":\"fr-FR\"},{\"@type\":\"WebPage\",\"@id\":\"https:\\\/\\\/www.etoilesportivemontoise.fr\\\/football\\\/2015\\\/01\\\/marion-marty-au-district-des-landes-de\\\/\",\"url\":\"https:\\\/\\\/www.etoilesportivemontoise.fr\\\/football\\\/2015\\\/01\\\/marion-marty-au-district-des-landes-de\\\/\",\"name\":\"Marion Marty au district des Landes de Football. - ESM Foot\",\"isPartOf\":{\"@id\":\"https:\\\/\\\/www.etoilesportivemontoise.fr\\\/football\\\/#website\"},\"primaryImageOfPage\":{\"@id\":\"https:\\\/\\\/www.etoilesportivemontoise.fr\\\/football\\\/2015\\\/01\\\/marion-marty-au-district-des-landes-de\\\/#primaryimage\"},\"image\":{\"@id\":\"https:\\\/\\\/www.etoilesportivemontoise.fr\\\/football\\\/2015\\\/01\\\/marion-marty-au-district-des-landes-de\\\/#primaryimage\"},\"thumbnailUrl\":\"https:\\\/\\\/www.etoilesportivemontoise.fr\\\/content\\\/uploads\\\/sites\\\/2\\\/2015\\\/01\\\/marion-2Bmarty.jpg\",\"datePublished\":\"2015-01-09T10:12:00+00:00\",\"dateModified\":\"2024-03-24T17:13:32+00:00\",\"author\":{\"@id\":\"\"},\"breadcrumb\":{\"@id\":\"https:\\\/\\\/www.etoilesportivemontoise.fr\\\/football\\\/2015\\\/01\\\/marion-marty-au-district-des-landes-de\\\/#breadcrumb\"},\"inLanguage\":\"fr-FR\",\"potentialAction\":[{\"@type\":\"ReadAction\",\"target\":[\"https:\\\/\\\/www.etoilesportivemontoise.fr\\\/football\\\/2015\\\/01\\\/marion-marty-au-district-des-landes-de\\\/\"]}]},{\"@type\":\"ImageObject\",\"inLanguage\":\"fr-FR\",\"@id\":\"https:\\\/\\\/www.etoilesportivemontoise.fr\\\/football\\\/2015\\\/01\\\/marion-marty-au-district-des-landes-de\\\/#primaryimage\",\"url\":\"https:\\\/\\\/www.etoilesportivemontoise.fr\\\/content\\\/uploads\\\/sites\\\/2\\\/2015\\\/01\\\/marion-2Bmarty.jpg\",\"contentUrl\":\"https:\\\/\\\/www.etoilesportivemontoise.fr\\\/content\\\/uploads\\\/sites\\\/2\\\/2015\\\/01\\\/marion-2Bmarty.jpg\",\"width\":435,\"height\":239},{\"@type\":\"BreadcrumbList\",\"@id\":\"https:\\\/\\\/www.etoilesportivemontoise.fr\\\/football\\\/2015\\\/01\\\/marion-marty-au-district-des-landes-de\\\/#breadcrumb\",\"itemListElement\":[{\"@type\":\"ListItem\",\"position\":1,\"name\":\"Accueil\",\"item\":\"https:\\\/\\\/www.etoilesportivemontoise.fr\\\/football\\\/\"},{\"@type\":\"ListItem\",\"position\":2,\"name\":\"Marion Marty au district des Landes de Football.\"}]},{\"@type\":\"WebSite\",\"@id\":\"https:\\\/\\\/www.etoilesportivemontoise.fr\\\/football\\\/#website\",\"url\":\"https:\\\/\\\/www.etoilesportivemontoise.fr\\\/football\\\/\",\"name\":\"ESM Foot\",\"description\":\"Club Football Mont de Marsan\",\"potentialAction\":[{\"@type\":\"SearchAction\",\"target\":{\"@type\":\"EntryPoint\",\"urlTemplate\":\"https:\\\/\\\/www.etoilesportivemontoise.fr\\\/football\\\/?s={search_term_string}\"},\"query-input\":{\"@type\":\"PropertyValueSpecification\",\"valueRequired\":true,\"valueName\":\"search_term_string\"}}],\"inLanguage\":\"fr-FR\"},{\"@type\":\"Person\",\"@id\":\"\",\"url\":\"https:\\\/\\\/www.etoilesportivemontoise.fr\\\/football\\\/aka\\\/\"}]}<\/script>\n<!-- \/ Yoast SEO plugin. -->","yoast_head_json":{"title":"Marion Marty au district des Landes de Football. - ESM Foot","robots":{"index":"index","follow":"follow","max-snippet":"max-snippet:-1","max-image-preview":"max-image-preview:large","max-video-preview":"max-video-preview:-1"},"canonical":"https:\/\/www.etoilesportivemontoise.fr\/football\/2015\/01\/marion-marty-au-district-des-landes-de\/","og_locale":"fr_FR","og_type":"article","og_title":"Marion Marty au district des Landes de Football. - ESM Foot","og_description":"Le club de L&rsquo;Etoile Sportive Montoise Football f\u00e9licite Marion Marty pour son entr\u00e9e au poste \u00a0\u00bb service civique \u00a0\u00bb du district des landes. Le District, un tremplin pour l&rsquo;avenir Au moment ou le football landais compte de plus en plus de licenci\u00e9s, le District des\u00a0Landes...","og_url":"https:\/\/www.etoilesportivemontoise.fr\/football\/2015\/01\/marion-marty-au-district-des-landes-de\/","og_site_name":"ESM Foot","article_published_time":"2015-01-09T10:12:00+00:00","article_modified_time":"2024-03-24T17:13:32+00:00","og_image":[{"width":435,"height":239,"url":"https:\/\/www.etoilesportivemontoise.fr\/content\/uploads\/sites\/2\/2015\/01\/marion-2Bmarty.jpg","type":"image\/jpeg"}],"twitter_misc":{"\u00c9crit par":"","Dur\u00e9e de lecture estim\u00e9e":"2 minutes"},"schema":{"@context":"https:\/\/schema.org","@graph":[{"@type":"Article","@id":"https:\/\/www.etoilesportivemontoise.fr\/football\/2015\/01\/marion-marty-au-district-des-landes-de\/#article","isPartOf":{"@id":"https:\/\/www.etoilesportivemontoise.fr\/football\/2015\/01\/marion-marty-au-district-des-landes-de\/"},"author":{"name":"","@id":""},"headline":"Marion Marty au district des Landes de Football.","datePublished":"2015-01-09T10:12:00+00:00","dateModified":"2024-03-24T17:13:32+00:00","mainEntityOfPage":{"@id":"https:\/\/www.etoilesportivemontoise.fr\/football\/2015\/01\/marion-marty-au-district-des-landes-de\/"},"wordCount":442,"image":{"@id":"https:\/\/www.etoilesportivemontoise.fr\/football\/2015\/01\/marion-marty-au-district-des-landes-de\/#primaryimage"},"thumbnailUrl":"https:\/\/www.etoilesportivemontoise.fr\/content\/uploads\/sites\/2\/2015\/01\/marion-2Bmarty.jpg","articleSection":["Archives"],"inLanguage":"fr-FR"},{"@type":"WebPage","@id":"https:\/\/www.etoilesportivemontoise.fr\/football\/2015\/01\/marion-marty-au-district-des-landes-de\/","url":"https:\/\/www.etoilesportivemontoise.fr\/football\/2015\/01\/marion-marty-au-district-des-landes-de\/","name":"Marion Marty au district des Landes de Football. - ESM Foot","isPartOf":{"@id":"https:\/\/www.etoilesportivemontoise.fr\/football\/#website"},"primaryImageOfPage":{"@id":"https:\/\/www.etoilesportivemontoise.fr\/football\/2015\/01\/marion-marty-au-district-des-landes-de\/#primaryimage"},"image":{"@id":"https:\/\/www.etoilesportivemontoise.fr\/football\/2015\/01\/marion-marty-au-district-des-landes-de\/#primaryimage"},"thumbnailUrl":"https:\/\/www.etoilesportivemontoise.fr\/content\/uploads\/sites\/2\/2015\/01\/marion-2Bmarty.jpg","datePublished":"2015-01-09T10:12:00+00:00","dateModified":"2024-03-24T17:13:32+00:00","author":{"@id":""},"breadcrumb":{"@id":"https:\/\/www.etoilesportivemontoise.fr\/football\/2015\/01\/marion-marty-au-district-des-landes-de\/#breadcrumb"},"inLanguage":"fr-FR","potentialAction":[{"@type":"ReadAction","target":["https:\/\/www.etoilesportivemontoise.fr\/football\/2015\/01\/marion-marty-au-district-des-landes-de\/"]}]},{"@type":"ImageObject","inLanguage":"fr-FR","@id":"https:\/\/www.etoilesportivemontoise.fr\/football\/2015\/01\/marion-marty-au-district-des-landes-de\/#primaryimage","url":"https:\/\/www.etoilesportivemontoise.fr\/content\/uploads\/sites\/2\/2015\/01\/marion-2Bmarty.jpg","contentUrl":"https:\/\/www.etoilesportivemontoise.fr\/content\/uploads\/sites\/2\/2015\/01\/marion-2Bmarty.jpg","width":435,"height":239},{"@type":"BreadcrumbList","@id":"https:\/\/www.etoilesportivemontoise.fr\/football\/2015\/01\/marion-marty-au-district-des-landes-de\/#breadcrumb","itemListElement":[{"@type":"ListItem","position":1,"name":"Accueil","item":"https:\/\/www.etoilesportivemontoise.fr\/football\/"},{"@type":"ListItem","position":2,"name":"Marion Marty au district des Landes de Football."}]},{"@type":"WebSite","@id":"https:\/\/www.etoilesportivemontoise.fr\/football\/#website","url":"https:\/\/www.etoilesportivemontoise.fr\/football\/","name":"ESM Foot","description":"Club Football Mont de Marsan","potentialAction":[{"@type":"SearchAction","target":{"@type":"EntryPoint","urlTemplate":"https:\/\/www.etoilesportivemontoise.fr\/football\/?s={search_term_string}"},"query-input":{"@type":"PropertyValueSpecification","valueRequired":true,"valueName":"search_term_string"}}],"inLanguage":"fr-FR"},{"@type":"Person","@id":"","url":"https:\/\/www.etoilesportivemontoise.fr\/football\/aka\/"}]}},"_links":{"self":[{"href":"https:\/\/www.etoilesportivemontoise.fr\/football\/wp-json\/wp\/v2\/posts\/3380","targetHints":{"allow":["GET"]}}],"collection":[{"href":"https:\/\/www.etoilesportivemontoise.fr\/football\/wp-json\/wp\/v2\/posts"}],"about":[{"href":"https:\/\/www.etoilesportivemontoise.fr\/football\/wp-json\/wp\/v2\/types\/post"}],"author":[{"embeddable":true,"href":"https:\/\/www.etoilesportivemontoise.fr\/football\/wp-json\/wp\/v2\/users\/2"}],"replies":[{"embeddable":true,"href":"https:\/\/www.etoilesportivemontoise.fr\/football\/wp-json\/wp\/v2\/comments?post=3380"}],"version-history":[{"count":2,"href":"https:\/\/www.etoilesportivemontoise.fr\/football\/wp-json\/wp\/v2\/posts\/3380\/revisions"}],"predecessor-version":[{"id":4114,"href":"https:\/\/www.etoilesportivemontoise.fr\/football\/wp-json\/wp\/v2\/posts\/3380\/revisions\/4114"}],"wp:featuredmedia":[{"embeddable":true,"href":"https:\/\/www.etoilesportivemontoise.fr\/football\/wp-json\/wp\/v2\/media\/3625"}],"wp:attachment":[{"href":"https:\/\/www.etoilesportivemontoise.fr\/football\/wp-json\/wp\/v2\/media?parent=3380"}],"wp:term":[{"taxonomy":"category","embeddable":true,"href":"https:\/\/www.etoilesportivemontoise.fr\/football\/wp-json\/wp\/v2\/categories?post=3380"},{"taxonomy":"post_tag","embeddable":true,"href":"https:\/\/www.etoilesportivemontoise.fr\/football\/wp-json\/wp\/v2\/tags?post=3380"}],"curies":[{"name":"wp","href":"https:\/\/api.w.org\/{rel}","templated":true}]}}