{"id":3401,"date":"2014-10-24T14:58:00","date_gmt":"2014-10-24T13:58:00","guid":{"rendered":"http:\/\/www.etoilesportivemontoise.fr\/football\/le-mot-du-president-philippe-vergnaud\/"},"modified":"2024-03-24T18:13:36","modified_gmt":"2024-03-24T17:13:36","slug":"le-mot-du-president-philippe-vergnaud","status":"publish","type":"post","link":"https:\/\/www.etoilesportivemontoise.fr\/football\/2014\/10\/le-mot-du-president-philippe-vergnaud\/","title":{"rendered":"Le mot du pr\u00e9sident : Philippe Vergnaud."},"content":{"rendered":"<p><span style=\"background-color: white;color: #444444;font-family: Calibri, sans-serif;font-size: 15px;line-height: 21.2999992370605px\"><b>En ma responsabilit\u00e9 de Pr\u00e9sident de l&rsquo;Etoile Foot, et comme les ann\u00e9es pass\u00e9es, je viens vers vous &nbsp;pour apporter quelques informations et souhaits apr\u00e8s 2 mois de fonctionnement de cette nouvelle saison 2014-2015 &nbsp;..<\/b><\/span><\/p>\n<div style=\"background-color: white;color: #444444;font-family: Calibri, sans-serif;font-size: 15px;line-height: 21.2999992370605px\"><b><br style=\"line-height: 21.2999992370605px\" \/><\/b><\/div>\n<div style=\"background-color: white;color: #444444;font-family: Calibri, sans-serif;font-size: 15px;line-height: 21.2999992370605px\"><b>Le Club a toujours eu une dynamique qui peut ressembler \u00e0 un \u00a0\u00bb Long fleuve tranquille \u00ab\u00a0, mais ne vous y trompez pas, chaque saison apporte son lot de &nbsp;surprises et chaque fois, une adaptation de bon go\u00fbt est effectu\u00e9e .<\/b><\/div>\n<div style=\"background-color: white;color: #444444;font-family: Calibri, sans-serif;font-size: 15px;line-height: 21.2999992370605px\"><b><br \/><\/b><\/div>\n<div style=\"background-color: white;color: #444444;font-family: Calibri, sans-serif;font-size: 15px;line-height: 21.2999992370605px\"><b>Ce n&rsquo;est pas un soucis, il faut le savoir, il y aura d&rsquo;autres ajustements, toujours et toujours, qui sont le passage oblig\u00e9 vers une am\u00e9lioration qui se veut anim\u00e9e et port\u00e9e par des valeurs \u00e9volutives et ce dans une dimension de recherche de qualit\u00e9 Technique et relationnelle, respectueuse de l&rsquo;esprit associatif et adapt\u00e9e aux circonstances du moment ..<\/b><\/div>\n<div style=\"background-color: white;color: #444444;font-family: Calibri, sans-serif;font-size: 15px;line-height: 21.2999992370605px\"><b><br \/><\/b><\/div>\n<div style=\"background-color: white;color: #444444;font-family: Calibri, sans-serif;font-size: 15px;line-height: 21.2999992370605px\"><b>Qu&rsquo;on se le dise, \u00e0 l&rsquo;Etoile Foot, &nbsp;il n&rsquo;y a pas de place pour les francs tireur, les \u00e9gocentriques ou les emp\u00eacheurs de tourner en rond &nbsp;.<\/b><\/div>\n<div style=\"background-color: white;color: #444444;font-family: Calibri, sans-serif;font-size: 15px;line-height: 21.2999992370605px\"><b><br \/><\/b><\/div>\n<div style=\"background-color: white;color: #444444;font-family: Calibri, sans-serif;font-size: 15px;line-height: 21.2999992370605px\"><b>Les places doivent \u00eatre r\u00e9serv\u00e9es aux volontaires b\u00e9n\u00e9voles qui allient , d\u00e9sir de bien faire, partage des connaissances, comp\u00e9tences, communication et entraide &nbsp;.<\/b><\/div>\n<div style=\"background-color: white;color: #444444;font-family: Calibri, sans-serif;font-size: 15px;line-height: 21.2999992370605px\"><b><br \/><\/b><\/div>\n<div style=\"background-color: white;color: #444444;font-family: Calibri, sans-serif;font-size: 15px;line-height: 21.2999992370605px\"><b>Ces grandes lignes clarifi\u00e9es, il y a alors la place \u00e0 la convivialit\u00e9 et au plaisir d&rsquo;appartenance \u00e0 une structure b\u00e2tie sur des fondations qui permettent l&rsquo;\u00e9panouissement de Tout Licenci\u00e9, des Anciens, des Amis , Sympathysants et des Familles environnantes &nbsp;solidaires .<\/b><\/div>\n<div style=\"background-color: white;color: #444444;font-family: Calibri, sans-serif;font-size: 15px;line-height: 21.2999992370605px\"><b><br \/><\/b><\/div>\n<div style=\"background-color: white;color: #444444;font-family: Calibri, sans-serif;font-size: 15px;line-height: 21.2999992370605px\"><b>Le cadre est ainsi pos\u00e9 dans son Esprit , ses Valeurs &nbsp;et son Identit\u00e9 propre &#8230;&#8230;<\/b><\/div>\n<div style=\"background-color: white;color: #444444;font-family: Calibri, sans-serif;font-size: 15px;line-height: 21.2999992370605px\"><b><br style=\"line-height: 21.2999992370605px\" \/><\/b><\/div>\n<div style=\"background-color: white;color: #444444;font-family: Calibri, sans-serif;font-size: 15px;line-height: 21.2999992370605px\"><b>Le meilleur moyen pour faire face \u00e0 certaines vagues qui se voudraient submersives , est de tenir la barre dans le bon vent et la bonne direction, sans d\u00e9m\u00e2t\u00e9 , comptez sur moi . .<\/b><\/div>\n<div style=\"background-color: white;color: #444444;font-family: Calibri, sans-serif;font-size: 15px;line-height: 21.2999992370605px\"><b>En r\u00e9sum\u00e9, rester objectif et lucide, conscient des situations et de leurs possibles retomb\u00e9es, anticiper les adaptations et pour finir, ne pas laisser aller le bouchon trop loin en prenant les d\u00e9cisions qui s&rsquo;imposent &nbsp;&#8230;&#8230;..<\/b><\/div>\n<div style=\"background-color: white;color: #444444;font-family: Calibri, sans-serif;font-size: 15px;line-height: 21.2999992370605px\"><b><br \/><\/b><\/div>\n<div style=\"background-color: white;color: #444444;font-family: Calibri, sans-serif;font-size: 15px;line-height: 21.2999992370605px\"><b>Je suis entour\u00e9 par un Bureau qui r\u00e9pond \u00e0 tous ces crit\u00e8res et qui accompagne ces id\u00e9es dans la pratique et l&rsquo;esprit .<\/b><\/div>\n<div style=\"background-color: white;color: #444444;font-family: Calibri, sans-serif;font-size: 15px;line-height: 21.2999992370605px\"><b><br style=\"line-height: 21.2999992370605px\" \/><\/b><\/div>\n<div style=\"background-color: white;color: #444444;font-family: Calibri, sans-serif;font-size: 15px;line-height: 21.2999992370605px\"><b>Apr\u00e8s la premi\u00e8re forte mar\u00e9e de d\u00e9but de saison, entre autre je pense au d\u00e9part impromptu de l&rsquo;Entra\u00eeneur S\u00e9niors, une solution a vu le jour .<\/b><\/div>\n<div style=\"background-color: white;color: #444444;font-family: Calibri, sans-serif;font-size: 15px;line-height: 21.2999992370605px\"><b><br \/><\/b><\/div>\n<div style=\"background-color: white;color: #444444;font-family: Calibri, sans-serif;font-size: 15px;line-height: 21.2999992370605px\"><b>Solution qui a permis une remise en cause profonde du Club, concernant &nbsp;l&rsquo;option de qualit\u00e9 de l&rsquo;encadrement , avec par voie de cons\u00e9quence, comme cela l&rsquo;oblige, des attitudes et comportements mat\u00e9riels et sportifs de plus en plus pr\u00e9cis et clairs .<\/b><\/div>\n<div style=\"background-color: white;color: #444444;font-family: Calibri, sans-serif;font-size: 15px;line-height: 21.2999992370605px\"><b><br \/><\/b><\/div>\n<div style=\"background-color: white;color: #444444;font-family: Calibri, sans-serif;font-size: 15px;line-height: 21.2999992370605px\"><b>Option act\u00e9e, pour r\u00e9pondre \u00e0 la continuit\u00e9 de l&rsquo;\u00e9volution sportive du Club, afin de franchir encore une \u00e9tape dans la hi\u00e9rarchie de la Ligue d&rsquo;Aquitaine , progression entam\u00e9e ces derni\u00e8res ann\u00e9es . .<\/b><\/div>\n<div style=\"background-color: white;color: #444444;font-family: Calibri, sans-serif;font-size: 15px;line-height: 21.2999992370605px\"><b><br style=\"line-height: 21.2999992370605px\" \/><\/b><\/div>\n<div style=\"background-color: white;color: #444444;font-family: Calibri, sans-serif;font-size: 15px;line-height: 21.2999992370605px\"><b>Le groupe S\u00e9niors, vitrine du Club, dont la qualit\u00e9 intrins\u00e8que a \u00e9t\u00e9 favoris\u00e9 par le travail en amont des Educateurs pr\u00e9c\u00e9dents, doit maintenant se positionner comme un exemple et devenir la vraie locomotive du Club .( je pr\u00e9f\u00e8rerais le T.G.V. ) mais qui va Piano va Sano &nbsp;&#8230;&#8230;..<\/b><\/div>\n<div style=\"background-color: white;color: #444444;font-family: Calibri, sans-serif;font-size: 15px;line-height: 21.2999992370605px\"><b><br \/><\/b><\/div>\n<div style=\"background-color: white;color: #444444;font-family: Calibri, sans-serif;font-size: 15px;line-height: 21.2999992370605px\"><b>Les d\u00e9buts en Championnat laissent augurer des r\u00e9sultats qui devraient par le s\u00e9rieux aux entra\u00eenements et \u00e0 l&rsquo;\u00e9coute des directives, concr\u00e9tiser les espoirs de ce groupe .<\/b><\/div>\n<div style=\"background-color: white;color: #444444;font-family: Calibri, sans-serif;font-size: 15px;line-height: 21.2999992370605px\"><b><br \/><\/b><\/div>\n<div style=\"background-color: white;color: #444444;font-family: Calibri, sans-serif;font-size: 15px;line-height: 21.2999992370605px\"><b>Confiance est acquise \u00e0 <u>Yannick Gaucher<\/u>, nouvel Entra\u00eeneur .<\/b><\/div>\n<div style=\"background-color: white;color: #444444;font-family: Calibri, sans-serif;font-size: 15px;line-height: 21.2999992370605px\"><b><br \/><\/b><\/div>\n<div style=\"background-color: white;color: #444444;font-family: Calibri, sans-serif;font-size: 15px;line-height: 21.2999992370605px\"><b>La R\u00e9serve , doit cette ann\u00e9e se sortir du \u00a0\u00bb Trou \u00a0\u00bb et se hisser \u00e0 un niveau sup\u00e9rieure afin de &nbsp;devenir un r\u00e9el appoint en qualit\u00e9 pour pallier aux d\u00e9fections diverses et momentan\u00e9es des \u00e9quipiers de la Premi\u00e8re .<\/b><\/div>\n<div style=\"background-color: white;color: #444444;font-family: Calibri, sans-serif;font-size: 15px;line-height: 21.2999992370605px\"><b>A aussi d\u00e9but\u00e9 en Championnat &nbsp;avec des fortunes diverses .<\/b><\/div>\n<div style=\"background-color: white;color: #444444;font-family: Calibri, sans-serif;font-size: 15px;line-height: 21.2999992370605px\"><b><br \/><\/b><\/div>\n<div style=\"background-color: white;color: #444444;font-family: Calibri, sans-serif;font-size: 15px;line-height: 21.2999992370605px\"><b><u>Damien Dorizon<\/u>, apr\u00e8s une ann\u00e9e initiatique avec Christophe Dann\u00e9, s&rsquo;est vu confier les commandes seul.<\/b><\/div>\n<div style=\"background-color: white;color: #444444;font-family: Calibri, sans-serif;font-size: 15px;line-height: 21.2999992370605px\"><b><br style=\"line-height: 21.2999992370605px\" \/><\/b><\/div>\n<div style=\"background-color: white;color: #444444;font-family: Calibri, sans-serif;font-size: 15px;line-height: 21.2999992370605px\"><b>A signaler que ces deux \u00e9quipes S\u00e9niors ont d\u00e9but\u00e9es les premiers matchs avec un effectif limit\u00e9 d\u00fb aux prolongations de vacances de certains .<\/b><\/div>\n<div style=\"background-color: white;color: #444444;font-family: Calibri, sans-serif;font-size: 15px;line-height: 21.2999992370605px\"><b><br \/><\/b><\/div>\n<div style=\"background-color: white;color: #444444;font-family: Calibri, sans-serif;font-size: 15px;line-height: 21.2999992370605px\"><b>La Premi\u00e8re va entrer en Coupe des Landes en seizi\u00e8mes de finale et la R\u00e9serve s&rsquo;est qualifi\u00e9e pour le prochain tour sur le terrain d&rsquo;Escource .<\/b><\/div>\n<div style=\"background-color: white;color: #444444;font-family: Calibri, sans-serif;font-size: 15px;line-height: 21.2999992370605px\"><b><br style=\"line-height: 21.2999992370605px\" \/><\/b><\/div>\n<div style=\"background-color: white;color: #444444;font-family: Calibri, sans-serif;font-size: 15px;line-height: 21.2999992370605px\"><b>Les F\u00e9minines S\u00e9niors : &nbsp;Elles aussi, n&rsquo;ont pas \u00e9t\u00e9 \u00e9pargn\u00e9 par le doute, puis l&rsquo;incertitude et la valse des Entra\u00eeneurs &nbsp;.<\/b><\/div>\n<div style=\"background-color: white;color: #444444;font-family: Calibri, sans-serif;font-size: 15px;line-height: 21.2999992370605px\"><b><br \/><\/b><\/div>\n<div style=\"background-color: white;color: #444444;font-family: Calibri, sans-serif;font-size: 15px;line-height: 21.2999992370605px\"><b>A ce jour, Pierre <u>Sainguiron et Julien Hontans <\/u>ont repris le flambeau et ont accroch\u00e9s un large succ\u00e9s face \u00e0 Arcachon 6-0 &nbsp;, un bon r\u00e9sultat \u00e0 Juran\u00e7on et une qualification au prochain tour de la Coupe d&rsquo;Aquitaine &nbsp;.<\/b><\/div>\n<div style=\"background-color: white;color: #444444;font-family: Calibri, sans-serif;font-size: 15px;line-height: 21.2999992370605px\"><b>Quelques nouvelles jeunes &nbsp;joueuses de qualit\u00e9 sont venues pr\u00eater main forte, il faut pers\u00e9v\u00e9rer dans ce sens, la saison est longue .<\/b><\/div>\n<div style=\"background-color: white;color: #444444;font-family: Calibri, sans-serif;font-size: 15px;line-height: 21.2999992370605px\"><b><br style=\"line-height: 21.2999992370605px\" \/><\/b><\/div>\n<div style=\"background-color: white;color: #444444;font-family: Calibri, sans-serif;font-size: 15px;line-height: 21.2999992370605px\"><b>Les 19 ans , ont vu revenir au club un ancien Entraineur-joueur embl\u00e9matique : Hamid Diane .<\/b><\/div>\n<div style=\"background-color: white;color: #444444;font-family: Calibri, sans-serif;font-size: 15px;line-height: 21.2999992370605px\"><b><br \/><\/b><\/div>\n<div style=\"background-color: white;color: #444444;font-family: Calibri, sans-serif;font-size: 15px;line-height: 21.2999992370605px\"><b>Ayant d\u00e9j\u00e0 \u00e9volu\u00e9 \u00e0 ce poste, il n&rsquo;a pas perdu de temps pour se remettre dans l&rsquo;ambiance, port\u00e9 en cela par une volont\u00e9 de bien faire , un investissement profond et du coeur \u00e0 l&rsquo;ouvrage &nbsp;&#8230;<\/b><\/div>\n<div style=\"background-color: white;color: #444444;font-family: Calibri, sans-serif;font-size: 15px;line-height: 21.2999992370605px\"><b><br \/><\/b><\/div>\n<div style=\"background-color: white;color: #444444;font-family: Calibri, sans-serif;font-size: 15px;line-height: 21.2999992370605px\"><b>Quelques difficult\u00e9s d&rsquo;effectif ont influ\u00e9 sur les r\u00e9sultats des premiers matchs, mis \u00e0 part la victoire en Coupe de France Gambardella &nbsp; .<\/b><\/div>\n<div style=\"background-color: white;color: #444444;font-family: Calibri, sans-serif;font-size: 15px;line-height: 21.2999992370605px\"><b><br \/><\/b><\/div>\n<div style=\"background-color: white;color: #444444;font-family: Calibri, sans-serif;font-size: 15px;line-height: 21.2999992370605px\"><b>Pour la suite, l&rsquo;objectif du Championnat de Ligue reste prioritaire &nbsp;.<\/b><\/div>\n<div style=\"background-color: white;color: #444444;font-family: Calibri, sans-serif;font-size: 15px;line-height: 21.2999992370605px\"><b><br style=\"line-height: 21.2999992370605px\" \/><\/b><\/div>\n<div style=\"background-color: white;color: #444444;font-family: Calibri, sans-serif;font-size: 15px;line-height: 21.2999992370605px\"><b>Les U 18 , apr\u00e8s leur accession en excellence la saison derni\u00e8re, sont driv\u00e9s par l&rsquo;inusable et comp\u00e9tent <u>Jean Claude Dann\u00e9 .<\/u><\/b><\/div>\n<div style=\"background-color: white;color: #444444;font-family: Calibri, sans-serif;font-size: 15px;line-height: 21.2999992370605px\"><b><u><br \/><\/u><\/b><\/div>\n<div style=\"background-color: white;color: #444444;font-family: Calibri, sans-serif;font-size: 15px;line-height: 21.2999992370605px\"><b>Nul doute qu&rsquo;il saura tirer profit au mieux de son groupe et ce malgr\u00e9 un nombre tr\u00e8s important de 16 et 17 ans , confiance en l&rsquo;avenir &#8230;<\/b><\/div>\n<div style=\"background-color: white;color: #444444;font-family: Calibri, sans-serif;font-size: 15px;line-height: 21.2999992370605px\"><b><br style=\"line-height: 21.2999992370605px\" \/><\/b><\/div>\n<div style=\"background-color: white;color: #444444;font-family: Calibri, sans-serif;font-size: 15px;line-height: 21.2999992370605px\"><b>Les U 15, eux aussi en Excellence doivent faire un parcours des plus honorables \u00e0 l&rsquo;image de la saison pr\u00e9c\u00e9dente. Mais il ne faut pas se leurrer, malgr\u00e9 le bon travail , les saisons se suivent et ne se ressemblent pas toujours .<\/b><\/div>\n<div style=\"background-color: white;color: #444444;font-family: Calibri, sans-serif;font-size: 15px;line-height: 21.2999992370605px\"><b><br \/><\/b><\/div>\n<div style=\"background-color: white;color: #444444;font-family: Calibri, sans-serif;font-size: 15px;line-height: 21.2999992370605px\"><b>Un stage interne a permis cette saison encore, un travail et une reconnaissance en amont qui devraient porter leurs fruits dans un avenir proche .<\/b><\/div>\n<div style=\"background-color: white;color: #444444;font-family: Calibri, sans-serif;font-size: 15px;line-height: 21.2999992370605px\"><b><br \/><\/b><\/div>\n<div style=\"background-color: white;color: #444444;font-family: Calibri, sans-serif;font-size: 15px;line-height: 21.2999992370605px\"><b>Le r\u00e9sultat ne se juge pas toujours et seulement par les Titres ou Accessions, mais aussi par le travail effectu\u00e9 qui promet ensuite de bons lendemains pour les Jeunes .<\/b><\/div>\n<div style=\"background-color: white;color: #444444;font-family: Calibri, sans-serif;font-size: 15px;line-height: 21.2999992370605px\"><b><br \/><\/b><\/div>\n<div style=\"background-color: white;color: #444444;font-family: Calibri, sans-serif;font-size: 15px;line-height: 21.2999992370605px\"><b><u>Eric Lafargue<\/u> assure l&rsquo;encadrement technique.<\/b><\/div>\n<div style=\"background-color: white;color: #444444;font-family: Calibri, sans-serif;font-size: 15px;line-height: 21.2999992370605px\"><b><br style=\"line-height: 21.2999992370605px\" \/><\/b><\/div>\n<div style=\"background-color: white;color: #444444;font-family: Calibri, sans-serif;font-size: 15px;line-height: 21.2999992370605px\"><b>Les U 13, un peu limit\u00e9 en nombre en d\u00e9but de saison, ont vus arriver de nouveaux joueurs .&nbsp;<\/b><\/div>\n<div style=\"background-color: white;color: #444444;font-family: Calibri, sans-serif;font-size: 15px;line-height: 21.2999992370605px\"><b><br \/><\/b><\/div>\n<div style=\"background-color: white\"><b><span style=\"color: #444444;font-family: Calibri, sans-serif\"><span style=\"font-size: 15px;line-height: 21.2999992370605px\">Cet effectif permet maintenant \u00e0 l&rsquo;Entra\u00eeneur <\/span><\/span><u style=\"color: #444444;font-family: Calibri, sans-serif;font-size: 15px;line-height: 21.2999992370605px\">Samir Hafidi <\/u><span style=\"color: #444444;font-family: Calibri, sans-serif\"><span style=\"font-size: 15px;line-height: 21.2999992370605px\">de travailler avec un groupe&nbsp;suffisamment&nbsp;cons\u00e9quent .<\/span><\/span><\/b><\/div>\n<div style=\"background-color: white\"><\/div>\n<div style=\"background-color: white;color: #444444;font-family: Calibri, sans-serif;font-size: 15px;line-height: 21.2999992370605px\"><b><br style=\"line-height: 21.2999992370605px\" \/><\/b><\/div>\n<div style=\"background-color: white;color: #444444;font-family: Calibri, sans-serif;font-size: 15px;line-height: 21.2999992370605px\"><b>Les U 11, <u>Coach Fabrice Moreau <\/u>, est content du d\u00e9but de cette \u00e9quipe qui travaille s\u00e9rieusement, avec une dimension de progression fortement envisageable .<\/b><\/div>\n<div style=\"background-color: white;color: #444444;font-family: Calibri, sans-serif;font-size: 15px;line-height: 21.2999992370605px\"><b><br style=\"line-height: 21.2999992370605px\" \/><\/b><\/div>\n<div style=\"background-color: white;color: #444444;font-family: Calibri, sans-serif;font-size: 15px;line-height: 21.2999992370605px\"><b>Les U 9 &nbsp;,<u>&nbsp; S\u00e9bastien Alix, &nbsp;Willy Marteau et Franck Lagonnelle<\/u>, o<span style=\"font-size: 12pt;line-height: 22.7199993133545px\">nt bien d\u00e9but\u00e9s les Plateaux, ainsi que l<\/span><span style=\"font-size: 12pt;line-height: 22.7199993133545px\">es U 8 , avec Thierry et <u>Aur\u00e9lien Lacrouts.<\/u><\/span><\/b><\/div>\n<div style=\"background-color: white;color: #444444;font-family: Calibri, sans-serif;font-size: 15px;line-height: 21.2999992370605px\"><b><br style=\"line-height: 21.2999992370605px\" \/><\/b><\/div>\n<div style=\"background-color: white;color: #444444;font-family: Calibri, sans-serif;font-size: 15px;line-height: 21.2999992370605px\"><b><br style=\"line-height: 21.2999992370605px\" \/><\/b><\/div>\n<div style=\"background-color: white;color: #444444;font-family: Calibri, sans-serif;font-size: 15px;line-height: 21.2999992370605px\"><span style=\"font-size: 12pt;line-height: 22.7199993133545px\"><b>Les Babys &nbsp;: <u>Thierry Clemente <\/u>assure les \u00a0\u00bb rassemblements \u00ab\u00a0.<\/b><\/span><\/div>\n<div style=\"background-color: white;color: #444444;font-family: Calibri, sans-serif;font-size: 15px;line-height: 21.2999992370605px\"><b><br style=\"line-height: 21.2999992370605px\" \/><\/b><\/div>\n<div style=\"background-color: white;color: #444444;font-family: Calibri, sans-serif;font-size: 15px;line-height: 21.2999992370605px\"><b><br style=\"line-height: 21.2999992370605px\" \/><\/b><\/div>\n<div style=\"background-color: white;color: #444444;font-family: Calibri, sans-serif;line-height: 21.2999992370605px\"><b>L&rsquo;Ecole de Foot F\u00e9minine rassemble une douzaine de Jeunes Joueuses de 7 \u00e0 12 ans , encourageant .<\/b><\/div>\n<div style=\"background-color: white;color: #444444;font-family: Calibri, sans-serif;line-height: 21.2999992370605px\"><b><br \/><\/b><\/div>\n<div style=\"background-color: white;color: #444444;font-family: Calibri, sans-serif;line-height: 21.2999992370605px\"><b><u>Maxime Guichard, Marion Marty et Mimi<\/u> encadrent et forment cette jeunesse .<\/b><\/div>\n<div style=\"background-color: white;color: #444444;font-family: Calibri, sans-serif;font-size: 15px;line-height: 21.2999992370605px\"><b><br style=\"line-height: 21.2999992370605px\" \/><\/b><\/div>\n<div style=\"background-color: white;color: #444444;font-family: Calibri, sans-serif;font-size: 15px;line-height: 21.2999992370605px\"><b><br style=\"line-height: 21.2999992370605px\" \/><\/b><\/div>\n<div style=\"background-color: white;font-family: Calibri, sans-serif;font-size: 15px;line-height: 21.2999992370605px\"><b><span style=\"color: #444444\">&#8211;<\/span><u>&#8211;<span style=\"line-height: 21.2999992370605px\">La Vie du Club : &nbsp;&nbsp;<\/span><\/u><\/b><\/div>\n<div style=\"background-color: white;font-family: Calibri, sans-serif;font-size: 15px;line-height: 21.2999992370605px\"><b style=\"line-height: 21.2999992370605px\">&nbsp; &nbsp; &nbsp; &nbsp; &nbsp; &nbsp; &nbsp; &nbsp; &nbsp; &nbsp; &nbsp; &nbsp; &nbsp; &nbsp; &nbsp; &nbsp; &nbsp; &nbsp;c&rsquo;est aussi :&nbsp;<\/b><\/div>\n<div style=\"background-color: white;font-family: Calibri, sans-serif;font-size: 15px;line-height: 21.2999992370605px\"><b style=\"line-height: 21.2999992370605px\"><br \/><\/b><\/div>\n<div style=\"background-color: white;font-family: Calibri, sans-serif;font-size: 15px;line-height: 21.2999992370605px\"><b style=\"font-size: 12pt;line-height: 22.7199993133545px\">&nbsp;&#8211; Le respect d\u00fb aux divers intervenants Dirigeants, Educateurs et Officiels.&nbsp;<\/b><\/div>\n<div style=\"background-color: white;font-family: Calibri, sans-serif;font-size: 15px;line-height: 21.2999992370605px\"><b style=\"font-size: 12pt;line-height: 22.7199993133545px\"><br \/><\/b><\/div>\n<div style=\"background-color: white;font-family: Calibri, sans-serif;font-size: 15px;line-height: 21.2999992370605px\"><b style=\"font-size: 12pt;line-height: 22.7199993133545px\">&nbsp;&#8211; Le respect des moyens et structures en place &nbsp;.<\/b><\/div>\n<div style=\"background-color: white;font-family: Calibri, sans-serif;font-size: 15px;line-height: 21.2999992370605px\"><b style=\"font-size: 12pt;line-height: 22.7199993133545px\"><br \/><\/b><\/div>\n<div style=\"background-color: white;font-family: Calibri, sans-serif;font-size: 15px;line-height: 21.2999992370605px\"><b style=\"line-height: 21.2999992370605px\">&nbsp;&#8211; &nbsp;Rappel : Une Commission Ethique et Discipline avec un protocole pr\u00e9cis, existe et veillera \u00e0 tout possible d\u00e9bordement . &nbsp; &nbsp; &nbsp; &nbsp; &nbsp; &nbsp;&nbsp;<\/b><\/div>\n<div style=\"background-color: white;font-family: Calibri, sans-serif;font-size: 15px;line-height: 21.2999992370605px\"><b style=\"line-height: 21.2999992370605px\"><br style=\"line-height: 21.2999992370605px\" \/><\/b><\/div>\n<div style=\"background-color: white;font-family: Calibri, sans-serif;font-size: 15px;line-height: 21.2999992370605px\"><b>&nbsp; &nbsp; &nbsp; &nbsp; &nbsp; &nbsp; &nbsp; &nbsp; &nbsp; &nbsp; &nbsp; &nbsp; &nbsp; &nbsp; &nbsp; &nbsp; &nbsp; &nbsp;<span style=\"line-height: 21.2999992370605px\">c&rsquo;est aussi :<\/span><\/b><\/div>\n<div style=\"background-color: white;font-family: Calibri, sans-serif;font-size: 15px;line-height: 21.2999992370605px\"><b style=\"line-height: 21.2999992370605px\"><br style=\"line-height: 21.2999992370605px\" \/><\/b><\/div>\n<div style=\"background-color: white;font-family: Calibri, sans-serif;font-size: 15px;line-height: 21.2999992370605px\"><b style=\"line-height: 21.2999992370605px\">&#8211; La convivialit\u00e9 sous toutes ses formes, de l&rsquo;accueil chaleureux \u00e0 la participation efficace lors des divers contacts et manifestations Sportives comme les Matchs et le Tournoi , mais aussi Extra Sportive comme la Bod\u00e9ga des F\u00eates et le Repas Dansant Annuel qui a lieu cette ann\u00e9e le 8 Novembre en soir\u00e9e \u00e0 l&rsquo;Auberge Landaise &nbsp;&#8230;&#8230;&#8230;<\/b><\/div>\n<div style=\"background-color: white;font-family: Calibri, sans-serif;font-size: 15px;line-height: 21.2999992370605px\"><b style=\"line-height: 21.2999992370605px\"><br style=\"line-height: 21.2999992370605px\" \/><\/b><\/div>\n<div style=\"background-color: white;font-family: Calibri, sans-serif;font-size: 15px;line-height: 21.2999992370605px\"><b style=\"line-height: 21.2999992370605px\"><u>En R\u00e9sum\u00e9<\/u>,<\/b><\/div>\n<div style=\"background-color: white;font-family: Calibri, sans-serif;font-size: 15px;line-height: 21.2999992370605px\"><b style=\"line-height: 21.2999992370605px\"><br style=\"line-height: 21.2999992370605px\" \/><\/b><\/div>\n<div style=\"background-color: white;font-family: Calibri, sans-serif;font-size: 15px;line-height: 21.2999992370605px\"><b style=\"line-height: 21.2999992370605px\">La saison sportive a d\u00e9but\u00e9 sur les terrains depuis 3 mois, sachant que la construction de la saison ne laisse aucun r\u00e9pit durant l&rsquo;\u00e9t\u00e9, aux Dirigeants les plus investis .<\/b><\/div>\n<div style=\"background-color: white;font-family: Calibri, sans-serif;font-size: 15px;line-height: 21.2999992370605px\"><b style=\"line-height: 21.2999992370605px\"><br \/><\/b><\/div>\n<div style=\"background-color: white;font-family: Calibri, sans-serif;font-size: 15px;line-height: 21.2999992370605px\"><b style=\"line-height: 21.2999992370605px\">Appel est donc fait aux Licenci\u00e9s et Parents pour venir participer et apporter leur bonne volont\u00e9 dans des actions les plus diverses et vari\u00e9es .<\/b><\/div>\n<div style=\"background-color: white;font-family: Calibri, sans-serif;font-size: 15px;line-height: 21.2999992370605px\"><b style=\"line-height: 21.2999992370605px\"><br \/><\/b><\/div>\n<div style=\"background-color: white;font-family: Calibri, sans-serif;font-size: 15px;line-height: 21.2999992370605px\"><b style=\"line-height: 21.2999992370605px\">Chacun peut trouver sa place et recevra en retour une reconnaissance de bon ton , faites vous conna\u00eetre, proposez vous, merci .<\/b><\/div>\n<div style=\"background-color: white;color: #444444;font-family: Calibri, sans-serif;font-size: 15px;line-height: 21.2999992370605px\"><b style=\"line-height: 21.2999992370605px\"><br style=\"line-height: 21.2999992370605px\" \/><\/b><\/div>\n<div style=\"background-color: white;color: #444444;font-family: Calibri, sans-serif;font-size: 15px;line-height: 21.2999992370605px\"><b style=\"line-height: 21.2999992370605px\">Bonne r\u00e9ception .<\/b><\/div>\n<div style=\"background-color: white;color: #444444;font-family: Calibri, sans-serif;font-size: 15px;line-height: 21.2999992370605px\"><b style=\"line-height: 21.2999992370605px\"><br style=\"line-height: 21.2999992370605px\" \/><\/b><\/div>\n<div style=\"background-color: white;color: #444444;font-family: Calibri, sans-serif;font-size: 15px;line-height: 21.2999992370605px\"><b style=\"line-height: 21.2999992370605px\">Le Pr\u00e9sident &nbsp;: &nbsp;Philippe &nbsp;Vergnaud<\/b><\/div>\n<div style=\"background-color: white;color: #444444;font-family: Calibri, sans-serif;font-size: 15px;line-height: 21.2999992370605px\"><b style=\"line-height: 21.2999992370605px\">&nbsp; &nbsp;<\/b><\/div>\n<div style=\"background-color: white;color: #444444;font-family: Calibri, sans-serif;font-size: 15px;line-height: 21.2999992370605px\"><b style=\"line-height: 21.2999992370605px\">&nbsp; &nbsp; &nbsp; &nbsp; &nbsp;<\/b><\/div>\n","protected":false},"excerpt":{"rendered":"<p>En ma responsabilit\u00e9 de Pr\u00e9sident de l&rsquo;Etoile Foot, et comme les ann\u00e9es pass\u00e9es, je viens vers vous &nbsp;pour apporter quelques informations et souhaits apr\u00e8s 2 mois de fonctionnement de cette nouvelle saison 2014-2015 &nbsp;.. Le Club a toujours eu une dynamique qui peut ressembler \u00e0&#8230;<\/p>\n","protected":false},"author":2,"featured_media":0,"comment_status":"closed","ping_status":"closed","sticky":false,"template":"","format":"standard","meta":{"footnotes":""},"categories":[28],"tags":[],"class_list":["post-3401","post","type-post","status-publish","format-standard","hentry","category-old"],"yoast_head":"<!-- This site is optimized with the Yoast SEO plugin v27.3 - https:\/\/yoast.com\/product\/yoast-seo-wordpress\/ -->\n<title>Le mot du pr\u00e9sident : Philippe Vergnaud. - ESM Foot<\/title>\n<meta name=\"robots\" content=\"index, follow, max-snippet:-1, max-image-preview:large, max-video-preview:-1\" \/>\n<link rel=\"canonical\" href=\"https:\/\/www.etoilesportivemontoise.fr\/football\/2014\/10\/le-mot-du-president-philippe-vergnaud\/\" \/>\n<meta property=\"og:locale\" content=\"fr_FR\" \/>\n<meta property=\"og:type\" content=\"article\" \/>\n<meta property=\"og:title\" content=\"Le mot du pr\u00e9sident : Philippe Vergnaud. - ESM Foot\" \/>\n<meta property=\"og:description\" content=\"En ma responsabilit\u00e9 de Pr\u00e9sident de l&rsquo;Etoile Foot, et comme les ann\u00e9es pass\u00e9es, je viens vers vous &nbsp;pour apporter quelques informations et souhaits apr\u00e8s 2 mois de fonctionnement de cette nouvelle saison 2014-2015 &nbsp;.. Le Club a toujours eu une dynamique qui peut ressembler \u00e0...\" \/>\n<meta property=\"og:url\" content=\"https:\/\/www.etoilesportivemontoise.fr\/football\/2014\/10\/le-mot-du-president-philippe-vergnaud\/\" \/>\n<meta property=\"og:site_name\" content=\"ESM Foot\" \/>\n<meta property=\"article:published_time\" content=\"2014-10-24T13:58:00+00:00\" \/>\n<meta property=\"article:modified_time\" content=\"2024-03-24T17:13:36+00:00\" \/>\n<meta name=\"twitter:label1\" content=\"\u00c9crit par\" \/>\n\t<meta name=\"twitter:data1\" content=\"\" \/>\n\t<meta name=\"twitter:label2\" content=\"Dur\u00e9e de lecture estim\u00e9e\" \/>\n\t<meta name=\"twitter:data2\" content=\"7 minutes\" \/>\n<script type=\"application\/ld+json\" class=\"yoast-schema-graph\">{\"@context\":\"https:\\\/\\\/schema.org\",\"@graph\":[{\"@type\":\"Article\",\"@id\":\"https:\\\/\\\/www.etoilesportivemontoise.fr\\\/football\\\/2014\\\/10\\\/le-mot-du-president-philippe-vergnaud\\\/#article\",\"isPartOf\":{\"@id\":\"https:\\\/\\\/www.etoilesportivemontoise.fr\\\/football\\\/2014\\\/10\\\/le-mot-du-president-philippe-vergnaud\\\/\"},\"author\":{\"name\":\"\",\"@id\":\"\"},\"headline\":\"Le mot du pr\u00e9sident : Philippe Vergnaud.\",\"datePublished\":\"2014-10-24T13:58:00+00:00\",\"dateModified\":\"2024-03-24T17:13:36+00:00\",\"mainEntityOfPage\":{\"@id\":\"https:\\\/\\\/www.etoilesportivemontoise.fr\\\/football\\\/2014\\\/10\\\/le-mot-du-president-philippe-vergnaud\\\/\"},\"wordCount\":1420,\"articleSection\":[\"Archives\"],\"inLanguage\":\"fr-FR\"},{\"@type\":\"WebPage\",\"@id\":\"https:\\\/\\\/www.etoilesportivemontoise.fr\\\/football\\\/2014\\\/10\\\/le-mot-du-president-philippe-vergnaud\\\/\",\"url\":\"https:\\\/\\\/www.etoilesportivemontoise.fr\\\/football\\\/2014\\\/10\\\/le-mot-du-president-philippe-vergnaud\\\/\",\"name\":\"Le mot du pr\u00e9sident : Philippe Vergnaud. - ESM Foot\",\"isPartOf\":{\"@id\":\"https:\\\/\\\/www.etoilesportivemontoise.fr\\\/football\\\/#website\"},\"datePublished\":\"2014-10-24T13:58:00+00:00\",\"dateModified\":\"2024-03-24T17:13:36+00:00\",\"author\":{\"@id\":\"\"},\"breadcrumb\":{\"@id\":\"https:\\\/\\\/www.etoilesportivemontoise.fr\\\/football\\\/2014\\\/10\\\/le-mot-du-president-philippe-vergnaud\\\/#breadcrumb\"},\"inLanguage\":\"fr-FR\",\"potentialAction\":[{\"@type\":\"ReadAction\",\"target\":[\"https:\\\/\\\/www.etoilesportivemontoise.fr\\\/football\\\/2014\\\/10\\\/le-mot-du-president-philippe-vergnaud\\\/\"]}]},{\"@type\":\"BreadcrumbList\",\"@id\":\"https:\\\/\\\/www.etoilesportivemontoise.fr\\\/football\\\/2014\\\/10\\\/le-mot-du-president-philippe-vergnaud\\\/#breadcrumb\",\"itemListElement\":[{\"@type\":\"ListItem\",\"position\":1,\"name\":\"Accueil\",\"item\":\"https:\\\/\\\/www.etoilesportivemontoise.fr\\\/football\\\/\"},{\"@type\":\"ListItem\",\"position\":2,\"name\":\"Le mot du pr\u00e9sident : Philippe Vergnaud.\"}]},{\"@type\":\"WebSite\",\"@id\":\"https:\\\/\\\/www.etoilesportivemontoise.fr\\\/football\\\/#website\",\"url\":\"https:\\\/\\\/www.etoilesportivemontoise.fr\\\/football\\\/\",\"name\":\"ESM Foot\",\"description\":\"Club Football Mont de Marsan\",\"potentialAction\":[{\"@type\":\"SearchAction\",\"target\":{\"@type\":\"EntryPoint\",\"urlTemplate\":\"https:\\\/\\\/www.etoilesportivemontoise.fr\\\/football\\\/?s={search_term_string}\"},\"query-input\":{\"@type\":\"PropertyValueSpecification\",\"valueRequired\":true,\"valueName\":\"search_term_string\"}}],\"inLanguage\":\"fr-FR\"},{\"@type\":\"Person\",\"@id\":\"\",\"url\":\"https:\\\/\\\/www.etoilesportivemontoise.fr\\\/football\\\/aka\\\/\"}]}<\/script>\n<!-- \/ Yoast SEO plugin. -->","yoast_head_json":{"title":"Le mot du pr\u00e9sident : Philippe Vergnaud. - ESM Foot","robots":{"index":"index","follow":"follow","max-snippet":"max-snippet:-1","max-image-preview":"max-image-preview:large","max-video-preview":"max-video-preview:-1"},"canonical":"https:\/\/www.etoilesportivemontoise.fr\/football\/2014\/10\/le-mot-du-president-philippe-vergnaud\/","og_locale":"fr_FR","og_type":"article","og_title":"Le mot du pr\u00e9sident : Philippe Vergnaud. - ESM Foot","og_description":"En ma responsabilit\u00e9 de Pr\u00e9sident de l&rsquo;Etoile Foot, et comme les ann\u00e9es pass\u00e9es, je viens vers vous &nbsp;pour apporter quelques informations et souhaits apr\u00e8s 2 mois de fonctionnement de cette nouvelle saison 2014-2015 &nbsp;.. Le Club a toujours eu une dynamique qui peut ressembler \u00e0...","og_url":"https:\/\/www.etoilesportivemontoise.fr\/football\/2014\/10\/le-mot-du-president-philippe-vergnaud\/","og_site_name":"ESM Foot","article_published_time":"2014-10-24T13:58:00+00:00","article_modified_time":"2024-03-24T17:13:36+00:00","twitter_misc":{"\u00c9crit par":"","Dur\u00e9e de lecture estim\u00e9e":"7 minutes"},"schema":{"@context":"https:\/\/schema.org","@graph":[{"@type":"Article","@id":"https:\/\/www.etoilesportivemontoise.fr\/football\/2014\/10\/le-mot-du-president-philippe-vergnaud\/#article","isPartOf":{"@id":"https:\/\/www.etoilesportivemontoise.fr\/football\/2014\/10\/le-mot-du-president-philippe-vergnaud\/"},"author":{"name":"","@id":""},"headline":"Le mot du pr\u00e9sident : Philippe Vergnaud.","datePublished":"2014-10-24T13:58:00+00:00","dateModified":"2024-03-24T17:13:36+00:00","mainEntityOfPage":{"@id":"https:\/\/www.etoilesportivemontoise.fr\/football\/2014\/10\/le-mot-du-president-philippe-vergnaud\/"},"wordCount":1420,"articleSection":["Archives"],"inLanguage":"fr-FR"},{"@type":"WebPage","@id":"https:\/\/www.etoilesportivemontoise.fr\/football\/2014\/10\/le-mot-du-president-philippe-vergnaud\/","url":"https:\/\/www.etoilesportivemontoise.fr\/football\/2014\/10\/le-mot-du-president-philippe-vergnaud\/","name":"Le mot du pr\u00e9sident : Philippe Vergnaud. - ESM Foot","isPartOf":{"@id":"https:\/\/www.etoilesportivemontoise.fr\/football\/#website"},"datePublished":"2014-10-24T13:58:00+00:00","dateModified":"2024-03-24T17:13:36+00:00","author":{"@id":""},"breadcrumb":{"@id":"https:\/\/www.etoilesportivemontoise.fr\/football\/2014\/10\/le-mot-du-president-philippe-vergnaud\/#breadcrumb"},"inLanguage":"fr-FR","potentialAction":[{"@type":"ReadAction","target":["https:\/\/www.etoilesportivemontoise.fr\/football\/2014\/10\/le-mot-du-president-philippe-vergnaud\/"]}]},{"@type":"BreadcrumbList","@id":"https:\/\/www.etoilesportivemontoise.fr\/football\/2014\/10\/le-mot-du-president-philippe-vergnaud\/#breadcrumb","itemListElement":[{"@type":"ListItem","position":1,"name":"Accueil","item":"https:\/\/www.etoilesportivemontoise.fr\/football\/"},{"@type":"ListItem","position":2,"name":"Le mot du pr\u00e9sident : Philippe Vergnaud."}]},{"@type":"WebSite","@id":"https:\/\/www.etoilesportivemontoise.fr\/football\/#website","url":"https:\/\/www.etoilesportivemontoise.fr\/football\/","name":"ESM Foot","description":"Club Football Mont de Marsan","potentialAction":[{"@type":"SearchAction","target":{"@type":"EntryPoint","urlTemplate":"https:\/\/www.etoilesportivemontoise.fr\/football\/?s={search_term_string}"},"query-input":{"@type":"PropertyValueSpecification","valueRequired":true,"valueName":"search_term_string"}}],"inLanguage":"fr-FR"},{"@type":"Person","@id":"","url":"https:\/\/www.etoilesportivemontoise.fr\/football\/aka\/"}]}},"_links":{"self":[{"href":"https:\/\/www.etoilesportivemontoise.fr\/football\/wp-json\/wp\/v2\/posts\/3401","targetHints":{"allow":["GET"]}}],"collection":[{"href":"https:\/\/www.etoilesportivemontoise.fr\/football\/wp-json\/wp\/v2\/posts"}],"about":[{"href":"https:\/\/www.etoilesportivemontoise.fr\/football\/wp-json\/wp\/v2\/types\/post"}],"author":[{"embeddable":true,"href":"https:\/\/www.etoilesportivemontoise.fr\/football\/wp-json\/wp\/v2\/users\/2"}],"replies":[{"embeddable":true,"href":"https:\/\/www.etoilesportivemontoise.fr\/football\/wp-json\/wp\/v2\/comments?post=3401"}],"version-history":[{"count":1,"href":"https:\/\/www.etoilesportivemontoise.fr\/football\/wp-json\/wp\/v2\/posts\/3401\/revisions"}],"predecessor-version":[{"id":4136,"href":"https:\/\/www.etoilesportivemontoise.fr\/football\/wp-json\/wp\/v2\/posts\/3401\/revisions\/4136"}],"wp:attachment":[{"href":"https:\/\/www.etoilesportivemontoise.fr\/football\/wp-json\/wp\/v2\/media?parent=3401"}],"wp:term":[{"taxonomy":"category","embeddable":true,"href":"https:\/\/www.etoilesportivemontoise.fr\/football\/wp-json\/wp\/v2\/categories?post=3401"},{"taxonomy":"post_tag","embeddable":true,"href":"https:\/\/www.etoilesportivemontoise.fr\/football\/wp-json\/wp\/v2\/tags?post=3401"}],"curies":[{"name":"wp","href":"https:\/\/api.w.org\/{rel}","templated":true}]}}