{"id":3409,"date":"2014-10-17T13:16:00","date_gmt":"2014-10-17T12:16:00","guid":{"rendered":"http:\/\/www.etoilesportivemontoise.fr\/football\/informations-district-des-landes-maxime-guichard-present-ce-jour-la\/"},"modified":"2024-03-24T18:13:38","modified_gmt":"2024-03-24T17:13:38","slug":"informations-district-des-landes-maxime","status":"publish","type":"post","link":"https:\/\/www.etoilesportivemontoise.fr\/football\/2014\/10\/informations-district-des-landes-maxime\/","title":{"rendered":"Informations District des landes : Maxime Guichard pr\u00e9sent ce jour l\u00e0."},"content":{"rendered":"<h1 style=\"background-color: white;color: #56b3e4;font-family: Arial;margin: 0px 0px 10px\"><u><span style=\"font-size: large\">Au tour des jeunes licenci\u00e9es.<\/span><\/u><\/h1>\n<div><span style=\"font-size: small\"><br \/><\/span><\/div>\n<div style=\"background-color: white;color: #303030;font-family: Arial;font-weight: bold;margin-bottom: 10px;text-align: justify\"><\/div>\n<div style=\"background-color: white;font-family: Arial;margin-bottom: 10px;text-align: justify\"><b><span style=\"color: #444444\">Apr\u00e8s les traditionnelles journ\u00e9es de \u00ab\u00a0Rentr\u00e9e du Foot\u00a0\u00bb organis\u00e9es sur le mois de Septembre \u00e0 l&rsquo;attention des U13, U11 et U9-U7 gar\u00e7ons, le District des Landes de football &nbsp;a d\u00e9cid\u00e9 d&rsquo;organiser une manifestation sp\u00e9cifique \u00e0 l&rsquo;attention de toutes les f\u00e9minines, des cat\u00e9gories U6F \u00e0 U13F.&nbsp;Cette&nbsp;apr\u00e8s-midi se tiendra&nbsp;demain samedi 18 octobre 2014&nbsp;au Centre d\u00e9partemental du football \u00e0 Tartas.<\/span><\/b><\/div>\n<div style=\"background-color: white;font-family: Arial;margin-bottom: 10px;text-align: justify\"><b><span style=\"color: #444444\"><br \/><\/span><\/b><\/div>\n<div style=\"background-color: white;font-family: Arial;margin-bottom: 10px;text-align: justify\"><\/div>\n<div style=\"background-color: white;font-family: Arial;margin-bottom: 10px;text-align: justify\"><b><span style=\"color: #444444\">En ce d\u00e9but de saison, nous constatons de la part des jeunes filles un engouement pour le ballon rond au regard du nombre de licenci\u00e9es croissant dans les \u00ab&nbsp;petites&nbsp;\u00bb cat\u00e9gories. Ce rassemblement, festif et convivial, est destin\u00e9 \u00e0 promouvoir la pratique f\u00e9minine en mettant en place des animations dans lesquelles les filles \u00e9voluent entre elles.<\/span><\/b><\/div>\n<div style=\"background-color: white;font-family: Arial;margin-bottom: 10px;text-align: justify\"><b><span style=\"color: #444444\"><br \/>Les non-licenci\u00e9es peuvent y participer en confirmant leur pr\u00e9sence au District des Landes par courriel (<a href=\"mailto:district@landes.fff.fr\" style=\"border: 0px\">district@landes.fff.fr<\/a>) et se munir d&rsquo;un certificat m\u00e9dical de non contre-indication \u00e0 la pratique sportive ainsi qu&rsquo;une autorisation parentale.<\/span><\/b><\/div>\n<div style=\"background-color: white;color: #303030;font-family: Arial;margin-bottom: 10px;text-align: justify\"><\/div>\n<div style=\"background-color: white;color: #303030;font-family: Arial;margin-bottom: 10px;text-align: justify\"><span style=\"color: #1a7bbf;font-weight: bold\"><u>Programme de la Rentr\u00e9e du Foot F\u00e9minines :&nbsp;<\/u><\/span><\/div>\n<ul style=\"background-color: white;font-family: Arial;text-align: justify\">\n<li>\n<div style=\"margin-bottom: 10px\"><b><span style=\"color: #444444\">14h : Accueil<\/span><\/b><\/div>\n<\/li>\n<li>\n<div style=\"margin-bottom: 10px\"><b><span style=\"color: #444444\">14h30 \u00e0 16h : Animations (rencontres \u00e0 8 c 8 \/ 5 c 5 \/ 4 c 4 et des d\u00e9fis techniques)<\/span><\/b><\/div>\n<\/li>\n<li>\n<div style=\"margin-bottom: 10px\"><b><span style=\"color: #444444\">16h30 : Go\u00fbter<\/span><\/b><\/div>\n<\/li>\n<li>\n<div style=\"margin-bottom: 10px\"><b><span style=\"color: #444444\">17h : fin<\/span><\/b><\/div>\n<\/li>\n<\/ul>\n<div style=\"text-align: justify\"><span style=\"color: #444444;font-family: Arial\"><b><br \/><\/b><\/span><\/div>\n<div style=\"text-align: justify\"><span style=\"color: #444444;font-family: Arial\"><b><br \/><\/b><\/span><\/div>\n<div style=\"text-align: justify\"><span style=\"color: #444444;font-family: Arial\"><b><u>Article : J\u00e9r\u00f4me Courrouyan<\/u><\/b><\/span><\/div>\n<div style=\"text-align: justify\"><span style=\"color: #444444;font-family: Arial\"><b><br \/><\/b><\/span><\/div>\n<div style=\"text-align: justify\"><span style=\"color: #444444;font-family: Arial\"><b><br \/><\/b><\/span><\/div>\n<div style=\"text-align: justify\"><b><span style=\"font-family: Georgia, Times New Roman, serif;font-size: large\">Journ\u00e9e de rassemblement&nbsp;o\u00f9&nbsp;sera pr\u00e9sent <u>Maxime&nbsp;Guichard<\/u> ( en charge du&nbsp;d\u00e9veloppement&nbsp;du football f\u00e9minin avec Katia&nbsp;Badet sur le P\u00f4le F\u00e9minin Montois) .<\/span><\/b><\/div>\n<div style=\"text-align: justify\"><b><span style=\"font-family: Georgia, Times New Roman, serif;font-size: large\"><br \/><\/span><\/b><\/div>\n<div style=\"text-align: justify\"><b><span style=\"font-family: Georgia, Times New Roman, serif;font-size: large\">Venez Nombreuses !<\/span><\/b><\/div>\n<div style=\"text-align: justify\"><span style=\"color: #303030;font-family: Arial\"><b><u><br \/><\/u><\/b><\/span><\/div>\n<div style=\"text-align: justify\"><span style=\"color: #303030;font-family: Arial\"><b><u><br \/><\/u><\/b><\/span><\/div>\n<div style=\"text-align: justify\"><span style=\"color: #303030;font-family: Arial\"><br \/><\/span><\/div>\n<div style=\"clear: both;text-align: center\"><a href=\"http:\/\/www.etoilesportivemontoise.fr\/content\/uploads\/sites\/2\/2014\/10\/10704020_10203096875079642_2480735904485823317_n.jpg\" style=\"margin-left: 1em;margin-right: 1em\"><img loading=\"lazy\" decoding=\"async\" border=\"0\" src=\"http:\/\/www.etoilesportivemontoise.fr\/content\/uploads\/sites\/2\/2014\/10\/10704020_10203096875079642_2480735904485823317_n.jpg\" height=\"426\" width=\"640\" \/><\/a><\/div>\n<div style=\"text-align: justify\"><\/div>\n","protected":false},"excerpt":{"rendered":"<p>Au tour des jeunes licenci\u00e9es. Apr\u00e8s les traditionnelles journ\u00e9es de \u00ab\u00a0Rentr\u00e9e du Foot\u00a0\u00bb organis\u00e9es sur le mois de Septembre \u00e0 l&rsquo;attention des U13, U11 et U9-U7 gar\u00e7ons, le District des Landes de football &nbsp;a d\u00e9cid\u00e9 d&rsquo;organiser une manifestation sp\u00e9cifique \u00e0 l&rsquo;attention de toutes les f\u00e9minines,&#8230;<\/p>\n","protected":false},"author":2,"featured_media":3727,"comment_status":"closed","ping_status":"closed","sticky":false,"template":"","format":"standard","meta":{"footnotes":""},"categories":[28],"tags":[],"class_list":["post-3409","post","type-post","status-publish","format-standard","has-post-thumbnail","hentry","category-old"],"yoast_head":"<!-- This site is optimized with the Yoast SEO plugin v27.3 - https:\/\/yoast.com\/product\/yoast-seo-wordpress\/ -->\n<title>Informations District des landes : Maxime Guichard pr\u00e9sent ce jour l\u00e0. - ESM Foot<\/title>\n<meta name=\"robots\" content=\"index, follow, max-snippet:-1, max-image-preview:large, max-video-preview:-1\" \/>\n<link rel=\"canonical\" href=\"https:\/\/www.etoilesportivemontoise.fr\/football\/2014\/10\/informations-district-des-landes-maxime\/\" \/>\n<meta property=\"og:locale\" content=\"fr_FR\" \/>\n<meta property=\"og:type\" content=\"article\" \/>\n<meta property=\"og:title\" content=\"Informations District des landes : Maxime Guichard pr\u00e9sent ce jour l\u00e0. - ESM Foot\" \/>\n<meta property=\"og:description\" content=\"Au tour des jeunes licenci\u00e9es. Apr\u00e8s les traditionnelles journ\u00e9es de \u00ab\u00a0Rentr\u00e9e du Foot\u00a0\u00bb organis\u00e9es sur le mois de Septembre \u00e0 l&rsquo;attention des U13, U11 et U9-U7 gar\u00e7ons, le District des Landes de football &nbsp;a d\u00e9cid\u00e9 d&rsquo;organiser une manifestation sp\u00e9cifique \u00e0 l&rsquo;attention de toutes les f\u00e9minines,...\" \/>\n<meta property=\"og:url\" content=\"https:\/\/www.etoilesportivemontoise.fr\/football\/2014\/10\/informations-district-des-landes-maxime\/\" \/>\n<meta property=\"og:site_name\" content=\"ESM Foot\" \/>\n<meta property=\"article:published_time\" content=\"2014-10-17T12:16:00+00:00\" \/>\n<meta property=\"article:modified_time\" content=\"2024-03-24T17:13:38+00:00\" \/>\n<meta property=\"og:image\" content=\"https:\/\/www.etoilesportivemontoise.fr\/content\/uploads\/sites\/2\/2014\/10\/10704020_10203096875079642_2480735904485823317_n.jpg\" \/>\n\t<meta property=\"og:image:width\" content=\"960\" \/>\n\t<meta property=\"og:image:height\" content=\"640\" \/>\n\t<meta property=\"og:image:type\" content=\"image\/jpeg\" \/>\n<meta name=\"twitter:label1\" content=\"\u00c9crit par\" \/>\n\t<meta name=\"twitter:data1\" content=\"\" \/>\n\t<meta name=\"twitter:label2\" content=\"Dur\u00e9e de lecture estim\u00e9e\" \/>\n\t<meta name=\"twitter:data2\" content=\"1 minute\" \/>\n<script type=\"application\/ld+json\" class=\"yoast-schema-graph\">{\"@context\":\"https:\\\/\\\/schema.org\",\"@graph\":[{\"@type\":\"Article\",\"@id\":\"https:\\\/\\\/www.etoilesportivemontoise.fr\\\/football\\\/2014\\\/10\\\/informations-district-des-landes-maxime\\\/#article\",\"isPartOf\":{\"@id\":\"https:\\\/\\\/www.etoilesportivemontoise.fr\\\/football\\\/2014\\\/10\\\/informations-district-des-landes-maxime\\\/\"},\"author\":{\"name\":\"\",\"@id\":\"\"},\"headline\":\"Informations District des landes : Maxime Guichard pr\u00e9sent ce jour l\u00e0.\",\"datePublished\":\"2014-10-17T12:16:00+00:00\",\"dateModified\":\"2024-03-24T17:13:38+00:00\",\"mainEntityOfPage\":{\"@id\":\"https:\\\/\\\/www.etoilesportivemontoise.fr\\\/football\\\/2014\\\/10\\\/informations-district-des-landes-maxime\\\/\"},\"wordCount\":265,\"image\":{\"@id\":\"https:\\\/\\\/www.etoilesportivemontoise.fr\\\/football\\\/2014\\\/10\\\/informations-district-des-landes-maxime\\\/#primaryimage\"},\"thumbnailUrl\":\"https:\\\/\\\/www.etoilesportivemontoise.fr\\\/content\\\/uploads\\\/sites\\\/2\\\/2014\\\/10\\\/10704020_10203096875079642_2480735904485823317_n.jpg\",\"articleSection\":[\"Archives\"],\"inLanguage\":\"fr-FR\"},{\"@type\":\"WebPage\",\"@id\":\"https:\\\/\\\/www.etoilesportivemontoise.fr\\\/football\\\/2014\\\/10\\\/informations-district-des-landes-maxime\\\/\",\"url\":\"https:\\\/\\\/www.etoilesportivemontoise.fr\\\/football\\\/2014\\\/10\\\/informations-district-des-landes-maxime\\\/\",\"name\":\"Informations District des landes : Maxime Guichard pr\u00e9sent ce jour l\u00e0. - ESM Foot\",\"isPartOf\":{\"@id\":\"https:\\\/\\\/www.etoilesportivemontoise.fr\\\/football\\\/#website\"},\"primaryImageOfPage\":{\"@id\":\"https:\\\/\\\/www.etoilesportivemontoise.fr\\\/football\\\/2014\\\/10\\\/informations-district-des-landes-maxime\\\/#primaryimage\"},\"image\":{\"@id\":\"https:\\\/\\\/www.etoilesportivemontoise.fr\\\/football\\\/2014\\\/10\\\/informations-district-des-landes-maxime\\\/#primaryimage\"},\"thumbnailUrl\":\"https:\\\/\\\/www.etoilesportivemontoise.fr\\\/content\\\/uploads\\\/sites\\\/2\\\/2014\\\/10\\\/10704020_10203096875079642_2480735904485823317_n.jpg\",\"datePublished\":\"2014-10-17T12:16:00+00:00\",\"dateModified\":\"2024-03-24T17:13:38+00:00\",\"author\":{\"@id\":\"\"},\"breadcrumb\":{\"@id\":\"https:\\\/\\\/www.etoilesportivemontoise.fr\\\/football\\\/2014\\\/10\\\/informations-district-des-landes-maxime\\\/#breadcrumb\"},\"inLanguage\":\"fr-FR\",\"potentialAction\":[{\"@type\":\"ReadAction\",\"target\":[\"https:\\\/\\\/www.etoilesportivemontoise.fr\\\/football\\\/2014\\\/10\\\/informations-district-des-landes-maxime\\\/\"]}]},{\"@type\":\"ImageObject\",\"inLanguage\":\"fr-FR\",\"@id\":\"https:\\\/\\\/www.etoilesportivemontoise.fr\\\/football\\\/2014\\\/10\\\/informations-district-des-landes-maxime\\\/#primaryimage\",\"url\":\"https:\\\/\\\/www.etoilesportivemontoise.fr\\\/content\\\/uploads\\\/sites\\\/2\\\/2014\\\/10\\\/10704020_10203096875079642_2480735904485823317_n.jpg\",\"contentUrl\":\"https:\\\/\\\/www.etoilesportivemontoise.fr\\\/content\\\/uploads\\\/sites\\\/2\\\/2014\\\/10\\\/10704020_10203096875079642_2480735904485823317_n.jpg\",\"width\":960,\"height\":640},{\"@type\":\"BreadcrumbList\",\"@id\":\"https:\\\/\\\/www.etoilesportivemontoise.fr\\\/football\\\/2014\\\/10\\\/informations-district-des-landes-maxime\\\/#breadcrumb\",\"itemListElement\":[{\"@type\":\"ListItem\",\"position\":1,\"name\":\"Accueil\",\"item\":\"https:\\\/\\\/www.etoilesportivemontoise.fr\\\/football\\\/\"},{\"@type\":\"ListItem\",\"position\":2,\"name\":\"Informations District des landes : Maxime Guichard pr\u00e9sent ce jour l\u00e0.\"}]},{\"@type\":\"WebSite\",\"@id\":\"https:\\\/\\\/www.etoilesportivemontoise.fr\\\/football\\\/#website\",\"url\":\"https:\\\/\\\/www.etoilesportivemontoise.fr\\\/football\\\/\",\"name\":\"ESM Foot\",\"description\":\"Club Football Mont de Marsan\",\"potentialAction\":[{\"@type\":\"SearchAction\",\"target\":{\"@type\":\"EntryPoint\",\"urlTemplate\":\"https:\\\/\\\/www.etoilesportivemontoise.fr\\\/football\\\/?s={search_term_string}\"},\"query-input\":{\"@type\":\"PropertyValueSpecification\",\"valueRequired\":true,\"valueName\":\"search_term_string\"}}],\"inLanguage\":\"fr-FR\"},{\"@type\":\"Person\",\"@id\":\"\",\"url\":\"https:\\\/\\\/www.etoilesportivemontoise.fr\\\/football\\\/aka\\\/\"}]}<\/script>\n<!-- \/ Yoast SEO plugin. -->","yoast_head_json":{"title":"Informations District des landes : Maxime Guichard pr\u00e9sent ce jour l\u00e0. - ESM Foot","robots":{"index":"index","follow":"follow","max-snippet":"max-snippet:-1","max-image-preview":"max-image-preview:large","max-video-preview":"max-video-preview:-1"},"canonical":"https:\/\/www.etoilesportivemontoise.fr\/football\/2014\/10\/informations-district-des-landes-maxime\/","og_locale":"fr_FR","og_type":"article","og_title":"Informations District des landes : Maxime Guichard pr\u00e9sent ce jour l\u00e0. - ESM Foot","og_description":"Au tour des jeunes licenci\u00e9es. Apr\u00e8s les traditionnelles journ\u00e9es de \u00ab\u00a0Rentr\u00e9e du Foot\u00a0\u00bb organis\u00e9es sur le mois de Septembre \u00e0 l&rsquo;attention des U13, U11 et U9-U7 gar\u00e7ons, le District des Landes de football &nbsp;a d\u00e9cid\u00e9 d&rsquo;organiser une manifestation sp\u00e9cifique \u00e0 l&rsquo;attention de toutes les f\u00e9minines,...","og_url":"https:\/\/www.etoilesportivemontoise.fr\/football\/2014\/10\/informations-district-des-landes-maxime\/","og_site_name":"ESM Foot","article_published_time":"2014-10-17T12:16:00+00:00","article_modified_time":"2024-03-24T17:13:38+00:00","og_image":[{"width":960,"height":640,"url":"https:\/\/www.etoilesportivemontoise.fr\/content\/uploads\/sites\/2\/2014\/10\/10704020_10203096875079642_2480735904485823317_n.jpg","type":"image\/jpeg"}],"twitter_misc":{"\u00c9crit par":"","Dur\u00e9e de lecture estim\u00e9e":"1 minute"},"schema":{"@context":"https:\/\/schema.org","@graph":[{"@type":"Article","@id":"https:\/\/www.etoilesportivemontoise.fr\/football\/2014\/10\/informations-district-des-landes-maxime\/#article","isPartOf":{"@id":"https:\/\/www.etoilesportivemontoise.fr\/football\/2014\/10\/informations-district-des-landes-maxime\/"},"author":{"name":"","@id":""},"headline":"Informations District des landes : Maxime Guichard pr\u00e9sent ce jour l\u00e0.","datePublished":"2014-10-17T12:16:00+00:00","dateModified":"2024-03-24T17:13:38+00:00","mainEntityOfPage":{"@id":"https:\/\/www.etoilesportivemontoise.fr\/football\/2014\/10\/informations-district-des-landes-maxime\/"},"wordCount":265,"image":{"@id":"https:\/\/www.etoilesportivemontoise.fr\/football\/2014\/10\/informations-district-des-landes-maxime\/#primaryimage"},"thumbnailUrl":"https:\/\/www.etoilesportivemontoise.fr\/content\/uploads\/sites\/2\/2014\/10\/10704020_10203096875079642_2480735904485823317_n.jpg","articleSection":["Archives"],"inLanguage":"fr-FR"},{"@type":"WebPage","@id":"https:\/\/www.etoilesportivemontoise.fr\/football\/2014\/10\/informations-district-des-landes-maxime\/","url":"https:\/\/www.etoilesportivemontoise.fr\/football\/2014\/10\/informations-district-des-landes-maxime\/","name":"Informations District des landes : Maxime Guichard pr\u00e9sent ce jour l\u00e0. - ESM Foot","isPartOf":{"@id":"https:\/\/www.etoilesportivemontoise.fr\/football\/#website"},"primaryImageOfPage":{"@id":"https:\/\/www.etoilesportivemontoise.fr\/football\/2014\/10\/informations-district-des-landes-maxime\/#primaryimage"},"image":{"@id":"https:\/\/www.etoilesportivemontoise.fr\/football\/2014\/10\/informations-district-des-landes-maxime\/#primaryimage"},"thumbnailUrl":"https:\/\/www.etoilesportivemontoise.fr\/content\/uploads\/sites\/2\/2014\/10\/10704020_10203096875079642_2480735904485823317_n.jpg","datePublished":"2014-10-17T12:16:00+00:00","dateModified":"2024-03-24T17:13:38+00:00","author":{"@id":""},"breadcrumb":{"@id":"https:\/\/www.etoilesportivemontoise.fr\/football\/2014\/10\/informations-district-des-landes-maxime\/#breadcrumb"},"inLanguage":"fr-FR","potentialAction":[{"@type":"ReadAction","target":["https:\/\/www.etoilesportivemontoise.fr\/football\/2014\/10\/informations-district-des-landes-maxime\/"]}]},{"@type":"ImageObject","inLanguage":"fr-FR","@id":"https:\/\/www.etoilesportivemontoise.fr\/football\/2014\/10\/informations-district-des-landes-maxime\/#primaryimage","url":"https:\/\/www.etoilesportivemontoise.fr\/content\/uploads\/sites\/2\/2014\/10\/10704020_10203096875079642_2480735904485823317_n.jpg","contentUrl":"https:\/\/www.etoilesportivemontoise.fr\/content\/uploads\/sites\/2\/2014\/10\/10704020_10203096875079642_2480735904485823317_n.jpg","width":960,"height":640},{"@type":"BreadcrumbList","@id":"https:\/\/www.etoilesportivemontoise.fr\/football\/2014\/10\/informations-district-des-landes-maxime\/#breadcrumb","itemListElement":[{"@type":"ListItem","position":1,"name":"Accueil","item":"https:\/\/www.etoilesportivemontoise.fr\/football\/"},{"@type":"ListItem","position":2,"name":"Informations District des landes : Maxime Guichard pr\u00e9sent ce jour l\u00e0."}]},{"@type":"WebSite","@id":"https:\/\/www.etoilesportivemontoise.fr\/football\/#website","url":"https:\/\/www.etoilesportivemontoise.fr\/football\/","name":"ESM Foot","description":"Club Football Mont de Marsan","potentialAction":[{"@type":"SearchAction","target":{"@type":"EntryPoint","urlTemplate":"https:\/\/www.etoilesportivemontoise.fr\/football\/?s={search_term_string}"},"query-input":{"@type":"PropertyValueSpecification","valueRequired":true,"valueName":"search_term_string"}}],"inLanguage":"fr-FR"},{"@type":"Person","@id":"","url":"https:\/\/www.etoilesportivemontoise.fr\/football\/aka\/"}]}},"_links":{"self":[{"href":"https:\/\/www.etoilesportivemontoise.fr\/football\/wp-json\/wp\/v2\/posts\/3409","targetHints":{"allow":["GET"]}}],"collection":[{"href":"https:\/\/www.etoilesportivemontoise.fr\/football\/wp-json\/wp\/v2\/posts"}],"about":[{"href":"https:\/\/www.etoilesportivemontoise.fr\/football\/wp-json\/wp\/v2\/types\/post"}],"author":[{"embeddable":true,"href":"https:\/\/www.etoilesportivemontoise.fr\/football\/wp-json\/wp\/v2\/users\/2"}],"replies":[{"embeddable":true,"href":"https:\/\/www.etoilesportivemontoise.fr\/football\/wp-json\/wp\/v2\/comments?post=3409"}],"version-history":[{"count":1,"href":"https:\/\/www.etoilesportivemontoise.fr\/football\/wp-json\/wp\/v2\/posts\/3409\/revisions"}],"predecessor-version":[{"id":4144,"href":"https:\/\/www.etoilesportivemontoise.fr\/football\/wp-json\/wp\/v2\/posts\/3409\/revisions\/4144"}],"wp:featuredmedia":[{"embeddable":true,"href":"https:\/\/www.etoilesportivemontoise.fr\/football\/wp-json\/wp\/v2\/media\/3727"}],"wp:attachment":[{"href":"https:\/\/www.etoilesportivemontoise.fr\/football\/wp-json\/wp\/v2\/media?parent=3409"}],"wp:term":[{"taxonomy":"category","embeddable":true,"href":"https:\/\/www.etoilesportivemontoise.fr\/football\/wp-json\/wp\/v2\/categories?post=3409"},{"taxonomy":"post_tag","embeddable":true,"href":"https:\/\/www.etoilesportivemontoise.fr\/football\/wp-json\/wp\/v2\/tags?post=3409"}],"curies":[{"name":"wp","href":"https:\/\/api.w.org\/{rel}","templated":true}]}}