{"id":3415,"date":"2014-10-06T13:02:00","date_gmt":"2014-10-06T12:02:00","guid":{"rendered":"http:\/\/www.etoilesportivemontoise.fr\/football\/le-mot-du-coach\/"},"modified":"2024-03-24T18:13:40","modified_gmt":"2024-03-24T17:13:40","slug":"le-mot-du-coach","status":"publish","type":"post","link":"https:\/\/www.etoilesportivemontoise.fr\/football\/2014\/10\/le-mot-du-coach\/","title":{"rendered":"Le mot du Coach."},"content":{"rendered":"<div style=\"background-color: white;font-family: Calibri;font-size: 16px;line-height: 22.7199993133545px\"><strong style=\"line-height: 22.7199993133545px\"><br \/><\/strong><\/div>\n<div style=\"background-color: white;font-family: Calibri;line-height: 22.7199993133545px\"><strong style=\"line-height: 22.7199993133545px\"><span style=\"color: #444444;font-size: large\"><u>Eric Laffargue \u00e9ducateur U 15 :<\/u><\/span><\/strong><\/div>\n<div style=\"background-color: white;font-family: Calibri;font-size: 16px;line-height: 22.7199993133545px\"><span style=\"color: #444444\"><b><br \/><\/b><\/span><\/div>\n<div style=\"background-color: white;font-family: Calibri;font-size: 16px;line-height: 22.7199993133545px\">\n<div style=\"line-height: 17.05pt;text-align: justify\"><b><u><span>UN MATCH POUR APPRENDRE<\/span><\/u><\/b><span><\/span><\/div>\n<div style=\"line-height: 17.05pt;text-align: justify\"><\/div>\n<div style=\"line-height: 17.05pt;text-align: justify\"><b><i><span>\u00ab\u00a0C&rsquo;est sous un beau soleil que nous avions le plaisir d&rsquo;accueillir Orthez pour ce premier tour de la Coupe Fouchy .<\/span><\/i><\/b><span><\/span><\/div>\n<div style=\"line-height: 17.05pt;text-align: justify\"><\/div>\n<div style=\"line-height: 17.05pt;text-align: justify\"><b><i><span>C&rsquo;est avec&nbsp; difficult\u00e9 que nous commencions notre match contre le vent et avec une diff\u00e9rence physique a l&rsquo;avantage de notre adversaire.<\/span><\/i><\/b><span><\/span><\/div>\n<div style=\"line-height: 17.05pt;text-align: justify\"><\/div>\n<div style=\"line-height: 17.05pt;text-align: justify\"><b><i><span>Acculer dans notre camps lors des 20 premi\u00e8res minutes notre adversaire ouvrit le score avec de la chance car c&rsquo;est en voulant d\u00e9gager un centre que nous marquions contre notre camps.<\/span><\/i><\/b><span><\/span><\/div>\n<div style=\"line-height: 17.05pt;text-align: justify\"><\/div>\n<div style=\"line-height: 17.05pt;text-align: justify\"><b><i><span>La fin de la premi\u00e8re mi-temps fut plus \u00e9quilibr\u00e9e nous rejoignions les vestiaires avec un score de 0-1.<\/span><\/i><\/b><span><\/span><\/div>\n<div style=\"line-height: 17.05pt;text-align: justify\"><\/div>\n<div style=\"text-align: justify\"><b><i><span>D\u00e8s le d\u00e9but de la seconde p\u00e9riode comme on dit le vent avez tourn\u00e9 gr\u00e2ce \u00e0 notre collectif et \u00e0 notre&nbsp;combativit\u00e9&nbsp;qui nous permis de r\u00e9cup\u00e9rer le ballon au milieu de terrain et d&rsquo;envoyer&nbsp;&nbsp; Simon Bibes&nbsp;faire un t\u00eate a t\u00eate avec le gardien avec une grande&nbsp;ma\u00eetrise. 1-1.<\/span><\/i><\/b><span><\/span><\/div>\n<div style=\"text-align: justify\"><\/div>\n<div style=\"line-height: 17.05pt;text-align: justify\"><b><i><span>Apr\u00e8s l&rsquo;\u00e9galisation nous continuions notre pressing et sur une contre-attaque de nos adversaires&nbsp;: &nbsp;nous conc\u00e9dions un p\u00e9nalty. 1-2<\/span><\/i><\/b><span><\/span><\/div>\n<div style=\"line-height: 17.05pt;text-align: justify\"><\/div>\n<div style=\"line-height: 17.05pt;text-align: justify\"><b><i><span>Mais ce n&rsquo;\u00e9tait pas sans compte&nbsp; sur l\u2019\u00e9tat d\u2019esprit du groupe beaucoup aurait baiss\u00e9 les bras.<\/span><\/i><\/b><span><\/span><\/div>\n<div style=\"line-height: 17.05pt;text-align: justify\"><\/div>\n<div style=\"line-height: 17.05pt;text-align: justify\"><b><i><span>Nous continuions \u00e0 presser notre adversaire dans leur camp. Les coups francs se succ\u00e9d\u00e8rent.<\/span><\/i><\/b><span><\/span><\/div>\n<div style=\"line-height: 17.05pt;text-align: justify\"><\/div>\n<div style=\"line-height: 17.05pt;text-align: justify\"><b><i><span>Apr\u00e8s plusieurs tentatives sans succ\u00e8s, nous jouions les arr\u00eats de jeu quand l&rsquo;arbitre nous accorda un dernier coup franc \u00e0 20m. C\u2019\u00e9tait la derni\u00e8re chance d&rsquo;\u00e9galis\u00e9 pour aller \u00e0 la s\u00e9rie de p\u00e9nalty.<\/span><\/i><\/b><span><\/span><\/div>\n<div style=\"line-height: 17.05pt;text-align: justify\"><\/div>\n<div style=\"line-height: 17.05pt;text-align: justify\"><b><i><span>Thomas Viel prit le ballon et ces responsabilit\u00e9s, il d\u00e9clencha une frappe au premier poteau qui trompa le gardien. 2-2<\/span><\/i><\/b><span><\/span><\/div>\n<div style=\"line-height: 17.05pt;text-align: justify\"><\/div>\n<div style=\"text-align: justify\"><b><i><span>Je&nbsp;<u>PEUX VOUS&nbsp;D\u00c9CRIRE&nbsp;LA JOIE DES JOUEURS<\/u>&nbsp;car c&rsquo;\u00e9tait Thomas qui avait marqu\u00e9 contre son camp.<\/span><\/i><\/b><span><\/span><\/div>\n<div style=\"text-align: justify\"><\/div>\n<div style=\"line-height: 17.05pt;margin-bottom: 12pt;text-align: justify\"><b><i><span>Mais apr\u00e8s la joie de l\u2019\u00e9galisation, la d\u00e9tresse et la tristesse arriva en perdant la s\u00e9ance de p\u00e9nalty 3-4.<\/span><\/i><\/b><span><\/span><\/div>\n<div style=\"margin-bottom: 12pt;text-align: justify\"><b><u><span>F\u00e9licitations<\/span><\/u><\/b><b><u><span>&nbsp;\u00e0 nos adversaires.<\/span><\/u><\/b><span><\/span><\/div>\n<div style=\"line-height: 17.05pt;text-align: justify\"><b><u><span>Mention sp\u00e9ciale \u00e0 tout le groupe pour votre ETAT D&rsquo;ESPRIT.<\/span><\/u><\/b><span><\/span><\/div>\n<div style=\"line-height: 17.05pt;text-align: justify\"><\/div>\n<div style=\"line-height: 17.05pt;text-align: justify\"><b><u><span>Je suis fier de vous et heureux d\u2019\u00eatre votre coach\u00a0\u00bb<\/span><\/u><\/b><span><\/span><\/div>\n<div style=\"line-height: 17.05pt;text-align: justify\"><\/div>\n<div style=\"line-height: 17.05pt;text-align: justify\"><\/div>\n<div style=\"line-height: 17.05pt;text-align: justify\"><b><span>Eric.<\/span><\/b><span><\/span><\/div>\n<div style=\"line-height: 17.05pt;text-align: justify\"><\/div>\n<div style=\"clear: both;text-align: center\"><a href=\"http:\/\/www.etoilesportivemontoise.fr\/content\/uploads\/sites\/2\/2014\/10\/Stage-2BEric-2BU15.jpg\" style=\"margin-left: 1em;margin-right: 1em\"><img loading=\"lazy\" decoding=\"async\" border=\"0\" src=\"http:\/\/www.etoilesportivemontoise.fr\/content\/uploads\/sites\/2\/2014\/10\/Stage-2BEric-2BU15.jpg\" height=\"225\" width=\"400\" \/><\/a><\/div>\n<div align=\"center\" style=\"text-align: center\"><\/div>\n<p><\/p>\n<div><\/div>\n<\/div>\n<div style=\"background-color: white;font-family: Calibri;font-size: 16px;line-height: 22.7199993133545px\"><\/div>\n","protected":false},"excerpt":{"rendered":"<p>Eric Laffargue \u00e9ducateur U 15 : UN MATCH POUR APPRENDRE \u00ab\u00a0C&rsquo;est sous un beau soleil que nous avions le plaisir d&rsquo;accueillir Orthez pour ce premier tour de la Coupe Fouchy . C&rsquo;est avec&nbsp; difficult\u00e9 que nous commencions notre match contre le vent et avec une&#8230;<\/p>\n","protected":false},"author":2,"featured_media":3731,"comment_status":"closed","ping_status":"closed","sticky":false,"template":"","format":"standard","meta":{"footnotes":""},"categories":[28],"tags":[],"class_list":["post-3415","post","type-post","status-publish","format-standard","has-post-thumbnail","hentry","category-old"],"yoast_head":"<!-- This site is optimized with the Yoast SEO plugin v27.3 - https:\/\/yoast.com\/product\/yoast-seo-wordpress\/ -->\n<title>Le mot du Coach. - ESM Foot<\/title>\n<meta name=\"robots\" content=\"index, follow, max-snippet:-1, max-image-preview:large, max-video-preview:-1\" \/>\n<link rel=\"canonical\" href=\"https:\/\/www.etoilesportivemontoise.fr\/football\/2014\/10\/le-mot-du-coach\/\" \/>\n<meta property=\"og:locale\" content=\"fr_FR\" \/>\n<meta property=\"og:type\" content=\"article\" \/>\n<meta property=\"og:title\" content=\"Le mot du Coach. - ESM Foot\" \/>\n<meta property=\"og:description\" content=\"Eric Laffargue \u00e9ducateur U 15 : UN MATCH POUR APPRENDRE \u00ab\u00a0C&rsquo;est sous un beau soleil que nous avions le plaisir d&rsquo;accueillir Orthez pour ce premier tour de la Coupe Fouchy . C&rsquo;est avec&nbsp; difficult\u00e9 que nous commencions notre match contre le vent et avec une...\" \/>\n<meta property=\"og:url\" content=\"https:\/\/www.etoilesportivemontoise.fr\/football\/2014\/10\/le-mot-du-coach\/\" \/>\n<meta property=\"og:site_name\" content=\"ESM Foot\" \/>\n<meta property=\"article:published_time\" content=\"2014-10-06T12:02:00+00:00\" \/>\n<meta property=\"article:modified_time\" content=\"2024-03-24T17:13:40+00:00\" \/>\n<meta property=\"og:image\" content=\"https:\/\/www.etoilesportivemontoise.fr\/content\/uploads\/sites\/2\/2014\/10\/Stage-2BEric-2BU15.jpg\" \/>\n\t<meta property=\"og:image:width\" content=\"1024\" \/>\n\t<meta property=\"og:image:height\" content=\"576\" \/>\n\t<meta property=\"og:image:type\" content=\"image\/jpeg\" \/>\n<meta name=\"twitter:label1\" content=\"\u00c9crit par\" \/>\n\t<meta name=\"twitter:data1\" content=\"\" \/>\n\t<meta name=\"twitter:label2\" content=\"Dur\u00e9e de lecture estim\u00e9e\" \/>\n\t<meta name=\"twitter:data2\" content=\"2 minutes\" \/>\n<script type=\"application\/ld+json\" class=\"yoast-schema-graph\">{\"@context\":\"https:\\\/\\\/schema.org\",\"@graph\":[{\"@type\":\"Article\",\"@id\":\"https:\\\/\\\/www.etoilesportivemontoise.fr\\\/football\\\/2014\\\/10\\\/le-mot-du-coach\\\/#article\",\"isPartOf\":{\"@id\":\"https:\\\/\\\/www.etoilesportivemontoise.fr\\\/football\\\/2014\\\/10\\\/le-mot-du-coach\\\/\"},\"author\":{\"name\":\"\",\"@id\":\"\"},\"headline\":\"Le mot du Coach.\",\"datePublished\":\"2014-10-06T12:02:00+00:00\",\"dateModified\":\"2024-03-24T17:13:40+00:00\",\"mainEntityOfPage\":{\"@id\":\"https:\\\/\\\/www.etoilesportivemontoise.fr\\\/football\\\/2014\\\/10\\\/le-mot-du-coach\\\/\"},\"wordCount\":372,\"image\":{\"@id\":\"https:\\\/\\\/www.etoilesportivemontoise.fr\\\/football\\\/2014\\\/10\\\/le-mot-du-coach\\\/#primaryimage\"},\"thumbnailUrl\":\"https:\\\/\\\/www.etoilesportivemontoise.fr\\\/content\\\/uploads\\\/sites\\\/2\\\/2014\\\/10\\\/Stage-2BEric-2BU15.jpg\",\"articleSection\":[\"Archives\"],\"inLanguage\":\"fr-FR\"},{\"@type\":\"WebPage\",\"@id\":\"https:\\\/\\\/www.etoilesportivemontoise.fr\\\/football\\\/2014\\\/10\\\/le-mot-du-coach\\\/\",\"url\":\"https:\\\/\\\/www.etoilesportivemontoise.fr\\\/football\\\/2014\\\/10\\\/le-mot-du-coach\\\/\",\"name\":\"Le mot du Coach. - ESM Foot\",\"isPartOf\":{\"@id\":\"https:\\\/\\\/www.etoilesportivemontoise.fr\\\/football\\\/#website\"},\"primaryImageOfPage\":{\"@id\":\"https:\\\/\\\/www.etoilesportivemontoise.fr\\\/football\\\/2014\\\/10\\\/le-mot-du-coach\\\/#primaryimage\"},\"image\":{\"@id\":\"https:\\\/\\\/www.etoilesportivemontoise.fr\\\/football\\\/2014\\\/10\\\/le-mot-du-coach\\\/#primaryimage\"},\"thumbnailUrl\":\"https:\\\/\\\/www.etoilesportivemontoise.fr\\\/content\\\/uploads\\\/sites\\\/2\\\/2014\\\/10\\\/Stage-2BEric-2BU15.jpg\",\"datePublished\":\"2014-10-06T12:02:00+00:00\",\"dateModified\":\"2024-03-24T17:13:40+00:00\",\"author\":{\"@id\":\"\"},\"breadcrumb\":{\"@id\":\"https:\\\/\\\/www.etoilesportivemontoise.fr\\\/football\\\/2014\\\/10\\\/le-mot-du-coach\\\/#breadcrumb\"},\"inLanguage\":\"fr-FR\",\"potentialAction\":[{\"@type\":\"ReadAction\",\"target\":[\"https:\\\/\\\/www.etoilesportivemontoise.fr\\\/football\\\/2014\\\/10\\\/le-mot-du-coach\\\/\"]}]},{\"@type\":\"ImageObject\",\"inLanguage\":\"fr-FR\",\"@id\":\"https:\\\/\\\/www.etoilesportivemontoise.fr\\\/football\\\/2014\\\/10\\\/le-mot-du-coach\\\/#primaryimage\",\"url\":\"https:\\\/\\\/www.etoilesportivemontoise.fr\\\/content\\\/uploads\\\/sites\\\/2\\\/2014\\\/10\\\/Stage-2BEric-2BU15.jpg\",\"contentUrl\":\"https:\\\/\\\/www.etoilesportivemontoise.fr\\\/content\\\/uploads\\\/sites\\\/2\\\/2014\\\/10\\\/Stage-2BEric-2BU15.jpg\",\"width\":1024,\"height\":576},{\"@type\":\"BreadcrumbList\",\"@id\":\"https:\\\/\\\/www.etoilesportivemontoise.fr\\\/football\\\/2014\\\/10\\\/le-mot-du-coach\\\/#breadcrumb\",\"itemListElement\":[{\"@type\":\"ListItem\",\"position\":1,\"name\":\"Accueil\",\"item\":\"https:\\\/\\\/www.etoilesportivemontoise.fr\\\/football\\\/\"},{\"@type\":\"ListItem\",\"position\":2,\"name\":\"Le mot du Coach.\"}]},{\"@type\":\"WebSite\",\"@id\":\"https:\\\/\\\/www.etoilesportivemontoise.fr\\\/football\\\/#website\",\"url\":\"https:\\\/\\\/www.etoilesportivemontoise.fr\\\/football\\\/\",\"name\":\"ESM Foot\",\"description\":\"Club Football Mont de Marsan\",\"potentialAction\":[{\"@type\":\"SearchAction\",\"target\":{\"@type\":\"EntryPoint\",\"urlTemplate\":\"https:\\\/\\\/www.etoilesportivemontoise.fr\\\/football\\\/?s={search_term_string}\"},\"query-input\":{\"@type\":\"PropertyValueSpecification\",\"valueRequired\":true,\"valueName\":\"search_term_string\"}}],\"inLanguage\":\"fr-FR\"},{\"@type\":\"Person\",\"@id\":\"\",\"url\":\"https:\\\/\\\/www.etoilesportivemontoise.fr\\\/football\\\/aka\\\/\"}]}<\/script>\n<!-- \/ Yoast SEO plugin. -->","yoast_head_json":{"title":"Le mot du Coach. - ESM Foot","robots":{"index":"index","follow":"follow","max-snippet":"max-snippet:-1","max-image-preview":"max-image-preview:large","max-video-preview":"max-video-preview:-1"},"canonical":"https:\/\/www.etoilesportivemontoise.fr\/football\/2014\/10\/le-mot-du-coach\/","og_locale":"fr_FR","og_type":"article","og_title":"Le mot du Coach. - ESM Foot","og_description":"Eric Laffargue \u00e9ducateur U 15 : UN MATCH POUR APPRENDRE \u00ab\u00a0C&rsquo;est sous un beau soleil que nous avions le plaisir d&rsquo;accueillir Orthez pour ce premier tour de la Coupe Fouchy . C&rsquo;est avec&nbsp; difficult\u00e9 que nous commencions notre match contre le vent et avec une...","og_url":"https:\/\/www.etoilesportivemontoise.fr\/football\/2014\/10\/le-mot-du-coach\/","og_site_name":"ESM Foot","article_published_time":"2014-10-06T12:02:00+00:00","article_modified_time":"2024-03-24T17:13:40+00:00","og_image":[{"width":1024,"height":576,"url":"https:\/\/www.etoilesportivemontoise.fr\/content\/uploads\/sites\/2\/2014\/10\/Stage-2BEric-2BU15.jpg","type":"image\/jpeg"}],"twitter_misc":{"\u00c9crit par":"","Dur\u00e9e de lecture estim\u00e9e":"2 minutes"},"schema":{"@context":"https:\/\/schema.org","@graph":[{"@type":"Article","@id":"https:\/\/www.etoilesportivemontoise.fr\/football\/2014\/10\/le-mot-du-coach\/#article","isPartOf":{"@id":"https:\/\/www.etoilesportivemontoise.fr\/football\/2014\/10\/le-mot-du-coach\/"},"author":{"name":"","@id":""},"headline":"Le mot du Coach.","datePublished":"2014-10-06T12:02:00+00:00","dateModified":"2024-03-24T17:13:40+00:00","mainEntityOfPage":{"@id":"https:\/\/www.etoilesportivemontoise.fr\/football\/2014\/10\/le-mot-du-coach\/"},"wordCount":372,"image":{"@id":"https:\/\/www.etoilesportivemontoise.fr\/football\/2014\/10\/le-mot-du-coach\/#primaryimage"},"thumbnailUrl":"https:\/\/www.etoilesportivemontoise.fr\/content\/uploads\/sites\/2\/2014\/10\/Stage-2BEric-2BU15.jpg","articleSection":["Archives"],"inLanguage":"fr-FR"},{"@type":"WebPage","@id":"https:\/\/www.etoilesportivemontoise.fr\/football\/2014\/10\/le-mot-du-coach\/","url":"https:\/\/www.etoilesportivemontoise.fr\/football\/2014\/10\/le-mot-du-coach\/","name":"Le mot du Coach. - ESM Foot","isPartOf":{"@id":"https:\/\/www.etoilesportivemontoise.fr\/football\/#website"},"primaryImageOfPage":{"@id":"https:\/\/www.etoilesportivemontoise.fr\/football\/2014\/10\/le-mot-du-coach\/#primaryimage"},"image":{"@id":"https:\/\/www.etoilesportivemontoise.fr\/football\/2014\/10\/le-mot-du-coach\/#primaryimage"},"thumbnailUrl":"https:\/\/www.etoilesportivemontoise.fr\/content\/uploads\/sites\/2\/2014\/10\/Stage-2BEric-2BU15.jpg","datePublished":"2014-10-06T12:02:00+00:00","dateModified":"2024-03-24T17:13:40+00:00","author":{"@id":""},"breadcrumb":{"@id":"https:\/\/www.etoilesportivemontoise.fr\/football\/2014\/10\/le-mot-du-coach\/#breadcrumb"},"inLanguage":"fr-FR","potentialAction":[{"@type":"ReadAction","target":["https:\/\/www.etoilesportivemontoise.fr\/football\/2014\/10\/le-mot-du-coach\/"]}]},{"@type":"ImageObject","inLanguage":"fr-FR","@id":"https:\/\/www.etoilesportivemontoise.fr\/football\/2014\/10\/le-mot-du-coach\/#primaryimage","url":"https:\/\/www.etoilesportivemontoise.fr\/content\/uploads\/sites\/2\/2014\/10\/Stage-2BEric-2BU15.jpg","contentUrl":"https:\/\/www.etoilesportivemontoise.fr\/content\/uploads\/sites\/2\/2014\/10\/Stage-2BEric-2BU15.jpg","width":1024,"height":576},{"@type":"BreadcrumbList","@id":"https:\/\/www.etoilesportivemontoise.fr\/football\/2014\/10\/le-mot-du-coach\/#breadcrumb","itemListElement":[{"@type":"ListItem","position":1,"name":"Accueil","item":"https:\/\/www.etoilesportivemontoise.fr\/football\/"},{"@type":"ListItem","position":2,"name":"Le mot du Coach."}]},{"@type":"WebSite","@id":"https:\/\/www.etoilesportivemontoise.fr\/football\/#website","url":"https:\/\/www.etoilesportivemontoise.fr\/football\/","name":"ESM Foot","description":"Club Football Mont de Marsan","potentialAction":[{"@type":"SearchAction","target":{"@type":"EntryPoint","urlTemplate":"https:\/\/www.etoilesportivemontoise.fr\/football\/?s={search_term_string}"},"query-input":{"@type":"PropertyValueSpecification","valueRequired":true,"valueName":"search_term_string"}}],"inLanguage":"fr-FR"},{"@type":"Person","@id":"","url":"https:\/\/www.etoilesportivemontoise.fr\/football\/aka\/"}]}},"_links":{"self":[{"href":"https:\/\/www.etoilesportivemontoise.fr\/football\/wp-json\/wp\/v2\/posts\/3415","targetHints":{"allow":["GET"]}}],"collection":[{"href":"https:\/\/www.etoilesportivemontoise.fr\/football\/wp-json\/wp\/v2\/posts"}],"about":[{"href":"https:\/\/www.etoilesportivemontoise.fr\/football\/wp-json\/wp\/v2\/types\/post"}],"author":[{"embeddable":true,"href":"https:\/\/www.etoilesportivemontoise.fr\/football\/wp-json\/wp\/v2\/users\/2"}],"replies":[{"embeddable":true,"href":"https:\/\/www.etoilesportivemontoise.fr\/football\/wp-json\/wp\/v2\/comments?post=3415"}],"version-history":[{"count":1,"href":"https:\/\/www.etoilesportivemontoise.fr\/football\/wp-json\/wp\/v2\/posts\/3415\/revisions"}],"predecessor-version":[{"id":4150,"href":"https:\/\/www.etoilesportivemontoise.fr\/football\/wp-json\/wp\/v2\/posts\/3415\/revisions\/4150"}],"wp:featuredmedia":[{"embeddable":true,"href":"https:\/\/www.etoilesportivemontoise.fr\/football\/wp-json\/wp\/v2\/media\/3731"}],"wp:attachment":[{"href":"https:\/\/www.etoilesportivemontoise.fr\/football\/wp-json\/wp\/v2\/media?parent=3415"}],"wp:term":[{"taxonomy":"category","embeddable":true,"href":"https:\/\/www.etoilesportivemontoise.fr\/football\/wp-json\/wp\/v2\/categories?post=3415"},{"taxonomy":"post_tag","embeddable":true,"href":"https:\/\/www.etoilesportivemontoise.fr\/football\/wp-json\/wp\/v2\/tags?post=3415"}],"curies":[{"name":"wp","href":"https:\/\/api.w.org\/{rel}","templated":true}]}}