{"id":3418,"date":"2014-10-03T14:15:00","date_gmt":"2014-10-03T13:15:00","guid":{"rendered":"http:\/\/www.etoilesportivemontoise.fr\/football\/un-educateur-de-letoile-sportive-montoise-football-a-lhonneur-sur-le-magazine-m2m-mont-de-marsan-magazine\/"},"modified":"2024-03-24T18:13:40","modified_gmt":"2024-03-24T17:13:40","slug":"un-educateur-de-letoile-sportive","status":"publish","type":"post","link":"https:\/\/www.etoilesportivemontoise.fr\/football\/2014\/10\/un-educateur-de-letoile-sportive\/","title":{"rendered":"Un \u00e9ducateur de l&rsquo;Etoile Sportive Montoise Football \u00e0 l&rsquo;honneur sur le Magazine \u00a0\u00bb M2M \u00a0\u00bb ( Mont de Marsan Magazine)."},"content":{"rendered":"<p><b><span style=\"color: #444444\">S\u00e9bastien Alix, \u00e9ducateur U 9 \u00e0 l&rsquo;Etoile Sportive Montoise Football \u00e0 r\u00e9pondu aux questions de M2M Magazine.<\/span><\/b><\/p>\n<div><b><span style=\"color: #444444\"><br \/><\/span><\/b><\/div>\n<div><b><span style=\"color: #444444\">Sans oublier, le travail remarquable de Franck Lagonnelle et Willy Marteau qui s\u2019occupent de la cat\u00e9gorie avec lui.<\/span><\/b><\/p>\n<div><b><span style=\"color: #444444\"><br \/><\/span><\/b><\/div>\n<div><b><span style=\"color: #444444\">Voici le lien pour visionner cette interview : Page 18.<\/span><\/b><\/div>\n<div><\/div>\n<div><a href=\"http:\/\/www.calameo.com\/read\/0000889609c9b09046591\">http:\/\/www.calameo.com\/read\/0000889609c9b09046591<\/a><\/div>\n<div><\/div>\n<div style=\"clear: both;text-align: center\"><a href=\"http:\/\/www.etoilesportivemontoise.fr\/content\/uploads\/sites\/2\/2014\/10\/IMG_1268.jpg\" style=\"margin-left: 1em;margin-right: 1em\"><img loading=\"lazy\" decoding=\"async\" border=\"0\" src=\"http:\/\/www.etoilesportivemontoise.fr\/content\/uploads\/sites\/2\/2014\/10\/IMG_1268.jpg\" height=\"266\" width=\"400\" \/><\/a><\/div>\n<div><\/div>\n<div><\/div>\n<\/div>\n<div><\/div>\n<div><\/div>\n<div><\/div>\n","protected":false},"excerpt":{"rendered":"<p>S\u00e9bastien Alix, \u00e9ducateur U 9 \u00e0 l&rsquo;Etoile Sportive Montoise Football \u00e0 r\u00e9pondu aux questions de M2M Magazine. Sans oublier, le travail remarquable de Franck Lagonnelle et Willy Marteau qui s\u2019occupent de la cat\u00e9gorie avec lui. Voici le lien pour visionner cette interview : Page 18&#8230;.<\/p>\n","protected":false},"author":2,"featured_media":3733,"comment_status":"closed","ping_status":"closed","sticky":false,"template":"","format":"standard","meta":{"footnotes":""},"categories":[28],"tags":[],"class_list":["post-3418","post","type-post","status-publish","format-standard","has-post-thumbnail","hentry","category-old"],"yoast_head":"<!-- This site is optimized with the Yoast SEO plugin v27.3 - https:\/\/yoast.com\/product\/yoast-seo-wordpress\/ -->\n<title>Un \u00e9ducateur de l&#039;Etoile Sportive Montoise Football \u00e0 l&#039;honneur sur le Magazine &quot; M2M &quot; ( Mont de Marsan Magazine). - ESM Foot<\/title>\n<meta name=\"robots\" content=\"index, follow, max-snippet:-1, max-image-preview:large, max-video-preview:-1\" \/>\n<link rel=\"canonical\" href=\"https:\/\/www.etoilesportivemontoise.fr\/football\/2014\/10\/un-educateur-de-letoile-sportive\/\" \/>\n<meta property=\"og:locale\" content=\"fr_FR\" \/>\n<meta property=\"og:type\" content=\"article\" \/>\n<meta property=\"og:title\" content=\"Un \u00e9ducateur de l&#039;Etoile Sportive Montoise Football \u00e0 l&#039;honneur sur le Magazine &quot; M2M &quot; ( Mont de Marsan Magazine). - ESM Foot\" \/>\n<meta property=\"og:description\" content=\"S\u00e9bastien Alix, \u00e9ducateur U 9 \u00e0 l&rsquo;Etoile Sportive Montoise Football \u00e0 r\u00e9pondu aux questions de M2M Magazine. Sans oublier, le travail remarquable de Franck Lagonnelle et Willy Marteau qui s\u2019occupent de la cat\u00e9gorie avec lui. Voici le lien pour visionner cette interview : Page 18....\" \/>\n<meta property=\"og:url\" content=\"https:\/\/www.etoilesportivemontoise.fr\/football\/2014\/10\/un-educateur-de-letoile-sportive\/\" \/>\n<meta property=\"og:site_name\" content=\"ESM Foot\" \/>\n<meta property=\"article:published_time\" content=\"2014-10-03T13:15:00+00:00\" \/>\n<meta property=\"article:modified_time\" content=\"2024-03-24T17:13:40+00:00\" \/>\n<meta property=\"og:image\" content=\"https:\/\/www.etoilesportivemontoise.fr\/content\/uploads\/sites\/2\/2014\/10\/IMG_1268.jpg\" \/>\n\t<meta property=\"og:image:width\" content=\"1024\" \/>\n\t<meta property=\"og:image:height\" content=\"682\" \/>\n\t<meta property=\"og:image:type\" content=\"image\/jpeg\" \/>\n<meta name=\"twitter:label1\" content=\"\u00c9crit par\" \/>\n\t<meta name=\"twitter:data1\" content=\"\" \/>\n<script type=\"application\/ld+json\" class=\"yoast-schema-graph\">{\"@context\":\"https:\\\/\\\/schema.org\",\"@graph\":[{\"@type\":\"Article\",\"@id\":\"https:\\\/\\\/www.etoilesportivemontoise.fr\\\/football\\\/2014\\\/10\\\/un-educateur-de-letoile-sportive\\\/#article\",\"isPartOf\":{\"@id\":\"https:\\\/\\\/www.etoilesportivemontoise.fr\\\/football\\\/2014\\\/10\\\/un-educateur-de-letoile-sportive\\\/\"},\"author\":{\"name\":\"\",\"@id\":\"\"},\"headline\":\"Un \u00e9ducateur de l&rsquo;Etoile Sportive Montoise Football \u00e0 l&rsquo;honneur sur le Magazine \u00a0\u00bb M2M \u00a0\u00bb ( Mont de Marsan Magazine).\",\"datePublished\":\"2014-10-03T13:15:00+00:00\",\"dateModified\":\"2024-03-24T17:13:40+00:00\",\"mainEntityOfPage\":{\"@id\":\"https:\\\/\\\/www.etoilesportivemontoise.fr\\\/football\\\/2014\\\/10\\\/un-educateur-de-letoile-sportive\\\/\"},\"wordCount\":72,\"image\":{\"@id\":\"https:\\\/\\\/www.etoilesportivemontoise.fr\\\/football\\\/2014\\\/10\\\/un-educateur-de-letoile-sportive\\\/#primaryimage\"},\"thumbnailUrl\":\"https:\\\/\\\/www.etoilesportivemontoise.fr\\\/content\\\/uploads\\\/sites\\\/2\\\/2014\\\/10\\\/IMG_1268.jpg\",\"articleSection\":[\"Archives\"],\"inLanguage\":\"fr-FR\"},{\"@type\":\"WebPage\",\"@id\":\"https:\\\/\\\/www.etoilesportivemontoise.fr\\\/football\\\/2014\\\/10\\\/un-educateur-de-letoile-sportive\\\/\",\"url\":\"https:\\\/\\\/www.etoilesportivemontoise.fr\\\/football\\\/2014\\\/10\\\/un-educateur-de-letoile-sportive\\\/\",\"name\":\"Un \u00e9ducateur de l'Etoile Sportive Montoise Football \u00e0 l'honneur sur le Magazine \\\" M2M \\\" ( Mont de Marsan Magazine). - ESM Foot\",\"isPartOf\":{\"@id\":\"https:\\\/\\\/www.etoilesportivemontoise.fr\\\/football\\\/#website\"},\"primaryImageOfPage\":{\"@id\":\"https:\\\/\\\/www.etoilesportivemontoise.fr\\\/football\\\/2014\\\/10\\\/un-educateur-de-letoile-sportive\\\/#primaryimage\"},\"image\":{\"@id\":\"https:\\\/\\\/www.etoilesportivemontoise.fr\\\/football\\\/2014\\\/10\\\/un-educateur-de-letoile-sportive\\\/#primaryimage\"},\"thumbnailUrl\":\"https:\\\/\\\/www.etoilesportivemontoise.fr\\\/content\\\/uploads\\\/sites\\\/2\\\/2014\\\/10\\\/IMG_1268.jpg\",\"datePublished\":\"2014-10-03T13:15:00+00:00\",\"dateModified\":\"2024-03-24T17:13:40+00:00\",\"author\":{\"@id\":\"\"},\"breadcrumb\":{\"@id\":\"https:\\\/\\\/www.etoilesportivemontoise.fr\\\/football\\\/2014\\\/10\\\/un-educateur-de-letoile-sportive\\\/#breadcrumb\"},\"inLanguage\":\"fr-FR\",\"potentialAction\":[{\"@type\":\"ReadAction\",\"target\":[\"https:\\\/\\\/www.etoilesportivemontoise.fr\\\/football\\\/2014\\\/10\\\/un-educateur-de-letoile-sportive\\\/\"]}]},{\"@type\":\"ImageObject\",\"inLanguage\":\"fr-FR\",\"@id\":\"https:\\\/\\\/www.etoilesportivemontoise.fr\\\/football\\\/2014\\\/10\\\/un-educateur-de-letoile-sportive\\\/#primaryimage\",\"url\":\"https:\\\/\\\/www.etoilesportivemontoise.fr\\\/content\\\/uploads\\\/sites\\\/2\\\/2014\\\/10\\\/IMG_1268.jpg\",\"contentUrl\":\"https:\\\/\\\/www.etoilesportivemontoise.fr\\\/content\\\/uploads\\\/sites\\\/2\\\/2014\\\/10\\\/IMG_1268.jpg\",\"width\":1024,\"height\":682},{\"@type\":\"BreadcrumbList\",\"@id\":\"https:\\\/\\\/www.etoilesportivemontoise.fr\\\/football\\\/2014\\\/10\\\/un-educateur-de-letoile-sportive\\\/#breadcrumb\",\"itemListElement\":[{\"@type\":\"ListItem\",\"position\":1,\"name\":\"Accueil\",\"item\":\"https:\\\/\\\/www.etoilesportivemontoise.fr\\\/football\\\/\"},{\"@type\":\"ListItem\",\"position\":2,\"name\":\"Un \u00e9ducateur de l&rsquo;Etoile Sportive Montoise Football \u00e0 l&rsquo;honneur sur le Magazine \u00a0\u00bb M2M \u00a0\u00bb ( Mont de Marsan Magazine).\"}]},{\"@type\":\"WebSite\",\"@id\":\"https:\\\/\\\/www.etoilesportivemontoise.fr\\\/football\\\/#website\",\"url\":\"https:\\\/\\\/www.etoilesportivemontoise.fr\\\/football\\\/\",\"name\":\"ESM Foot\",\"description\":\"Club Football Mont de Marsan\",\"potentialAction\":[{\"@type\":\"SearchAction\",\"target\":{\"@type\":\"EntryPoint\",\"urlTemplate\":\"https:\\\/\\\/www.etoilesportivemontoise.fr\\\/football\\\/?s={search_term_string}\"},\"query-input\":{\"@type\":\"PropertyValueSpecification\",\"valueRequired\":true,\"valueName\":\"search_term_string\"}}],\"inLanguage\":\"fr-FR\"},{\"@type\":\"Person\",\"@id\":\"\",\"url\":\"https:\\\/\\\/www.etoilesportivemontoise.fr\\\/football\\\/aka\\\/\"}]}<\/script>\n<!-- \/ Yoast SEO plugin. -->","yoast_head_json":{"title":"Un \u00e9ducateur de l'Etoile Sportive Montoise Football \u00e0 l'honneur sur le Magazine \" M2M \" ( Mont de Marsan Magazine). - ESM Foot","robots":{"index":"index","follow":"follow","max-snippet":"max-snippet:-1","max-image-preview":"max-image-preview:large","max-video-preview":"max-video-preview:-1"},"canonical":"https:\/\/www.etoilesportivemontoise.fr\/football\/2014\/10\/un-educateur-de-letoile-sportive\/","og_locale":"fr_FR","og_type":"article","og_title":"Un \u00e9ducateur de l'Etoile Sportive Montoise Football \u00e0 l'honneur sur le Magazine \" M2M \" ( Mont de Marsan Magazine). - ESM Foot","og_description":"S\u00e9bastien Alix, \u00e9ducateur U 9 \u00e0 l&rsquo;Etoile Sportive Montoise Football \u00e0 r\u00e9pondu aux questions de M2M Magazine. Sans oublier, le travail remarquable de Franck Lagonnelle et Willy Marteau qui s\u2019occupent de la cat\u00e9gorie avec lui. Voici le lien pour visionner cette interview : Page 18....","og_url":"https:\/\/www.etoilesportivemontoise.fr\/football\/2014\/10\/un-educateur-de-letoile-sportive\/","og_site_name":"ESM Foot","article_published_time":"2014-10-03T13:15:00+00:00","article_modified_time":"2024-03-24T17:13:40+00:00","og_image":[{"width":1024,"height":682,"url":"https:\/\/www.etoilesportivemontoise.fr\/content\/uploads\/sites\/2\/2014\/10\/IMG_1268.jpg","type":"image\/jpeg"}],"twitter_misc":{"\u00c9crit par":""},"schema":{"@context":"https:\/\/schema.org","@graph":[{"@type":"Article","@id":"https:\/\/www.etoilesportivemontoise.fr\/football\/2014\/10\/un-educateur-de-letoile-sportive\/#article","isPartOf":{"@id":"https:\/\/www.etoilesportivemontoise.fr\/football\/2014\/10\/un-educateur-de-letoile-sportive\/"},"author":{"name":"","@id":""},"headline":"Un \u00e9ducateur de l&rsquo;Etoile Sportive Montoise Football \u00e0 l&rsquo;honneur sur le Magazine \u00a0\u00bb M2M \u00a0\u00bb ( Mont de Marsan Magazine).","datePublished":"2014-10-03T13:15:00+00:00","dateModified":"2024-03-24T17:13:40+00:00","mainEntityOfPage":{"@id":"https:\/\/www.etoilesportivemontoise.fr\/football\/2014\/10\/un-educateur-de-letoile-sportive\/"},"wordCount":72,"image":{"@id":"https:\/\/www.etoilesportivemontoise.fr\/football\/2014\/10\/un-educateur-de-letoile-sportive\/#primaryimage"},"thumbnailUrl":"https:\/\/www.etoilesportivemontoise.fr\/content\/uploads\/sites\/2\/2014\/10\/IMG_1268.jpg","articleSection":["Archives"],"inLanguage":"fr-FR"},{"@type":"WebPage","@id":"https:\/\/www.etoilesportivemontoise.fr\/football\/2014\/10\/un-educateur-de-letoile-sportive\/","url":"https:\/\/www.etoilesportivemontoise.fr\/football\/2014\/10\/un-educateur-de-letoile-sportive\/","name":"Un \u00e9ducateur de l'Etoile Sportive Montoise Football \u00e0 l'honneur sur le Magazine \" M2M \" ( Mont de Marsan Magazine). - ESM Foot","isPartOf":{"@id":"https:\/\/www.etoilesportivemontoise.fr\/football\/#website"},"primaryImageOfPage":{"@id":"https:\/\/www.etoilesportivemontoise.fr\/football\/2014\/10\/un-educateur-de-letoile-sportive\/#primaryimage"},"image":{"@id":"https:\/\/www.etoilesportivemontoise.fr\/football\/2014\/10\/un-educateur-de-letoile-sportive\/#primaryimage"},"thumbnailUrl":"https:\/\/www.etoilesportivemontoise.fr\/content\/uploads\/sites\/2\/2014\/10\/IMG_1268.jpg","datePublished":"2014-10-03T13:15:00+00:00","dateModified":"2024-03-24T17:13:40+00:00","author":{"@id":""},"breadcrumb":{"@id":"https:\/\/www.etoilesportivemontoise.fr\/football\/2014\/10\/un-educateur-de-letoile-sportive\/#breadcrumb"},"inLanguage":"fr-FR","potentialAction":[{"@type":"ReadAction","target":["https:\/\/www.etoilesportivemontoise.fr\/football\/2014\/10\/un-educateur-de-letoile-sportive\/"]}]},{"@type":"ImageObject","inLanguage":"fr-FR","@id":"https:\/\/www.etoilesportivemontoise.fr\/football\/2014\/10\/un-educateur-de-letoile-sportive\/#primaryimage","url":"https:\/\/www.etoilesportivemontoise.fr\/content\/uploads\/sites\/2\/2014\/10\/IMG_1268.jpg","contentUrl":"https:\/\/www.etoilesportivemontoise.fr\/content\/uploads\/sites\/2\/2014\/10\/IMG_1268.jpg","width":1024,"height":682},{"@type":"BreadcrumbList","@id":"https:\/\/www.etoilesportivemontoise.fr\/football\/2014\/10\/un-educateur-de-letoile-sportive\/#breadcrumb","itemListElement":[{"@type":"ListItem","position":1,"name":"Accueil","item":"https:\/\/www.etoilesportivemontoise.fr\/football\/"},{"@type":"ListItem","position":2,"name":"Un \u00e9ducateur de l&rsquo;Etoile Sportive Montoise Football \u00e0 l&rsquo;honneur sur le Magazine \u00a0\u00bb M2M \u00a0\u00bb ( Mont de Marsan Magazine)."}]},{"@type":"WebSite","@id":"https:\/\/www.etoilesportivemontoise.fr\/football\/#website","url":"https:\/\/www.etoilesportivemontoise.fr\/football\/","name":"ESM Foot","description":"Club Football Mont de Marsan","potentialAction":[{"@type":"SearchAction","target":{"@type":"EntryPoint","urlTemplate":"https:\/\/www.etoilesportivemontoise.fr\/football\/?s={search_term_string}"},"query-input":{"@type":"PropertyValueSpecification","valueRequired":true,"valueName":"search_term_string"}}],"inLanguage":"fr-FR"},{"@type":"Person","@id":"","url":"https:\/\/www.etoilesportivemontoise.fr\/football\/aka\/"}]}},"_links":{"self":[{"href":"https:\/\/www.etoilesportivemontoise.fr\/football\/wp-json\/wp\/v2\/posts\/3418","targetHints":{"allow":["GET"]}}],"collection":[{"href":"https:\/\/www.etoilesportivemontoise.fr\/football\/wp-json\/wp\/v2\/posts"}],"about":[{"href":"https:\/\/www.etoilesportivemontoise.fr\/football\/wp-json\/wp\/v2\/types\/post"}],"author":[{"embeddable":true,"href":"https:\/\/www.etoilesportivemontoise.fr\/football\/wp-json\/wp\/v2\/users\/2"}],"replies":[{"embeddable":true,"href":"https:\/\/www.etoilesportivemontoise.fr\/football\/wp-json\/wp\/v2\/comments?post=3418"}],"version-history":[{"count":1,"href":"https:\/\/www.etoilesportivemontoise.fr\/football\/wp-json\/wp\/v2\/posts\/3418\/revisions"}],"predecessor-version":[{"id":4153,"href":"https:\/\/www.etoilesportivemontoise.fr\/football\/wp-json\/wp\/v2\/posts\/3418\/revisions\/4153"}],"wp:featuredmedia":[{"embeddable":true,"href":"https:\/\/www.etoilesportivemontoise.fr\/football\/wp-json\/wp\/v2\/media\/3733"}],"wp:attachment":[{"href":"https:\/\/www.etoilesportivemontoise.fr\/football\/wp-json\/wp\/v2\/media?parent=3418"}],"wp:term":[{"taxonomy":"category","embeddable":true,"href":"https:\/\/www.etoilesportivemontoise.fr\/football\/wp-json\/wp\/v2\/categories?post=3418"},{"taxonomy":"post_tag","embeddable":true,"href":"https:\/\/www.etoilesportivemontoise.fr\/football\/wp-json\/wp\/v2\/tags?post=3418"}],"curies":[{"name":"wp","href":"https:\/\/api.w.org\/{rel}","templated":true}]}}