{"id":3422,"date":"2014-09-28T18:24:00","date_gmt":"2014-09-28T17:24:00","guid":{"rendered":"http:\/\/www.etoilesportivemontoise.fr\/football\/u13-etoile-sportive-montoise-football\/"},"modified":"2024-03-24T18:13:41","modified_gmt":"2024-03-24T17:13:41","slug":"u13-etoile-sportive-montoise-football","status":"publish","type":"post","link":"https:\/\/www.etoilesportivemontoise.fr\/football\/2014\/09\/u13-etoile-sportive-montoise-football\/","title":{"rendered":"U13 Etoile Sportive Montoise Football."},"content":{"rendered":"<p><b><span style=\"color: #666666\">Photo de la cat\u00e9gorie U13 dont l&rsquo;\u00e9ducateur r\u00e9f\u00e9rent est Samir Hafidi.<\/span><\/b><\/p>\n<div><b><span style=\"color: #666666\"><br \/><\/span><\/b><\/div>\n<div><b><span style=\"color: #666666\">Une photo de groupe :&nbsp;<\/span><\/b><\/div>\n<div><\/div>\n<div><\/p>\n<div style=\"clear: both;text-align: center\"><a href=\"http:\/\/www.etoilesportivemontoise.fr\/content\/uploads\/sites\/2\/2014\/09\/U13-2B2014-2B-C3-A0-2Bl-entrainement.jpg\" style=\"margin-left: 1em;margin-right: 1em\"><img loading=\"lazy\" decoding=\"async\" border=\"0\" src=\"http:\/\/www.etoilesportivemontoise.fr\/content\/uploads\/sites\/2\/2014\/09\/U13-2B2014-2B-C3-A0-2Bl-entrainement.jpg\" height=\"300\" width=\"400\" \/><\/a><\/div>\n<div style=\"clear: both;text-align: center\"><\/div>\n<div style=\"clear: both;text-align: center\"><\/div>\n<div style=\"clear: both;text-align: center\"><\/div>\n<\/div>\n","protected":false},"excerpt":{"rendered":"<p>Photo de la cat\u00e9gorie U13 dont l&rsquo;\u00e9ducateur r\u00e9f\u00e9rent est Samir Hafidi. Une photo de groupe :&nbsp;<\/p>\n","protected":false},"author":2,"featured_media":3735,"comment_status":"closed","ping_status":"closed","sticky":false,"template":"","format":"standard","meta":{"footnotes":""},"categories":[28],"tags":[],"class_list":["post-3422","post","type-post","status-publish","format-standard","has-post-thumbnail","hentry","category-old"],"yoast_head":"<!-- This site is optimized with the Yoast SEO plugin v27.3 - https:\/\/yoast.com\/product\/yoast-seo-wordpress\/ -->\n<title>U13 Etoile Sportive Montoise Football. - ESM Foot<\/title>\n<meta name=\"robots\" content=\"index, follow, max-snippet:-1, max-image-preview:large, max-video-preview:-1\" \/>\n<link rel=\"canonical\" href=\"https:\/\/www.etoilesportivemontoise.fr\/football\/2014\/09\/u13-etoile-sportive-montoise-football\/\" \/>\n<meta property=\"og:locale\" content=\"fr_FR\" \/>\n<meta property=\"og:type\" content=\"article\" \/>\n<meta property=\"og:title\" content=\"U13 Etoile Sportive Montoise Football. - ESM Foot\" \/>\n<meta property=\"og:description\" content=\"Photo de la cat\u00e9gorie U13 dont l&rsquo;\u00e9ducateur r\u00e9f\u00e9rent est Samir Hafidi. Une photo de groupe :&nbsp;\" \/>\n<meta property=\"og:url\" content=\"https:\/\/www.etoilesportivemontoise.fr\/football\/2014\/09\/u13-etoile-sportive-montoise-football\/\" \/>\n<meta property=\"og:site_name\" content=\"ESM Foot\" \/>\n<meta property=\"article:published_time\" content=\"2014-09-28T17:24:00+00:00\" \/>\n<meta property=\"article:modified_time\" content=\"2024-03-24T17:13:41+00:00\" \/>\n<meta property=\"og:image\" content=\"https:\/\/www.etoilesportivemontoise.fr\/content\/uploads\/sites\/2\/2014\/09\/U13-2B2014-2B-C3-A0-2Bl-entrainement.jpg\" \/>\n\t<meta property=\"og:image:width\" content=\"1024\" \/>\n\t<meta property=\"og:image:height\" content=\"768\" \/>\n\t<meta property=\"og:image:type\" content=\"image\/jpeg\" \/>\n<meta name=\"twitter:label1\" content=\"\u00c9crit par\" \/>\n\t<meta name=\"twitter:data1\" content=\"\" \/>\n<script type=\"application\/ld+json\" class=\"yoast-schema-graph\">{\"@context\":\"https:\\\/\\\/schema.org\",\"@graph\":[{\"@type\":\"Article\",\"@id\":\"https:\\\/\\\/www.etoilesportivemontoise.fr\\\/football\\\/2014\\\/09\\\/u13-etoile-sportive-montoise-football\\\/#article\",\"isPartOf\":{\"@id\":\"https:\\\/\\\/www.etoilesportivemontoise.fr\\\/football\\\/2014\\\/09\\\/u13-etoile-sportive-montoise-football\\\/\"},\"author\":{\"name\":\"\",\"@id\":\"\"},\"headline\":\"U13 Etoile Sportive Montoise Football.\",\"datePublished\":\"2014-09-28T17:24:00+00:00\",\"dateModified\":\"2024-03-24T17:13:41+00:00\",\"mainEntityOfPage\":{\"@id\":\"https:\\\/\\\/www.etoilesportivemontoise.fr\\\/football\\\/2014\\\/09\\\/u13-etoile-sportive-montoise-football\\\/\"},\"wordCount\":25,\"image\":{\"@id\":\"https:\\\/\\\/www.etoilesportivemontoise.fr\\\/football\\\/2014\\\/09\\\/u13-etoile-sportive-montoise-football\\\/#primaryimage\"},\"thumbnailUrl\":\"https:\\\/\\\/www.etoilesportivemontoise.fr\\\/content\\\/uploads\\\/sites\\\/2\\\/2014\\\/09\\\/U13-2B2014-2B-C3-A0-2Bl-entrainement.jpg\",\"articleSection\":[\"Archives\"],\"inLanguage\":\"fr-FR\"},{\"@type\":\"WebPage\",\"@id\":\"https:\\\/\\\/www.etoilesportivemontoise.fr\\\/football\\\/2014\\\/09\\\/u13-etoile-sportive-montoise-football\\\/\",\"url\":\"https:\\\/\\\/www.etoilesportivemontoise.fr\\\/football\\\/2014\\\/09\\\/u13-etoile-sportive-montoise-football\\\/\",\"name\":\"U13 Etoile Sportive Montoise Football. - ESM Foot\",\"isPartOf\":{\"@id\":\"https:\\\/\\\/www.etoilesportivemontoise.fr\\\/football\\\/#website\"},\"primaryImageOfPage\":{\"@id\":\"https:\\\/\\\/www.etoilesportivemontoise.fr\\\/football\\\/2014\\\/09\\\/u13-etoile-sportive-montoise-football\\\/#primaryimage\"},\"image\":{\"@id\":\"https:\\\/\\\/www.etoilesportivemontoise.fr\\\/football\\\/2014\\\/09\\\/u13-etoile-sportive-montoise-football\\\/#primaryimage\"},\"thumbnailUrl\":\"https:\\\/\\\/www.etoilesportivemontoise.fr\\\/content\\\/uploads\\\/sites\\\/2\\\/2014\\\/09\\\/U13-2B2014-2B-C3-A0-2Bl-entrainement.jpg\",\"datePublished\":\"2014-09-28T17:24:00+00:00\",\"dateModified\":\"2024-03-24T17:13:41+00:00\",\"author\":{\"@id\":\"\"},\"breadcrumb\":{\"@id\":\"https:\\\/\\\/www.etoilesportivemontoise.fr\\\/football\\\/2014\\\/09\\\/u13-etoile-sportive-montoise-football\\\/#breadcrumb\"},\"inLanguage\":\"fr-FR\",\"potentialAction\":[{\"@type\":\"ReadAction\",\"target\":[\"https:\\\/\\\/www.etoilesportivemontoise.fr\\\/football\\\/2014\\\/09\\\/u13-etoile-sportive-montoise-football\\\/\"]}]},{\"@type\":\"ImageObject\",\"inLanguage\":\"fr-FR\",\"@id\":\"https:\\\/\\\/www.etoilesportivemontoise.fr\\\/football\\\/2014\\\/09\\\/u13-etoile-sportive-montoise-football\\\/#primaryimage\",\"url\":\"https:\\\/\\\/www.etoilesportivemontoise.fr\\\/content\\\/uploads\\\/sites\\\/2\\\/2014\\\/09\\\/U13-2B2014-2B-C3-A0-2Bl-entrainement.jpg\",\"contentUrl\":\"https:\\\/\\\/www.etoilesportivemontoise.fr\\\/content\\\/uploads\\\/sites\\\/2\\\/2014\\\/09\\\/U13-2B2014-2B-C3-A0-2Bl-entrainement.jpg\",\"width\":1024,\"height\":768},{\"@type\":\"BreadcrumbList\",\"@id\":\"https:\\\/\\\/www.etoilesportivemontoise.fr\\\/football\\\/2014\\\/09\\\/u13-etoile-sportive-montoise-football\\\/#breadcrumb\",\"itemListElement\":[{\"@type\":\"ListItem\",\"position\":1,\"name\":\"Accueil\",\"item\":\"https:\\\/\\\/www.etoilesportivemontoise.fr\\\/football\\\/\"},{\"@type\":\"ListItem\",\"position\":2,\"name\":\"U13 Etoile Sportive Montoise Football.\"}]},{\"@type\":\"WebSite\",\"@id\":\"https:\\\/\\\/www.etoilesportivemontoise.fr\\\/football\\\/#website\",\"url\":\"https:\\\/\\\/www.etoilesportivemontoise.fr\\\/football\\\/\",\"name\":\"ESM Foot\",\"description\":\"Club Football Mont de Marsan\",\"potentialAction\":[{\"@type\":\"SearchAction\",\"target\":{\"@type\":\"EntryPoint\",\"urlTemplate\":\"https:\\\/\\\/www.etoilesportivemontoise.fr\\\/football\\\/?s={search_term_string}\"},\"query-input\":{\"@type\":\"PropertyValueSpecification\",\"valueRequired\":true,\"valueName\":\"search_term_string\"}}],\"inLanguage\":\"fr-FR\"},{\"@type\":\"Person\",\"@id\":\"\",\"url\":\"https:\\\/\\\/www.etoilesportivemontoise.fr\\\/football\\\/aka\\\/\"}]}<\/script>\n<!-- \/ Yoast SEO plugin. -->","yoast_head_json":{"title":"U13 Etoile Sportive Montoise Football. - ESM Foot","robots":{"index":"index","follow":"follow","max-snippet":"max-snippet:-1","max-image-preview":"max-image-preview:large","max-video-preview":"max-video-preview:-1"},"canonical":"https:\/\/www.etoilesportivemontoise.fr\/football\/2014\/09\/u13-etoile-sportive-montoise-football\/","og_locale":"fr_FR","og_type":"article","og_title":"U13 Etoile Sportive Montoise Football. - ESM Foot","og_description":"Photo de la cat\u00e9gorie U13 dont l&rsquo;\u00e9ducateur r\u00e9f\u00e9rent est Samir Hafidi. Une photo de groupe :&nbsp;","og_url":"https:\/\/www.etoilesportivemontoise.fr\/football\/2014\/09\/u13-etoile-sportive-montoise-football\/","og_site_name":"ESM Foot","article_published_time":"2014-09-28T17:24:00+00:00","article_modified_time":"2024-03-24T17:13:41+00:00","og_image":[{"width":1024,"height":768,"url":"https:\/\/www.etoilesportivemontoise.fr\/content\/uploads\/sites\/2\/2014\/09\/U13-2B2014-2B-C3-A0-2Bl-entrainement.jpg","type":"image\/jpeg"}],"twitter_misc":{"\u00c9crit par":""},"schema":{"@context":"https:\/\/schema.org","@graph":[{"@type":"Article","@id":"https:\/\/www.etoilesportivemontoise.fr\/football\/2014\/09\/u13-etoile-sportive-montoise-football\/#article","isPartOf":{"@id":"https:\/\/www.etoilesportivemontoise.fr\/football\/2014\/09\/u13-etoile-sportive-montoise-football\/"},"author":{"name":"","@id":""},"headline":"U13 Etoile Sportive Montoise Football.","datePublished":"2014-09-28T17:24:00+00:00","dateModified":"2024-03-24T17:13:41+00:00","mainEntityOfPage":{"@id":"https:\/\/www.etoilesportivemontoise.fr\/football\/2014\/09\/u13-etoile-sportive-montoise-football\/"},"wordCount":25,"image":{"@id":"https:\/\/www.etoilesportivemontoise.fr\/football\/2014\/09\/u13-etoile-sportive-montoise-football\/#primaryimage"},"thumbnailUrl":"https:\/\/www.etoilesportivemontoise.fr\/content\/uploads\/sites\/2\/2014\/09\/U13-2B2014-2B-C3-A0-2Bl-entrainement.jpg","articleSection":["Archives"],"inLanguage":"fr-FR"},{"@type":"WebPage","@id":"https:\/\/www.etoilesportivemontoise.fr\/football\/2014\/09\/u13-etoile-sportive-montoise-football\/","url":"https:\/\/www.etoilesportivemontoise.fr\/football\/2014\/09\/u13-etoile-sportive-montoise-football\/","name":"U13 Etoile Sportive Montoise Football. - ESM Foot","isPartOf":{"@id":"https:\/\/www.etoilesportivemontoise.fr\/football\/#website"},"primaryImageOfPage":{"@id":"https:\/\/www.etoilesportivemontoise.fr\/football\/2014\/09\/u13-etoile-sportive-montoise-football\/#primaryimage"},"image":{"@id":"https:\/\/www.etoilesportivemontoise.fr\/football\/2014\/09\/u13-etoile-sportive-montoise-football\/#primaryimage"},"thumbnailUrl":"https:\/\/www.etoilesportivemontoise.fr\/content\/uploads\/sites\/2\/2014\/09\/U13-2B2014-2B-C3-A0-2Bl-entrainement.jpg","datePublished":"2014-09-28T17:24:00+00:00","dateModified":"2024-03-24T17:13:41+00:00","author":{"@id":""},"breadcrumb":{"@id":"https:\/\/www.etoilesportivemontoise.fr\/football\/2014\/09\/u13-etoile-sportive-montoise-football\/#breadcrumb"},"inLanguage":"fr-FR","potentialAction":[{"@type":"ReadAction","target":["https:\/\/www.etoilesportivemontoise.fr\/football\/2014\/09\/u13-etoile-sportive-montoise-football\/"]}]},{"@type":"ImageObject","inLanguage":"fr-FR","@id":"https:\/\/www.etoilesportivemontoise.fr\/football\/2014\/09\/u13-etoile-sportive-montoise-football\/#primaryimage","url":"https:\/\/www.etoilesportivemontoise.fr\/content\/uploads\/sites\/2\/2014\/09\/U13-2B2014-2B-C3-A0-2Bl-entrainement.jpg","contentUrl":"https:\/\/www.etoilesportivemontoise.fr\/content\/uploads\/sites\/2\/2014\/09\/U13-2B2014-2B-C3-A0-2Bl-entrainement.jpg","width":1024,"height":768},{"@type":"BreadcrumbList","@id":"https:\/\/www.etoilesportivemontoise.fr\/football\/2014\/09\/u13-etoile-sportive-montoise-football\/#breadcrumb","itemListElement":[{"@type":"ListItem","position":1,"name":"Accueil","item":"https:\/\/www.etoilesportivemontoise.fr\/football\/"},{"@type":"ListItem","position":2,"name":"U13 Etoile Sportive Montoise Football."}]},{"@type":"WebSite","@id":"https:\/\/www.etoilesportivemontoise.fr\/football\/#website","url":"https:\/\/www.etoilesportivemontoise.fr\/football\/","name":"ESM Foot","description":"Club Football Mont de Marsan","potentialAction":[{"@type":"SearchAction","target":{"@type":"EntryPoint","urlTemplate":"https:\/\/www.etoilesportivemontoise.fr\/football\/?s={search_term_string}"},"query-input":{"@type":"PropertyValueSpecification","valueRequired":true,"valueName":"search_term_string"}}],"inLanguage":"fr-FR"},{"@type":"Person","@id":"","url":"https:\/\/www.etoilesportivemontoise.fr\/football\/aka\/"}]}},"_links":{"self":[{"href":"https:\/\/www.etoilesportivemontoise.fr\/football\/wp-json\/wp\/v2\/posts\/3422","targetHints":{"allow":["GET"]}}],"collection":[{"href":"https:\/\/www.etoilesportivemontoise.fr\/football\/wp-json\/wp\/v2\/posts"}],"about":[{"href":"https:\/\/www.etoilesportivemontoise.fr\/football\/wp-json\/wp\/v2\/types\/post"}],"author":[{"embeddable":true,"href":"https:\/\/www.etoilesportivemontoise.fr\/football\/wp-json\/wp\/v2\/users\/2"}],"replies":[{"embeddable":true,"href":"https:\/\/www.etoilesportivemontoise.fr\/football\/wp-json\/wp\/v2\/comments?post=3422"}],"version-history":[{"count":1,"href":"https:\/\/www.etoilesportivemontoise.fr\/football\/wp-json\/wp\/v2\/posts\/3422\/revisions"}],"predecessor-version":[{"id":4157,"href":"https:\/\/www.etoilesportivemontoise.fr\/football\/wp-json\/wp\/v2\/posts\/3422\/revisions\/4157"}],"wp:featuredmedia":[{"embeddable":true,"href":"https:\/\/www.etoilesportivemontoise.fr\/football\/wp-json\/wp\/v2\/media\/3735"}],"wp:attachment":[{"href":"https:\/\/www.etoilesportivemontoise.fr\/football\/wp-json\/wp\/v2\/media?parent=3422"}],"wp:term":[{"taxonomy":"category","embeddable":true,"href":"https:\/\/www.etoilesportivemontoise.fr\/football\/wp-json\/wp\/v2\/categories?post=3422"},{"taxonomy":"post_tag","embeddable":true,"href":"https:\/\/www.etoilesportivemontoise.fr\/football\/wp-json\/wp\/v2\/tags?post=3422"}],"curies":[{"name":"wp","href":"https:\/\/api.w.org\/{rel}","templated":true}]}}