{"id":3425,"date":"2014-09-27T12:06:00","date_gmt":"2014-09-27T11:06:00","guid":{"rendered":"http:\/\/www.etoilesportivemontoise.fr\/football\/week-end-du-27-septembre-au-28-septembre-etoile-sportive-montoise-football\/"},"modified":"2024-03-24T18:13:41","modified_gmt":"2024-03-24T17:13:41","slug":"week-end-du-27-septembre-au-28","status":"publish","type":"post","link":"https:\/\/www.etoilesportivemontoise.fr\/football\/2014\/09\/week-end-du-27-septembre-au-28\/","title":{"rendered":"Week-end du 27 Septembre au 28 Septembre Etoile Sportive Montoise Football:"},"content":{"rendered":"<p><span style=\"color: #444444;font-size: large\"><u>Agenda du week-end :&nbsp;<\/u><\/span><\/p>\n<p><span style=\"color: #666666\"><b><u>Match amical<\/u> : &nbsp;L&rsquo;\u00e9quipe premi\u00e8re en repos ce week-end s&rsquo;est impos\u00e9 5 \u00e0 0 face \u00e0 l&rsquo;\u00e9quipe de Morcenx vendredi soir au complexe Jacques Foix.<\/b><\/span><br \/><span style=\"color: #666666\"><b><br \/><\/b><\/span><span style=\"color: #666666\"><b>A noter la rentr\u00e9e en comp\u00e9tition de l&rsquo;\u00e9quipe du P\u00f4le F\u00e9minin Montois.<\/b><\/span><br \/><span style=\"color: #666666\"><b><br \/><\/b><\/span><span style=\"color: #666666\"><b>Pour la coupe des r\u00e9serves:<\/b><\/span><br \/><span style=\"color: #666666\"><b><br \/><\/b><\/span><span style=\"color: #666666\"><b>Le mot du Coach de l&rsquo;\u00e9quipe &nbsp;Damien Dorizon:<\/b><\/span><br \/><span style=\"color: #666666\"><b><br \/><\/b><\/span><span style=\"color: #666666\"><b>\u00a0\u00bb&nbsp;<span style=\"background-color: white;font-family: Helvetica, Arial, 'lucida grande', tahoma, verdana, arial, sans-serif;font-size: 14px;line-height: 1.38\">Ce weekend, la r\u00e9serve se d\u00e9place \u00e0 escource pour le compte de la coupe des r\u00e9serves avec une grosse pression sur les \u00e9paules&#8230;.<\/span><\/b><\/span><\/p>\n<div style=\"background-color: white;overflow: hidden\">\n<div><b><span style=\"color: #666666;font-family: Helvetica, Arial, 'lucida grande', tahoma, verdana, arial, sans-serif;font-size: 14px;line-height: 1.38\">Ces derni\u00e8res saisons, les seniors, les 18 et les 15 ont gagn\u00e9s la coupe des landes donc logiquement cette saison c&rsquo;est au tour de la r\u00e9serve senior de la gagner.<\/span><br \/><span style=\"color: #666666;font-family: Helvetica, Arial, 'lucida grande', tahoma, verdana, arial, sans-serif;font-size: 14px;line-height: 1.38\">Venez nombreux \u00e0 Escource pour les encourager.<\/span><br \/><span style=\"color: #3d85c6\"><span style=\"font-family: Helvetica, Arial, lucida grande, tahoma, verdana, arial, sans-serif\"><span style=\"line-height: 1.38\">D\u00e9part du club \u00e0 13h pour les&nbsp;<\/span><span style=\"line-height: 22.0799999237061px\">supporter<\/span><span style=\"line-height: 1.38\">\u00a0\u00bb&nbsp;<\/span><\/span><\/span><\/b><\/div>\n<\/div>\n<div style=\"background-color: white;font-family: Helvetica, Arial, 'lucida grande', tahoma, verdana, arial, sans-serif;font-size: 12px;line-height: 12.2880001068115px\"><\/div>\n<div style=\"background-color: white;font-family: Helvetica, Arial, 'lucida grande', tahoma, verdana, arial, sans-serif;font-size: 12px;line-height: 12.2880001068115px\">\n<div style=\"margin-top: 10px\"><span style=\"color: #666666\"><b><span><\/span><\/b><\/span><\/div>\n<\/div>\n<p><span style=\"color: #666666\"><b><br \/><\/b><\/span><span style=\"color: #666666\"><b>A venir dans un prochain article, un reportage photo de la victoire de l&rsquo;\u00e9quipe fanion face \u00e0 Arcachon.<\/b><\/span><br \/><span style=\"color: #666666\"><b><br \/><\/b><\/span><span style=\"color: #666666\"><b>Nous souhaitons un bon match \u00e0 l\u2019ensemble des stellistes.<\/b><\/span><\/p>\n<div style=\"background-color: white;border: 0px;font-family: Arial;font-size: 13px;margin: 0px;padding: 0px;width: 430px\">\n<div>\n<div style=\"border: 0px;margin: 0px;padding: 0px\"><span style=\"float: left;font-size: 12px;font-weight: bold;padding: 0px 0px 4px;width: 379.796875px\"><span style=\"color: blue\">NIVEAU R\u00c9GIONAL :<br \/>LIGUE D AQUITAINE<\/span><\/span><\/div>\n<div style=\"border: 0px;clear: both;font-size: 1px;height: 1px;margin: 0px;overflow: hidden;padding: 0px\"><\/div>\n<\/div>\n<div style=\"border: 0px;font-size: 1px;margin: 0px;overflow: hidden;padding: 0px\"><\/div>\n<div style=\"border: 0px;font-size: 1px;margin: 0px;overflow: hidden;padding: 0px\"><\/div>\n<div style=\"background-color: white;border: 0px;font-family: Arial;font-size: 13px;margin: 0px;padding: 0px;width: 430px\"><span style=\"color: red\"><br \/><\/span><\/div>\n<p><span style=\"color: red\">U19 PROMOTION HONNEUR&nbsp;POULE B<\/span><\/p>\n<div style=\"border: 0px;margin: 0px;padding: 0px;width: 430px\">\n<div><span>Samedi 27 septembre 2014 &#8211; 15H30<\/span><\/p>\n<div style=\"border: 0px;font-size: 1px;margin: 0px;overflow: hidden;padding: 0px\">&nbsp;&nbsp;<\/div>\n<div style=\"border: 0px;font-size: 1px;margin: 0px;overflow: hidden;padding: 0px\">&nbsp;&nbsp;&nbsp;<\/div>\n<div style=\"border: 0px;font-size: 1px;margin: 0px;overflow: hidden;padding: 0px\">&nbsp;&nbsp;<\/div>\n<table border=\"0\" cellpadding=\"0\" cellspacing=\"0\" style=\"width: 397px\" summary=\"head_match\">\n<tbody>\n<tr>\n<td style=\"padding-top: 3px;text-align: center;vertical-align: top;width: 40px\"><\/td>\n<td style=\"font-size: 12px;vertical-align: top;width: 120px\"><strong style=\"font-size: 13px\"><a href=\"http:\/\/landes.fff.fr\/competitions\/php\/club\/club_fiche.php?cl_no=4910\" style=\"border: 0px;color: black;text-decoration: none\">Montoise E.S.<\/a><\/strong><\/td>\n<td style=\"text-align: center;vertical-align: top;width: 79px\"><\/td>\n<td style=\"font-size: 12px;text-align: right;vertical-align: top;width: 119px\"><strong style=\"font-size: 13px\"><a href=\"http:\/\/landes.fff.fr\/competitions\/php\/club\/club_fiche.php?cl_no=2604\" style=\"border: 0px;color: black;text-decoration: none\">Libourne F.C.<\/a><\/strong><\/td>\n<td style=\"padding-top: 3px;text-align: center;vertical-align: top;width: 39px\"><\/td>\n<\/tr>\n<\/tbody>\n<\/table>\n<div style=\"border: 0px;font-size: 11px;margin: 0px;padding: 0px;text-align: right\">+&nbsp;<a href=\"https:\/\/www.blogger.com\/null\" style=\"border: 0px;color: #070c1c;font-weight: bold;text-decoration: underline\">D&rsquo;INFOS<\/a><\/div>\n<\/div>\n<\/div>\n<div style=\"border: 0px;font-size: 1px;margin: 0px;overflow: hidden;padding: 0px\"><\/div>\n<div style=\"border: 0px;font-size: 1px;margin: 0px;overflow: hidden;padding: 0px\"><\/div>\n<div style=\"background-color: white;border: 0px;font-family: Arial;font-size: 13px;margin: 0px;padding: 0px;width: 430px\"><\/div>\n<p><span style=\"color: red\">FEMININES P.H.&nbsp;POULE A<\/span><\/p>\n<div style=\"border: 0px;margin: 0px;padding: 0px;width: 430px\">\n<div><span>Dimanche 28 septembre 2014 &#8211; 15H30<\/span><\/p>\n<div style=\"border: 0px;font-size: 1px;margin: 0px;overflow: hidden;padding: 0px\">&nbsp;&nbsp;<\/div>\n<div style=\"border: 0px;font-size: 1px;margin: 0px;overflow: hidden;padding: 0px\">&nbsp;&nbsp;&nbsp;<\/div>\n<div style=\"border: 0px;font-size: 1px;margin: 0px;overflow: hidden;padding: 0px\">&nbsp;&nbsp;<\/div>\n<table border=\"0\" cellpadding=\"0\" cellspacing=\"0\" style=\"width: 397px\" summary=\"head_match\">\n<tbody>\n<tr>\n<td style=\"padding-top: 3px;text-align: center;vertical-align: top;width: 40px\"><\/td>\n<td style=\"font-size: 12px;vertical-align: top;width: 120px\"><strong style=\"font-size: 13px\"><a href=\"http:\/\/landes.fff.fr\/competitions\/php\/club\/club_fiche.php?cl_no=4910\" style=\"border: 0px;color: black;text-decoration: none\">Es Montoise Ent.<\/a><\/strong><\/td>\n<td style=\"text-align: center;vertical-align: top;width: 79px\"><\/td>\n<td style=\"font-size: 12px;text-align: right;vertical-align: top;width: 119px\"><strong style=\"font-size: 13px\"><a href=\"http:\/\/landes.fff.fr\/competitions\/php\/club\/club_fiche.php?cl_no=176849\" style=\"border: 0px;color: black;text-decoration: none\">Bassin Arcachon Fc<\/a><\/strong><\/td>\n<td style=\"padding-top: 3px;text-align: center;vertical-align: top;width: 39px\"><\/td>\n<\/tr>\n<\/tbody>\n<\/table>\n<div style=\"border: 0px;font-size: 11px;margin: 0px;padding: 0px;text-align: right\">+&nbsp;<a href=\"https:\/\/www.blogger.com\/null\" style=\"border: 0px;color: #070c1c;font-weight: bold;text-decoration: underline\">D&rsquo;INFOS<\/a><\/div>\n<\/div>\n<\/div>\n<\/div>\n<div style=\"background-color: white;border: 0px;font-family: Arial;font-size: 13px;margin: 0px;padding: 0px;width: 430px\">\n<div>\n<div><\/div>\n<div style=\"border: 0px;margin: 0px;padding: 0px\"><span style=\"float: left;font-size: 12px;font-weight: bold;padding: 0px 0px 4px;width: 379.796875px\"><span style=\"color: blue\">NIVEAU D\u00c9PARTEMENTAL :<br \/>DISTRICT LANDES<\/span><\/span><\/div>\n<div style=\"border: 0px;clear: both;font-size: 1px;height: 1px;margin: 0px;overflow: hidden;padding: 0px\"><\/div>\n<\/div>\n<div style=\"border: 0px;font-size: 1px;margin: 0px;overflow: hidden;padding: 0px\"><\/div>\n<div style=\"border: 0px;font-size: 1px;margin: 0px;overflow: hidden;padding: 0px\"><\/div>\n<div style=\"background-color: white;border: 0px;font-family: Arial;font-size: 13px;margin: 0px;padding: 0px;width: 430px\"><\/div>\n<p><span style=\"color: red\">U18 DISTRICT EXCELLENCE&nbsp;POULE UNIQUE<\/span><\/p>\n<div style=\"border: 0px;margin: 0px;padding: 0px;width: 430px\">\n<div><span>Samedi 27 septembre 2014 &#8211; 15H30<\/span><\/p>\n<div style=\"border: 0px;font-size: 1px;margin: 0px;overflow: hidden;padding: 0px\">&nbsp;&nbsp;<\/div>\n<div style=\"border: 0px;font-size: 1px;margin: 0px;overflow: hidden;padding: 0px\">&nbsp;&nbsp;&nbsp;<\/div>\n<div style=\"border: 0px;font-size: 1px;margin: 0px;overflow: hidden;padding: 0px\">&nbsp;&nbsp;<\/div>\n<table border=\"0\" cellpadding=\"0\" cellspacing=\"0\" style=\"width: 397px\" summary=\"head_match\">\n<tbody>\n<tr>\n<td style=\"padding-top: 3px;text-align: center;vertical-align: top;width: 40px\"><\/td>\n<td style=\"font-size: 12px;vertical-align: top;width: 120px\"><strong style=\"font-size: 13px\"><a href=\"http:\/\/landes.fff.fr\/competitions\/php\/club\/club_fiche.php?cl_no=4910\" style=\"border: 0px;color: black;text-decoration: none\">Montoise E.S.<\/a><\/strong><\/td>\n<td style=\"text-align: center;vertical-align: top;width: 79px\"><\/td>\n<td style=\"font-size: 12px;text-align: right;vertical-align: top;width: 119px\"><strong style=\"font-size: 13px\"><a href=\"http:\/\/landes.fff.fr\/competitions\/php\/club\/club_fiche.php?cl_no=2631\" style=\"border: 0px;color: black;text-decoration: none\">Pontonx A.S.\/e<\/a><\/strong><\/td>\n<td style=\"padding-top: 3px;text-align: center;vertical-align: top;width: 39px\"><\/td>\n<\/tr>\n<\/tbody>\n<\/table>\n<div style=\"border: 0px;font-size: 11px;margin: 0px;padding: 0px;text-align: right\">+&nbsp;<a href=\"https:\/\/www.blogger.com\/null\" style=\"border: 0px;color: #070c1c;font-weight: bold;text-decoration: underline\">D&rsquo;INFOS<\/a><\/div>\n<\/div>\n<\/div>\n<div style=\"border: 0px;font-size: 1px;margin: 0px;overflow: hidden;padding: 0px\"><\/div>\n<div style=\"border: 0px;font-size: 1px;margin: 0px;overflow: hidden;padding: 0px\"><\/div>\n<div style=\"background-color: white;border: 0px;font-family: Arial;font-size: 13px;margin: 0px;padding: 0px;width: 430px\"><\/div>\n<p><span style=\"color: red\">U15 DISTRICT EXCELLENCE&nbsp;POULE UNIQUE<\/span><\/p>\n<div style=\"border: 0px;margin: 0px;padding: 0px;width: 430px\">\n<div><span>Samedi 27 septembre 2014 &#8211; 15H30<\/span><\/p>\n<div style=\"border: 0px;font-size: 1px;margin: 0px;overflow: hidden;padding: 0px\">&nbsp;&nbsp;<\/div>\n<div style=\"border: 0px;font-size: 1px;margin: 0px;overflow: hidden;padding: 0px\">&nbsp;&nbsp;&nbsp;<\/div>\n<div style=\"border: 0px;font-size: 1px;margin: 0px;overflow: hidden;padding: 0px\">&nbsp;&nbsp;<\/div>\n<table border=\"0\" cellpadding=\"0\" cellspacing=\"0\" style=\"width: 397px\" summary=\"head_match\">\n<tbody>\n<tr>\n<td style=\"padding-top: 3px;text-align: center;vertical-align: top;width: 40px\"><\/td>\n<td style=\"font-size: 12px;vertical-align: top;width: 120px\"><strong style=\"font-size: 13px\"><a href=\"http:\/\/landes.fff.fr\/competitions\/php\/club\/club_fiche.php?cl_no=24105\" style=\"border: 0px;color: black;text-decoration: none\">Born F.C.\/e<\/a><\/strong><\/td>\n<td style=\"text-align: center;vertical-align: top;width: 79px\"><\/td>\n<td style=\"font-size: 12px;text-align: right;vertical-align: top;width: 119px\"><strong style=\"font-size: 13px\"><a href=\"http:\/\/landes.fff.fr\/competitions\/php\/club\/club_fiche.php?cl_no=4910\" style=\"border: 0px;color: black;text-decoration: none\">Montoise E.S.<\/a><\/strong><\/td>\n<td style=\"padding-top: 3px;text-align: center;vertical-align: top;width: 39px\"><\/td>\n<\/tr>\n<\/tbody>\n<\/table>\n<div style=\"border: 0px;font-size: 11px;margin: 0px;padding: 0px;text-align: right\">+&nbsp;<a href=\"https:\/\/www.blogger.com\/null\" style=\"border: 0px;color: #070c1c;font-weight: bold;text-decoration: underline\">D&rsquo;INFOS<\/a><\/div>\n<\/div>\n<\/div>\n<div style=\"border: 0px;font-size: 1px;margin: 0px;overflow: hidden;padding: 0px\"><\/div>\n<div style=\"border: 0px;font-size: 1px;margin: 0px;overflow: hidden;padding: 0px\"><\/div>\n<div style=\"background-color: white;border: 0px;font-family: Arial;font-size: 13px;margin: 0px;padding: 0px;width: 430px\"><\/div>\n<p><span style=\"color: red\">COUPE DES RESERVES&nbsp;Poule unique<\/span><\/p>\n<div style=\"border: 0px;margin: 0px;padding: 0px;width: 430px\">\n<div><span>Dimanche 28 septembre 2014 &#8211; 15H00<\/span><\/p>\n<div style=\"border: 0px;font-size: 1px;margin: 0px;overflow: hidden;padding: 0px\">&nbsp;&nbsp;<\/div>\n<div style=\"border: 0px;font-size: 1px;margin: 0px;overflow: hidden;padding: 0px\">&nbsp;&nbsp;&nbsp;<\/div>\n<div style=\"border: 0px;font-size: 1px;margin: 0px;overflow: hidden;padding: 0px\">&nbsp;&nbsp;<\/div>\n<table border=\"0\" cellpadding=\"0\" cellspacing=\"0\" style=\"width: 397px\" summary=\"head_match\">\n<tbody>\n<tr>\n<td style=\"padding-top: 3px;text-align: center;vertical-align: top;width: 40px\"><\/td>\n<td style=\"font-size: 12px;vertical-align: top;width: 120px\"><strong style=\"font-size: 13px\"><a href=\"http:\/\/landes.fff.fr\/competitions\/php\/club\/club_fiche.php?cl_no=10152\" style=\"border: 0px;color: black;text-decoration: none\">Escource F.C<\/a>&nbsp;2<\/strong><\/td>\n<td style=\"text-align: center;vertical-align: top;width: 79px\"><\/td>\n<td style=\"font-size: 12px;text-align: right;vertical-align: top;width: 119px\"><strong style=\"font-size: 13px\"><a href=\"http:\/\/landes.fff.fr\/competitions\/php\/club\/club_fiche.php?cl_no=4910\" style=\"border: 0px;color: black;text-decoration: none\">Montoise E.S.<\/a>&nbsp;2<\/strong><\/td>\n<td style=\"padding-top: 3px;text-align: center;vertical-align: top;width: 39px\"><\/td>\n<\/tr>\n<\/tbody>\n<\/table>\n<div style=\"border: 0px;font-size: 11px;margin: 0px;padding: 0px;text-align: right\">+&nbsp;<a href=\"https:\/\/www.blogger.com\/null\" style=\"border: 0px;color: #070c1c;font-weight: bold;text-decoration: underline\">D&rsquo;INFOS<\/a><\/div>\n<\/div>\n<\/div>\n<\/div>\n","protected":false},"excerpt":{"rendered":"<p>Agenda du week-end :&nbsp; Match amical : &nbsp;L&rsquo;\u00e9quipe premi\u00e8re en repos ce week-end s&rsquo;est impos\u00e9 5 \u00e0 0 face \u00e0 l&rsquo;\u00e9quipe de Morcenx vendredi soir au complexe Jacques Foix.A noter la rentr\u00e9e en comp\u00e9tition de l&rsquo;\u00e9quipe du P\u00f4le F\u00e9minin Montois.Pour la coupe des r\u00e9serves:Le mot&#8230;<\/p>\n","protected":false},"author":2,"featured_media":0,"comment_status":"closed","ping_status":"closed","sticky":false,"template":"","format":"standard","meta":{"footnotes":""},"categories":[28],"tags":[],"class_list":["post-3425","post","type-post","status-publish","format-standard","hentry","category-old"],"yoast_head":"<!-- This site is optimized with the Yoast SEO plugin v27.3 - https:\/\/yoast.com\/product\/yoast-seo-wordpress\/ -->\n<title>Week-end du 27 Septembre au 28 Septembre Etoile Sportive Montoise Football: - ESM Foot<\/title>\n<meta name=\"robots\" content=\"index, follow, max-snippet:-1, max-image-preview:large, max-video-preview:-1\" \/>\n<link rel=\"canonical\" href=\"https:\/\/www.etoilesportivemontoise.fr\/football\/2014\/09\/week-end-du-27-septembre-au-28\/\" \/>\n<meta property=\"og:locale\" content=\"fr_FR\" \/>\n<meta property=\"og:type\" content=\"article\" \/>\n<meta property=\"og:title\" content=\"Week-end du 27 Septembre au 28 Septembre Etoile Sportive Montoise Football: - ESM Foot\" \/>\n<meta property=\"og:description\" content=\"Agenda du week-end :&nbsp; Match amical : &nbsp;L&rsquo;\u00e9quipe premi\u00e8re en repos ce week-end s&rsquo;est impos\u00e9 5 \u00e0 0 face \u00e0 l&rsquo;\u00e9quipe de Morcenx vendredi soir au complexe Jacques Foix.A noter la rentr\u00e9e en comp\u00e9tition de l&rsquo;\u00e9quipe du P\u00f4le F\u00e9minin Montois.Pour la coupe des r\u00e9serves:Le mot...\" \/>\n<meta property=\"og:url\" content=\"https:\/\/www.etoilesportivemontoise.fr\/football\/2014\/09\/week-end-du-27-septembre-au-28\/\" \/>\n<meta property=\"og:site_name\" content=\"ESM Foot\" \/>\n<meta property=\"article:published_time\" content=\"2014-09-27T11:06:00+00:00\" \/>\n<meta property=\"article:modified_time\" content=\"2024-03-24T17:13:41+00:00\" \/>\n<meta name=\"twitter:label1\" content=\"\u00c9crit par\" \/>\n\t<meta name=\"twitter:data1\" content=\"\" \/>\n\t<meta name=\"twitter:label2\" content=\"Dur\u00e9e de lecture estim\u00e9e\" \/>\n\t<meta name=\"twitter:data2\" content=\"1 minute\" \/>\n<script type=\"application\/ld+json\" class=\"yoast-schema-graph\">{\"@context\":\"https:\\\/\\\/schema.org\",\"@graph\":[{\"@type\":\"Article\",\"@id\":\"https:\\\/\\\/www.etoilesportivemontoise.fr\\\/football\\\/2014\\\/09\\\/week-end-du-27-septembre-au-28\\\/#article\",\"isPartOf\":{\"@id\":\"https:\\\/\\\/www.etoilesportivemontoise.fr\\\/football\\\/2014\\\/09\\\/week-end-du-27-septembre-au-28\\\/\"},\"author\":{\"name\":\"\",\"@id\":\"\"},\"headline\":\"Week-end du 27 Septembre au 28 Septembre Etoile Sportive Montoise Football:\",\"datePublished\":\"2014-09-27T11:06:00+00:00\",\"dateModified\":\"2024-03-24T17:13:41+00:00\",\"mainEntityOfPage\":{\"@id\":\"https:\\\/\\\/www.etoilesportivemontoise.fr\\\/football\\\/2014\\\/09\\\/week-end-du-27-septembre-au-28\\\/\"},\"wordCount\":317,\"articleSection\":[\"Archives\"],\"inLanguage\":\"fr-FR\"},{\"@type\":\"WebPage\",\"@id\":\"https:\\\/\\\/www.etoilesportivemontoise.fr\\\/football\\\/2014\\\/09\\\/week-end-du-27-septembre-au-28\\\/\",\"url\":\"https:\\\/\\\/www.etoilesportivemontoise.fr\\\/football\\\/2014\\\/09\\\/week-end-du-27-septembre-au-28\\\/\",\"name\":\"Week-end du 27 Septembre au 28 Septembre Etoile Sportive Montoise Football: - ESM Foot\",\"isPartOf\":{\"@id\":\"https:\\\/\\\/www.etoilesportivemontoise.fr\\\/football\\\/#website\"},\"datePublished\":\"2014-09-27T11:06:00+00:00\",\"dateModified\":\"2024-03-24T17:13:41+00:00\",\"author\":{\"@id\":\"\"},\"breadcrumb\":{\"@id\":\"https:\\\/\\\/www.etoilesportivemontoise.fr\\\/football\\\/2014\\\/09\\\/week-end-du-27-septembre-au-28\\\/#breadcrumb\"},\"inLanguage\":\"fr-FR\",\"potentialAction\":[{\"@type\":\"ReadAction\",\"target\":[\"https:\\\/\\\/www.etoilesportivemontoise.fr\\\/football\\\/2014\\\/09\\\/week-end-du-27-septembre-au-28\\\/\"]}]},{\"@type\":\"BreadcrumbList\",\"@id\":\"https:\\\/\\\/www.etoilesportivemontoise.fr\\\/football\\\/2014\\\/09\\\/week-end-du-27-septembre-au-28\\\/#breadcrumb\",\"itemListElement\":[{\"@type\":\"ListItem\",\"position\":1,\"name\":\"Accueil\",\"item\":\"https:\\\/\\\/www.etoilesportivemontoise.fr\\\/football\\\/\"},{\"@type\":\"ListItem\",\"position\":2,\"name\":\"Week-end du 27 Septembre au 28 Septembre Etoile Sportive Montoise Football:\"}]},{\"@type\":\"WebSite\",\"@id\":\"https:\\\/\\\/www.etoilesportivemontoise.fr\\\/football\\\/#website\",\"url\":\"https:\\\/\\\/www.etoilesportivemontoise.fr\\\/football\\\/\",\"name\":\"ESM Foot\",\"description\":\"Club Football Mont de Marsan\",\"potentialAction\":[{\"@type\":\"SearchAction\",\"target\":{\"@type\":\"EntryPoint\",\"urlTemplate\":\"https:\\\/\\\/www.etoilesportivemontoise.fr\\\/football\\\/?s={search_term_string}\"},\"query-input\":{\"@type\":\"PropertyValueSpecification\",\"valueRequired\":true,\"valueName\":\"search_term_string\"}}],\"inLanguage\":\"fr-FR\"},{\"@type\":\"Person\",\"@id\":\"\",\"url\":\"https:\\\/\\\/www.etoilesportivemontoise.fr\\\/football\\\/aka\\\/\"}]}<\/script>\n<!-- \/ Yoast SEO plugin. -->","yoast_head_json":{"title":"Week-end du 27 Septembre au 28 Septembre Etoile Sportive Montoise Football: - ESM Foot","robots":{"index":"index","follow":"follow","max-snippet":"max-snippet:-1","max-image-preview":"max-image-preview:large","max-video-preview":"max-video-preview:-1"},"canonical":"https:\/\/www.etoilesportivemontoise.fr\/football\/2014\/09\/week-end-du-27-septembre-au-28\/","og_locale":"fr_FR","og_type":"article","og_title":"Week-end du 27 Septembre au 28 Septembre Etoile Sportive Montoise Football: - ESM Foot","og_description":"Agenda du week-end :&nbsp; Match amical : &nbsp;L&rsquo;\u00e9quipe premi\u00e8re en repos ce week-end s&rsquo;est impos\u00e9 5 \u00e0 0 face \u00e0 l&rsquo;\u00e9quipe de Morcenx vendredi soir au complexe Jacques Foix.A noter la rentr\u00e9e en comp\u00e9tition de l&rsquo;\u00e9quipe du P\u00f4le F\u00e9minin Montois.Pour la coupe des r\u00e9serves:Le mot...","og_url":"https:\/\/www.etoilesportivemontoise.fr\/football\/2014\/09\/week-end-du-27-septembre-au-28\/","og_site_name":"ESM Foot","article_published_time":"2014-09-27T11:06:00+00:00","article_modified_time":"2024-03-24T17:13:41+00:00","twitter_misc":{"\u00c9crit par":"","Dur\u00e9e de lecture estim\u00e9e":"1 minute"},"schema":{"@context":"https:\/\/schema.org","@graph":[{"@type":"Article","@id":"https:\/\/www.etoilesportivemontoise.fr\/football\/2014\/09\/week-end-du-27-septembre-au-28\/#article","isPartOf":{"@id":"https:\/\/www.etoilesportivemontoise.fr\/football\/2014\/09\/week-end-du-27-septembre-au-28\/"},"author":{"name":"","@id":""},"headline":"Week-end du 27 Septembre au 28 Septembre Etoile Sportive Montoise Football:","datePublished":"2014-09-27T11:06:00+00:00","dateModified":"2024-03-24T17:13:41+00:00","mainEntityOfPage":{"@id":"https:\/\/www.etoilesportivemontoise.fr\/football\/2014\/09\/week-end-du-27-septembre-au-28\/"},"wordCount":317,"articleSection":["Archives"],"inLanguage":"fr-FR"},{"@type":"WebPage","@id":"https:\/\/www.etoilesportivemontoise.fr\/football\/2014\/09\/week-end-du-27-septembre-au-28\/","url":"https:\/\/www.etoilesportivemontoise.fr\/football\/2014\/09\/week-end-du-27-septembre-au-28\/","name":"Week-end du 27 Septembre au 28 Septembre Etoile Sportive Montoise Football: - ESM Foot","isPartOf":{"@id":"https:\/\/www.etoilesportivemontoise.fr\/football\/#website"},"datePublished":"2014-09-27T11:06:00+00:00","dateModified":"2024-03-24T17:13:41+00:00","author":{"@id":""},"breadcrumb":{"@id":"https:\/\/www.etoilesportivemontoise.fr\/football\/2014\/09\/week-end-du-27-septembre-au-28\/#breadcrumb"},"inLanguage":"fr-FR","potentialAction":[{"@type":"ReadAction","target":["https:\/\/www.etoilesportivemontoise.fr\/football\/2014\/09\/week-end-du-27-septembre-au-28\/"]}]},{"@type":"BreadcrumbList","@id":"https:\/\/www.etoilesportivemontoise.fr\/football\/2014\/09\/week-end-du-27-septembre-au-28\/#breadcrumb","itemListElement":[{"@type":"ListItem","position":1,"name":"Accueil","item":"https:\/\/www.etoilesportivemontoise.fr\/football\/"},{"@type":"ListItem","position":2,"name":"Week-end du 27 Septembre au 28 Septembre Etoile Sportive Montoise Football:"}]},{"@type":"WebSite","@id":"https:\/\/www.etoilesportivemontoise.fr\/football\/#website","url":"https:\/\/www.etoilesportivemontoise.fr\/football\/","name":"ESM Foot","description":"Club Football Mont de Marsan","potentialAction":[{"@type":"SearchAction","target":{"@type":"EntryPoint","urlTemplate":"https:\/\/www.etoilesportivemontoise.fr\/football\/?s={search_term_string}"},"query-input":{"@type":"PropertyValueSpecification","valueRequired":true,"valueName":"search_term_string"}}],"inLanguage":"fr-FR"},{"@type":"Person","@id":"","url":"https:\/\/www.etoilesportivemontoise.fr\/football\/aka\/"}]}},"_links":{"self":[{"href":"https:\/\/www.etoilesportivemontoise.fr\/football\/wp-json\/wp\/v2\/posts\/3425","targetHints":{"allow":["GET"]}}],"collection":[{"href":"https:\/\/www.etoilesportivemontoise.fr\/football\/wp-json\/wp\/v2\/posts"}],"about":[{"href":"https:\/\/www.etoilesportivemontoise.fr\/football\/wp-json\/wp\/v2\/types\/post"}],"author":[{"embeddable":true,"href":"https:\/\/www.etoilesportivemontoise.fr\/football\/wp-json\/wp\/v2\/users\/2"}],"replies":[{"embeddable":true,"href":"https:\/\/www.etoilesportivemontoise.fr\/football\/wp-json\/wp\/v2\/comments?post=3425"}],"version-history":[{"count":1,"href":"https:\/\/www.etoilesportivemontoise.fr\/football\/wp-json\/wp\/v2\/posts\/3425\/revisions"}],"predecessor-version":[{"id":4160,"href":"https:\/\/www.etoilesportivemontoise.fr\/football\/wp-json\/wp\/v2\/posts\/3425\/revisions\/4160"}],"wp:attachment":[{"href":"https:\/\/www.etoilesportivemontoise.fr\/football\/wp-json\/wp\/v2\/media?parent=3425"}],"wp:term":[{"taxonomy":"category","embeddable":true,"href":"https:\/\/www.etoilesportivemontoise.fr\/football\/wp-json\/wp\/v2\/categories?post=3425"},{"taxonomy":"post_tag","embeddable":true,"href":"https:\/\/www.etoilesportivemontoise.fr\/football\/wp-json\/wp\/v2\/tags?post=3425"}],"curies":[{"name":"wp","href":"https:\/\/api.w.org\/{rel}","templated":true}]}}