{"id":3436,"date":"2014-09-12T14:23:00","date_gmt":"2014-09-12T13:23:00","guid":{"rendered":"http:\/\/www.etoilesportivemontoise.fr\/football\/lagenda-du-week-end-etoile-sportive-montoise-football-5\/"},"modified":"2024-03-24T18:13:44","modified_gmt":"2024-03-24T17:13:44","slug":"lagenda-du-week-end-etoile-sportive","status":"publish","type":"post","link":"https:\/\/www.etoilesportivemontoise.fr\/football\/2014\/09\/lagenda-du-week-end-etoile-sportive\/","title":{"rendered":"L&rsquo;agenda du week-end Etoile Sportive Montoise Football."},"content":{"rendered":"<div style=\"background-color: white;border: 0px;margin: 0px 0px 8px 10px;padding: 3px;text-align: justify\">\n<h2 style=\"font-family: Arial;font-size: 22px;margin: 0px\"><\/h2>\n<h3 style=\"font-family: Arial;margin: 20px 0px 0px\"><span style=\"color: #999999;font-size: large;font-weight: normal\"><i><u>Programme du week-end:<\/u><\/i><\/span><\/h3>\n<div style=\"font-family: Arial;font-size: 13px\"><\/div>\n<div style=\"font-family: Arial\"><span style=\"color: #666666\"><br \/><\/span><\/div>\n<div style=\"font-family: Arial\"><span style=\"color: #666666\">&#8211;<u> Samedi 13 Septembre<\/u> aux complexe Jacques Foix se d\u00e9roule la rentr\u00e9e du football&nbsp;<\/span><\/div>\n<div style=\"font-family: Arial\"><span style=\"color: #666666\">( journ\u00e9e d&rsquo;accueil ) pour les U 11 de 9 h \u00e0 17 h . Un \u00e9v\u00e9nement organis\u00e9 par le district des Landes de Football.<\/span><\/div>\n<div style=\"font-family: Arial\"><span style=\"color: #666666\"><br \/><\/span><\/p>\n<div style=\"clear: both;text-align: center\"><a href=\"http:\/\/www.etoilesportivemontoise.fr\/content\/uploads\/sites\/2\/2014\/09\/00549268.jpg\" style=\"margin-left: 1em;margin-right: 1em\"><img loading=\"lazy\" decoding=\"async\" border=\"0\" src=\"http:\/\/www.etoilesportivemontoise.fr\/content\/uploads\/sites\/2\/2014\/09\/00549268.jpg\" height=\"271\" width=\"400\" \/><\/a><\/div>\n<p><span style=\"color: #666666\"><br \/><\/span><span style=\"color: #666666\"><br \/><\/span><\/div>\n<div style=\"font-family: Arial\"><span style=\"color: #666666\">&#8211; Samedi les U 19 se d\u00e9placeront \u00e0 Meillon Assat Narc E pour la Gambardella Cr\u00e9dit agricole.<\/span><\/div>\n<div style=\"font-family: Arial\"><span style=\"color: #666666\"><br \/><\/span><\/div>\n<div><span style=\"color: #666666\"><span style=\"font-family: Arial\">&#8211; Dimanche les&nbsp;seniors&nbsp;1 recevront pour la coupe d&rsquo;aquitaine l&rsquo;\u00e9quipe du F.C Doazit.<\/span><\/span><\/div>\n<div style=\"font-family: Arial\"><\/div>\n<\/div>\n<div style=\"background-color: white;border: 0px;font-family: Arial;font-size: 13px;margin: 0px;padding: 0px\">\n<div style=\"border: 0px;margin: 0px;padding: 8px 15px 15px\">\n<div style=\"border: 0px;margin: 0px 0px 15px;padding: 0px 0px 5px;width: 430px\">\n<div style=\"border: 0px;margin: 0px;padding: 0px;width: 430px\">\n<div style=\"border: 0px;margin: 0px;padding: 0px;width: 430px\">\n<div>\n<div><\/div>\n<div style=\"border: 0px;margin: 0px;padding: 0px\"><span style=\"float: left;font-size: 12px;font-weight: bold;padding: 0px 0px 4px;width: 379.796875px\"><span style=\"color: blue\">NIVEAU R\u00c9GIONAL :<br \/>LIGUE D AQUITAINE<\/span><\/span><\/div>\n<div style=\"border: 0px;clear: both;color: black;font-size: 1px;height: 1px;margin: 0px;overflow: hidden;padding: 0px\"><\/div>\n<\/div>\n<div style=\"border: 0px;color: black;font-size: 1px;margin: 0px;overflow: hidden;padding: 0px\"><\/div>\n<div style=\"border: 0px;color: black;font-size: 1px;margin: 0px;overflow: hidden;padding: 0px\"><\/div>\n<p><span style=\"color: red\"><\/span><\/p>\n<div style=\"border: 0px;margin: 0px;padding: 0px;width: 430px\"><span style=\"color: red\"><span style=\"color: red\"><br \/><\/span><\/span><\/div>\n<p><span style=\"color: red\">GAMBARDELLA CREDIT AGRICOLE&nbsp;B AQUITAINE<\/span><\/p>\n<div style=\"border: 0px;color: black;margin: 0px;padding: 0px;width: 430px\">\n<div><span>Samedi 13 septembre 2014 &#8211; 15H00<\/span><\/p>\n<div style=\"border: 0px;font-size: 1px;margin: 0px;overflow: hidden;padding: 0px\">&nbsp;&nbsp;<\/div>\n<div style=\"border: 0px;font-size: 1px;margin: 0px;overflow: hidden;padding: 0px\">&nbsp;&nbsp;&nbsp;<\/div>\n<div style=\"border: 0px;font-size: 1px;margin: 0px;overflow: hidden;padding: 0px\">&nbsp;&nbsp;<\/div>\n<table border=\"0\" cellpadding=\"0\" cellspacing=\"0\" style=\"width: 397px\" summary=\"head_match\">\n<tbody>\n<tr>\n<td style=\"padding-top: 3px;text-align: center;vertical-align: top;width: 40px\"><\/td>\n<td style=\"font-size: 12px;vertical-align: top;width: 120px\"><strong style=\"font-size: 13px\"><a href=\"http:\/\/landes.fff.fr\/competitions\/php\/club\/club_fiche.php?cl_no=104649\" style=\"border: 0px;color: black;text-decoration: none\">Meillon Assat Narc E<\/a><\/strong><\/td>\n<td style=\"text-align: center;vertical-align: top;width: 79px\"><\/td>\n<td style=\"font-size: 12px;text-align: right;vertical-align: top;width: 119px\"><strong style=\"font-size: 13px\"><a href=\"http:\/\/landes.fff.fr\/competitions\/php\/club\/club_fiche.php?cl_no=4910\" style=\"border: 0px;color: black;text-decoration: none\">Montoise E.S.<\/a><\/strong><\/td>\n<td style=\"padding-top: 3px;text-align: center;vertical-align: top;width: 39px\"><\/td>\n<\/tr>\n<\/tbody>\n<\/table>\n<div style=\"border: 0px;font-size: 11px;margin: 0px;padding: 0px;text-align: right\">+&nbsp;<a href=\"https:\/\/www.blogger.com\/null\" style=\"border: 0px;color: #070c1c;font-weight: bold;text-decoration: underline\">D&rsquo;INFOS<\/a><\/div>\n<\/div>\n<\/div>\n<div style=\"border: 0px;color: black;font-size: 1px;margin: 0px;overflow: hidden;padding: 0px\"><\/div>\n<div style=\"border: 0px;color: black;font-size: 1px;margin: 0px;overflow: hidden;padding: 0px\"><\/div>\n<p><span style=\"color: red\"><\/span><\/p>\n<div style=\"border: 0px;margin: 0px;padding: 0px;width: 430px\"><span style=\"color: red\"><span style=\"color: red\"><br \/><\/span><\/span><\/div>\n<p><span style=\"color: red\">COUPE DE LA REGION AQUITAINE&nbsp;Poule unique<\/span><\/p>\n<div style=\"border: 0px;color: black;margin: 0px;padding: 0px;width: 430px\">\n<div><span>Dimanche 14 septembre 2014 &#8211; 15H30<\/span><\/p>\n<div style=\"border: 0px;font-size: 1px;margin: 0px;overflow: hidden;padding: 0px\">&nbsp;&nbsp;<\/div>\n<div style=\"border: 0px;font-size: 1px;margin: 0px;overflow: hidden;padding: 0px\">&nbsp;&nbsp;&nbsp;<\/div>\n<div style=\"border: 0px;font-size: 1px;margin: 0px;overflow: hidden;padding: 0px\">&nbsp;&nbsp;<\/div>\n<table border=\"0\" cellpadding=\"0\" cellspacing=\"0\" style=\"width: 397px\" summary=\"head_match\">\n<tbody>\n<tr>\n<td style=\"padding-top: 3px;text-align: center;vertical-align: top;width: 40px\"><\/td>\n<td style=\"font-size: 12px;vertical-align: top;width: 120px\"><strong style=\"font-size: 13px\"><a href=\"http:\/\/landes.fff.fr\/competitions\/php\/club\/club_fiche.php?cl_no=4910\" style=\"border: 0px;color: black;text-decoration: none\">Montoise E.S.<\/a><\/strong><\/td>\n<td style=\"text-align: center;vertical-align: top;width: 79px\"><\/td>\n<td style=\"font-size: 12px;text-align: right;vertical-align: top;width: 119px\"><strong style=\"font-size: 13px\"><a href=\"http:\/\/landes.fff.fr\/competitions\/php\/club\/club_fiche.php?cl_no=14381\" style=\"border: 0px;color: black;text-decoration: none\">Doazit F.C.<\/a><\/strong><\/td>\n<td style=\"padding-top: 3px;text-align: center;vertical-align: top;width: 39px\"><\/td>\n<\/tr>\n<\/tbody>\n<\/table>\n<div style=\"border: 0px;font-size: 11px;margin: 0px;padding: 0px;text-align: right\">+&nbsp;<a href=\"https:\/\/www.blogger.com\/null\" style=\"border: 0px;color: #070c1c;font-weight: bold;text-decoration: underline\">D&rsquo;INFOs<\/a><\/div>\n<\/div>\n<\/div>\n<\/div>\n<div style=\"border: 0px;color: black;font-size: 1px;margin: 0px;overflow: hidden;padding: 0px\"><\/p>\n<div style=\"clear: both;text-align: center\"><\/div>\n<div style=\"clear: both;text-align: center\"><\/div>\n<div style=\"clear: both;text-align: center\"><\/div>\n<div style=\"clear: both;text-align: center\"><\/div>\n<div style=\"clear: both;text-align: center\"><\/div>\n<div style=\"clear: both;text-align: center\"><\/div>\n<div style=\"clear: both;text-align: center\"><\/div>\n<div style=\"clear: both;text-align: center\"><\/div>\n<div style=\"clear: both;text-align: center\"><\/div>\n<div style=\"clear: both;text-align: center\"><\/div>\n<div style=\"clear: both;text-align: center\"><\/div>\n<div style=\"clear: both;text-align: center\"><\/div>\n<div style=\"clear: both;text-align: center\"><\/div>\n<div style=\"clear: both;text-align: center\"><\/div>\n<div style=\"clear: both;text-align: center\"><\/div>\n<div style=\"clear: both;text-align: center\"><\/div>\n<\/div>\n<\/div>\n<\/div>\n<\/div>\n<\/div>\n","protected":false},"excerpt":{"rendered":"<p>Programme du week-end: &#8211; Samedi 13 Septembre aux complexe Jacques Foix se d\u00e9roule la rentr\u00e9e du football&nbsp; ( journ\u00e9e d&rsquo;accueil ) pour les U 11 de 9 h \u00e0 17 h . Un \u00e9v\u00e9nement organis\u00e9 par le district des Landes de Football. &#8211; Samedi les&#8230;<\/p>\n","protected":false},"author":2,"featured_media":3781,"comment_status":"closed","ping_status":"closed","sticky":false,"template":"","format":"standard","meta":{"footnotes":""},"categories":[28],"tags":[],"class_list":["post-3436","post","type-post","status-publish","format-standard","has-post-thumbnail","hentry","category-old"],"yoast_head":"<!-- This site is optimized with the Yoast SEO plugin v27.3 - https:\/\/yoast.com\/product\/yoast-seo-wordpress\/ -->\n<title>L&#039;agenda du week-end Etoile Sportive Montoise Football. - ESM Foot<\/title>\n<meta name=\"robots\" content=\"index, follow, max-snippet:-1, max-image-preview:large, max-video-preview:-1\" \/>\n<link rel=\"canonical\" href=\"https:\/\/www.etoilesportivemontoise.fr\/football\/2014\/09\/lagenda-du-week-end-etoile-sportive\/\" \/>\n<meta property=\"og:locale\" content=\"fr_FR\" \/>\n<meta property=\"og:type\" content=\"article\" \/>\n<meta property=\"og:title\" content=\"L&#039;agenda du week-end Etoile Sportive Montoise Football. - ESM Foot\" \/>\n<meta property=\"og:description\" content=\"Programme du week-end: &#8211; Samedi 13 Septembre aux complexe Jacques Foix se d\u00e9roule la rentr\u00e9e du football&nbsp; ( journ\u00e9e d&rsquo;accueil ) pour les U 11 de 9 h \u00e0 17 h . Un \u00e9v\u00e9nement organis\u00e9 par le district des Landes de Football. &#8211; Samedi les...\" \/>\n<meta property=\"og:url\" content=\"https:\/\/www.etoilesportivemontoise.fr\/football\/2014\/09\/lagenda-du-week-end-etoile-sportive\/\" \/>\n<meta property=\"og:site_name\" content=\"ESM Foot\" \/>\n<meta property=\"article:published_time\" content=\"2014-09-12T13:23:00+00:00\" \/>\n<meta property=\"article:modified_time\" content=\"2024-03-24T17:13:44+00:00\" \/>\n<meta property=\"og:image\" content=\"https:\/\/www.etoilesportivemontoise.fr\/content\/uploads\/sites\/2\/2014\/09\/00549268.jpg\" \/>\n\t<meta property=\"og:image:width\" content=\"621\" \/>\n\t<meta property=\"og:image:height\" content=\"423\" \/>\n\t<meta property=\"og:image:type\" content=\"image\/jpeg\" \/>\n<meta name=\"twitter:label1\" content=\"\u00c9crit par\" \/>\n\t<meta name=\"twitter:data1\" content=\"\" \/>\n\t<meta name=\"twitter:label2\" content=\"Dur\u00e9e de lecture estim\u00e9e\" \/>\n\t<meta name=\"twitter:data2\" content=\"1 minute\" \/>\n<script type=\"application\/ld+json\" class=\"yoast-schema-graph\">{\"@context\":\"https:\\\/\\\/schema.org\",\"@graph\":[{\"@type\":\"Article\",\"@id\":\"https:\\\/\\\/www.etoilesportivemontoise.fr\\\/football\\\/2014\\\/09\\\/lagenda-du-week-end-etoile-sportive\\\/#article\",\"isPartOf\":{\"@id\":\"https:\\\/\\\/www.etoilesportivemontoise.fr\\\/football\\\/2014\\\/09\\\/lagenda-du-week-end-etoile-sportive\\\/\"},\"author\":{\"name\":\"\",\"@id\":\"\"},\"headline\":\"L&rsquo;agenda du week-end Etoile Sportive Montoise Football.\",\"datePublished\":\"2014-09-12T13:23:00+00:00\",\"dateModified\":\"2024-03-24T17:13:44+00:00\",\"mainEntityOfPage\":{\"@id\":\"https:\\\/\\\/www.etoilesportivemontoise.fr\\\/football\\\/2014\\\/09\\\/lagenda-du-week-end-etoile-sportive\\\/\"},\"wordCount\":144,\"image\":{\"@id\":\"https:\\\/\\\/www.etoilesportivemontoise.fr\\\/football\\\/2014\\\/09\\\/lagenda-du-week-end-etoile-sportive\\\/#primaryimage\"},\"thumbnailUrl\":\"https:\\\/\\\/www.etoilesportivemontoise.fr\\\/content\\\/uploads\\\/sites\\\/2\\\/2014\\\/09\\\/00549268.jpg\",\"articleSection\":[\"Archives\"],\"inLanguage\":\"fr-FR\"},{\"@type\":\"WebPage\",\"@id\":\"https:\\\/\\\/www.etoilesportivemontoise.fr\\\/football\\\/2014\\\/09\\\/lagenda-du-week-end-etoile-sportive\\\/\",\"url\":\"https:\\\/\\\/www.etoilesportivemontoise.fr\\\/football\\\/2014\\\/09\\\/lagenda-du-week-end-etoile-sportive\\\/\",\"name\":\"L'agenda du week-end Etoile Sportive Montoise Football. - ESM Foot\",\"isPartOf\":{\"@id\":\"https:\\\/\\\/www.etoilesportivemontoise.fr\\\/football\\\/#website\"},\"primaryImageOfPage\":{\"@id\":\"https:\\\/\\\/www.etoilesportivemontoise.fr\\\/football\\\/2014\\\/09\\\/lagenda-du-week-end-etoile-sportive\\\/#primaryimage\"},\"image\":{\"@id\":\"https:\\\/\\\/www.etoilesportivemontoise.fr\\\/football\\\/2014\\\/09\\\/lagenda-du-week-end-etoile-sportive\\\/#primaryimage\"},\"thumbnailUrl\":\"https:\\\/\\\/www.etoilesportivemontoise.fr\\\/content\\\/uploads\\\/sites\\\/2\\\/2014\\\/09\\\/00549268.jpg\",\"datePublished\":\"2014-09-12T13:23:00+00:00\",\"dateModified\":\"2024-03-24T17:13:44+00:00\",\"author\":{\"@id\":\"\"},\"breadcrumb\":{\"@id\":\"https:\\\/\\\/www.etoilesportivemontoise.fr\\\/football\\\/2014\\\/09\\\/lagenda-du-week-end-etoile-sportive\\\/#breadcrumb\"},\"inLanguage\":\"fr-FR\",\"potentialAction\":[{\"@type\":\"ReadAction\",\"target\":[\"https:\\\/\\\/www.etoilesportivemontoise.fr\\\/football\\\/2014\\\/09\\\/lagenda-du-week-end-etoile-sportive\\\/\"]}]},{\"@type\":\"ImageObject\",\"inLanguage\":\"fr-FR\",\"@id\":\"https:\\\/\\\/www.etoilesportivemontoise.fr\\\/football\\\/2014\\\/09\\\/lagenda-du-week-end-etoile-sportive\\\/#primaryimage\",\"url\":\"https:\\\/\\\/www.etoilesportivemontoise.fr\\\/content\\\/uploads\\\/sites\\\/2\\\/2014\\\/09\\\/00549268.jpg\",\"contentUrl\":\"https:\\\/\\\/www.etoilesportivemontoise.fr\\\/content\\\/uploads\\\/sites\\\/2\\\/2014\\\/09\\\/00549268.jpg\",\"width\":621,\"height\":423},{\"@type\":\"BreadcrumbList\",\"@id\":\"https:\\\/\\\/www.etoilesportivemontoise.fr\\\/football\\\/2014\\\/09\\\/lagenda-du-week-end-etoile-sportive\\\/#breadcrumb\",\"itemListElement\":[{\"@type\":\"ListItem\",\"position\":1,\"name\":\"Accueil\",\"item\":\"https:\\\/\\\/www.etoilesportivemontoise.fr\\\/football\\\/\"},{\"@type\":\"ListItem\",\"position\":2,\"name\":\"L&rsquo;agenda du week-end Etoile Sportive Montoise Football.\"}]},{\"@type\":\"WebSite\",\"@id\":\"https:\\\/\\\/www.etoilesportivemontoise.fr\\\/football\\\/#website\",\"url\":\"https:\\\/\\\/www.etoilesportivemontoise.fr\\\/football\\\/\",\"name\":\"ESM Foot\",\"description\":\"Club Football Mont de Marsan\",\"potentialAction\":[{\"@type\":\"SearchAction\",\"target\":{\"@type\":\"EntryPoint\",\"urlTemplate\":\"https:\\\/\\\/www.etoilesportivemontoise.fr\\\/football\\\/?s={search_term_string}\"},\"query-input\":{\"@type\":\"PropertyValueSpecification\",\"valueRequired\":true,\"valueName\":\"search_term_string\"}}],\"inLanguage\":\"fr-FR\"},{\"@type\":\"Person\",\"@id\":\"\",\"url\":\"https:\\\/\\\/www.etoilesportivemontoise.fr\\\/football\\\/aka\\\/\"}]}<\/script>\n<!-- \/ Yoast SEO plugin. -->","yoast_head_json":{"title":"L'agenda du week-end Etoile Sportive Montoise Football. - ESM Foot","robots":{"index":"index","follow":"follow","max-snippet":"max-snippet:-1","max-image-preview":"max-image-preview:large","max-video-preview":"max-video-preview:-1"},"canonical":"https:\/\/www.etoilesportivemontoise.fr\/football\/2014\/09\/lagenda-du-week-end-etoile-sportive\/","og_locale":"fr_FR","og_type":"article","og_title":"L'agenda du week-end Etoile Sportive Montoise Football. - ESM Foot","og_description":"Programme du week-end: &#8211; Samedi 13 Septembre aux complexe Jacques Foix se d\u00e9roule la rentr\u00e9e du football&nbsp; ( journ\u00e9e d&rsquo;accueil ) pour les U 11 de 9 h \u00e0 17 h . Un \u00e9v\u00e9nement organis\u00e9 par le district des Landes de Football. &#8211; Samedi les...","og_url":"https:\/\/www.etoilesportivemontoise.fr\/football\/2014\/09\/lagenda-du-week-end-etoile-sportive\/","og_site_name":"ESM Foot","article_published_time":"2014-09-12T13:23:00+00:00","article_modified_time":"2024-03-24T17:13:44+00:00","og_image":[{"width":621,"height":423,"url":"https:\/\/www.etoilesportivemontoise.fr\/content\/uploads\/sites\/2\/2014\/09\/00549268.jpg","type":"image\/jpeg"}],"twitter_misc":{"\u00c9crit par":"","Dur\u00e9e de lecture estim\u00e9e":"1 minute"},"schema":{"@context":"https:\/\/schema.org","@graph":[{"@type":"Article","@id":"https:\/\/www.etoilesportivemontoise.fr\/football\/2014\/09\/lagenda-du-week-end-etoile-sportive\/#article","isPartOf":{"@id":"https:\/\/www.etoilesportivemontoise.fr\/football\/2014\/09\/lagenda-du-week-end-etoile-sportive\/"},"author":{"name":"","@id":""},"headline":"L&rsquo;agenda du week-end Etoile Sportive Montoise Football.","datePublished":"2014-09-12T13:23:00+00:00","dateModified":"2024-03-24T17:13:44+00:00","mainEntityOfPage":{"@id":"https:\/\/www.etoilesportivemontoise.fr\/football\/2014\/09\/lagenda-du-week-end-etoile-sportive\/"},"wordCount":144,"image":{"@id":"https:\/\/www.etoilesportivemontoise.fr\/football\/2014\/09\/lagenda-du-week-end-etoile-sportive\/#primaryimage"},"thumbnailUrl":"https:\/\/www.etoilesportivemontoise.fr\/content\/uploads\/sites\/2\/2014\/09\/00549268.jpg","articleSection":["Archives"],"inLanguage":"fr-FR"},{"@type":"WebPage","@id":"https:\/\/www.etoilesportivemontoise.fr\/football\/2014\/09\/lagenda-du-week-end-etoile-sportive\/","url":"https:\/\/www.etoilesportivemontoise.fr\/football\/2014\/09\/lagenda-du-week-end-etoile-sportive\/","name":"L'agenda du week-end Etoile Sportive Montoise Football. - ESM Foot","isPartOf":{"@id":"https:\/\/www.etoilesportivemontoise.fr\/football\/#website"},"primaryImageOfPage":{"@id":"https:\/\/www.etoilesportivemontoise.fr\/football\/2014\/09\/lagenda-du-week-end-etoile-sportive\/#primaryimage"},"image":{"@id":"https:\/\/www.etoilesportivemontoise.fr\/football\/2014\/09\/lagenda-du-week-end-etoile-sportive\/#primaryimage"},"thumbnailUrl":"https:\/\/www.etoilesportivemontoise.fr\/content\/uploads\/sites\/2\/2014\/09\/00549268.jpg","datePublished":"2014-09-12T13:23:00+00:00","dateModified":"2024-03-24T17:13:44+00:00","author":{"@id":""},"breadcrumb":{"@id":"https:\/\/www.etoilesportivemontoise.fr\/football\/2014\/09\/lagenda-du-week-end-etoile-sportive\/#breadcrumb"},"inLanguage":"fr-FR","potentialAction":[{"@type":"ReadAction","target":["https:\/\/www.etoilesportivemontoise.fr\/football\/2014\/09\/lagenda-du-week-end-etoile-sportive\/"]}]},{"@type":"ImageObject","inLanguage":"fr-FR","@id":"https:\/\/www.etoilesportivemontoise.fr\/football\/2014\/09\/lagenda-du-week-end-etoile-sportive\/#primaryimage","url":"https:\/\/www.etoilesportivemontoise.fr\/content\/uploads\/sites\/2\/2014\/09\/00549268.jpg","contentUrl":"https:\/\/www.etoilesportivemontoise.fr\/content\/uploads\/sites\/2\/2014\/09\/00549268.jpg","width":621,"height":423},{"@type":"BreadcrumbList","@id":"https:\/\/www.etoilesportivemontoise.fr\/football\/2014\/09\/lagenda-du-week-end-etoile-sportive\/#breadcrumb","itemListElement":[{"@type":"ListItem","position":1,"name":"Accueil","item":"https:\/\/www.etoilesportivemontoise.fr\/football\/"},{"@type":"ListItem","position":2,"name":"L&rsquo;agenda du week-end Etoile Sportive Montoise Football."}]},{"@type":"WebSite","@id":"https:\/\/www.etoilesportivemontoise.fr\/football\/#website","url":"https:\/\/www.etoilesportivemontoise.fr\/football\/","name":"ESM Foot","description":"Club Football Mont de Marsan","potentialAction":[{"@type":"SearchAction","target":{"@type":"EntryPoint","urlTemplate":"https:\/\/www.etoilesportivemontoise.fr\/football\/?s={search_term_string}"},"query-input":{"@type":"PropertyValueSpecification","valueRequired":true,"valueName":"search_term_string"}}],"inLanguage":"fr-FR"},{"@type":"Person","@id":"","url":"https:\/\/www.etoilesportivemontoise.fr\/football\/aka\/"}]}},"_links":{"self":[{"href":"https:\/\/www.etoilesportivemontoise.fr\/football\/wp-json\/wp\/v2\/posts\/3436","targetHints":{"allow":["GET"]}}],"collection":[{"href":"https:\/\/www.etoilesportivemontoise.fr\/football\/wp-json\/wp\/v2\/posts"}],"about":[{"href":"https:\/\/www.etoilesportivemontoise.fr\/football\/wp-json\/wp\/v2\/types\/post"}],"author":[{"embeddable":true,"href":"https:\/\/www.etoilesportivemontoise.fr\/football\/wp-json\/wp\/v2\/users\/2"}],"replies":[{"embeddable":true,"href":"https:\/\/www.etoilesportivemontoise.fr\/football\/wp-json\/wp\/v2\/comments?post=3436"}],"version-history":[{"count":1,"href":"https:\/\/www.etoilesportivemontoise.fr\/football\/wp-json\/wp\/v2\/posts\/3436\/revisions"}],"predecessor-version":[{"id":4171,"href":"https:\/\/www.etoilesportivemontoise.fr\/football\/wp-json\/wp\/v2\/posts\/3436\/revisions\/4171"}],"wp:featuredmedia":[{"embeddable":true,"href":"https:\/\/www.etoilesportivemontoise.fr\/football\/wp-json\/wp\/v2\/media\/3781"}],"wp:attachment":[{"href":"https:\/\/www.etoilesportivemontoise.fr\/football\/wp-json\/wp\/v2\/media?parent=3436"}],"wp:term":[{"taxonomy":"category","embeddable":true,"href":"https:\/\/www.etoilesportivemontoise.fr\/football\/wp-json\/wp\/v2\/categories?post=3436"},{"taxonomy":"post_tag","embeddable":true,"href":"https:\/\/www.etoilesportivemontoise.fr\/football\/wp-json\/wp\/v2\/tags?post=3436"}],"curies":[{"name":"wp","href":"https:\/\/api.w.org\/{rel}","templated":true}]}}