{"id":3445,"date":"2014-08-18T16:46:00","date_gmt":"2014-08-18T15:46:00","guid":{"rendered":"http:\/\/www.etoilesportivemontoise.fr\/football\/coordonnees-des-educateurs-et-heures-dentrainement\/"},"modified":"2024-03-24T18:13:46","modified_gmt":"2024-03-24T17:13:46","slug":"coordonnees-des-educateurs-et-heures","status":"publish","type":"post","link":"https:\/\/www.etoilesportivemontoise.fr\/football\/2014\/08\/coordonnees-des-educateurs-et-heures\/","title":{"rendered":"Coordonn\u00e9es des \u00e9ducateurs et heures d&rsquo;entrainement"},"content":{"rendered":"<p>Baby :<br \/>Thierry CLEMENTE : 06-74-63-44-48 \/ clemente.thierry@neuf.fr<br \/>Entrainement : les mercredis de 16H \u00e0 17H<\/p>\n<p>Cat\u00e9gorie U7 :<br \/>Thierry CLEMENTE : 06-74-63-44-48 \/ clemente.thierry@neuf.fr<br \/>Entrainement ; les mercredis de 14H \u00e0 15h30 <\/p>\n<p>Cat\u00e9gorie U9 :<br \/>S\u00e9bastien ALIX : 06-84-18-09-03 \/ christelle.alix@sfr.fr<br \/>Willy MARTEAU : 06-83-26-33-83 \/ willystephmarteau.yahoo.fr<br \/>Entrainement : les mercredis de 18H \u00e0 19H30<\/p>\n<p>Cat\u00e9gorie U11<br \/>Fabrice MOREAU : 06-19-30-48-30 \/ fabrice.moreau99@orange.fr<br \/>Entrainements : les mercredis de 14H30 \u00e0 16H et les vendredis de 17H30 \u00e0 18H30<\/p>\n<p>Cat\u00e9gorie U13 :<br \/>Samir HAFIDI : 06-10-57-19-15 \/ samirhafidi@orange.fr<br \/>Entrainements : les mercredis de 18H \u00e0 19H30 et les vendredis de 18H \u00e0 19H15<\/p>\n<p>Cat\u00e9gorie U15 :<br \/>Eric LAFARGUE : 06-35-51-73-27 \/ etoile.U15@hotmail.fr<br \/>Entrainements : les mercredis de 18H \u00e0 19H30 et les vendredis de 18H \u00e0 19H15<\/p>\n<p>Cat\u00e9gorie U18 :<br \/>Jean Claude DANNE : 05-58-46-21-62 \/ fabienne.nelly.danne@orange.fr<br \/>Entrainements : les mardis de 19H \u00e0 20H30 et les vendredis de 19H30 \u00e0 21H<\/p>\n<p>Cat\u00e9gorie U19 :<br \/>Hamid DIANE : 06-78-20-03-84 \/ h.diane@laposte.net<br \/>Entrainements : les mardis de 19H \u00e0 20H30 et les vendredis de 19H30 \u00e0 21H<\/p>\n<p>Cat\u00e9gorie s\u00e9niors (\u00e9quipe 1)<br \/>Entrainements : les mardis de 19H \u00e0 20H30 et les vendredis de 19H30 \u00e0 21H<\/p>\n<p>Cat\u00e9gorie s\u00e9niors (\u00e9quipe 2)<br \/>Damien DORIZON : 06-24-16-82-25 \/ damien.dorizon@sfr.fr<br \/>Entrainements : les mardis de 19H \u00e0 20H30 et les vendredis de 19H30 \u00e0 21H<\/p>\n<p>P\u00f4le F\u00e9minin (s\u00e9niors)<br \/>Entrainements : les mardis 19h \u00e0 20h45 et vendredis 19h30 \u00e0 21h<\/p>\n<p>Sp\u00e9cifique gardien U11-U13-U15 \/ m.cahouet40@orange.fr<br \/>Michael LHOMME : 06-74-31-91-95<br \/>Entrainements : les mardis 17h45 \u00e0 19H et les vendredis de 17H45 \u00e0 19H<\/p>\n<p>Sp\u00e9cifique gardien U18-U19 et s\u00e9niors<br \/>Benjamin SOUBIRON : 06-87-02-99-94 \/ benjisoubiron@hotmail.fr<br \/>Entrainements : les mardis de 19H \u00e0 20H et les vendredis de 19H \u00e0 20H<\/p>\n<p>Cat\u00e9gorie v\u00e9t\u00e9rans<br \/>Abdallah EL BAKKALI : 06-28-06-00-61 \/ akali@cegetel.net<br \/>Laurent TASTET : 06-73-75-19-71 \/ fabiennecapes@hotmail.com<br \/>Entrainements : les jeudis de 19H \u00e0 21H<\/p>\n<p>Pour tous renseignements, vous pouvez contacter les r\u00e9f\u00e9rents de chaque cat\u00e9gorie.<\/p>\n","protected":false},"excerpt":{"rendered":"<p>Baby :Thierry CLEMENTE : 06-74-63-44-48 \/ clemente.thierry@neuf.frEntrainement : les mercredis de 16H \u00e0 17H Cat\u00e9gorie U7 :Thierry CLEMENTE : 06-74-63-44-48 \/ clemente.thierry@neuf.frEntrainement ; les mercredis de 14H \u00e0 15h30 Cat\u00e9gorie U9 :S\u00e9bastien ALIX : 06-84-18-09-03 \/ christelle.alix@sfr.frWilly MARTEAU : 06-83-26-33-83 \/ willystephmarteau.yahoo.frEntrainement : les mercredis&#8230;<\/p>\n","protected":false},"author":1,"featured_media":0,"comment_status":"closed","ping_status":"closed","sticky":false,"template":"","format":"standard","meta":{"footnotes":""},"categories":[28],"tags":[],"class_list":["post-3445","post","type-post","status-publish","format-standard","hentry","category-old"],"yoast_head":"<!-- This site is optimized with the Yoast SEO plugin v27.3 - https:\/\/yoast.com\/product\/yoast-seo-wordpress\/ -->\n<title>Coordonn\u00e9es des \u00e9ducateurs et heures d&#039;entrainement - ESM Foot<\/title>\n<meta name=\"robots\" content=\"index, follow, max-snippet:-1, max-image-preview:large, max-video-preview:-1\" \/>\n<link rel=\"canonical\" href=\"https:\/\/www.etoilesportivemontoise.fr\/football\/2014\/08\/coordonnees-des-educateurs-et-heures\/\" \/>\n<meta property=\"og:locale\" content=\"fr_FR\" \/>\n<meta property=\"og:type\" content=\"article\" \/>\n<meta property=\"og:title\" content=\"Coordonn\u00e9es des \u00e9ducateurs et heures d&#039;entrainement - ESM Foot\" \/>\n<meta property=\"og:description\" content=\"Baby :Thierry CLEMENTE : 06-74-63-44-48 \/ clemente.thierry@neuf.frEntrainement : les mercredis de 16H \u00e0 17H Cat\u00e9gorie U7 :Thierry CLEMENTE : 06-74-63-44-48 \/ clemente.thierry@neuf.frEntrainement ; les mercredis de 14H \u00e0 15h30 Cat\u00e9gorie U9 :S\u00e9bastien ALIX : 06-84-18-09-03 \/ christelle.alix@sfr.frWilly MARTEAU : 06-83-26-33-83 \/ willystephmarteau.yahoo.frEntrainement : les mercredis...\" \/>\n<meta property=\"og:url\" content=\"https:\/\/www.etoilesportivemontoise.fr\/football\/2014\/08\/coordonnees-des-educateurs-et-heures\/\" \/>\n<meta property=\"og:site_name\" content=\"ESM Foot\" \/>\n<meta property=\"article:published_time\" content=\"2014-08-18T15:46:00+00:00\" \/>\n<meta property=\"article:modified_time\" content=\"2024-03-24T17:13:46+00:00\" \/>\n<meta name=\"author\" content=\"ESM\" \/>\n<meta name=\"twitter:label1\" content=\"\u00c9crit par\" \/>\n\t<meta name=\"twitter:data1\" content=\"ESM\" \/>\n\t<meta name=\"twitter:label2\" content=\"Dur\u00e9e de lecture estim\u00e9e\" \/>\n\t<meta name=\"twitter:data2\" content=\"2 minutes\" \/>\n<script type=\"application\/ld+json\" class=\"yoast-schema-graph\">{\"@context\":\"https:\\\/\\\/schema.org\",\"@graph\":[{\"@type\":\"Article\",\"@id\":\"https:\\\/\\\/www.etoilesportivemontoise.fr\\\/football\\\/2014\\\/08\\\/coordonnees-des-educateurs-et-heures\\\/#article\",\"isPartOf\":{\"@id\":\"https:\\\/\\\/www.etoilesportivemontoise.fr\\\/football\\\/2014\\\/08\\\/coordonnees-des-educateurs-et-heures\\\/\"},\"author\":{\"name\":\"ESM\",\"@id\":\"https:\\\/\\\/www.etoilesportivemontoise.fr\\\/football\\\/#\\\/schema\\\/person\\\/dd02b702be97ed924801c88fb2142212\"},\"headline\":\"Coordonn\u00e9es des \u00e9ducateurs et heures d&rsquo;entrainement\",\"datePublished\":\"2014-08-18T15:46:00+00:00\",\"dateModified\":\"2024-03-24T17:13:46+00:00\",\"mainEntityOfPage\":{\"@id\":\"https:\\\/\\\/www.etoilesportivemontoise.fr\\\/football\\\/2014\\\/08\\\/coordonnees-des-educateurs-et-heures\\\/\"},\"wordCount\":342,\"articleSection\":[\"Archives\"],\"inLanguage\":\"fr-FR\"},{\"@type\":\"WebPage\",\"@id\":\"https:\\\/\\\/www.etoilesportivemontoise.fr\\\/football\\\/2014\\\/08\\\/coordonnees-des-educateurs-et-heures\\\/\",\"url\":\"https:\\\/\\\/www.etoilesportivemontoise.fr\\\/football\\\/2014\\\/08\\\/coordonnees-des-educateurs-et-heures\\\/\",\"name\":\"Coordonn\u00e9es des \u00e9ducateurs et heures d'entrainement - ESM Foot\",\"isPartOf\":{\"@id\":\"https:\\\/\\\/www.etoilesportivemontoise.fr\\\/football\\\/#website\"},\"datePublished\":\"2014-08-18T15:46:00+00:00\",\"dateModified\":\"2024-03-24T17:13:46+00:00\",\"author\":{\"@id\":\"https:\\\/\\\/www.etoilesportivemontoise.fr\\\/football\\\/#\\\/schema\\\/person\\\/dd02b702be97ed924801c88fb2142212\"},\"breadcrumb\":{\"@id\":\"https:\\\/\\\/www.etoilesportivemontoise.fr\\\/football\\\/2014\\\/08\\\/coordonnees-des-educateurs-et-heures\\\/#breadcrumb\"},\"inLanguage\":\"fr-FR\",\"potentialAction\":[{\"@type\":\"ReadAction\",\"target\":[\"https:\\\/\\\/www.etoilesportivemontoise.fr\\\/football\\\/2014\\\/08\\\/coordonnees-des-educateurs-et-heures\\\/\"]}]},{\"@type\":\"BreadcrumbList\",\"@id\":\"https:\\\/\\\/www.etoilesportivemontoise.fr\\\/football\\\/2014\\\/08\\\/coordonnees-des-educateurs-et-heures\\\/#breadcrumb\",\"itemListElement\":[{\"@type\":\"ListItem\",\"position\":1,\"name\":\"Accueil\",\"item\":\"https:\\\/\\\/www.etoilesportivemontoise.fr\\\/football\\\/\"},{\"@type\":\"ListItem\",\"position\":2,\"name\":\"Coordonn\u00e9es des \u00e9ducateurs et heures d&rsquo;entrainement\"}]},{\"@type\":\"WebSite\",\"@id\":\"https:\\\/\\\/www.etoilesportivemontoise.fr\\\/football\\\/#website\",\"url\":\"https:\\\/\\\/www.etoilesportivemontoise.fr\\\/football\\\/\",\"name\":\"ESM Foot\",\"description\":\"Club Football Mont de Marsan\",\"potentialAction\":[{\"@type\":\"SearchAction\",\"target\":{\"@type\":\"EntryPoint\",\"urlTemplate\":\"https:\\\/\\\/www.etoilesportivemontoise.fr\\\/football\\\/?s={search_term_string}\"},\"query-input\":{\"@type\":\"PropertyValueSpecification\",\"valueRequired\":true,\"valueName\":\"search_term_string\"}}],\"inLanguage\":\"fr-FR\"},{\"@type\":\"Person\",\"@id\":\"https:\\\/\\\/www.etoilesportivemontoise.fr\\\/football\\\/#\\\/schema\\\/person\\\/dd02b702be97ed924801c88fb2142212\",\"name\":\"ESM\",\"image\":{\"@type\":\"ImageObject\",\"inLanguage\":\"fr-FR\",\"@id\":\"https:\\\/\\\/secure.gravatar.com\\\/avatar\\\/4d571ff55345efadfb90ca100df3e18eb3cdaa9eb0599415645d75cb8626ba49?s=96&d=mm&r=g\",\"url\":\"https:\\\/\\\/secure.gravatar.com\\\/avatar\\\/4d571ff55345efadfb90ca100df3e18eb3cdaa9eb0599415645d75cb8626ba49?s=96&d=mm&r=g\",\"contentUrl\":\"https:\\\/\\\/secure.gravatar.com\\\/avatar\\\/4d571ff55345efadfb90ca100df3e18eb3cdaa9eb0599415645d75cb8626ba49?s=96&d=mm&r=g\",\"caption\":\"ESM\"},\"url\":\"https:\\\/\\\/www.etoilesportivemontoise.fr\\\/football\\\/aka\\\/9af3b8c1915118cbc5cf7cdecb87fa13c2abf1c4\\\/\"}]}<\/script>\n<!-- \/ Yoast SEO plugin. -->","yoast_head_json":{"title":"Coordonn\u00e9es des \u00e9ducateurs et heures d'entrainement - ESM Foot","robots":{"index":"index","follow":"follow","max-snippet":"max-snippet:-1","max-image-preview":"max-image-preview:large","max-video-preview":"max-video-preview:-1"},"canonical":"https:\/\/www.etoilesportivemontoise.fr\/football\/2014\/08\/coordonnees-des-educateurs-et-heures\/","og_locale":"fr_FR","og_type":"article","og_title":"Coordonn\u00e9es des \u00e9ducateurs et heures d'entrainement - ESM Foot","og_description":"Baby :Thierry CLEMENTE : 06-74-63-44-48 \/ clemente.thierry@neuf.frEntrainement : les mercredis de 16H \u00e0 17H Cat\u00e9gorie U7 :Thierry CLEMENTE : 06-74-63-44-48 \/ clemente.thierry@neuf.frEntrainement ; les mercredis de 14H \u00e0 15h30 Cat\u00e9gorie U9 :S\u00e9bastien ALIX : 06-84-18-09-03 \/ christelle.alix@sfr.frWilly MARTEAU : 06-83-26-33-83 \/ willystephmarteau.yahoo.frEntrainement : les mercredis...","og_url":"https:\/\/www.etoilesportivemontoise.fr\/football\/2014\/08\/coordonnees-des-educateurs-et-heures\/","og_site_name":"ESM Foot","article_published_time":"2014-08-18T15:46:00+00:00","article_modified_time":"2024-03-24T17:13:46+00:00","author":"ESM","twitter_misc":{"\u00c9crit par":"ESM","Dur\u00e9e de lecture estim\u00e9e":"2 minutes"},"schema":{"@context":"https:\/\/schema.org","@graph":[{"@type":"Article","@id":"https:\/\/www.etoilesportivemontoise.fr\/football\/2014\/08\/coordonnees-des-educateurs-et-heures\/#article","isPartOf":{"@id":"https:\/\/www.etoilesportivemontoise.fr\/football\/2014\/08\/coordonnees-des-educateurs-et-heures\/"},"author":{"name":"ESM","@id":"https:\/\/www.etoilesportivemontoise.fr\/football\/#\/schema\/person\/dd02b702be97ed924801c88fb2142212"},"headline":"Coordonn\u00e9es des \u00e9ducateurs et heures d&rsquo;entrainement","datePublished":"2014-08-18T15:46:00+00:00","dateModified":"2024-03-24T17:13:46+00:00","mainEntityOfPage":{"@id":"https:\/\/www.etoilesportivemontoise.fr\/football\/2014\/08\/coordonnees-des-educateurs-et-heures\/"},"wordCount":342,"articleSection":["Archives"],"inLanguage":"fr-FR"},{"@type":"WebPage","@id":"https:\/\/www.etoilesportivemontoise.fr\/football\/2014\/08\/coordonnees-des-educateurs-et-heures\/","url":"https:\/\/www.etoilesportivemontoise.fr\/football\/2014\/08\/coordonnees-des-educateurs-et-heures\/","name":"Coordonn\u00e9es des \u00e9ducateurs et heures d'entrainement - ESM Foot","isPartOf":{"@id":"https:\/\/www.etoilesportivemontoise.fr\/football\/#website"},"datePublished":"2014-08-18T15:46:00+00:00","dateModified":"2024-03-24T17:13:46+00:00","author":{"@id":"https:\/\/www.etoilesportivemontoise.fr\/football\/#\/schema\/person\/dd02b702be97ed924801c88fb2142212"},"breadcrumb":{"@id":"https:\/\/www.etoilesportivemontoise.fr\/football\/2014\/08\/coordonnees-des-educateurs-et-heures\/#breadcrumb"},"inLanguage":"fr-FR","potentialAction":[{"@type":"ReadAction","target":["https:\/\/www.etoilesportivemontoise.fr\/football\/2014\/08\/coordonnees-des-educateurs-et-heures\/"]}]},{"@type":"BreadcrumbList","@id":"https:\/\/www.etoilesportivemontoise.fr\/football\/2014\/08\/coordonnees-des-educateurs-et-heures\/#breadcrumb","itemListElement":[{"@type":"ListItem","position":1,"name":"Accueil","item":"https:\/\/www.etoilesportivemontoise.fr\/football\/"},{"@type":"ListItem","position":2,"name":"Coordonn\u00e9es des \u00e9ducateurs et heures d&rsquo;entrainement"}]},{"@type":"WebSite","@id":"https:\/\/www.etoilesportivemontoise.fr\/football\/#website","url":"https:\/\/www.etoilesportivemontoise.fr\/football\/","name":"ESM Foot","description":"Club Football Mont de Marsan","potentialAction":[{"@type":"SearchAction","target":{"@type":"EntryPoint","urlTemplate":"https:\/\/www.etoilesportivemontoise.fr\/football\/?s={search_term_string}"},"query-input":{"@type":"PropertyValueSpecification","valueRequired":true,"valueName":"search_term_string"}}],"inLanguage":"fr-FR"},{"@type":"Person","@id":"https:\/\/www.etoilesportivemontoise.fr\/football\/#\/schema\/person\/dd02b702be97ed924801c88fb2142212","name":"ESM","image":{"@type":"ImageObject","inLanguage":"fr-FR","@id":"https:\/\/secure.gravatar.com\/avatar\/4d571ff55345efadfb90ca100df3e18eb3cdaa9eb0599415645d75cb8626ba49?s=96&d=mm&r=g","url":"https:\/\/secure.gravatar.com\/avatar\/4d571ff55345efadfb90ca100df3e18eb3cdaa9eb0599415645d75cb8626ba49?s=96&d=mm&r=g","contentUrl":"https:\/\/secure.gravatar.com\/avatar\/4d571ff55345efadfb90ca100df3e18eb3cdaa9eb0599415645d75cb8626ba49?s=96&d=mm&r=g","caption":"ESM"},"url":"https:\/\/www.etoilesportivemontoise.fr\/football\/aka\/9af3b8c1915118cbc5cf7cdecb87fa13c2abf1c4\/"}]}},"_links":{"self":[{"href":"https:\/\/www.etoilesportivemontoise.fr\/football\/wp-json\/wp\/v2\/posts\/3445","targetHints":{"allow":["GET"]}}],"collection":[{"href":"https:\/\/www.etoilesportivemontoise.fr\/football\/wp-json\/wp\/v2\/posts"}],"about":[{"href":"https:\/\/www.etoilesportivemontoise.fr\/football\/wp-json\/wp\/v2\/types\/post"}],"author":[{"embeddable":true,"href":"https:\/\/www.etoilesportivemontoise.fr\/football\/wp-json\/wp\/v2\/users\/1"}],"replies":[{"embeddable":true,"href":"https:\/\/www.etoilesportivemontoise.fr\/football\/wp-json\/wp\/v2\/comments?post=3445"}],"version-history":[{"count":1,"href":"https:\/\/www.etoilesportivemontoise.fr\/football\/wp-json\/wp\/v2\/posts\/3445\/revisions"}],"predecessor-version":[{"id":4180,"href":"https:\/\/www.etoilesportivemontoise.fr\/football\/wp-json\/wp\/v2\/posts\/3445\/revisions\/4180"}],"wp:attachment":[{"href":"https:\/\/www.etoilesportivemontoise.fr\/football\/wp-json\/wp\/v2\/media?parent=3445"}],"wp:term":[{"taxonomy":"category","embeddable":true,"href":"https:\/\/www.etoilesportivemontoise.fr\/football\/wp-json\/wp\/v2\/categories?post=3445"},{"taxonomy":"post_tag","embeddable":true,"href":"https:\/\/www.etoilesportivemontoise.fr\/football\/wp-json\/wp\/v2\/tags?post=3445"}],"curies":[{"name":"wp","href":"https:\/\/api.w.org\/{rel}","templated":true}]}}