{"id":3447,"date":"2014-07-24T07:00:00","date_gmt":"2014-07-24T06:00:00","guid":{"rendered":"http:\/\/www.etoilesportivemontoise.fr\/football\/poule-de-la-reserve\/"},"modified":"2024-03-24T18:13:46","modified_gmt":"2024-03-24T17:13:46","slug":"poule-de-la-reserve","status":"publish","type":"post","link":"https:\/\/www.etoilesportivemontoise.fr\/football\/2014\/07\/poule-de-la-reserve\/","title":{"rendered":"Poule de la r\u00e9serve"},"content":{"rendered":"<p>La poule de la r\u00e9serve est sortie, elle sera compos\u00e9e des \u00e9quipes suivantes :<\/p>\n<ul style=\"background-color: white;color: #303030;font-family: Arial;font-size: 11px;text-align: justify\">\n<li>AIRE&nbsp;VA 2<\/li>\n<p><\/p>\n<li>AS&nbsp;BRETAGNE 1&nbsp;<\/li>\n<p><\/p>\n<li>ENTENTE US&nbsp;HONTANX \/ JS&nbsp;VILLENEUVE&nbsp;1&nbsp;<\/li>\n<p><\/p>\n<li>FC&nbsp;LACAJUNTE&nbsp;TURSAN&nbsp;2&nbsp;<\/li>\n<p><\/p>\n<li>US&nbsp;LAGLORIEUSE 2<\/li>\n<p><\/p>\n<li>AS&nbsp;MAURRIN 2&nbsp;<\/li>\n<p><\/p>\n<li>ES MONTOISE 2<\/li>\n<p><\/p>\n<li>FC&nbsp;POUDENX 1<\/li>\n<p><\/p>\n<li>ST&nbsp;MARTIN&nbsp;GELOUX 2&nbsp;<\/li>\n<p><\/p>\n<li>ST&nbsp;MAURICE&nbsp;GRENADE&nbsp;U.&nbsp;2&nbsp;<\/li>\n<p><\/p>\n<li>ST&nbsp;PERDON&nbsp;SP 1<\/li>\n<p><\/p>\n<li>SC&nbsp;ST&nbsp;PIERRE&nbsp;DU&nbsp;MONT&nbsp;2&nbsp;<\/li>\n<\/ul>\n","protected":false},"excerpt":{"rendered":"<p>La poule de la r\u00e9serve est sortie, elle sera compos\u00e9e des \u00e9quipes suivantes : AIRE&nbsp;VA 2 AS&nbsp;BRETAGNE 1&nbsp; ENTENTE US&nbsp;HONTANX \/ JS&nbsp;VILLENEUVE&nbsp;1&nbsp; FC&nbsp;LACAJUNTE&nbsp;TURSAN&nbsp;2&nbsp; US&nbsp;LAGLORIEUSE 2 AS&nbsp;MAURRIN 2&nbsp; ES MONTOISE 2 FC&nbsp;POUDENX 1 ST&nbsp;MARTIN&nbsp;GELOUX 2&nbsp; ST&nbsp;MAURICE&nbsp;GRENADE&nbsp;U.&nbsp;2&nbsp; ST&nbsp;PERDON&nbsp;SP 1 SC&nbsp;ST&nbsp;PIERRE&nbsp;DU&nbsp;MONT&nbsp;2&nbsp;<\/p>\n","protected":false},"author":1,"featured_media":0,"comment_status":"closed","ping_status":"closed","sticky":false,"template":"","format":"standard","meta":{"footnotes":""},"categories":[28],"tags":[],"class_list":["post-3447","post","type-post","status-publish","format-standard","hentry","category-old"],"yoast_head":"<!-- This site is optimized with the Yoast SEO plugin v27.3 - https:\/\/yoast.com\/product\/yoast-seo-wordpress\/ -->\n<title>Poule de la r\u00e9serve - ESM Foot<\/title>\n<meta name=\"robots\" content=\"index, follow, max-snippet:-1, max-image-preview:large, max-video-preview:-1\" \/>\n<link rel=\"canonical\" href=\"https:\/\/www.etoilesportivemontoise.fr\/football\/2014\/07\/poule-de-la-reserve\/\" \/>\n<meta property=\"og:locale\" content=\"fr_FR\" \/>\n<meta property=\"og:type\" content=\"article\" \/>\n<meta property=\"og:title\" content=\"Poule de la r\u00e9serve - ESM Foot\" \/>\n<meta property=\"og:description\" content=\"La poule de la r\u00e9serve est sortie, elle sera compos\u00e9e des \u00e9quipes suivantes : AIRE&nbsp;VA 2 AS&nbsp;BRETAGNE 1&nbsp; ENTENTE US&nbsp;HONTANX \/ JS&nbsp;VILLENEUVE&nbsp;1&nbsp; FC&nbsp;LACAJUNTE&nbsp;TURSAN&nbsp;2&nbsp; US&nbsp;LAGLORIEUSE 2 AS&nbsp;MAURRIN 2&nbsp; ES MONTOISE 2 FC&nbsp;POUDENX 1 ST&nbsp;MARTIN&nbsp;GELOUX 2&nbsp; ST&nbsp;MAURICE&nbsp;GRENADE&nbsp;U.&nbsp;2&nbsp; ST&nbsp;PERDON&nbsp;SP 1 SC&nbsp;ST&nbsp;PIERRE&nbsp;DU&nbsp;MONT&nbsp;2&nbsp;\" \/>\n<meta property=\"og:url\" content=\"https:\/\/www.etoilesportivemontoise.fr\/football\/2014\/07\/poule-de-la-reserve\/\" \/>\n<meta property=\"og:site_name\" content=\"ESM Foot\" \/>\n<meta property=\"article:published_time\" content=\"2014-07-24T06:00:00+00:00\" \/>\n<meta property=\"article:modified_time\" content=\"2024-03-24T17:13:46+00:00\" \/>\n<meta name=\"author\" content=\"ESM\" \/>\n<meta name=\"twitter:label1\" content=\"\u00c9crit par\" \/>\n\t<meta name=\"twitter:data1\" content=\"ESM\" \/>\n<script type=\"application\/ld+json\" class=\"yoast-schema-graph\">{\"@context\":\"https:\\\/\\\/schema.org\",\"@graph\":[{\"@type\":\"Article\",\"@id\":\"https:\\\/\\\/www.etoilesportivemontoise.fr\\\/football\\\/2014\\\/07\\\/poule-de-la-reserve\\\/#article\",\"isPartOf\":{\"@id\":\"https:\\\/\\\/www.etoilesportivemontoise.fr\\\/football\\\/2014\\\/07\\\/poule-de-la-reserve\\\/\"},\"author\":{\"name\":\"ESM\",\"@id\":\"https:\\\/\\\/www.etoilesportivemontoise.fr\\\/football\\\/#\\\/schema\\\/person\\\/dd02b702be97ed924801c88fb2142212\"},\"headline\":\"Poule de la r\u00e9serve\",\"datePublished\":\"2014-07-24T06:00:00+00:00\",\"dateModified\":\"2024-03-24T17:13:46+00:00\",\"mainEntityOfPage\":{\"@id\":\"https:\\\/\\\/www.etoilesportivemontoise.fr\\\/football\\\/2014\\\/07\\\/poule-de-la-reserve\\\/\"},\"wordCount\":86,\"articleSection\":[\"Archives\"],\"inLanguage\":\"fr-FR\"},{\"@type\":\"WebPage\",\"@id\":\"https:\\\/\\\/www.etoilesportivemontoise.fr\\\/football\\\/2014\\\/07\\\/poule-de-la-reserve\\\/\",\"url\":\"https:\\\/\\\/www.etoilesportivemontoise.fr\\\/football\\\/2014\\\/07\\\/poule-de-la-reserve\\\/\",\"name\":\"Poule de la r\u00e9serve - ESM Foot\",\"isPartOf\":{\"@id\":\"https:\\\/\\\/www.etoilesportivemontoise.fr\\\/football\\\/#website\"},\"datePublished\":\"2014-07-24T06:00:00+00:00\",\"dateModified\":\"2024-03-24T17:13:46+00:00\",\"author\":{\"@id\":\"https:\\\/\\\/www.etoilesportivemontoise.fr\\\/football\\\/#\\\/schema\\\/person\\\/dd02b702be97ed924801c88fb2142212\"},\"breadcrumb\":{\"@id\":\"https:\\\/\\\/www.etoilesportivemontoise.fr\\\/football\\\/2014\\\/07\\\/poule-de-la-reserve\\\/#breadcrumb\"},\"inLanguage\":\"fr-FR\",\"potentialAction\":[{\"@type\":\"ReadAction\",\"target\":[\"https:\\\/\\\/www.etoilesportivemontoise.fr\\\/football\\\/2014\\\/07\\\/poule-de-la-reserve\\\/\"]}]},{\"@type\":\"BreadcrumbList\",\"@id\":\"https:\\\/\\\/www.etoilesportivemontoise.fr\\\/football\\\/2014\\\/07\\\/poule-de-la-reserve\\\/#breadcrumb\",\"itemListElement\":[{\"@type\":\"ListItem\",\"position\":1,\"name\":\"Accueil\",\"item\":\"https:\\\/\\\/www.etoilesportivemontoise.fr\\\/football\\\/\"},{\"@type\":\"ListItem\",\"position\":2,\"name\":\"Poule de la r\u00e9serve\"}]},{\"@type\":\"WebSite\",\"@id\":\"https:\\\/\\\/www.etoilesportivemontoise.fr\\\/football\\\/#website\",\"url\":\"https:\\\/\\\/www.etoilesportivemontoise.fr\\\/football\\\/\",\"name\":\"ESM Foot\",\"description\":\"Club Football Mont de Marsan\",\"potentialAction\":[{\"@type\":\"SearchAction\",\"target\":{\"@type\":\"EntryPoint\",\"urlTemplate\":\"https:\\\/\\\/www.etoilesportivemontoise.fr\\\/football\\\/?s={search_term_string}\"},\"query-input\":{\"@type\":\"PropertyValueSpecification\",\"valueRequired\":true,\"valueName\":\"search_term_string\"}}],\"inLanguage\":\"fr-FR\"},{\"@type\":\"Person\",\"@id\":\"https:\\\/\\\/www.etoilesportivemontoise.fr\\\/football\\\/#\\\/schema\\\/person\\\/dd02b702be97ed924801c88fb2142212\",\"name\":\"ESM\",\"image\":{\"@type\":\"ImageObject\",\"inLanguage\":\"fr-FR\",\"@id\":\"https:\\\/\\\/secure.gravatar.com\\\/avatar\\\/4d571ff55345efadfb90ca100df3e18eb3cdaa9eb0599415645d75cb8626ba49?s=96&d=mm&r=g\",\"url\":\"https:\\\/\\\/secure.gravatar.com\\\/avatar\\\/4d571ff55345efadfb90ca100df3e18eb3cdaa9eb0599415645d75cb8626ba49?s=96&d=mm&r=g\",\"contentUrl\":\"https:\\\/\\\/secure.gravatar.com\\\/avatar\\\/4d571ff55345efadfb90ca100df3e18eb3cdaa9eb0599415645d75cb8626ba49?s=96&d=mm&r=g\",\"caption\":\"ESM\"},\"url\":\"https:\\\/\\\/www.etoilesportivemontoise.fr\\\/football\\\/aka\\\/9af3b8c1915118cbc5cf7cdecb87fa13c2abf1c4\\\/\"}]}<\/script>\n<!-- \/ Yoast SEO plugin. -->","yoast_head_json":{"title":"Poule de la r\u00e9serve - ESM Foot","robots":{"index":"index","follow":"follow","max-snippet":"max-snippet:-1","max-image-preview":"max-image-preview:large","max-video-preview":"max-video-preview:-1"},"canonical":"https:\/\/www.etoilesportivemontoise.fr\/football\/2014\/07\/poule-de-la-reserve\/","og_locale":"fr_FR","og_type":"article","og_title":"Poule de la r\u00e9serve - ESM Foot","og_description":"La poule de la r\u00e9serve est sortie, elle sera compos\u00e9e des \u00e9quipes suivantes : AIRE&nbsp;VA 2 AS&nbsp;BRETAGNE 1&nbsp; ENTENTE US&nbsp;HONTANX \/ JS&nbsp;VILLENEUVE&nbsp;1&nbsp; FC&nbsp;LACAJUNTE&nbsp;TURSAN&nbsp;2&nbsp; US&nbsp;LAGLORIEUSE 2 AS&nbsp;MAURRIN 2&nbsp; ES MONTOISE 2 FC&nbsp;POUDENX 1 ST&nbsp;MARTIN&nbsp;GELOUX 2&nbsp; ST&nbsp;MAURICE&nbsp;GRENADE&nbsp;U.&nbsp;2&nbsp; ST&nbsp;PERDON&nbsp;SP 1 SC&nbsp;ST&nbsp;PIERRE&nbsp;DU&nbsp;MONT&nbsp;2&nbsp;","og_url":"https:\/\/www.etoilesportivemontoise.fr\/football\/2014\/07\/poule-de-la-reserve\/","og_site_name":"ESM Foot","article_published_time":"2014-07-24T06:00:00+00:00","article_modified_time":"2024-03-24T17:13:46+00:00","author":"ESM","twitter_misc":{"\u00c9crit par":"ESM"},"schema":{"@context":"https:\/\/schema.org","@graph":[{"@type":"Article","@id":"https:\/\/www.etoilesportivemontoise.fr\/football\/2014\/07\/poule-de-la-reserve\/#article","isPartOf":{"@id":"https:\/\/www.etoilesportivemontoise.fr\/football\/2014\/07\/poule-de-la-reserve\/"},"author":{"name":"ESM","@id":"https:\/\/www.etoilesportivemontoise.fr\/football\/#\/schema\/person\/dd02b702be97ed924801c88fb2142212"},"headline":"Poule de la r\u00e9serve","datePublished":"2014-07-24T06:00:00+00:00","dateModified":"2024-03-24T17:13:46+00:00","mainEntityOfPage":{"@id":"https:\/\/www.etoilesportivemontoise.fr\/football\/2014\/07\/poule-de-la-reserve\/"},"wordCount":86,"articleSection":["Archives"],"inLanguage":"fr-FR"},{"@type":"WebPage","@id":"https:\/\/www.etoilesportivemontoise.fr\/football\/2014\/07\/poule-de-la-reserve\/","url":"https:\/\/www.etoilesportivemontoise.fr\/football\/2014\/07\/poule-de-la-reserve\/","name":"Poule de la r\u00e9serve - ESM Foot","isPartOf":{"@id":"https:\/\/www.etoilesportivemontoise.fr\/football\/#website"},"datePublished":"2014-07-24T06:00:00+00:00","dateModified":"2024-03-24T17:13:46+00:00","author":{"@id":"https:\/\/www.etoilesportivemontoise.fr\/football\/#\/schema\/person\/dd02b702be97ed924801c88fb2142212"},"breadcrumb":{"@id":"https:\/\/www.etoilesportivemontoise.fr\/football\/2014\/07\/poule-de-la-reserve\/#breadcrumb"},"inLanguage":"fr-FR","potentialAction":[{"@type":"ReadAction","target":["https:\/\/www.etoilesportivemontoise.fr\/football\/2014\/07\/poule-de-la-reserve\/"]}]},{"@type":"BreadcrumbList","@id":"https:\/\/www.etoilesportivemontoise.fr\/football\/2014\/07\/poule-de-la-reserve\/#breadcrumb","itemListElement":[{"@type":"ListItem","position":1,"name":"Accueil","item":"https:\/\/www.etoilesportivemontoise.fr\/football\/"},{"@type":"ListItem","position":2,"name":"Poule de la r\u00e9serve"}]},{"@type":"WebSite","@id":"https:\/\/www.etoilesportivemontoise.fr\/football\/#website","url":"https:\/\/www.etoilesportivemontoise.fr\/football\/","name":"ESM Foot","description":"Club Football Mont de Marsan","potentialAction":[{"@type":"SearchAction","target":{"@type":"EntryPoint","urlTemplate":"https:\/\/www.etoilesportivemontoise.fr\/football\/?s={search_term_string}"},"query-input":{"@type":"PropertyValueSpecification","valueRequired":true,"valueName":"search_term_string"}}],"inLanguage":"fr-FR"},{"@type":"Person","@id":"https:\/\/www.etoilesportivemontoise.fr\/football\/#\/schema\/person\/dd02b702be97ed924801c88fb2142212","name":"ESM","image":{"@type":"ImageObject","inLanguage":"fr-FR","@id":"https:\/\/secure.gravatar.com\/avatar\/4d571ff55345efadfb90ca100df3e18eb3cdaa9eb0599415645d75cb8626ba49?s=96&d=mm&r=g","url":"https:\/\/secure.gravatar.com\/avatar\/4d571ff55345efadfb90ca100df3e18eb3cdaa9eb0599415645d75cb8626ba49?s=96&d=mm&r=g","contentUrl":"https:\/\/secure.gravatar.com\/avatar\/4d571ff55345efadfb90ca100df3e18eb3cdaa9eb0599415645d75cb8626ba49?s=96&d=mm&r=g","caption":"ESM"},"url":"https:\/\/www.etoilesportivemontoise.fr\/football\/aka\/9af3b8c1915118cbc5cf7cdecb87fa13c2abf1c4\/"}]}},"_links":{"self":[{"href":"https:\/\/www.etoilesportivemontoise.fr\/football\/wp-json\/wp\/v2\/posts\/3447","targetHints":{"allow":["GET"]}}],"collection":[{"href":"https:\/\/www.etoilesportivemontoise.fr\/football\/wp-json\/wp\/v2\/posts"}],"about":[{"href":"https:\/\/www.etoilesportivemontoise.fr\/football\/wp-json\/wp\/v2\/types\/post"}],"author":[{"embeddable":true,"href":"https:\/\/www.etoilesportivemontoise.fr\/football\/wp-json\/wp\/v2\/users\/1"}],"replies":[{"embeddable":true,"href":"https:\/\/www.etoilesportivemontoise.fr\/football\/wp-json\/wp\/v2\/comments?post=3447"}],"version-history":[{"count":1,"href":"https:\/\/www.etoilesportivemontoise.fr\/football\/wp-json\/wp\/v2\/posts\/3447\/revisions"}],"predecessor-version":[{"id":4182,"href":"https:\/\/www.etoilesportivemontoise.fr\/football\/wp-json\/wp\/v2\/posts\/3447\/revisions\/4182"}],"wp:attachment":[{"href":"https:\/\/www.etoilesportivemontoise.fr\/football\/wp-json\/wp\/v2\/media?parent=3447"}],"wp:term":[{"taxonomy":"category","embeddable":true,"href":"https:\/\/www.etoilesportivemontoise.fr\/football\/wp-json\/wp\/v2\/categories?post=3447"},{"taxonomy":"post_tag","embeddable":true,"href":"https:\/\/www.etoilesportivemontoise.fr\/football\/wp-json\/wp\/v2\/tags?post=3447"}],"curies":[{"name":"wp","href":"https:\/\/api.w.org\/{rel}","templated":true}]}}