{"id":3455,"date":"2014-05-21T21:25:00","date_gmt":"2014-05-21T20:25:00","guid":{"rendered":"http:\/\/www.etoilesportivemontoise.fr\/football\/vous-le-croyez-ca\/"},"modified":"2024-03-24T18:13:48","modified_gmt":"2024-03-24T17:13:48","slug":"vous-le-croyez-ca","status":"publish","type":"post","link":"https:\/\/www.etoilesportivemontoise.fr\/football\/2014\/05\/vous-le-croyez-ca\/","title":{"rendered":"Vous le croyez \u00e7a ?"},"content":{"rendered":"<div>\n<div style=\"clear: both;text-align: center\"><a href=\"http:\/\/www.etoilesportivemontoise.fr\/content\/uploads\/sites\/2\/2014\/05\/18-mai.jpg\" style=\"margin-left: 1em;margin-right: 1em\"><img loading=\"lazy\" decoding=\"async\" border=\"0\" src=\"http:\/\/www.etoilesportivemontoise.fr\/content\/uploads\/sites\/2\/2014\/05\/18-mai.jpg\" height=\"226\" width=\"320\" \/><\/a><\/div>\n<div style=\"clear: both;text-align: center\"><\/div>\n<p>Dimanche, pour l\u2019ultime journ\u00e9e de championnat de la saison, l\u2019ESM recevait <b><span style=\"color: #0b5394\">Lacajunte<\/span><\/b>. Notre club jouait gros, puisqu\u2019il se devait d\u2019engranger au moins 2 points pour assurer la mont\u00e9e\u2026<\/div>\n<div><\/div>\n<div>La gestion des organismes allait \u00eatre une composante importante de la partie, au vue de la chaleur torride qui s\u00e9vissait sur le Moun en ce mois de mai. Xavier tenta le premier sa chance, d\u2019une frappe de 20 m\u00e8tres, malheureusement non cadr\u00e9e.<\/div>\n<div><\/div>\n<div>Les 2 \u00e9quipes se rendaient coup pour coup, et le rythme atteignait un niveau impressionnant, compte tenu du niveau de mercure. Martin pu s\u2019approcher suffisamment de la surface pour devenir mena\u00e7ant mais sa tentative fut annihil\u00e9e de mani\u00e8re virile par le d\u00e9fenseur tursannais. Le coup franc qui suivit fut pris en charge par Gwena\u00ebl, dont la frappe fut repouss\u00e9e par le mur.<\/div>\n<div><\/div>\n<div><a name='more'><\/a>Les stellistes se virent r\u00e9compens\u00e9s de leurs efforts peu avant la fin de la premi\u00e8re p\u00e9riode. Apr\u00e8s que Jeremy ai fait don de son corps \u00e0 la science sur ce qu\u2019on pourrait comparer \u00e0 un plaquage cath\u00e9drale, Maxime fit un bon travail de r\u00e9cup\u00e9ration qui profita \u00e0 Anthony, ce dernier servant id\u00e9alement Xavier qui trompa le gardien d\u2019une frappe crois\u00e9e (1-0).<\/div>\n<div><\/div>\n<div><\/div>\n<div><\/div>\n<div>Mais nos gar\u00e7ons ne souhaitaient pas en rester l\u00e0, conscients que ce maigre avantage ne suffirait peut \u00eatre pas. Paul r\u00e9ussit notamment \u00e0 se d\u00e9faire de son marquage pour tenter de nettoyer la toile d\u2019araign\u00e9e, mais sans succ\u00e8s.<\/div>\n<div><\/div>\n<div>Au retour des vestiaires, les visiteurs se procur\u00e8rent leur premi\u00e8re occasion vraiment dangereuse de la partie, heureusement d\u00e9jou\u00e9e in-extremis par les bianconeris. Ces derniers tent\u00e8rent de r\u00e9pliquer, notamment par Anthony, qui par deux fois ne pu ajuster ses t\u00eates comme il l\u2019aurait souhait\u00e9.<\/div>\n<div><\/div>\n<div>Peu avant la \u00bd heure de jeu, les visiteurs purent concr\u00e9tiser leur temps fort en inscrivant ce but qui leur permettait d\u2019\u00e9galiser, et surtout de faire douter leurs h\u00f4tes pour lesquels la d\u00e9faite \u00e9tait interdite, sous peine de se voir priv\u00e9s de la mont\u00e9e (1-1).<\/div>\n<div><\/div>\n<div>Cinq minutes plus tard, Paulin, entr\u00e9 en jeu entre-temps, d\u00e9clencha une premi\u00e8re action dangereuse dans l\u2019axe apr\u00e8s avoir pris de vitesse le lat\u00e9ral orange. H\u00e9las, sa tentative passa \u00e0 quelques centim\u00e8tres du montant gauche\u2026<\/div>\n<div><\/div>\n<div>D\u00e8s lors, la possession de balle tourna \u00e0 nouveau \u00e0 l\u2019avantage de nos gar\u00e7ons, qui avaient \u00e0 c\u0153ur de bien terminer la rencontre, comme ils le font fr\u00e9quemment. Malgr\u00e9 un contre assassin de leurs adversaires qui aurait pu faire mouche, Anthony poursuivit son travail de sape, d\u00e9cochant une ultime t\u00eate, trop crois\u00e9e cette fois-ci, puis rata sa reprise sur une longue transversale de Gwena\u00ebl.<\/div>\n<div><\/div>\n<div>Mais il \u00e9tait dit que les protagonistes se s\u00e9pareraient donc sur le m\u00eame score de parit\u00e9 qu\u2019au match aller, un score toutefois suffisant \u00e0 l\u2019Etoile pour maintenir \u00e0 distance ses poursuivants au classement\u2026<\/div>\n<div><\/div>\n<div><i>Vous le croyez \u00e7a<\/i>&nbsp;? <b><span style=\"color: orange\">Les Seniors sont en Promotion d\u2019Honneur ligue&nbsp;!!!<\/span><\/b><\/div>\n<div><\/div>\n<div>Nous souhaitons un bon r\u00e9tablissement \u00e0 notre cher capitaine Julien, victime d\u2019une blessure \u00e0 la cheville au cours de ce match, et qui a largement contribu\u00e9 \u00e0 cette mont\u00e9e tout au long de la saison&#8230;<\/div>\n<div><\/div>\n<div>F\u00e9licitations \u00e0 tous pour cette saison riche en rebondissements et qui a su nous tenir en haleine jusqu\u2019au dernier match\u2026<\/div>\n<div><\/div>\n<div>Allez l\u2019ESM&nbsp;!<\/div>\n<div><\/div>\n<div>Consultez <a href=\"https:\/\/plus.google.com\/photos\/103714954216275648745\/albums\/6015972750605824145?authkey=CO2e3_Dcp8e9Xw\" target=\"_blank\" rel=\"noopener\">les photos du match<\/a>.<\/div>\n","protected":false},"excerpt":{"rendered":"<p>Dimanche, pour l\u2019ultime journ\u00e9e de championnat de la saison, l\u2019ESM recevait Lacajunte. Notre club jouait gros, puisqu\u2019il se devait d\u2019engranger au moins 2 points pour assurer la mont\u00e9e\u2026 La gestion des organismes allait \u00eatre une composante importante de la partie, au vue de la chaleur&#8230;<\/p>\n","protected":false},"author":1,"featured_media":3793,"comment_status":"closed","ping_status":"closed","sticky":false,"template":"","format":"standard","meta":{"footnotes":""},"categories":[28],"tags":[],"class_list":["post-3455","post","type-post","status-publish","format-standard","has-post-thumbnail","hentry","category-old"],"yoast_head":"<!-- This site is optimized with the Yoast SEO plugin v27.3 - https:\/\/yoast.com\/product\/yoast-seo-wordpress\/ -->\n<title>Vous le croyez \u00e7a ? - ESM Foot<\/title>\n<meta name=\"robots\" content=\"index, follow, max-snippet:-1, max-image-preview:large, max-video-preview:-1\" \/>\n<link rel=\"canonical\" href=\"https:\/\/www.etoilesportivemontoise.fr\/football\/2014\/05\/vous-le-croyez-ca\/\" \/>\n<meta property=\"og:locale\" content=\"fr_FR\" \/>\n<meta property=\"og:type\" content=\"article\" \/>\n<meta property=\"og:title\" content=\"Vous le croyez \u00e7a ? - ESM Foot\" \/>\n<meta property=\"og:description\" content=\"Dimanche, pour l\u2019ultime journ\u00e9e de championnat de la saison, l\u2019ESM recevait Lacajunte. Notre club jouait gros, puisqu\u2019il se devait d\u2019engranger au moins 2 points pour assurer la mont\u00e9e\u2026 La gestion des organismes allait \u00eatre une composante importante de la partie, au vue de la chaleur...\" \/>\n<meta property=\"og:url\" content=\"https:\/\/www.etoilesportivemontoise.fr\/football\/2014\/05\/vous-le-croyez-ca\/\" \/>\n<meta property=\"og:site_name\" content=\"ESM Foot\" \/>\n<meta property=\"article:published_time\" content=\"2014-05-21T20:25:00+00:00\" \/>\n<meta property=\"article:modified_time\" content=\"2024-03-24T17:13:48+00:00\" \/>\n<meta property=\"og:image\" content=\"https:\/\/www.etoilesportivemontoise.fr\/content\/uploads\/sites\/2\/2014\/05\/18-mai.jpg\" \/>\n\t<meta property=\"og:image:width\" content=\"1024\" \/>\n\t<meta property=\"og:image:height\" content=\"724\" \/>\n\t<meta property=\"og:image:type\" content=\"image\/jpeg\" \/>\n<meta name=\"author\" content=\"ESM\" \/>\n<meta name=\"twitter:label1\" content=\"\u00c9crit par\" \/>\n\t<meta name=\"twitter:data1\" content=\"ESM\" \/>\n\t<meta name=\"twitter:label2\" content=\"Dur\u00e9e de lecture estim\u00e9e\" \/>\n\t<meta name=\"twitter:data2\" content=\"3 minutes\" \/>\n<script type=\"application\/ld+json\" class=\"yoast-schema-graph\">{\"@context\":\"https:\\\/\\\/schema.org\",\"@graph\":[{\"@type\":\"Article\",\"@id\":\"https:\\\/\\\/www.etoilesportivemontoise.fr\\\/football\\\/2014\\\/05\\\/vous-le-croyez-ca\\\/#article\",\"isPartOf\":{\"@id\":\"https:\\\/\\\/www.etoilesportivemontoise.fr\\\/football\\\/2014\\\/05\\\/vous-le-croyez-ca\\\/\"},\"author\":{\"name\":\"ESM\",\"@id\":\"https:\\\/\\\/www.etoilesportivemontoise.fr\\\/football\\\/#\\\/schema\\\/person\\\/dd02b702be97ed924801c88fb2142212\"},\"headline\":\"Vous le croyez \u00e7a ?\",\"datePublished\":\"2014-05-21T20:25:00+00:00\",\"dateModified\":\"2024-03-24T17:13:48+00:00\",\"mainEntityOfPage\":{\"@id\":\"https:\\\/\\\/www.etoilesportivemontoise.fr\\\/football\\\/2014\\\/05\\\/vous-le-croyez-ca\\\/\"},\"wordCount\":588,\"image\":{\"@id\":\"https:\\\/\\\/www.etoilesportivemontoise.fr\\\/football\\\/2014\\\/05\\\/vous-le-croyez-ca\\\/#primaryimage\"},\"thumbnailUrl\":\"https:\\\/\\\/www.etoilesportivemontoise.fr\\\/content\\\/uploads\\\/sites\\\/2\\\/2014\\\/05\\\/18-mai.jpg\",\"articleSection\":[\"Archives\"],\"inLanguage\":\"fr-FR\"},{\"@type\":\"WebPage\",\"@id\":\"https:\\\/\\\/www.etoilesportivemontoise.fr\\\/football\\\/2014\\\/05\\\/vous-le-croyez-ca\\\/\",\"url\":\"https:\\\/\\\/www.etoilesportivemontoise.fr\\\/football\\\/2014\\\/05\\\/vous-le-croyez-ca\\\/\",\"name\":\"Vous le croyez \u00e7a ? - ESM Foot\",\"isPartOf\":{\"@id\":\"https:\\\/\\\/www.etoilesportivemontoise.fr\\\/football\\\/#website\"},\"primaryImageOfPage\":{\"@id\":\"https:\\\/\\\/www.etoilesportivemontoise.fr\\\/football\\\/2014\\\/05\\\/vous-le-croyez-ca\\\/#primaryimage\"},\"image\":{\"@id\":\"https:\\\/\\\/www.etoilesportivemontoise.fr\\\/football\\\/2014\\\/05\\\/vous-le-croyez-ca\\\/#primaryimage\"},\"thumbnailUrl\":\"https:\\\/\\\/www.etoilesportivemontoise.fr\\\/content\\\/uploads\\\/sites\\\/2\\\/2014\\\/05\\\/18-mai.jpg\",\"datePublished\":\"2014-05-21T20:25:00+00:00\",\"dateModified\":\"2024-03-24T17:13:48+00:00\",\"author\":{\"@id\":\"https:\\\/\\\/www.etoilesportivemontoise.fr\\\/football\\\/#\\\/schema\\\/person\\\/dd02b702be97ed924801c88fb2142212\"},\"breadcrumb\":{\"@id\":\"https:\\\/\\\/www.etoilesportivemontoise.fr\\\/football\\\/2014\\\/05\\\/vous-le-croyez-ca\\\/#breadcrumb\"},\"inLanguage\":\"fr-FR\",\"potentialAction\":[{\"@type\":\"ReadAction\",\"target\":[\"https:\\\/\\\/www.etoilesportivemontoise.fr\\\/football\\\/2014\\\/05\\\/vous-le-croyez-ca\\\/\"]}]},{\"@type\":\"ImageObject\",\"inLanguage\":\"fr-FR\",\"@id\":\"https:\\\/\\\/www.etoilesportivemontoise.fr\\\/football\\\/2014\\\/05\\\/vous-le-croyez-ca\\\/#primaryimage\",\"url\":\"https:\\\/\\\/www.etoilesportivemontoise.fr\\\/content\\\/uploads\\\/sites\\\/2\\\/2014\\\/05\\\/18-mai.jpg\",\"contentUrl\":\"https:\\\/\\\/www.etoilesportivemontoise.fr\\\/content\\\/uploads\\\/sites\\\/2\\\/2014\\\/05\\\/18-mai.jpg\",\"width\":1024,\"height\":724},{\"@type\":\"BreadcrumbList\",\"@id\":\"https:\\\/\\\/www.etoilesportivemontoise.fr\\\/football\\\/2014\\\/05\\\/vous-le-croyez-ca\\\/#breadcrumb\",\"itemListElement\":[{\"@type\":\"ListItem\",\"position\":1,\"name\":\"Accueil\",\"item\":\"https:\\\/\\\/www.etoilesportivemontoise.fr\\\/football\\\/\"},{\"@type\":\"ListItem\",\"position\":2,\"name\":\"Vous le croyez \u00e7a ?\"}]},{\"@type\":\"WebSite\",\"@id\":\"https:\\\/\\\/www.etoilesportivemontoise.fr\\\/football\\\/#website\",\"url\":\"https:\\\/\\\/www.etoilesportivemontoise.fr\\\/football\\\/\",\"name\":\"ESM Foot\",\"description\":\"Club Football Mont de Marsan\",\"potentialAction\":[{\"@type\":\"SearchAction\",\"target\":{\"@type\":\"EntryPoint\",\"urlTemplate\":\"https:\\\/\\\/www.etoilesportivemontoise.fr\\\/football\\\/?s={search_term_string}\"},\"query-input\":{\"@type\":\"PropertyValueSpecification\",\"valueRequired\":true,\"valueName\":\"search_term_string\"}}],\"inLanguage\":\"fr-FR\"},{\"@type\":\"Person\",\"@id\":\"https:\\\/\\\/www.etoilesportivemontoise.fr\\\/football\\\/#\\\/schema\\\/person\\\/dd02b702be97ed924801c88fb2142212\",\"name\":\"ESM\",\"image\":{\"@type\":\"ImageObject\",\"inLanguage\":\"fr-FR\",\"@id\":\"https:\\\/\\\/secure.gravatar.com\\\/avatar\\\/4d571ff55345efadfb90ca100df3e18eb3cdaa9eb0599415645d75cb8626ba49?s=96&d=mm&r=g\",\"url\":\"https:\\\/\\\/secure.gravatar.com\\\/avatar\\\/4d571ff55345efadfb90ca100df3e18eb3cdaa9eb0599415645d75cb8626ba49?s=96&d=mm&r=g\",\"contentUrl\":\"https:\\\/\\\/secure.gravatar.com\\\/avatar\\\/4d571ff55345efadfb90ca100df3e18eb3cdaa9eb0599415645d75cb8626ba49?s=96&d=mm&r=g\",\"caption\":\"ESM\"},\"url\":\"https:\\\/\\\/www.etoilesportivemontoise.fr\\\/football\\\/aka\\\/9af3b8c1915118cbc5cf7cdecb87fa13c2abf1c4\\\/\"}]}<\/script>\n<!-- \/ Yoast SEO plugin. -->","yoast_head_json":{"title":"Vous le croyez \u00e7a ? - ESM Foot","robots":{"index":"index","follow":"follow","max-snippet":"max-snippet:-1","max-image-preview":"max-image-preview:large","max-video-preview":"max-video-preview:-1"},"canonical":"https:\/\/www.etoilesportivemontoise.fr\/football\/2014\/05\/vous-le-croyez-ca\/","og_locale":"fr_FR","og_type":"article","og_title":"Vous le croyez \u00e7a ? - ESM Foot","og_description":"Dimanche, pour l\u2019ultime journ\u00e9e de championnat de la saison, l\u2019ESM recevait Lacajunte. Notre club jouait gros, puisqu\u2019il se devait d\u2019engranger au moins 2 points pour assurer la mont\u00e9e\u2026 La gestion des organismes allait \u00eatre une composante importante de la partie, au vue de la chaleur...","og_url":"https:\/\/www.etoilesportivemontoise.fr\/football\/2014\/05\/vous-le-croyez-ca\/","og_site_name":"ESM Foot","article_published_time":"2014-05-21T20:25:00+00:00","article_modified_time":"2024-03-24T17:13:48+00:00","og_image":[{"width":1024,"height":724,"url":"https:\/\/www.etoilesportivemontoise.fr\/content\/uploads\/sites\/2\/2014\/05\/18-mai.jpg","type":"image\/jpeg"}],"author":"ESM","twitter_misc":{"\u00c9crit par":"ESM","Dur\u00e9e de lecture estim\u00e9e":"3 minutes"},"schema":{"@context":"https:\/\/schema.org","@graph":[{"@type":"Article","@id":"https:\/\/www.etoilesportivemontoise.fr\/football\/2014\/05\/vous-le-croyez-ca\/#article","isPartOf":{"@id":"https:\/\/www.etoilesportivemontoise.fr\/football\/2014\/05\/vous-le-croyez-ca\/"},"author":{"name":"ESM","@id":"https:\/\/www.etoilesportivemontoise.fr\/football\/#\/schema\/person\/dd02b702be97ed924801c88fb2142212"},"headline":"Vous le croyez \u00e7a ?","datePublished":"2014-05-21T20:25:00+00:00","dateModified":"2024-03-24T17:13:48+00:00","mainEntityOfPage":{"@id":"https:\/\/www.etoilesportivemontoise.fr\/football\/2014\/05\/vous-le-croyez-ca\/"},"wordCount":588,"image":{"@id":"https:\/\/www.etoilesportivemontoise.fr\/football\/2014\/05\/vous-le-croyez-ca\/#primaryimage"},"thumbnailUrl":"https:\/\/www.etoilesportivemontoise.fr\/content\/uploads\/sites\/2\/2014\/05\/18-mai.jpg","articleSection":["Archives"],"inLanguage":"fr-FR"},{"@type":"WebPage","@id":"https:\/\/www.etoilesportivemontoise.fr\/football\/2014\/05\/vous-le-croyez-ca\/","url":"https:\/\/www.etoilesportivemontoise.fr\/football\/2014\/05\/vous-le-croyez-ca\/","name":"Vous le croyez \u00e7a ? - ESM Foot","isPartOf":{"@id":"https:\/\/www.etoilesportivemontoise.fr\/football\/#website"},"primaryImageOfPage":{"@id":"https:\/\/www.etoilesportivemontoise.fr\/football\/2014\/05\/vous-le-croyez-ca\/#primaryimage"},"image":{"@id":"https:\/\/www.etoilesportivemontoise.fr\/football\/2014\/05\/vous-le-croyez-ca\/#primaryimage"},"thumbnailUrl":"https:\/\/www.etoilesportivemontoise.fr\/content\/uploads\/sites\/2\/2014\/05\/18-mai.jpg","datePublished":"2014-05-21T20:25:00+00:00","dateModified":"2024-03-24T17:13:48+00:00","author":{"@id":"https:\/\/www.etoilesportivemontoise.fr\/football\/#\/schema\/person\/dd02b702be97ed924801c88fb2142212"},"breadcrumb":{"@id":"https:\/\/www.etoilesportivemontoise.fr\/football\/2014\/05\/vous-le-croyez-ca\/#breadcrumb"},"inLanguage":"fr-FR","potentialAction":[{"@type":"ReadAction","target":["https:\/\/www.etoilesportivemontoise.fr\/football\/2014\/05\/vous-le-croyez-ca\/"]}]},{"@type":"ImageObject","inLanguage":"fr-FR","@id":"https:\/\/www.etoilesportivemontoise.fr\/football\/2014\/05\/vous-le-croyez-ca\/#primaryimage","url":"https:\/\/www.etoilesportivemontoise.fr\/content\/uploads\/sites\/2\/2014\/05\/18-mai.jpg","contentUrl":"https:\/\/www.etoilesportivemontoise.fr\/content\/uploads\/sites\/2\/2014\/05\/18-mai.jpg","width":1024,"height":724},{"@type":"BreadcrumbList","@id":"https:\/\/www.etoilesportivemontoise.fr\/football\/2014\/05\/vous-le-croyez-ca\/#breadcrumb","itemListElement":[{"@type":"ListItem","position":1,"name":"Accueil","item":"https:\/\/www.etoilesportivemontoise.fr\/football\/"},{"@type":"ListItem","position":2,"name":"Vous le croyez \u00e7a ?"}]},{"@type":"WebSite","@id":"https:\/\/www.etoilesportivemontoise.fr\/football\/#website","url":"https:\/\/www.etoilesportivemontoise.fr\/football\/","name":"ESM Foot","description":"Club Football Mont de Marsan","potentialAction":[{"@type":"SearchAction","target":{"@type":"EntryPoint","urlTemplate":"https:\/\/www.etoilesportivemontoise.fr\/football\/?s={search_term_string}"},"query-input":{"@type":"PropertyValueSpecification","valueRequired":true,"valueName":"search_term_string"}}],"inLanguage":"fr-FR"},{"@type":"Person","@id":"https:\/\/www.etoilesportivemontoise.fr\/football\/#\/schema\/person\/dd02b702be97ed924801c88fb2142212","name":"ESM","image":{"@type":"ImageObject","inLanguage":"fr-FR","@id":"https:\/\/secure.gravatar.com\/avatar\/4d571ff55345efadfb90ca100df3e18eb3cdaa9eb0599415645d75cb8626ba49?s=96&d=mm&r=g","url":"https:\/\/secure.gravatar.com\/avatar\/4d571ff55345efadfb90ca100df3e18eb3cdaa9eb0599415645d75cb8626ba49?s=96&d=mm&r=g","contentUrl":"https:\/\/secure.gravatar.com\/avatar\/4d571ff55345efadfb90ca100df3e18eb3cdaa9eb0599415645d75cb8626ba49?s=96&d=mm&r=g","caption":"ESM"},"url":"https:\/\/www.etoilesportivemontoise.fr\/football\/aka\/9af3b8c1915118cbc5cf7cdecb87fa13c2abf1c4\/"}]}},"_links":{"self":[{"href":"https:\/\/www.etoilesportivemontoise.fr\/football\/wp-json\/wp\/v2\/posts\/3455","targetHints":{"allow":["GET"]}}],"collection":[{"href":"https:\/\/www.etoilesportivemontoise.fr\/football\/wp-json\/wp\/v2\/posts"}],"about":[{"href":"https:\/\/www.etoilesportivemontoise.fr\/football\/wp-json\/wp\/v2\/types\/post"}],"author":[{"embeddable":true,"href":"https:\/\/www.etoilesportivemontoise.fr\/football\/wp-json\/wp\/v2\/users\/1"}],"replies":[{"embeddable":true,"href":"https:\/\/www.etoilesportivemontoise.fr\/football\/wp-json\/wp\/v2\/comments?post=3455"}],"version-history":[{"count":2,"href":"https:\/\/www.etoilesportivemontoise.fr\/football\/wp-json\/wp\/v2\/posts\/3455\/revisions"}],"predecessor-version":[{"id":5152,"href":"https:\/\/www.etoilesportivemontoise.fr\/football\/wp-json\/wp\/v2\/posts\/3455\/revisions\/5152"}],"wp:featuredmedia":[{"embeddable":true,"href":"https:\/\/www.etoilesportivemontoise.fr\/football\/wp-json\/wp\/v2\/media\/3793"}],"wp:attachment":[{"href":"https:\/\/www.etoilesportivemontoise.fr\/football\/wp-json\/wp\/v2\/media?parent=3455"}],"wp:term":[{"taxonomy":"category","embeddable":true,"href":"https:\/\/www.etoilesportivemontoise.fr\/football\/wp-json\/wp\/v2\/categories?post=3455"},{"taxonomy":"post_tag","embeddable":true,"href":"https:\/\/www.etoilesportivemontoise.fr\/football\/wp-json\/wp\/v2\/tags?post=3455"}],"curies":[{"name":"wp","href":"https:\/\/api.w.org\/{rel}","templated":true}]}}