{"id":3459,"date":"2014-05-13T21:52:00","date_gmt":"2014-05-13T20:52:00","guid":{"rendered":"http:\/\/www.etoilesportivemontoise.fr\/football\/letoile-dynamite-grenade\/"},"modified":"2024-03-24T18:13:49","modified_gmt":"2024-03-24T17:13:49","slug":"letoile-dynamite-grenade","status":"publish","type":"post","link":"https:\/\/www.etoilesportivemontoise.fr\/football\/2014\/05\/letoile-dynamite-grenade\/","title":{"rendered":"L\u2019Etoile dynamite Grenade"},"content":{"rendered":"<div>\n<div style=\"clear: both;text-align: center\"><a href=\"http:\/\/www.etoilesportivemontoise.fr\/content\/uploads\/sites\/2\/2014\/05\/images-3-.jpg\" style=\"margin-left: 1em;margin-right: 1em\"><img decoding=\"async\" border=\"0\" src=\"http:\/\/www.etoilesportivemontoise.fr\/content\/uploads\/sites\/2\/2014\/05\/images-3-.jpg\" \/><\/a><\/div>\n<div style=\"clear: both;text-align: center\"><\/div>\n<p>Avant-dernier match de la saison, le derby qui opposait Grenade\/St Maurice \u00e0 l\u2019ESM promettait de livrer sa dose d\u2019\u00e9motion, car pour les deux \u00e9quipes, une victoire \u00e9tait capitale\u2026<\/p><\/div>\n<div><\/div>\n<div>Si les visiteurs firent preuve tout au long du match d\u2019une ma\u00eetrise sup\u00e9rieure \u00e0 leurs adversaires, ils s\u2019exposaient \u00e0 tout moment aux contres des grenadois, tr\u00e8s port\u00e9s vers l\u2019avant d\u00e8s qu\u2019ils r\u00e9cup\u00e9raient la balle.<\/div>\n<div><\/div>\n<div>Malgr\u00e9 une tr\u00e8s bonne fluidit\u00e9 dans le jeu, les n\u00f4tres eurent du mal \u00e0 scorer, cons\u00e9quence d\u2019une relative maladresse devant les cages. En outre, de bons d\u00e9bordements de nos ailiers et de nos lat\u00e9raux permirent de disposer de plusieurs occasions, notamment pour Xavier.<\/div>\n<div><\/div>\n<div><a name='more'><\/a>Au \u00bc d\u2019heure de jeu, Anthony eu l\u2019opportunit\u00e9 d\u2019ouvrir le score, mais son pied mal verrouill\u00e9 envoya le cuir largement au-dessus de la transversale. Quelquesinstants plus tard, le m\u00eame Anthony, apr\u00e8s avoir pris de vitesse son vis-\u00e0-vis, adressa un centre-tir millim\u00e9tr\u00e9, mais h\u00e9las ni Pierre ni Xavier, pr\u00e9sents dans la surface, ne purent faire fructifier cette offrande\u2026<\/div>\n<div><\/div>\n<div>Les montois prirent tout de m\u00eame l\u2019avantage sur une belle action de Xavier, qui, apr\u00e8s s\u2019\u00eatre d\u00e9fait de deux d\u00e9fenseurs, ne laissait aucune chance au portier mauri\u00e7ois (0-1).<\/div>\n<div><\/div>\n<div><\/div>\n<div><\/div>\n<div>Ce petit avantage ne d\u00e9couragea pas nos h\u00f4tes, plus que jamais combatifs. Mais les stellistes se montraient toujours entreprenants, \u00e0 l\u2019image de J\u00e9r\u00e9my qui tenta sa chance de 20 m\u00e8tres d\u2019une frappe s\u00e8che qui obligea le goal adverse \u00e0 s\u2019employer. <\/div>\n<div><\/div>\n<div>Quelques instants plus tard, Maxime, \u00e0 la r\u00e9ception d\u2019un corner, nous gratifia d\u2019un geste acrobatique, proche d\u2019une bicyclette, qui faillit faire mouche.<\/div>\n<div><\/div>\n<div>Au retour des vestiaires, les prot\u00e9g\u00e9s de C\u00e9dric poursuivirent leur domination territoriale, s\u2019\u00e9vertuant \u00e0 faire vivre le ballon, et \u00e0 se rendre disponibles, ce qui ne fut pas sans engendrer quelques gestes d\u2019agacement de la part des bleus et noirs.<\/div>\n<div><\/div>\n<div>Condamn\u00e9s \u00e0 marquer un but, les pensionnaires du Gravier commen\u00e7aient \u00e0 s\u2019exposer \u00e0 nos contres. Une longue balle en profondeur aurait pu profiter \u00e0 Anthony, mais ce dernier se vit subtiliser le cuir d\u2019une pichenette par le dernier d\u00e9fenseur. Quelques instants plus tard, un coup franc de Jeremy ne trouva pas preneur, Paulin \u00e9tant l\u00e9g\u00e8rement trop court au moment de placer sa t\u00eate.<\/div>\n<div><\/div>\n<div>Surpass\u00e9s techniquement et dans le pressing, nos adversaires du jour rencontraient de plus en plus de difficult\u00e9s \u00e0 ressortir les ballons et produisaient davantage d\u2019erreurs individuelles. Suite \u00e0 une faute commise sur Paulin, l\u2019ESM obtint un coup franc bien plac\u00e9 \u00e0 un m\u00e8tre environ de la surface. Xavier se chargea de le tirer, alors que Paul, d\u2019une belle reprise crucifia le gardien (0-2).<\/div>\n<div><\/div>\n<div><\/div>\n<div><\/div>\n<div>Confort\u00e9s par ce break, nos gar\u00e7ons jou\u00e8rent plus lib\u00e9r\u00e9s, Gwena\u00ebl s\u2019autorisant m\u00eame une bicyclette qui tutoya le montant droit. Le m\u00eame Gwena\u00ebl r\u00e9ussit quelques minutes plus tard \u00e0 se d\u00e9faire de son marquage et pu servir id\u00e9alement Baptiste, pour un troisi\u00e8me but qui tua d\u00e9finitivement le match (0-3).<\/div>\n<div><\/div>\n<div><\/div>\n<div><\/div>\n<div>Un r\u00e9sultat encourageant avant un dernier effort \u00e0 produire \u00e0 domicile, le 18 mai, mais cela sera un autre match\u2026<\/div>\n<div><\/div>\n<div>Consultez <a href=\"https:\/\/plus.google.com\/photos\/103714954216275648745\/albums\/6013011844169527425?authkey=CI6ciIrepL7oTg\" target=\"_blank\" rel=\"noopener\">les photos de la rencontre<\/a>.<\/div>\n<div><\/div>\n<div><\/div>\n","protected":false},"excerpt":{"rendered":"<p>Avant-dernier match de la saison, le derby qui opposait Grenade\/St Maurice \u00e0 l\u2019ESM promettait de livrer sa dose d\u2019\u00e9motion, car pour les deux \u00e9quipes, une victoire \u00e9tait capitale\u2026 Si les visiteurs firent preuve tout au long du match d\u2019une ma\u00eetrise sup\u00e9rieure \u00e0 leurs adversaires, ils&#8230;<\/p>\n","protected":false},"author":1,"featured_media":3797,"comment_status":"closed","ping_status":"closed","sticky":false,"template":"","format":"standard","meta":{"footnotes":""},"categories":[28],"tags":[],"class_list":["post-3459","post","type-post","status-publish","format-standard","has-post-thumbnail","hentry","category-old"],"yoast_head":"<!-- This site is optimized with the Yoast SEO plugin v27.3 - https:\/\/yoast.com\/product\/yoast-seo-wordpress\/ -->\n<title>L\u2019Etoile dynamite Grenade - ESM Foot<\/title>\n<meta name=\"robots\" content=\"index, follow, max-snippet:-1, max-image-preview:large, max-video-preview:-1\" \/>\n<link rel=\"canonical\" href=\"https:\/\/www.etoilesportivemontoise.fr\/football\/2014\/05\/letoile-dynamite-grenade\/\" \/>\n<meta property=\"og:locale\" content=\"fr_FR\" \/>\n<meta property=\"og:type\" content=\"article\" \/>\n<meta property=\"og:title\" content=\"L\u2019Etoile dynamite Grenade - ESM Foot\" \/>\n<meta property=\"og:description\" content=\"Avant-dernier match de la saison, le derby qui opposait Grenade\/St Maurice \u00e0 l\u2019ESM promettait de livrer sa dose d\u2019\u00e9motion, car pour les deux \u00e9quipes, une victoire \u00e9tait capitale\u2026 Si les visiteurs firent preuve tout au long du match d\u2019une ma\u00eetrise sup\u00e9rieure \u00e0 leurs adversaires, ils...\" \/>\n<meta property=\"og:url\" content=\"https:\/\/www.etoilesportivemontoise.fr\/football\/2014\/05\/letoile-dynamite-grenade\/\" \/>\n<meta property=\"og:site_name\" content=\"ESM Foot\" \/>\n<meta property=\"article:published_time\" content=\"2014-05-13T20:52:00+00:00\" \/>\n<meta property=\"article:modified_time\" content=\"2024-03-24T17:13:49+00:00\" \/>\n<meta property=\"og:image\" content=\"https:\/\/www.etoilesportivemontoise.fr\/content\/uploads\/sites\/2\/2014\/05\/images-3-.jpg\" \/>\n\t<meta property=\"og:image:width\" content=\"258\" \/>\n\t<meta property=\"og:image:height\" content=\"195\" \/>\n\t<meta property=\"og:image:type\" content=\"image\/jpeg\" \/>\n<meta name=\"author\" content=\"ESM\" \/>\n<meta name=\"twitter:label1\" content=\"\u00c9crit par\" \/>\n\t<meta name=\"twitter:data1\" content=\"ESM\" \/>\n\t<meta name=\"twitter:label2\" content=\"Dur\u00e9e de lecture estim\u00e9e\" \/>\n\t<meta name=\"twitter:data2\" content=\"3 minutes\" \/>\n<script type=\"application\/ld+json\" class=\"yoast-schema-graph\">{\"@context\":\"https:\\\/\\\/schema.org\",\"@graph\":[{\"@type\":\"Article\",\"@id\":\"https:\\\/\\\/www.etoilesportivemontoise.fr\\\/football\\\/2014\\\/05\\\/letoile-dynamite-grenade\\\/#article\",\"isPartOf\":{\"@id\":\"https:\\\/\\\/www.etoilesportivemontoise.fr\\\/football\\\/2014\\\/05\\\/letoile-dynamite-grenade\\\/\"},\"author\":{\"name\":\"ESM\",\"@id\":\"https:\\\/\\\/www.etoilesportivemontoise.fr\\\/football\\\/#\\\/schema\\\/person\\\/dd02b702be97ed924801c88fb2142212\"},\"headline\":\"L\u2019Etoile dynamite Grenade\",\"datePublished\":\"2014-05-13T20:52:00+00:00\",\"dateModified\":\"2024-03-24T17:13:49+00:00\",\"mainEntityOfPage\":{\"@id\":\"https:\\\/\\\/www.etoilesportivemontoise.fr\\\/football\\\/2014\\\/05\\\/letoile-dynamite-grenade\\\/\"},\"wordCount\":558,\"image\":{\"@id\":\"https:\\\/\\\/www.etoilesportivemontoise.fr\\\/football\\\/2014\\\/05\\\/letoile-dynamite-grenade\\\/#primaryimage\"},\"thumbnailUrl\":\"https:\\\/\\\/www.etoilesportivemontoise.fr\\\/content\\\/uploads\\\/sites\\\/2\\\/2014\\\/05\\\/images-3-.jpg\",\"articleSection\":[\"Archives\"],\"inLanguage\":\"fr-FR\"},{\"@type\":\"WebPage\",\"@id\":\"https:\\\/\\\/www.etoilesportivemontoise.fr\\\/football\\\/2014\\\/05\\\/letoile-dynamite-grenade\\\/\",\"url\":\"https:\\\/\\\/www.etoilesportivemontoise.fr\\\/football\\\/2014\\\/05\\\/letoile-dynamite-grenade\\\/\",\"name\":\"L\u2019Etoile dynamite Grenade - ESM Foot\",\"isPartOf\":{\"@id\":\"https:\\\/\\\/www.etoilesportivemontoise.fr\\\/football\\\/#website\"},\"primaryImageOfPage\":{\"@id\":\"https:\\\/\\\/www.etoilesportivemontoise.fr\\\/football\\\/2014\\\/05\\\/letoile-dynamite-grenade\\\/#primaryimage\"},\"image\":{\"@id\":\"https:\\\/\\\/www.etoilesportivemontoise.fr\\\/football\\\/2014\\\/05\\\/letoile-dynamite-grenade\\\/#primaryimage\"},\"thumbnailUrl\":\"https:\\\/\\\/www.etoilesportivemontoise.fr\\\/content\\\/uploads\\\/sites\\\/2\\\/2014\\\/05\\\/images-3-.jpg\",\"datePublished\":\"2014-05-13T20:52:00+00:00\",\"dateModified\":\"2024-03-24T17:13:49+00:00\",\"author\":{\"@id\":\"https:\\\/\\\/www.etoilesportivemontoise.fr\\\/football\\\/#\\\/schema\\\/person\\\/dd02b702be97ed924801c88fb2142212\"},\"breadcrumb\":{\"@id\":\"https:\\\/\\\/www.etoilesportivemontoise.fr\\\/football\\\/2014\\\/05\\\/letoile-dynamite-grenade\\\/#breadcrumb\"},\"inLanguage\":\"fr-FR\",\"potentialAction\":[{\"@type\":\"ReadAction\",\"target\":[\"https:\\\/\\\/www.etoilesportivemontoise.fr\\\/football\\\/2014\\\/05\\\/letoile-dynamite-grenade\\\/\"]}]},{\"@type\":\"ImageObject\",\"inLanguage\":\"fr-FR\",\"@id\":\"https:\\\/\\\/www.etoilesportivemontoise.fr\\\/football\\\/2014\\\/05\\\/letoile-dynamite-grenade\\\/#primaryimage\",\"url\":\"https:\\\/\\\/www.etoilesportivemontoise.fr\\\/content\\\/uploads\\\/sites\\\/2\\\/2014\\\/05\\\/images-3-.jpg\",\"contentUrl\":\"https:\\\/\\\/www.etoilesportivemontoise.fr\\\/content\\\/uploads\\\/sites\\\/2\\\/2014\\\/05\\\/images-3-.jpg\",\"width\":258,\"height\":195},{\"@type\":\"BreadcrumbList\",\"@id\":\"https:\\\/\\\/www.etoilesportivemontoise.fr\\\/football\\\/2014\\\/05\\\/letoile-dynamite-grenade\\\/#breadcrumb\",\"itemListElement\":[{\"@type\":\"ListItem\",\"position\":1,\"name\":\"Accueil\",\"item\":\"https:\\\/\\\/www.etoilesportivemontoise.fr\\\/football\\\/\"},{\"@type\":\"ListItem\",\"position\":2,\"name\":\"L\u2019Etoile dynamite Grenade\"}]},{\"@type\":\"WebSite\",\"@id\":\"https:\\\/\\\/www.etoilesportivemontoise.fr\\\/football\\\/#website\",\"url\":\"https:\\\/\\\/www.etoilesportivemontoise.fr\\\/football\\\/\",\"name\":\"ESM Foot\",\"description\":\"Club Football Mont de Marsan\",\"potentialAction\":[{\"@type\":\"SearchAction\",\"target\":{\"@type\":\"EntryPoint\",\"urlTemplate\":\"https:\\\/\\\/www.etoilesportivemontoise.fr\\\/football\\\/?s={search_term_string}\"},\"query-input\":{\"@type\":\"PropertyValueSpecification\",\"valueRequired\":true,\"valueName\":\"search_term_string\"}}],\"inLanguage\":\"fr-FR\"},{\"@type\":\"Person\",\"@id\":\"https:\\\/\\\/www.etoilesportivemontoise.fr\\\/football\\\/#\\\/schema\\\/person\\\/dd02b702be97ed924801c88fb2142212\",\"name\":\"ESM\",\"image\":{\"@type\":\"ImageObject\",\"inLanguage\":\"fr-FR\",\"@id\":\"https:\\\/\\\/secure.gravatar.com\\\/avatar\\\/4d571ff55345efadfb90ca100df3e18eb3cdaa9eb0599415645d75cb8626ba49?s=96&d=mm&r=g\",\"url\":\"https:\\\/\\\/secure.gravatar.com\\\/avatar\\\/4d571ff55345efadfb90ca100df3e18eb3cdaa9eb0599415645d75cb8626ba49?s=96&d=mm&r=g\",\"contentUrl\":\"https:\\\/\\\/secure.gravatar.com\\\/avatar\\\/4d571ff55345efadfb90ca100df3e18eb3cdaa9eb0599415645d75cb8626ba49?s=96&d=mm&r=g\",\"caption\":\"ESM\"},\"url\":\"https:\\\/\\\/www.etoilesportivemontoise.fr\\\/football\\\/aka\\\/9af3b8c1915118cbc5cf7cdecb87fa13c2abf1c4\\\/\"}]}<\/script>\n<!-- \/ Yoast SEO plugin. -->","yoast_head_json":{"title":"L\u2019Etoile dynamite Grenade - ESM Foot","robots":{"index":"index","follow":"follow","max-snippet":"max-snippet:-1","max-image-preview":"max-image-preview:large","max-video-preview":"max-video-preview:-1"},"canonical":"https:\/\/www.etoilesportivemontoise.fr\/football\/2014\/05\/letoile-dynamite-grenade\/","og_locale":"fr_FR","og_type":"article","og_title":"L\u2019Etoile dynamite Grenade - ESM Foot","og_description":"Avant-dernier match de la saison, le derby qui opposait Grenade\/St Maurice \u00e0 l\u2019ESM promettait de livrer sa dose d\u2019\u00e9motion, car pour les deux \u00e9quipes, une victoire \u00e9tait capitale\u2026 Si les visiteurs firent preuve tout au long du match d\u2019une ma\u00eetrise sup\u00e9rieure \u00e0 leurs adversaires, ils...","og_url":"https:\/\/www.etoilesportivemontoise.fr\/football\/2014\/05\/letoile-dynamite-grenade\/","og_site_name":"ESM Foot","article_published_time":"2014-05-13T20:52:00+00:00","article_modified_time":"2024-03-24T17:13:49+00:00","og_image":[{"width":258,"height":195,"url":"https:\/\/www.etoilesportivemontoise.fr\/content\/uploads\/sites\/2\/2014\/05\/images-3-.jpg","type":"image\/jpeg"}],"author":"ESM","twitter_misc":{"\u00c9crit par":"ESM","Dur\u00e9e de lecture estim\u00e9e":"3 minutes"},"schema":{"@context":"https:\/\/schema.org","@graph":[{"@type":"Article","@id":"https:\/\/www.etoilesportivemontoise.fr\/football\/2014\/05\/letoile-dynamite-grenade\/#article","isPartOf":{"@id":"https:\/\/www.etoilesportivemontoise.fr\/football\/2014\/05\/letoile-dynamite-grenade\/"},"author":{"name":"ESM","@id":"https:\/\/www.etoilesportivemontoise.fr\/football\/#\/schema\/person\/dd02b702be97ed924801c88fb2142212"},"headline":"L\u2019Etoile dynamite Grenade","datePublished":"2014-05-13T20:52:00+00:00","dateModified":"2024-03-24T17:13:49+00:00","mainEntityOfPage":{"@id":"https:\/\/www.etoilesportivemontoise.fr\/football\/2014\/05\/letoile-dynamite-grenade\/"},"wordCount":558,"image":{"@id":"https:\/\/www.etoilesportivemontoise.fr\/football\/2014\/05\/letoile-dynamite-grenade\/#primaryimage"},"thumbnailUrl":"https:\/\/www.etoilesportivemontoise.fr\/content\/uploads\/sites\/2\/2014\/05\/images-3-.jpg","articleSection":["Archives"],"inLanguage":"fr-FR"},{"@type":"WebPage","@id":"https:\/\/www.etoilesportivemontoise.fr\/football\/2014\/05\/letoile-dynamite-grenade\/","url":"https:\/\/www.etoilesportivemontoise.fr\/football\/2014\/05\/letoile-dynamite-grenade\/","name":"L\u2019Etoile dynamite Grenade - ESM Foot","isPartOf":{"@id":"https:\/\/www.etoilesportivemontoise.fr\/football\/#website"},"primaryImageOfPage":{"@id":"https:\/\/www.etoilesportivemontoise.fr\/football\/2014\/05\/letoile-dynamite-grenade\/#primaryimage"},"image":{"@id":"https:\/\/www.etoilesportivemontoise.fr\/football\/2014\/05\/letoile-dynamite-grenade\/#primaryimage"},"thumbnailUrl":"https:\/\/www.etoilesportivemontoise.fr\/content\/uploads\/sites\/2\/2014\/05\/images-3-.jpg","datePublished":"2014-05-13T20:52:00+00:00","dateModified":"2024-03-24T17:13:49+00:00","author":{"@id":"https:\/\/www.etoilesportivemontoise.fr\/football\/#\/schema\/person\/dd02b702be97ed924801c88fb2142212"},"breadcrumb":{"@id":"https:\/\/www.etoilesportivemontoise.fr\/football\/2014\/05\/letoile-dynamite-grenade\/#breadcrumb"},"inLanguage":"fr-FR","potentialAction":[{"@type":"ReadAction","target":["https:\/\/www.etoilesportivemontoise.fr\/football\/2014\/05\/letoile-dynamite-grenade\/"]}]},{"@type":"ImageObject","inLanguage":"fr-FR","@id":"https:\/\/www.etoilesportivemontoise.fr\/football\/2014\/05\/letoile-dynamite-grenade\/#primaryimage","url":"https:\/\/www.etoilesportivemontoise.fr\/content\/uploads\/sites\/2\/2014\/05\/images-3-.jpg","contentUrl":"https:\/\/www.etoilesportivemontoise.fr\/content\/uploads\/sites\/2\/2014\/05\/images-3-.jpg","width":258,"height":195},{"@type":"BreadcrumbList","@id":"https:\/\/www.etoilesportivemontoise.fr\/football\/2014\/05\/letoile-dynamite-grenade\/#breadcrumb","itemListElement":[{"@type":"ListItem","position":1,"name":"Accueil","item":"https:\/\/www.etoilesportivemontoise.fr\/football\/"},{"@type":"ListItem","position":2,"name":"L\u2019Etoile dynamite Grenade"}]},{"@type":"WebSite","@id":"https:\/\/www.etoilesportivemontoise.fr\/football\/#website","url":"https:\/\/www.etoilesportivemontoise.fr\/football\/","name":"ESM Foot","description":"Club Football Mont de Marsan","potentialAction":[{"@type":"SearchAction","target":{"@type":"EntryPoint","urlTemplate":"https:\/\/www.etoilesportivemontoise.fr\/football\/?s={search_term_string}"},"query-input":{"@type":"PropertyValueSpecification","valueRequired":true,"valueName":"search_term_string"}}],"inLanguage":"fr-FR"},{"@type":"Person","@id":"https:\/\/www.etoilesportivemontoise.fr\/football\/#\/schema\/person\/dd02b702be97ed924801c88fb2142212","name":"ESM","image":{"@type":"ImageObject","inLanguage":"fr-FR","@id":"https:\/\/secure.gravatar.com\/avatar\/4d571ff55345efadfb90ca100df3e18eb3cdaa9eb0599415645d75cb8626ba49?s=96&d=mm&r=g","url":"https:\/\/secure.gravatar.com\/avatar\/4d571ff55345efadfb90ca100df3e18eb3cdaa9eb0599415645d75cb8626ba49?s=96&d=mm&r=g","contentUrl":"https:\/\/secure.gravatar.com\/avatar\/4d571ff55345efadfb90ca100df3e18eb3cdaa9eb0599415645d75cb8626ba49?s=96&d=mm&r=g","caption":"ESM"},"url":"https:\/\/www.etoilesportivemontoise.fr\/football\/aka\/9af3b8c1915118cbc5cf7cdecb87fa13c2abf1c4\/"}]}},"_links":{"self":[{"href":"https:\/\/www.etoilesportivemontoise.fr\/football\/wp-json\/wp\/v2\/posts\/3459","targetHints":{"allow":["GET"]}}],"collection":[{"href":"https:\/\/www.etoilesportivemontoise.fr\/football\/wp-json\/wp\/v2\/posts"}],"about":[{"href":"https:\/\/www.etoilesportivemontoise.fr\/football\/wp-json\/wp\/v2\/types\/post"}],"author":[{"embeddable":true,"href":"https:\/\/www.etoilesportivemontoise.fr\/football\/wp-json\/wp\/v2\/users\/1"}],"replies":[{"embeddable":true,"href":"https:\/\/www.etoilesportivemontoise.fr\/football\/wp-json\/wp\/v2\/comments?post=3459"}],"version-history":[{"count":2,"href":"https:\/\/www.etoilesportivemontoise.fr\/football\/wp-json\/wp\/v2\/posts\/3459\/revisions"}],"predecessor-version":[{"id":5154,"href":"https:\/\/www.etoilesportivemontoise.fr\/football\/wp-json\/wp\/v2\/posts\/3459\/revisions\/5154"}],"wp:featuredmedia":[{"embeddable":true,"href":"https:\/\/www.etoilesportivemontoise.fr\/football\/wp-json\/wp\/v2\/media\/3797"}],"wp:attachment":[{"href":"https:\/\/www.etoilesportivemontoise.fr\/football\/wp-json\/wp\/v2\/media?parent=3459"}],"wp:term":[{"taxonomy":"category","embeddable":true,"href":"https:\/\/www.etoilesportivemontoise.fr\/football\/wp-json\/wp\/v2\/categories?post=3459"},{"taxonomy":"post_tag","embeddable":true,"href":"https:\/\/www.etoilesportivemontoise.fr\/football\/wp-json\/wp\/v2\/tags?post=3459"}],"curies":[{"name":"wp","href":"https:\/\/api.w.org\/{rel}","templated":true}]}}