{"id":3467,"date":"2014-04-28T21:09:00","date_gmt":"2014-04-28T20:09:00","guid":{"rendered":"http:\/\/www.etoilesportivemontoise.fr\/football\/le-pole-feminin-y-etait-presque\/"},"modified":"2024-03-24T18:13:51","modified_gmt":"2024-03-24T17:13:51","slug":"le-pole-feminin-y-etait-presque","status":"publish","type":"post","link":"https:\/\/www.etoilesportivemontoise.fr\/football\/2014\/04\/le-pole-feminin-y-etait-presque\/","title":{"rendered":"Le p\u00f4le f\u00e9minin y \u00e9tait presque"},"content":{"rendered":"<div style=\"clear: both;text-align: center\"><a href=\"http:\/\/www.etoilesportivemontoise.fr\/content\/uploads\/sites\/2\/2014\/04\/images-7-.jpg\" style=\"margin-left: 1em;margin-right: 1em\"><img decoding=\"async\" border=\"0\" src=\"http:\/\/www.etoilesportivemontoise.fr\/content\/uploads\/sites\/2\/2014\/04\/images-7-.jpg\" \/><\/a><\/div>\n<div style=\"clear: both;text-align: center\"><\/div>\n<p>C\u2019est par un temps perturb\u00e9 et pluvieux que nos f\u00e9minines recevaient l\u2019\u00e9quipe de Bergerac.<\/p>\n<p>Une premi\u00e8re mi-temps o\u00f9 les espaces entre les lignes ont laiss\u00e9 les dordognaises mettre en place leur jeu, avec une bonne circulation de jeu et en insistant sur le c\u00f4t\u00e9 gauche de notre d\u00e9fense.<\/p>\n<p>C\u2019est \u00e0 pas moins de 3 reprises que les adversaires trouvent les chemins des filets du p\u00f4le f\u00e9minin Montois\u2026<\/p>\n<p><a name='more'><\/a>Malgr\u00e9 ce r\u00e9sultat tr\u00e8s s\u00e9v\u00e8re le P\u00f4le f\u00e9minin Montois r\u00e9ussit \u00e0 revenir gr\u00e2ce \u00e0 notre technicienne locale Gladys d\u2019une frappe de 35 m\u00e8tres !<\/p>\n<p>Score avant la pause : 3 \u00e0 1.<\/p>\n<p>Retour des vestiaires avec du vent et de la pluie intense, le P\u00f4le r\u00e9ussit \u00e0 se mettre bien en place emp\u00eachant m\u00eame l\u2019\u00e9quipe de Bergerac \u00e0 prendre un plus gros avantage.<\/p>\n<p>Gladys parvient m\u00eame \u00e0 ramener nos filles \u00e0 3\/2 avec une frappe dont elle a le secret.<\/p>\n<p>Grosse d\u00e9sillusion du c\u00f4t\u00e9 du P\u00f4le qui aurait pu revenir dans la partie\u2026<\/p>\n<p>R\u00e9sultat final : 3 \u00e0 2 en faveur de Bergerac.<\/p>\n<p>Le groupe a du potentiel mais il n\u2019arrive pas \u00e0 franchir les barri\u00e8res qu\u2019il se met tout seul\u2026<\/p>\n","protected":false},"excerpt":{"rendered":"<p>C\u2019est par un temps perturb\u00e9 et pluvieux que nos f\u00e9minines recevaient l\u2019\u00e9quipe de Bergerac. Une premi\u00e8re mi-temps o\u00f9 les espaces entre les lignes ont laiss\u00e9 les dordognaises mettre en place leur jeu, avec une bonne circulation de jeu et en insistant sur le c\u00f4t\u00e9 gauche&#8230;<\/p>\n","protected":false},"author":1,"featured_media":3802,"comment_status":"closed","ping_status":"closed","sticky":false,"template":"","format":"standard","meta":{"footnotes":""},"categories":[28],"tags":[],"class_list":["post-3467","post","type-post","status-publish","format-standard","has-post-thumbnail","hentry","category-old"],"yoast_head":"<!-- This site is optimized with the Yoast SEO plugin v27.3 - https:\/\/yoast.com\/product\/yoast-seo-wordpress\/ -->\n<title>Le p\u00f4le f\u00e9minin y \u00e9tait presque - ESM Foot<\/title>\n<meta name=\"robots\" content=\"index, follow, max-snippet:-1, max-image-preview:large, max-video-preview:-1\" \/>\n<link rel=\"canonical\" href=\"https:\/\/www.etoilesportivemontoise.fr\/football\/2014\/04\/le-pole-feminin-y-etait-presque\/\" \/>\n<meta property=\"og:locale\" content=\"fr_FR\" \/>\n<meta property=\"og:type\" content=\"article\" \/>\n<meta property=\"og:title\" content=\"Le p\u00f4le f\u00e9minin y \u00e9tait presque - ESM Foot\" \/>\n<meta property=\"og:description\" content=\"C\u2019est par un temps perturb\u00e9 et pluvieux que nos f\u00e9minines recevaient l\u2019\u00e9quipe de Bergerac. Une premi\u00e8re mi-temps o\u00f9 les espaces entre les lignes ont laiss\u00e9 les dordognaises mettre en place leur jeu, avec une bonne circulation de jeu et en insistant sur le c\u00f4t\u00e9 gauche...\" \/>\n<meta property=\"og:url\" content=\"https:\/\/www.etoilesportivemontoise.fr\/football\/2014\/04\/le-pole-feminin-y-etait-presque\/\" \/>\n<meta property=\"og:site_name\" content=\"ESM Foot\" \/>\n<meta property=\"article:published_time\" content=\"2014-04-28T20:09:00+00:00\" \/>\n<meta property=\"article:modified_time\" content=\"2024-03-24T17:13:51+00:00\" \/>\n<meta property=\"og:image\" content=\"https:\/\/www.etoilesportivemontoise.fr\/content\/uploads\/sites\/2\/2014\/04\/images-7-.jpg\" \/>\n\t<meta property=\"og:image:width\" content=\"257\" \/>\n\t<meta property=\"og:image:height\" content=\"196\" \/>\n\t<meta property=\"og:image:type\" content=\"image\/jpeg\" \/>\n<meta name=\"author\" content=\"ESM\" \/>\n<meta name=\"twitter:label1\" content=\"\u00c9crit par\" \/>\n\t<meta name=\"twitter:data1\" content=\"ESM\" \/>\n\t<meta name=\"twitter:label2\" content=\"Dur\u00e9e de lecture estim\u00e9e\" \/>\n\t<meta name=\"twitter:data2\" content=\"1 minute\" \/>\n<script type=\"application\/ld+json\" class=\"yoast-schema-graph\">{\"@context\":\"https:\\\/\\\/schema.org\",\"@graph\":[{\"@type\":\"Article\",\"@id\":\"https:\\\/\\\/www.etoilesportivemontoise.fr\\\/football\\\/2014\\\/04\\\/le-pole-feminin-y-etait-presque\\\/#article\",\"isPartOf\":{\"@id\":\"https:\\\/\\\/www.etoilesportivemontoise.fr\\\/football\\\/2014\\\/04\\\/le-pole-feminin-y-etait-presque\\\/\"},\"author\":{\"name\":\"ESM\",\"@id\":\"https:\\\/\\\/www.etoilesportivemontoise.fr\\\/football\\\/#\\\/schema\\\/person\\\/dd02b702be97ed924801c88fb2142212\"},\"headline\":\"Le p\u00f4le f\u00e9minin y \u00e9tait presque\",\"datePublished\":\"2014-04-28T20:09:00+00:00\",\"dateModified\":\"2024-03-24T17:13:51+00:00\",\"mainEntityOfPage\":{\"@id\":\"https:\\\/\\\/www.etoilesportivemontoise.fr\\\/football\\\/2014\\\/04\\\/le-pole-feminin-y-etait-presque\\\/\"},\"wordCount\":208,\"image\":{\"@id\":\"https:\\\/\\\/www.etoilesportivemontoise.fr\\\/football\\\/2014\\\/04\\\/le-pole-feminin-y-etait-presque\\\/#primaryimage\"},\"thumbnailUrl\":\"https:\\\/\\\/www.etoilesportivemontoise.fr\\\/content\\\/uploads\\\/sites\\\/2\\\/2014\\\/04\\\/images-7-.jpg\",\"articleSection\":[\"Archives\"],\"inLanguage\":\"fr-FR\"},{\"@type\":\"WebPage\",\"@id\":\"https:\\\/\\\/www.etoilesportivemontoise.fr\\\/football\\\/2014\\\/04\\\/le-pole-feminin-y-etait-presque\\\/\",\"url\":\"https:\\\/\\\/www.etoilesportivemontoise.fr\\\/football\\\/2014\\\/04\\\/le-pole-feminin-y-etait-presque\\\/\",\"name\":\"Le p\u00f4le f\u00e9minin y \u00e9tait presque - ESM Foot\",\"isPartOf\":{\"@id\":\"https:\\\/\\\/www.etoilesportivemontoise.fr\\\/football\\\/#website\"},\"primaryImageOfPage\":{\"@id\":\"https:\\\/\\\/www.etoilesportivemontoise.fr\\\/football\\\/2014\\\/04\\\/le-pole-feminin-y-etait-presque\\\/#primaryimage\"},\"image\":{\"@id\":\"https:\\\/\\\/www.etoilesportivemontoise.fr\\\/football\\\/2014\\\/04\\\/le-pole-feminin-y-etait-presque\\\/#primaryimage\"},\"thumbnailUrl\":\"https:\\\/\\\/www.etoilesportivemontoise.fr\\\/content\\\/uploads\\\/sites\\\/2\\\/2014\\\/04\\\/images-7-.jpg\",\"datePublished\":\"2014-04-28T20:09:00+00:00\",\"dateModified\":\"2024-03-24T17:13:51+00:00\",\"author\":{\"@id\":\"https:\\\/\\\/www.etoilesportivemontoise.fr\\\/football\\\/#\\\/schema\\\/person\\\/dd02b702be97ed924801c88fb2142212\"},\"breadcrumb\":{\"@id\":\"https:\\\/\\\/www.etoilesportivemontoise.fr\\\/football\\\/2014\\\/04\\\/le-pole-feminin-y-etait-presque\\\/#breadcrumb\"},\"inLanguage\":\"fr-FR\",\"potentialAction\":[{\"@type\":\"ReadAction\",\"target\":[\"https:\\\/\\\/www.etoilesportivemontoise.fr\\\/football\\\/2014\\\/04\\\/le-pole-feminin-y-etait-presque\\\/\"]}]},{\"@type\":\"ImageObject\",\"inLanguage\":\"fr-FR\",\"@id\":\"https:\\\/\\\/www.etoilesportivemontoise.fr\\\/football\\\/2014\\\/04\\\/le-pole-feminin-y-etait-presque\\\/#primaryimage\",\"url\":\"https:\\\/\\\/www.etoilesportivemontoise.fr\\\/content\\\/uploads\\\/sites\\\/2\\\/2014\\\/04\\\/images-7-.jpg\",\"contentUrl\":\"https:\\\/\\\/www.etoilesportivemontoise.fr\\\/content\\\/uploads\\\/sites\\\/2\\\/2014\\\/04\\\/images-7-.jpg\",\"width\":257,\"height\":196},{\"@type\":\"BreadcrumbList\",\"@id\":\"https:\\\/\\\/www.etoilesportivemontoise.fr\\\/football\\\/2014\\\/04\\\/le-pole-feminin-y-etait-presque\\\/#breadcrumb\",\"itemListElement\":[{\"@type\":\"ListItem\",\"position\":1,\"name\":\"Accueil\",\"item\":\"https:\\\/\\\/www.etoilesportivemontoise.fr\\\/football\\\/\"},{\"@type\":\"ListItem\",\"position\":2,\"name\":\"Le p\u00f4le f\u00e9minin y \u00e9tait presque\"}]},{\"@type\":\"WebSite\",\"@id\":\"https:\\\/\\\/www.etoilesportivemontoise.fr\\\/football\\\/#website\",\"url\":\"https:\\\/\\\/www.etoilesportivemontoise.fr\\\/football\\\/\",\"name\":\"ESM Foot\",\"description\":\"Club Football Mont de Marsan\",\"potentialAction\":[{\"@type\":\"SearchAction\",\"target\":{\"@type\":\"EntryPoint\",\"urlTemplate\":\"https:\\\/\\\/www.etoilesportivemontoise.fr\\\/football\\\/?s={search_term_string}\"},\"query-input\":{\"@type\":\"PropertyValueSpecification\",\"valueRequired\":true,\"valueName\":\"search_term_string\"}}],\"inLanguage\":\"fr-FR\"},{\"@type\":\"Person\",\"@id\":\"https:\\\/\\\/www.etoilesportivemontoise.fr\\\/football\\\/#\\\/schema\\\/person\\\/dd02b702be97ed924801c88fb2142212\",\"name\":\"ESM\",\"image\":{\"@type\":\"ImageObject\",\"inLanguage\":\"fr-FR\",\"@id\":\"https:\\\/\\\/secure.gravatar.com\\\/avatar\\\/4d571ff55345efadfb90ca100df3e18eb3cdaa9eb0599415645d75cb8626ba49?s=96&d=mm&r=g\",\"url\":\"https:\\\/\\\/secure.gravatar.com\\\/avatar\\\/4d571ff55345efadfb90ca100df3e18eb3cdaa9eb0599415645d75cb8626ba49?s=96&d=mm&r=g\",\"contentUrl\":\"https:\\\/\\\/secure.gravatar.com\\\/avatar\\\/4d571ff55345efadfb90ca100df3e18eb3cdaa9eb0599415645d75cb8626ba49?s=96&d=mm&r=g\",\"caption\":\"ESM\"},\"url\":\"https:\\\/\\\/www.etoilesportivemontoise.fr\\\/football\\\/aka\\\/9af3b8c1915118cbc5cf7cdecb87fa13c2abf1c4\\\/\"}]}<\/script>\n<!-- \/ Yoast SEO plugin. -->","yoast_head_json":{"title":"Le p\u00f4le f\u00e9minin y \u00e9tait presque - ESM Foot","robots":{"index":"index","follow":"follow","max-snippet":"max-snippet:-1","max-image-preview":"max-image-preview:large","max-video-preview":"max-video-preview:-1"},"canonical":"https:\/\/www.etoilesportivemontoise.fr\/football\/2014\/04\/le-pole-feminin-y-etait-presque\/","og_locale":"fr_FR","og_type":"article","og_title":"Le p\u00f4le f\u00e9minin y \u00e9tait presque - ESM Foot","og_description":"C\u2019est par un temps perturb\u00e9 et pluvieux que nos f\u00e9minines recevaient l\u2019\u00e9quipe de Bergerac. Une premi\u00e8re mi-temps o\u00f9 les espaces entre les lignes ont laiss\u00e9 les dordognaises mettre en place leur jeu, avec une bonne circulation de jeu et en insistant sur le c\u00f4t\u00e9 gauche...","og_url":"https:\/\/www.etoilesportivemontoise.fr\/football\/2014\/04\/le-pole-feminin-y-etait-presque\/","og_site_name":"ESM Foot","article_published_time":"2014-04-28T20:09:00+00:00","article_modified_time":"2024-03-24T17:13:51+00:00","og_image":[{"width":257,"height":196,"url":"https:\/\/www.etoilesportivemontoise.fr\/content\/uploads\/sites\/2\/2014\/04\/images-7-.jpg","type":"image\/jpeg"}],"author":"ESM","twitter_misc":{"\u00c9crit par":"ESM","Dur\u00e9e de lecture estim\u00e9e":"1 minute"},"schema":{"@context":"https:\/\/schema.org","@graph":[{"@type":"Article","@id":"https:\/\/www.etoilesportivemontoise.fr\/football\/2014\/04\/le-pole-feminin-y-etait-presque\/#article","isPartOf":{"@id":"https:\/\/www.etoilesportivemontoise.fr\/football\/2014\/04\/le-pole-feminin-y-etait-presque\/"},"author":{"name":"ESM","@id":"https:\/\/www.etoilesportivemontoise.fr\/football\/#\/schema\/person\/dd02b702be97ed924801c88fb2142212"},"headline":"Le p\u00f4le f\u00e9minin y \u00e9tait presque","datePublished":"2014-04-28T20:09:00+00:00","dateModified":"2024-03-24T17:13:51+00:00","mainEntityOfPage":{"@id":"https:\/\/www.etoilesportivemontoise.fr\/football\/2014\/04\/le-pole-feminin-y-etait-presque\/"},"wordCount":208,"image":{"@id":"https:\/\/www.etoilesportivemontoise.fr\/football\/2014\/04\/le-pole-feminin-y-etait-presque\/#primaryimage"},"thumbnailUrl":"https:\/\/www.etoilesportivemontoise.fr\/content\/uploads\/sites\/2\/2014\/04\/images-7-.jpg","articleSection":["Archives"],"inLanguage":"fr-FR"},{"@type":"WebPage","@id":"https:\/\/www.etoilesportivemontoise.fr\/football\/2014\/04\/le-pole-feminin-y-etait-presque\/","url":"https:\/\/www.etoilesportivemontoise.fr\/football\/2014\/04\/le-pole-feminin-y-etait-presque\/","name":"Le p\u00f4le f\u00e9minin y \u00e9tait presque - ESM Foot","isPartOf":{"@id":"https:\/\/www.etoilesportivemontoise.fr\/football\/#website"},"primaryImageOfPage":{"@id":"https:\/\/www.etoilesportivemontoise.fr\/football\/2014\/04\/le-pole-feminin-y-etait-presque\/#primaryimage"},"image":{"@id":"https:\/\/www.etoilesportivemontoise.fr\/football\/2014\/04\/le-pole-feminin-y-etait-presque\/#primaryimage"},"thumbnailUrl":"https:\/\/www.etoilesportivemontoise.fr\/content\/uploads\/sites\/2\/2014\/04\/images-7-.jpg","datePublished":"2014-04-28T20:09:00+00:00","dateModified":"2024-03-24T17:13:51+00:00","author":{"@id":"https:\/\/www.etoilesportivemontoise.fr\/football\/#\/schema\/person\/dd02b702be97ed924801c88fb2142212"},"breadcrumb":{"@id":"https:\/\/www.etoilesportivemontoise.fr\/football\/2014\/04\/le-pole-feminin-y-etait-presque\/#breadcrumb"},"inLanguage":"fr-FR","potentialAction":[{"@type":"ReadAction","target":["https:\/\/www.etoilesportivemontoise.fr\/football\/2014\/04\/le-pole-feminin-y-etait-presque\/"]}]},{"@type":"ImageObject","inLanguage":"fr-FR","@id":"https:\/\/www.etoilesportivemontoise.fr\/football\/2014\/04\/le-pole-feminin-y-etait-presque\/#primaryimage","url":"https:\/\/www.etoilesportivemontoise.fr\/content\/uploads\/sites\/2\/2014\/04\/images-7-.jpg","contentUrl":"https:\/\/www.etoilesportivemontoise.fr\/content\/uploads\/sites\/2\/2014\/04\/images-7-.jpg","width":257,"height":196},{"@type":"BreadcrumbList","@id":"https:\/\/www.etoilesportivemontoise.fr\/football\/2014\/04\/le-pole-feminin-y-etait-presque\/#breadcrumb","itemListElement":[{"@type":"ListItem","position":1,"name":"Accueil","item":"https:\/\/www.etoilesportivemontoise.fr\/football\/"},{"@type":"ListItem","position":2,"name":"Le p\u00f4le f\u00e9minin y \u00e9tait presque"}]},{"@type":"WebSite","@id":"https:\/\/www.etoilesportivemontoise.fr\/football\/#website","url":"https:\/\/www.etoilesportivemontoise.fr\/football\/","name":"ESM Foot","description":"Club Football Mont de Marsan","potentialAction":[{"@type":"SearchAction","target":{"@type":"EntryPoint","urlTemplate":"https:\/\/www.etoilesportivemontoise.fr\/football\/?s={search_term_string}"},"query-input":{"@type":"PropertyValueSpecification","valueRequired":true,"valueName":"search_term_string"}}],"inLanguage":"fr-FR"},{"@type":"Person","@id":"https:\/\/www.etoilesportivemontoise.fr\/football\/#\/schema\/person\/dd02b702be97ed924801c88fb2142212","name":"ESM","image":{"@type":"ImageObject","inLanguage":"fr-FR","@id":"https:\/\/secure.gravatar.com\/avatar\/4d571ff55345efadfb90ca100df3e18eb3cdaa9eb0599415645d75cb8626ba49?s=96&d=mm&r=g","url":"https:\/\/secure.gravatar.com\/avatar\/4d571ff55345efadfb90ca100df3e18eb3cdaa9eb0599415645d75cb8626ba49?s=96&d=mm&r=g","contentUrl":"https:\/\/secure.gravatar.com\/avatar\/4d571ff55345efadfb90ca100df3e18eb3cdaa9eb0599415645d75cb8626ba49?s=96&d=mm&r=g","caption":"ESM"},"url":"https:\/\/www.etoilesportivemontoise.fr\/football\/aka\/9af3b8c1915118cbc5cf7cdecb87fa13c2abf1c4\/"}]}},"_links":{"self":[{"href":"https:\/\/www.etoilesportivemontoise.fr\/football\/wp-json\/wp\/v2\/posts\/3467","targetHints":{"allow":["GET"]}}],"collection":[{"href":"https:\/\/www.etoilesportivemontoise.fr\/football\/wp-json\/wp\/v2\/posts"}],"about":[{"href":"https:\/\/www.etoilesportivemontoise.fr\/football\/wp-json\/wp\/v2\/types\/post"}],"author":[{"embeddable":true,"href":"https:\/\/www.etoilesportivemontoise.fr\/football\/wp-json\/wp\/v2\/users\/1"}],"replies":[{"embeddable":true,"href":"https:\/\/www.etoilesportivemontoise.fr\/football\/wp-json\/wp\/v2\/comments?post=3467"}],"version-history":[{"count":1,"href":"https:\/\/www.etoilesportivemontoise.fr\/football\/wp-json\/wp\/v2\/posts\/3467\/revisions"}],"predecessor-version":[{"id":4202,"href":"https:\/\/www.etoilesportivemontoise.fr\/football\/wp-json\/wp\/v2\/posts\/3467\/revisions\/4202"}],"wp:featuredmedia":[{"embeddable":true,"href":"https:\/\/www.etoilesportivemontoise.fr\/football\/wp-json\/wp\/v2\/media\/3802"}],"wp:attachment":[{"href":"https:\/\/www.etoilesportivemontoise.fr\/football\/wp-json\/wp\/v2\/media?parent=3467"}],"wp:term":[{"taxonomy":"category","embeddable":true,"href":"https:\/\/www.etoilesportivemontoise.fr\/football\/wp-json\/wp\/v2\/categories?post=3467"},{"taxonomy":"post_tag","embeddable":true,"href":"https:\/\/www.etoilesportivemontoise.fr\/football\/wp-json\/wp\/v2\/tags?post=3467"}],"curies":[{"name":"wp","href":"https:\/\/api.w.org\/{rel}","templated":true}]}}