{"id":3483,"date":"2014-03-22T18:44:00","date_gmt":"2014-03-22T17:44:00","guid":{"rendered":"http:\/\/www.etoilesportivemontoise.fr\/football\/les-feminines-trebuchent-a-domicile\/"},"modified":"2024-03-24T18:13:54","modified_gmt":"2024-03-24T17:13:54","slug":"les-feminines-trebuchent-domicile","status":"publish","type":"post","link":"https:\/\/www.etoilesportivemontoise.fr\/football\/2014\/03\/les-feminines-trebuchent-domicile\/","title":{"rendered":"Les f\u00e9minines tr\u00e9buchent \u00e0 domicile"},"content":{"rendered":"<div style=\"clear: both;text-align: center\"><a href=\"https:\/\/plus.google.com\/photos\/103714954216275648745\/albums\/5993312433775399041\" style=\"margin-left: 1em;margin-right: 1em\" target=\"_blank\" rel=\"noopener\"><img loading=\"lazy\" decoding=\"async\" border=\"0\" src=\"http:\/\/2.bp.blogspot.com\/-wl45bCZAy5s\/Uy3LemX6i4I\/AAAAAAAADpU\/MOzz1zZaHyE\/s1600\/fem1.jpg\" height=\"237\" width=\"320\" \/><\/a><\/div>\n<div>Dimanche 16 mars, le P\u00f4le f\u00e9minin Montois affrontait le <b><span style=\"color: #0b5394\">Trelissac Fc<\/span><\/b>, une \u00e9quipe de milieu de tableau, sous.les premi\u00e8res chaleurs de printemps\u2026<\/div>\n<div><\/div>\n<div>Le match a \u00e9tait tr\u00e8s serr\u00e9 malgr\u00e9 un avantage sur le papier pour les visiteuses. Les deux \u00e9quipes se sont rendu buts pour but.<\/div>\n<div><\/div>\n<div>Durant la premi\u00e8re mi-temps, les filles sont rest\u00e9es bien en place et ont r\u00e9sist\u00e9 aux assauts des trelissacoises, marquant m\u00eame 2 buts.<\/div>\n<div><\/div>\n<div>Mais la deuxi\u00e8me mi-temps a \u00e9t\u00e9 plus compliqu\u00e9e \u00e0 g\u00e9rer, du rel\u00e2chement dans les placements et des pertes de balles trop nombreuses laissant trop d&rsquo;opportunit\u00e9 aux visiteuses qui s&#8217;empar\u00e8rent malheureusement du score.<\/div>\n<div><\/div>\n<div>R\u00e9sultat final : 3-4.<\/div>\n<div><\/div>\n<div>Consultez <a href=\"https:\/\/plus.google.com\/photos\/103714954216275648745\/albums\/5993312433775399041\" target=\"_blank\" rel=\"noopener\">les photos du match<\/a>.<\/div>\n","protected":false},"excerpt":{"rendered":"<p>Dimanche 16 mars, le P\u00f4le f\u00e9minin Montois affrontait le Trelissac Fc, une \u00e9quipe de milieu de tableau, sous.les premi\u00e8res chaleurs de printemps\u2026 Le match a \u00e9tait tr\u00e8s serr\u00e9 malgr\u00e9 un avantage sur le papier pour les visiteuses. Les deux \u00e9quipes se sont rendu buts pour&#8230;<\/p>\n","protected":false},"author":1,"featured_media":0,"comment_status":"closed","ping_status":"closed","sticky":false,"template":"","format":"standard","meta":{"footnotes":""},"categories":[28],"tags":[],"class_list":["post-3483","post","type-post","status-publish","format-standard","hentry","category-old"],"yoast_head":"<!-- This site is optimized with the Yoast SEO plugin v27.3 - https:\/\/yoast.com\/product\/yoast-seo-wordpress\/ -->\n<title>Les f\u00e9minines tr\u00e9buchent \u00e0 domicile - ESM Foot<\/title>\n<meta name=\"robots\" content=\"index, follow, max-snippet:-1, max-image-preview:large, max-video-preview:-1\" \/>\n<link rel=\"canonical\" href=\"https:\/\/www.etoilesportivemontoise.fr\/football\/2014\/03\/les-feminines-trebuchent-domicile\/\" \/>\n<meta property=\"og:locale\" content=\"fr_FR\" \/>\n<meta property=\"og:type\" content=\"article\" \/>\n<meta property=\"og:title\" content=\"Les f\u00e9minines tr\u00e9buchent \u00e0 domicile - ESM Foot\" \/>\n<meta property=\"og:description\" content=\"Dimanche 16 mars, le P\u00f4le f\u00e9minin Montois affrontait le Trelissac Fc, une \u00e9quipe de milieu de tableau, sous.les premi\u00e8res chaleurs de printemps\u2026 Le match a \u00e9tait tr\u00e8s serr\u00e9 malgr\u00e9 un avantage sur le papier pour les visiteuses. Les deux \u00e9quipes se sont rendu buts pour...\" \/>\n<meta property=\"og:url\" content=\"https:\/\/www.etoilesportivemontoise.fr\/football\/2014\/03\/les-feminines-trebuchent-domicile\/\" \/>\n<meta property=\"og:site_name\" content=\"ESM Foot\" \/>\n<meta property=\"article:published_time\" content=\"2014-03-22T17:44:00+00:00\" \/>\n<meta property=\"article:modified_time\" content=\"2024-03-24T17:13:54+00:00\" \/>\n<meta property=\"og:image\" content=\"http:\/\/2.bp.blogspot.com\/-wl45bCZAy5s\/Uy3LemX6i4I\/AAAAAAAADpU\/MOzz1zZaHyE\/s1600\/fem1.jpg\" \/>\n<meta name=\"author\" content=\"ESM\" \/>\n<meta name=\"twitter:label1\" content=\"\u00c9crit par\" \/>\n\t<meta name=\"twitter:data1\" content=\"ESM\" \/>\n\t<meta name=\"twitter:label2\" content=\"Dur\u00e9e de lecture estim\u00e9e\" \/>\n\t<meta name=\"twitter:data2\" content=\"1 minute\" \/>\n<script type=\"application\/ld+json\" class=\"yoast-schema-graph\">{\"@context\":\"https:\\\/\\\/schema.org\",\"@graph\":[{\"@type\":\"Article\",\"@id\":\"https:\\\/\\\/www.etoilesportivemontoise.fr\\\/football\\\/2014\\\/03\\\/les-feminines-trebuchent-domicile\\\/#article\",\"isPartOf\":{\"@id\":\"https:\\\/\\\/www.etoilesportivemontoise.fr\\\/football\\\/2014\\\/03\\\/les-feminines-trebuchent-domicile\\\/\"},\"author\":{\"name\":\"ESM\",\"@id\":\"https:\\\/\\\/www.etoilesportivemontoise.fr\\\/football\\\/#\\\/schema\\\/person\\\/dd02b702be97ed924801c88fb2142212\"},\"headline\":\"Les f\u00e9minines tr\u00e9buchent \u00e0 domicile\",\"datePublished\":\"2014-03-22T17:44:00+00:00\",\"dateModified\":\"2024-03-24T17:13:54+00:00\",\"mainEntityOfPage\":{\"@id\":\"https:\\\/\\\/www.etoilesportivemontoise.fr\\\/football\\\/2014\\\/03\\\/les-feminines-trebuchent-domicile\\\/\"},\"wordCount\":128,\"image\":{\"@id\":\"https:\\\/\\\/www.etoilesportivemontoise.fr\\\/football\\\/2014\\\/03\\\/les-feminines-trebuchent-domicile\\\/#primaryimage\"},\"thumbnailUrl\":\"http:\\\/\\\/2.bp.blogspot.com\\\/-wl45bCZAy5s\\\/Uy3LemX6i4I\\\/AAAAAAAADpU\\\/MOzz1zZaHyE\\\/s1600\\\/fem1.jpg\",\"articleSection\":[\"Archives\"],\"inLanguage\":\"fr-FR\"},{\"@type\":\"WebPage\",\"@id\":\"https:\\\/\\\/www.etoilesportivemontoise.fr\\\/football\\\/2014\\\/03\\\/les-feminines-trebuchent-domicile\\\/\",\"url\":\"https:\\\/\\\/www.etoilesportivemontoise.fr\\\/football\\\/2014\\\/03\\\/les-feminines-trebuchent-domicile\\\/\",\"name\":\"Les f\u00e9minines tr\u00e9buchent \u00e0 domicile - ESM Foot\",\"isPartOf\":{\"@id\":\"https:\\\/\\\/www.etoilesportivemontoise.fr\\\/football\\\/#website\"},\"primaryImageOfPage\":{\"@id\":\"https:\\\/\\\/www.etoilesportivemontoise.fr\\\/football\\\/2014\\\/03\\\/les-feminines-trebuchent-domicile\\\/#primaryimage\"},\"image\":{\"@id\":\"https:\\\/\\\/www.etoilesportivemontoise.fr\\\/football\\\/2014\\\/03\\\/les-feminines-trebuchent-domicile\\\/#primaryimage\"},\"thumbnailUrl\":\"http:\\\/\\\/2.bp.blogspot.com\\\/-wl45bCZAy5s\\\/Uy3LemX6i4I\\\/AAAAAAAADpU\\\/MOzz1zZaHyE\\\/s1600\\\/fem1.jpg\",\"datePublished\":\"2014-03-22T17:44:00+00:00\",\"dateModified\":\"2024-03-24T17:13:54+00:00\",\"author\":{\"@id\":\"https:\\\/\\\/www.etoilesportivemontoise.fr\\\/football\\\/#\\\/schema\\\/person\\\/dd02b702be97ed924801c88fb2142212\"},\"breadcrumb\":{\"@id\":\"https:\\\/\\\/www.etoilesportivemontoise.fr\\\/football\\\/2014\\\/03\\\/les-feminines-trebuchent-domicile\\\/#breadcrumb\"},\"inLanguage\":\"fr-FR\",\"potentialAction\":[{\"@type\":\"ReadAction\",\"target\":[\"https:\\\/\\\/www.etoilesportivemontoise.fr\\\/football\\\/2014\\\/03\\\/les-feminines-trebuchent-domicile\\\/\"]}]},{\"@type\":\"ImageObject\",\"inLanguage\":\"fr-FR\",\"@id\":\"https:\\\/\\\/www.etoilesportivemontoise.fr\\\/football\\\/2014\\\/03\\\/les-feminines-trebuchent-domicile\\\/#primaryimage\",\"url\":\"http:\\\/\\\/2.bp.blogspot.com\\\/-wl45bCZAy5s\\\/Uy3LemX6i4I\\\/AAAAAAAADpU\\\/MOzz1zZaHyE\\\/s1600\\\/fem1.jpg\",\"contentUrl\":\"http:\\\/\\\/2.bp.blogspot.com\\\/-wl45bCZAy5s\\\/Uy3LemX6i4I\\\/AAAAAAAADpU\\\/MOzz1zZaHyE\\\/s1600\\\/fem1.jpg\"},{\"@type\":\"BreadcrumbList\",\"@id\":\"https:\\\/\\\/www.etoilesportivemontoise.fr\\\/football\\\/2014\\\/03\\\/les-feminines-trebuchent-domicile\\\/#breadcrumb\",\"itemListElement\":[{\"@type\":\"ListItem\",\"position\":1,\"name\":\"Accueil\",\"item\":\"https:\\\/\\\/www.etoilesportivemontoise.fr\\\/football\\\/\"},{\"@type\":\"ListItem\",\"position\":2,\"name\":\"Les f\u00e9minines tr\u00e9buchent \u00e0 domicile\"}]},{\"@type\":\"WebSite\",\"@id\":\"https:\\\/\\\/www.etoilesportivemontoise.fr\\\/football\\\/#website\",\"url\":\"https:\\\/\\\/www.etoilesportivemontoise.fr\\\/football\\\/\",\"name\":\"ESM Foot\",\"description\":\"Club Football Mont de Marsan\",\"potentialAction\":[{\"@type\":\"SearchAction\",\"target\":{\"@type\":\"EntryPoint\",\"urlTemplate\":\"https:\\\/\\\/www.etoilesportivemontoise.fr\\\/football\\\/?s={search_term_string}\"},\"query-input\":{\"@type\":\"PropertyValueSpecification\",\"valueRequired\":true,\"valueName\":\"search_term_string\"}}],\"inLanguage\":\"fr-FR\"},{\"@type\":\"Person\",\"@id\":\"https:\\\/\\\/www.etoilesportivemontoise.fr\\\/football\\\/#\\\/schema\\\/person\\\/dd02b702be97ed924801c88fb2142212\",\"name\":\"ESM\",\"image\":{\"@type\":\"ImageObject\",\"inLanguage\":\"fr-FR\",\"@id\":\"https:\\\/\\\/secure.gravatar.com\\\/avatar\\\/4d571ff55345efadfb90ca100df3e18eb3cdaa9eb0599415645d75cb8626ba49?s=96&d=mm&r=g\",\"url\":\"https:\\\/\\\/secure.gravatar.com\\\/avatar\\\/4d571ff55345efadfb90ca100df3e18eb3cdaa9eb0599415645d75cb8626ba49?s=96&d=mm&r=g\",\"contentUrl\":\"https:\\\/\\\/secure.gravatar.com\\\/avatar\\\/4d571ff55345efadfb90ca100df3e18eb3cdaa9eb0599415645d75cb8626ba49?s=96&d=mm&r=g\",\"caption\":\"ESM\"},\"url\":\"https:\\\/\\\/www.etoilesportivemontoise.fr\\\/football\\\/aka\\\/9af3b8c1915118cbc5cf7cdecb87fa13c2abf1c4\\\/\"}]}<\/script>\n<!-- \/ Yoast SEO plugin. -->","yoast_head_json":{"title":"Les f\u00e9minines tr\u00e9buchent \u00e0 domicile - ESM Foot","robots":{"index":"index","follow":"follow","max-snippet":"max-snippet:-1","max-image-preview":"max-image-preview:large","max-video-preview":"max-video-preview:-1"},"canonical":"https:\/\/www.etoilesportivemontoise.fr\/football\/2014\/03\/les-feminines-trebuchent-domicile\/","og_locale":"fr_FR","og_type":"article","og_title":"Les f\u00e9minines tr\u00e9buchent \u00e0 domicile - ESM Foot","og_description":"Dimanche 16 mars, le P\u00f4le f\u00e9minin Montois affrontait le Trelissac Fc, une \u00e9quipe de milieu de tableau, sous.les premi\u00e8res chaleurs de printemps\u2026 Le match a \u00e9tait tr\u00e8s serr\u00e9 malgr\u00e9 un avantage sur le papier pour les visiteuses. Les deux \u00e9quipes se sont rendu buts pour...","og_url":"https:\/\/www.etoilesportivemontoise.fr\/football\/2014\/03\/les-feminines-trebuchent-domicile\/","og_site_name":"ESM Foot","article_published_time":"2014-03-22T17:44:00+00:00","article_modified_time":"2024-03-24T17:13:54+00:00","og_image":[{"url":"http:\/\/2.bp.blogspot.com\/-wl45bCZAy5s\/Uy3LemX6i4I\/AAAAAAAADpU\/MOzz1zZaHyE\/s1600\/fem1.jpg","type":"","width":"","height":""}],"author":"ESM","twitter_misc":{"\u00c9crit par":"ESM","Dur\u00e9e de lecture estim\u00e9e":"1 minute"},"schema":{"@context":"https:\/\/schema.org","@graph":[{"@type":"Article","@id":"https:\/\/www.etoilesportivemontoise.fr\/football\/2014\/03\/les-feminines-trebuchent-domicile\/#article","isPartOf":{"@id":"https:\/\/www.etoilesportivemontoise.fr\/football\/2014\/03\/les-feminines-trebuchent-domicile\/"},"author":{"name":"ESM","@id":"https:\/\/www.etoilesportivemontoise.fr\/football\/#\/schema\/person\/dd02b702be97ed924801c88fb2142212"},"headline":"Les f\u00e9minines tr\u00e9buchent \u00e0 domicile","datePublished":"2014-03-22T17:44:00+00:00","dateModified":"2024-03-24T17:13:54+00:00","mainEntityOfPage":{"@id":"https:\/\/www.etoilesportivemontoise.fr\/football\/2014\/03\/les-feminines-trebuchent-domicile\/"},"wordCount":128,"image":{"@id":"https:\/\/www.etoilesportivemontoise.fr\/football\/2014\/03\/les-feminines-trebuchent-domicile\/#primaryimage"},"thumbnailUrl":"http:\/\/2.bp.blogspot.com\/-wl45bCZAy5s\/Uy3LemX6i4I\/AAAAAAAADpU\/MOzz1zZaHyE\/s1600\/fem1.jpg","articleSection":["Archives"],"inLanguage":"fr-FR"},{"@type":"WebPage","@id":"https:\/\/www.etoilesportivemontoise.fr\/football\/2014\/03\/les-feminines-trebuchent-domicile\/","url":"https:\/\/www.etoilesportivemontoise.fr\/football\/2014\/03\/les-feminines-trebuchent-domicile\/","name":"Les f\u00e9minines tr\u00e9buchent \u00e0 domicile - ESM Foot","isPartOf":{"@id":"https:\/\/www.etoilesportivemontoise.fr\/football\/#website"},"primaryImageOfPage":{"@id":"https:\/\/www.etoilesportivemontoise.fr\/football\/2014\/03\/les-feminines-trebuchent-domicile\/#primaryimage"},"image":{"@id":"https:\/\/www.etoilesportivemontoise.fr\/football\/2014\/03\/les-feminines-trebuchent-domicile\/#primaryimage"},"thumbnailUrl":"http:\/\/2.bp.blogspot.com\/-wl45bCZAy5s\/Uy3LemX6i4I\/AAAAAAAADpU\/MOzz1zZaHyE\/s1600\/fem1.jpg","datePublished":"2014-03-22T17:44:00+00:00","dateModified":"2024-03-24T17:13:54+00:00","author":{"@id":"https:\/\/www.etoilesportivemontoise.fr\/football\/#\/schema\/person\/dd02b702be97ed924801c88fb2142212"},"breadcrumb":{"@id":"https:\/\/www.etoilesportivemontoise.fr\/football\/2014\/03\/les-feminines-trebuchent-domicile\/#breadcrumb"},"inLanguage":"fr-FR","potentialAction":[{"@type":"ReadAction","target":["https:\/\/www.etoilesportivemontoise.fr\/football\/2014\/03\/les-feminines-trebuchent-domicile\/"]}]},{"@type":"ImageObject","inLanguage":"fr-FR","@id":"https:\/\/www.etoilesportivemontoise.fr\/football\/2014\/03\/les-feminines-trebuchent-domicile\/#primaryimage","url":"http:\/\/2.bp.blogspot.com\/-wl45bCZAy5s\/Uy3LemX6i4I\/AAAAAAAADpU\/MOzz1zZaHyE\/s1600\/fem1.jpg","contentUrl":"http:\/\/2.bp.blogspot.com\/-wl45bCZAy5s\/Uy3LemX6i4I\/AAAAAAAADpU\/MOzz1zZaHyE\/s1600\/fem1.jpg"},{"@type":"BreadcrumbList","@id":"https:\/\/www.etoilesportivemontoise.fr\/football\/2014\/03\/les-feminines-trebuchent-domicile\/#breadcrumb","itemListElement":[{"@type":"ListItem","position":1,"name":"Accueil","item":"https:\/\/www.etoilesportivemontoise.fr\/football\/"},{"@type":"ListItem","position":2,"name":"Les f\u00e9minines tr\u00e9buchent \u00e0 domicile"}]},{"@type":"WebSite","@id":"https:\/\/www.etoilesportivemontoise.fr\/football\/#website","url":"https:\/\/www.etoilesportivemontoise.fr\/football\/","name":"ESM Foot","description":"Club Football Mont de Marsan","potentialAction":[{"@type":"SearchAction","target":{"@type":"EntryPoint","urlTemplate":"https:\/\/www.etoilesportivemontoise.fr\/football\/?s={search_term_string}"},"query-input":{"@type":"PropertyValueSpecification","valueRequired":true,"valueName":"search_term_string"}}],"inLanguage":"fr-FR"},{"@type":"Person","@id":"https:\/\/www.etoilesportivemontoise.fr\/football\/#\/schema\/person\/dd02b702be97ed924801c88fb2142212","name":"ESM","image":{"@type":"ImageObject","inLanguage":"fr-FR","@id":"https:\/\/secure.gravatar.com\/avatar\/4d571ff55345efadfb90ca100df3e18eb3cdaa9eb0599415645d75cb8626ba49?s=96&d=mm&r=g","url":"https:\/\/secure.gravatar.com\/avatar\/4d571ff55345efadfb90ca100df3e18eb3cdaa9eb0599415645d75cb8626ba49?s=96&d=mm&r=g","contentUrl":"https:\/\/secure.gravatar.com\/avatar\/4d571ff55345efadfb90ca100df3e18eb3cdaa9eb0599415645d75cb8626ba49?s=96&d=mm&r=g","caption":"ESM"},"url":"https:\/\/www.etoilesportivemontoise.fr\/football\/aka\/9af3b8c1915118cbc5cf7cdecb87fa13c2abf1c4\/"}]}},"_links":{"self":[{"href":"https:\/\/www.etoilesportivemontoise.fr\/football\/wp-json\/wp\/v2\/posts\/3483","targetHints":{"allow":["GET"]}}],"collection":[{"href":"https:\/\/www.etoilesportivemontoise.fr\/football\/wp-json\/wp\/v2\/posts"}],"about":[{"href":"https:\/\/www.etoilesportivemontoise.fr\/football\/wp-json\/wp\/v2\/types\/post"}],"author":[{"embeddable":true,"href":"https:\/\/www.etoilesportivemontoise.fr\/football\/wp-json\/wp\/v2\/users\/1"}],"replies":[{"embeddable":true,"href":"https:\/\/www.etoilesportivemontoise.fr\/football\/wp-json\/wp\/v2\/comments?post=3483"}],"version-history":[{"count":2,"href":"https:\/\/www.etoilesportivemontoise.fr\/football\/wp-json\/wp\/v2\/posts\/3483\/revisions"}],"predecessor-version":[{"id":5163,"href":"https:\/\/www.etoilesportivemontoise.fr\/football\/wp-json\/wp\/v2\/posts\/3483\/revisions\/5163"}],"wp:attachment":[{"href":"https:\/\/www.etoilesportivemontoise.fr\/football\/wp-json\/wp\/v2\/media?parent=3483"}],"wp:term":[{"taxonomy":"category","embeddable":true,"href":"https:\/\/www.etoilesportivemontoise.fr\/football\/wp-json\/wp\/v2\/categories?post=3483"},{"taxonomy":"post_tag","embeddable":true,"href":"https:\/\/www.etoilesportivemontoise.fr\/football\/wp-json\/wp\/v2\/tags?post=3483"}],"curies":[{"name":"wp","href":"https:\/\/api.w.org\/{rel}","templated":true}]}}