{"id":3489,"date":"2014-03-13T22:29:00","date_gmt":"2014-03-13T21:29:00","guid":{"rendered":"http:\/\/www.etoilesportivemontoise.fr\/football\/letoile-preserve-sa-seconde-place\/"},"modified":"2024-03-24T18:13:55","modified_gmt":"2024-03-24T17:13:55","slug":"letoile-preserve-sa-seconde-place","status":"publish","type":"post","link":"https:\/\/www.etoilesportivemontoise.fr\/football\/2014\/03\/letoile-preserve-sa-seconde-place\/","title":{"rendered":"L\u2019\u00e9toile pr\u00e9serve sa seconde place"},"content":{"rendered":"<div style=\"clear: both;text-align: center\"><a href=\"http:\/\/3.bp.blogspot.com\/-EiT7QuVHouc\/UyIhWJzHs-I\/AAAAAAAADhI\/JCff46nBnQc\/s1600\/Sever3.JPG\" style=\"margin-left: 1em;margin-right: 1em\"><img loading=\"lazy\" decoding=\"async\" border=\"0\" src=\"http:\/\/3.bp.blogspot.com\/-EiT7QuVHouc\/UyIhWJzHs-I\/AAAAAAAADhI\/JCff46nBnQc\/s1600\/Sever3.JPG\" height=\"193\" width=\"320\" \/><\/a><\/div>\n<div><a href=\"https:\/\/www.blogger.com\/blogger.g?blogID=2032710648076947363\" name=\"OLE_LINK2\"><\/a><\/div>\n<div>Les prot\u00e9g\u00e9s de C\u00e9dric recevaient ce Samedi leur voisins saint-s\u00e9verins pour une rencontre au sommet\u2026<\/div>\n<div><\/div>\n<div>Il ne fallait vraiment pas arriver en retard, car d\u00e8s la 10\u00e8me minute, Anthony ouvrait le score (1-0). D\u2019aucuns ont pens\u00e9 qu\u2019ils allaient passer une soir\u00e9e tranquille&nbsp;: ils se trompaient\u2026<\/div>\n<div><\/div>\n<div><\/div>\n<p><a name='more'><\/a><\/p>\n<div>\n<\/div>\n<div>Faisant abstraction de ce revers, nos adversaires du jour impos\u00e8rent peu \u00e0 peu leur domination, fruit d\u2019un pressing efficace, et d\u2019un jeu \u00e0 une touche de balle port\u00e9 vers l\u2019avant.<\/div>\n<div><\/div>\n<div>R\u00e9compens\u00e9s de leurs efforts, les visiteurs purent \u00e9galiser \u00e0 la demi-heure de jeu (1-1) et m\u00eame obtenir un penalty juste avant la mi-temps (1-2)&#8230;<\/div>\n<div><\/div>\n<div>Forc\u00e9s de r\u00e9agir, les stellistes profit\u00e8rent d\u2019un apport de joueurs frais pour reprendre la possession de balle \u00e0 leur compte. Ce pressing aurait pu leur permettre de revenir \u00e0 hauteur, gr\u00e2ce au bon travail de sape d\u2019Anthony sur le gardien et le lat\u00e9ral chalossais. H\u00e9las, sa frappe l\u00e9g\u00e8rement trop bross\u00e9e devait passer \u00e0 50 cmdu poteau gauche&#8230;<\/div>\n<div><\/div>\n<div>La tension avait mont\u00e9 d\u2019un cran dans la perspective d\u2019essuyer un revers \u00e0 domicile. Fort heureusement, quelques minutes avant la fin du temps r\u00e9glementaire, Morgan devait d\u00e9livrer les siens sur une frappe pure juste en dessous du montant (2-2).<\/div>\n<div><\/div>\n<div>\n<\/div>\n<div><\/div>\n<div>Le m\u00eame sc\u00e9nario aurait m\u00eame pu se r\u00e9p\u00e9ter 5 minutes plus tard, si le tir de Momo ne s\u2019\u00e9tait envol\u00e9 dans les \u00e9toiles\u2026<\/div>\n<div><\/div>\n<div>Une rencontre au r\u00e9sultat mitig\u00e9 donc, mais un score somme toute conforme \u00e0 la physionomie g\u00e9n\u00e9rale du match\u2026<\/div>\n<div><\/div>\n<div>A signaler enfin l&rsquo;apport b\u00e9n\u00e9fique de nos U19 dans le groupe de l&rsquo;\u00e9quipe fanion depuis plusieurs rencontres comme Morgan, Anthony, R\u00e9my, Martin et Paul qui apportent \u00e9norm\u00e9ment et sont pr\u00e9sents dans l&rsquo;esprit et dans le jeu. Les \u00e9ducateurs tiennent \u00e0 les f\u00e9liciter&nbsp;: qu&rsquo;ils continuent dans cette dynamique&nbsp;!<\/div>\n<p><\/p>\n<div><\/div>\n","protected":false},"excerpt":{"rendered":"<p>Les prot\u00e9g\u00e9s de C\u00e9dric recevaient ce Samedi leur voisins saint-s\u00e9verins pour une rencontre au sommet\u2026 Il ne fallait vraiment pas arriver en retard, car d\u00e8s la 10\u00e8me minute, Anthony ouvrait le score (1-0). D\u2019aucuns ont pens\u00e9 qu\u2019ils allaient passer une soir\u00e9e tranquille&nbsp;: ils se trompaient\u2026&#8230;<\/p>\n","protected":false},"author":1,"featured_media":0,"comment_status":"closed","ping_status":"closed","sticky":false,"template":"","format":"standard","meta":{"footnotes":""},"categories":[28],"tags":[],"class_list":["post-3489","post","type-post","status-publish","format-standard","hentry","category-old"],"yoast_head":"<!-- This site is optimized with the Yoast SEO plugin v27.3 - https:\/\/yoast.com\/product\/yoast-seo-wordpress\/ -->\n<title>L\u2019\u00e9toile pr\u00e9serve sa seconde place - ESM Foot<\/title>\n<meta name=\"robots\" content=\"index, follow, max-snippet:-1, max-image-preview:large, max-video-preview:-1\" \/>\n<link rel=\"canonical\" href=\"https:\/\/www.etoilesportivemontoise.fr\/football\/2014\/03\/letoile-preserve-sa-seconde-place\/\" \/>\n<meta property=\"og:locale\" content=\"fr_FR\" \/>\n<meta property=\"og:type\" content=\"article\" \/>\n<meta property=\"og:title\" content=\"L\u2019\u00e9toile pr\u00e9serve sa seconde place - ESM Foot\" \/>\n<meta property=\"og:description\" content=\"Les prot\u00e9g\u00e9s de C\u00e9dric recevaient ce Samedi leur voisins saint-s\u00e9verins pour une rencontre au sommet\u2026 Il ne fallait vraiment pas arriver en retard, car d\u00e8s la 10\u00e8me minute, Anthony ouvrait le score (1-0). D\u2019aucuns ont pens\u00e9 qu\u2019ils allaient passer une soir\u00e9e tranquille&nbsp;: ils se trompaient\u2026...\" \/>\n<meta property=\"og:url\" content=\"https:\/\/www.etoilesportivemontoise.fr\/football\/2014\/03\/letoile-preserve-sa-seconde-place\/\" \/>\n<meta property=\"og:site_name\" content=\"ESM Foot\" \/>\n<meta property=\"article:published_time\" content=\"2014-03-13T21:29:00+00:00\" \/>\n<meta property=\"article:modified_time\" content=\"2024-03-24T17:13:55+00:00\" \/>\n<meta property=\"og:image\" content=\"http:\/\/3.bp.blogspot.com\/-EiT7QuVHouc\/UyIhWJzHs-I\/AAAAAAAADhI\/JCff46nBnQc\/s1600\/Sever3.JPG\" \/>\n<meta name=\"author\" content=\"ESM\" \/>\n<meta name=\"twitter:label1\" content=\"\u00c9crit par\" \/>\n\t<meta name=\"twitter:data1\" content=\"ESM\" \/>\n\t<meta name=\"twitter:label2\" content=\"Dur\u00e9e de lecture estim\u00e9e\" \/>\n\t<meta name=\"twitter:data2\" content=\"2 minutes\" \/>\n<script type=\"application\/ld+json\" class=\"yoast-schema-graph\">{\"@context\":\"https:\\\/\\\/schema.org\",\"@graph\":[{\"@type\":\"Article\",\"@id\":\"https:\\\/\\\/www.etoilesportivemontoise.fr\\\/football\\\/2014\\\/03\\\/letoile-preserve-sa-seconde-place\\\/#article\",\"isPartOf\":{\"@id\":\"https:\\\/\\\/www.etoilesportivemontoise.fr\\\/football\\\/2014\\\/03\\\/letoile-preserve-sa-seconde-place\\\/\"},\"author\":{\"name\":\"ESM\",\"@id\":\"https:\\\/\\\/www.etoilesportivemontoise.fr\\\/football\\\/#\\\/schema\\\/person\\\/dd02b702be97ed924801c88fb2142212\"},\"headline\":\"L\u2019\u00e9toile pr\u00e9serve sa seconde place\",\"datePublished\":\"2014-03-13T21:29:00+00:00\",\"dateModified\":\"2024-03-24T17:13:55+00:00\",\"mainEntityOfPage\":{\"@id\":\"https:\\\/\\\/www.etoilesportivemontoise.fr\\\/football\\\/2014\\\/03\\\/letoile-preserve-sa-seconde-place\\\/\"},\"wordCount\":331,\"image\":{\"@id\":\"https:\\\/\\\/www.etoilesportivemontoise.fr\\\/football\\\/2014\\\/03\\\/letoile-preserve-sa-seconde-place\\\/#primaryimage\"},\"thumbnailUrl\":\"http:\\\/\\\/3.bp.blogspot.com\\\/-EiT7QuVHouc\\\/UyIhWJzHs-I\\\/AAAAAAAADhI\\\/JCff46nBnQc\\\/s1600\\\/Sever3.JPG\",\"articleSection\":[\"Archives\"],\"inLanguage\":\"fr-FR\"},{\"@type\":\"WebPage\",\"@id\":\"https:\\\/\\\/www.etoilesportivemontoise.fr\\\/football\\\/2014\\\/03\\\/letoile-preserve-sa-seconde-place\\\/\",\"url\":\"https:\\\/\\\/www.etoilesportivemontoise.fr\\\/football\\\/2014\\\/03\\\/letoile-preserve-sa-seconde-place\\\/\",\"name\":\"L\u2019\u00e9toile pr\u00e9serve sa seconde place - ESM Foot\",\"isPartOf\":{\"@id\":\"https:\\\/\\\/www.etoilesportivemontoise.fr\\\/football\\\/#website\"},\"primaryImageOfPage\":{\"@id\":\"https:\\\/\\\/www.etoilesportivemontoise.fr\\\/football\\\/2014\\\/03\\\/letoile-preserve-sa-seconde-place\\\/#primaryimage\"},\"image\":{\"@id\":\"https:\\\/\\\/www.etoilesportivemontoise.fr\\\/football\\\/2014\\\/03\\\/letoile-preserve-sa-seconde-place\\\/#primaryimage\"},\"thumbnailUrl\":\"http:\\\/\\\/3.bp.blogspot.com\\\/-EiT7QuVHouc\\\/UyIhWJzHs-I\\\/AAAAAAAADhI\\\/JCff46nBnQc\\\/s1600\\\/Sever3.JPG\",\"datePublished\":\"2014-03-13T21:29:00+00:00\",\"dateModified\":\"2024-03-24T17:13:55+00:00\",\"author\":{\"@id\":\"https:\\\/\\\/www.etoilesportivemontoise.fr\\\/football\\\/#\\\/schema\\\/person\\\/dd02b702be97ed924801c88fb2142212\"},\"breadcrumb\":{\"@id\":\"https:\\\/\\\/www.etoilesportivemontoise.fr\\\/football\\\/2014\\\/03\\\/letoile-preserve-sa-seconde-place\\\/#breadcrumb\"},\"inLanguage\":\"fr-FR\",\"potentialAction\":[{\"@type\":\"ReadAction\",\"target\":[\"https:\\\/\\\/www.etoilesportivemontoise.fr\\\/football\\\/2014\\\/03\\\/letoile-preserve-sa-seconde-place\\\/\"]}]},{\"@type\":\"ImageObject\",\"inLanguage\":\"fr-FR\",\"@id\":\"https:\\\/\\\/www.etoilesportivemontoise.fr\\\/football\\\/2014\\\/03\\\/letoile-preserve-sa-seconde-place\\\/#primaryimage\",\"url\":\"http:\\\/\\\/3.bp.blogspot.com\\\/-EiT7QuVHouc\\\/UyIhWJzHs-I\\\/AAAAAAAADhI\\\/JCff46nBnQc\\\/s1600\\\/Sever3.JPG\",\"contentUrl\":\"http:\\\/\\\/3.bp.blogspot.com\\\/-EiT7QuVHouc\\\/UyIhWJzHs-I\\\/AAAAAAAADhI\\\/JCff46nBnQc\\\/s1600\\\/Sever3.JPG\"},{\"@type\":\"BreadcrumbList\",\"@id\":\"https:\\\/\\\/www.etoilesportivemontoise.fr\\\/football\\\/2014\\\/03\\\/letoile-preserve-sa-seconde-place\\\/#breadcrumb\",\"itemListElement\":[{\"@type\":\"ListItem\",\"position\":1,\"name\":\"Accueil\",\"item\":\"https:\\\/\\\/www.etoilesportivemontoise.fr\\\/football\\\/\"},{\"@type\":\"ListItem\",\"position\":2,\"name\":\"L\u2019\u00e9toile pr\u00e9serve sa seconde place\"}]},{\"@type\":\"WebSite\",\"@id\":\"https:\\\/\\\/www.etoilesportivemontoise.fr\\\/football\\\/#website\",\"url\":\"https:\\\/\\\/www.etoilesportivemontoise.fr\\\/football\\\/\",\"name\":\"ESM Foot\",\"description\":\"Club Football Mont de Marsan\",\"potentialAction\":[{\"@type\":\"SearchAction\",\"target\":{\"@type\":\"EntryPoint\",\"urlTemplate\":\"https:\\\/\\\/www.etoilesportivemontoise.fr\\\/football\\\/?s={search_term_string}\"},\"query-input\":{\"@type\":\"PropertyValueSpecification\",\"valueRequired\":true,\"valueName\":\"search_term_string\"}}],\"inLanguage\":\"fr-FR\"},{\"@type\":\"Person\",\"@id\":\"https:\\\/\\\/www.etoilesportivemontoise.fr\\\/football\\\/#\\\/schema\\\/person\\\/dd02b702be97ed924801c88fb2142212\",\"name\":\"ESM\",\"image\":{\"@type\":\"ImageObject\",\"inLanguage\":\"fr-FR\",\"@id\":\"https:\\\/\\\/secure.gravatar.com\\\/avatar\\\/4d571ff55345efadfb90ca100df3e18eb3cdaa9eb0599415645d75cb8626ba49?s=96&d=mm&r=g\",\"url\":\"https:\\\/\\\/secure.gravatar.com\\\/avatar\\\/4d571ff55345efadfb90ca100df3e18eb3cdaa9eb0599415645d75cb8626ba49?s=96&d=mm&r=g\",\"contentUrl\":\"https:\\\/\\\/secure.gravatar.com\\\/avatar\\\/4d571ff55345efadfb90ca100df3e18eb3cdaa9eb0599415645d75cb8626ba49?s=96&d=mm&r=g\",\"caption\":\"ESM\"},\"url\":\"https:\\\/\\\/www.etoilesportivemontoise.fr\\\/football\\\/aka\\\/9af3b8c1915118cbc5cf7cdecb87fa13c2abf1c4\\\/\"}]}<\/script>\n<!-- \/ Yoast SEO plugin. -->","yoast_head_json":{"title":"L\u2019\u00e9toile pr\u00e9serve sa seconde place - ESM Foot","robots":{"index":"index","follow":"follow","max-snippet":"max-snippet:-1","max-image-preview":"max-image-preview:large","max-video-preview":"max-video-preview:-1"},"canonical":"https:\/\/www.etoilesportivemontoise.fr\/football\/2014\/03\/letoile-preserve-sa-seconde-place\/","og_locale":"fr_FR","og_type":"article","og_title":"L\u2019\u00e9toile pr\u00e9serve sa seconde place - ESM Foot","og_description":"Les prot\u00e9g\u00e9s de C\u00e9dric recevaient ce Samedi leur voisins saint-s\u00e9verins pour une rencontre au sommet\u2026 Il ne fallait vraiment pas arriver en retard, car d\u00e8s la 10\u00e8me minute, Anthony ouvrait le score (1-0). D\u2019aucuns ont pens\u00e9 qu\u2019ils allaient passer une soir\u00e9e tranquille&nbsp;: ils se trompaient\u2026...","og_url":"https:\/\/www.etoilesportivemontoise.fr\/football\/2014\/03\/letoile-preserve-sa-seconde-place\/","og_site_name":"ESM Foot","article_published_time":"2014-03-13T21:29:00+00:00","article_modified_time":"2024-03-24T17:13:55+00:00","og_image":[{"url":"http:\/\/3.bp.blogspot.com\/-EiT7QuVHouc\/UyIhWJzHs-I\/AAAAAAAADhI\/JCff46nBnQc\/s1600\/Sever3.JPG","type":"","width":"","height":""}],"author":"ESM","twitter_misc":{"\u00c9crit par":"ESM","Dur\u00e9e de lecture estim\u00e9e":"2 minutes"},"schema":{"@context":"https:\/\/schema.org","@graph":[{"@type":"Article","@id":"https:\/\/www.etoilesportivemontoise.fr\/football\/2014\/03\/letoile-preserve-sa-seconde-place\/#article","isPartOf":{"@id":"https:\/\/www.etoilesportivemontoise.fr\/football\/2014\/03\/letoile-preserve-sa-seconde-place\/"},"author":{"name":"ESM","@id":"https:\/\/www.etoilesportivemontoise.fr\/football\/#\/schema\/person\/dd02b702be97ed924801c88fb2142212"},"headline":"L\u2019\u00e9toile pr\u00e9serve sa seconde place","datePublished":"2014-03-13T21:29:00+00:00","dateModified":"2024-03-24T17:13:55+00:00","mainEntityOfPage":{"@id":"https:\/\/www.etoilesportivemontoise.fr\/football\/2014\/03\/letoile-preserve-sa-seconde-place\/"},"wordCount":331,"image":{"@id":"https:\/\/www.etoilesportivemontoise.fr\/football\/2014\/03\/letoile-preserve-sa-seconde-place\/#primaryimage"},"thumbnailUrl":"http:\/\/3.bp.blogspot.com\/-EiT7QuVHouc\/UyIhWJzHs-I\/AAAAAAAADhI\/JCff46nBnQc\/s1600\/Sever3.JPG","articleSection":["Archives"],"inLanguage":"fr-FR"},{"@type":"WebPage","@id":"https:\/\/www.etoilesportivemontoise.fr\/football\/2014\/03\/letoile-preserve-sa-seconde-place\/","url":"https:\/\/www.etoilesportivemontoise.fr\/football\/2014\/03\/letoile-preserve-sa-seconde-place\/","name":"L\u2019\u00e9toile pr\u00e9serve sa seconde place - ESM Foot","isPartOf":{"@id":"https:\/\/www.etoilesportivemontoise.fr\/football\/#website"},"primaryImageOfPage":{"@id":"https:\/\/www.etoilesportivemontoise.fr\/football\/2014\/03\/letoile-preserve-sa-seconde-place\/#primaryimage"},"image":{"@id":"https:\/\/www.etoilesportivemontoise.fr\/football\/2014\/03\/letoile-preserve-sa-seconde-place\/#primaryimage"},"thumbnailUrl":"http:\/\/3.bp.blogspot.com\/-EiT7QuVHouc\/UyIhWJzHs-I\/AAAAAAAADhI\/JCff46nBnQc\/s1600\/Sever3.JPG","datePublished":"2014-03-13T21:29:00+00:00","dateModified":"2024-03-24T17:13:55+00:00","author":{"@id":"https:\/\/www.etoilesportivemontoise.fr\/football\/#\/schema\/person\/dd02b702be97ed924801c88fb2142212"},"breadcrumb":{"@id":"https:\/\/www.etoilesportivemontoise.fr\/football\/2014\/03\/letoile-preserve-sa-seconde-place\/#breadcrumb"},"inLanguage":"fr-FR","potentialAction":[{"@type":"ReadAction","target":["https:\/\/www.etoilesportivemontoise.fr\/football\/2014\/03\/letoile-preserve-sa-seconde-place\/"]}]},{"@type":"ImageObject","inLanguage":"fr-FR","@id":"https:\/\/www.etoilesportivemontoise.fr\/football\/2014\/03\/letoile-preserve-sa-seconde-place\/#primaryimage","url":"http:\/\/3.bp.blogspot.com\/-EiT7QuVHouc\/UyIhWJzHs-I\/AAAAAAAADhI\/JCff46nBnQc\/s1600\/Sever3.JPG","contentUrl":"http:\/\/3.bp.blogspot.com\/-EiT7QuVHouc\/UyIhWJzHs-I\/AAAAAAAADhI\/JCff46nBnQc\/s1600\/Sever3.JPG"},{"@type":"BreadcrumbList","@id":"https:\/\/www.etoilesportivemontoise.fr\/football\/2014\/03\/letoile-preserve-sa-seconde-place\/#breadcrumb","itemListElement":[{"@type":"ListItem","position":1,"name":"Accueil","item":"https:\/\/www.etoilesportivemontoise.fr\/football\/"},{"@type":"ListItem","position":2,"name":"L\u2019\u00e9toile pr\u00e9serve sa seconde place"}]},{"@type":"WebSite","@id":"https:\/\/www.etoilesportivemontoise.fr\/football\/#website","url":"https:\/\/www.etoilesportivemontoise.fr\/football\/","name":"ESM Foot","description":"Club Football Mont de Marsan","potentialAction":[{"@type":"SearchAction","target":{"@type":"EntryPoint","urlTemplate":"https:\/\/www.etoilesportivemontoise.fr\/football\/?s={search_term_string}"},"query-input":{"@type":"PropertyValueSpecification","valueRequired":true,"valueName":"search_term_string"}}],"inLanguage":"fr-FR"},{"@type":"Person","@id":"https:\/\/www.etoilesportivemontoise.fr\/football\/#\/schema\/person\/dd02b702be97ed924801c88fb2142212","name":"ESM","image":{"@type":"ImageObject","inLanguage":"fr-FR","@id":"https:\/\/secure.gravatar.com\/avatar\/4d571ff55345efadfb90ca100df3e18eb3cdaa9eb0599415645d75cb8626ba49?s=96&d=mm&r=g","url":"https:\/\/secure.gravatar.com\/avatar\/4d571ff55345efadfb90ca100df3e18eb3cdaa9eb0599415645d75cb8626ba49?s=96&d=mm&r=g","contentUrl":"https:\/\/secure.gravatar.com\/avatar\/4d571ff55345efadfb90ca100df3e18eb3cdaa9eb0599415645d75cb8626ba49?s=96&d=mm&r=g","caption":"ESM"},"url":"https:\/\/www.etoilesportivemontoise.fr\/football\/aka\/9af3b8c1915118cbc5cf7cdecb87fa13c2abf1c4\/"}]}},"_links":{"self":[{"href":"https:\/\/www.etoilesportivemontoise.fr\/football\/wp-json\/wp\/v2\/posts\/3489","targetHints":{"allow":["GET"]}}],"collection":[{"href":"https:\/\/www.etoilesportivemontoise.fr\/football\/wp-json\/wp\/v2\/posts"}],"about":[{"href":"https:\/\/www.etoilesportivemontoise.fr\/football\/wp-json\/wp\/v2\/types\/post"}],"author":[{"embeddable":true,"href":"https:\/\/www.etoilesportivemontoise.fr\/football\/wp-json\/wp\/v2\/users\/1"}],"replies":[{"embeddable":true,"href":"https:\/\/www.etoilesportivemontoise.fr\/football\/wp-json\/wp\/v2\/comments?post=3489"}],"version-history":[{"count":1,"href":"https:\/\/www.etoilesportivemontoise.fr\/football\/wp-json\/wp\/v2\/posts\/3489\/revisions"}],"predecessor-version":[{"id":4223,"href":"https:\/\/www.etoilesportivemontoise.fr\/football\/wp-json\/wp\/v2\/posts\/3489\/revisions\/4223"}],"wp:attachment":[{"href":"https:\/\/www.etoilesportivemontoise.fr\/football\/wp-json\/wp\/v2\/media?parent=3489"}],"wp:term":[{"taxonomy":"category","embeddable":true,"href":"https:\/\/www.etoilesportivemontoise.fr\/football\/wp-json\/wp\/v2\/categories?post=3489"},{"taxonomy":"post_tag","embeddable":true,"href":"https:\/\/www.etoilesportivemontoise.fr\/football\/wp-json\/wp\/v2\/tags?post=3489"}],"curies":[{"name":"wp","href":"https:\/\/api.w.org\/{rel}","templated":true}]}}