{"id":3496,"date":"2014-02-16T12:35:00","date_gmt":"2014-02-16T11:35:00","guid":{"rendered":"http:\/\/www.etoilesportivemontoise.fr\/football\/les-u15-sont-en-demi\/"},"modified":"2024-03-24T18:13:57","modified_gmt":"2024-03-24T17:13:57","slug":"les-u15-sont-en-demi","status":"publish","type":"post","link":"https:\/\/www.etoilesportivemontoise.fr\/football\/2014\/02\/les-u15-sont-en-demi\/","title":{"rendered":"Les U15 sont en demi !"},"content":{"rendered":"<div style=\"clear: both;text-align: center\"><a href=\"http:\/\/2.bp.blogspot.com\/-3qIhxHle0I8\/Uv_PBpQmz9I\/AAAAAAAADVE\/EiLSUKbNSC0\/s1600\/IMG_0811_petit.JPG\" style=\"margin-left: 1em;margin-right: 1em\"><img loading=\"lazy\" decoding=\"async\" border=\"0\" src=\"http:\/\/2.bp.blogspot.com\/-3qIhxHle0I8\/Uv_PBpQmz9I\/AAAAAAAADVE\/EiLSUKbNSC0\/s1600\/IMG_0811_petit.JPG\" height=\"207\" width=\"320\" \/><\/a><\/div>\n<div><span style=\"font-family: Calibri;font-size: 12pt\"><br \/><\/span><\/div>\n<div><span style=\"font-family: Calibri;font-size: 12pt\">Apr\u00e8s une interruption d\u2019un mois due aux intemp\u00e9ries, nos U15 jouaient leur quart de finale de la coupe du District contre Villeneuve de Marsan\u2026<\/span><\/div>\n<div><\/div>\n<div><span style=\"font-family: Calibri;font-size: 12pt\">La mise en route fut dure, mais avec la volont\u00e9 de bien faire, nous ouvrions le score apr\u00e8s 15 mn de jeu. Ce but lib\u00e9ra sans doute les joueurs puisque sur cet \u00e9lan, ils inscrivirent deux autres buts. Nous virions \u00e0 la mi temps avec un score de 3-0, sans pour autant que nos adversaires ne d\u00e9m\u00e9ritent.<\/span><\/div>\n<div><\/div>\n<div><span style=\"font-family: Calibri;font-size: 12pt\"><\/span><\/div>\n<p><a name='more'><\/a>La seconde mi-temps fut de meilleure qualit\u00e9, gr\u00e2ce \u00e0 un jeu plus pos\u00e9. Notre physique pris alors le pas sur nos adversaires, ce qui nous permit d\u2019inscrire deux autres buts\u2026<\/p>\n<div><\/div>\n<div><span style=\"font-family: Calibri;font-size: 12pt\">Ce score de 5-0 n\u2019\u00e9volua pas jusqu\u2019\u00e0 la fin du match, et le coup de sifflet final fut une immense joie pour tout le monde. Nos joueurs ont su g\u00e9rer ce qui s\u2019annon\u00e7ait comme un 1\/4 de finale pi\u00e8ge. Bravo \u00e0 tout le groupe&nbsp;!<\/span><\/div>\n<div><\/div>\n<div><span style=\"font-family: Calibri;font-size: 12pt\"><b><span style=\"color: #0b5394\">PLUS QU\u2019UN MATCH AVANT LA FINALE&nbsp;!<\/span><\/b><\/span><\/div>\n<div><\/div>\n<p><\/p>\n<div><span style=\"font-family: Calibri;font-size: 12pt\">Coach Eric<\/span><\/div>\n","protected":false},"excerpt":{"rendered":"<p>Apr\u00e8s une interruption d\u2019un mois due aux intemp\u00e9ries, nos U15 jouaient leur quart de finale de la coupe du District contre Villeneuve de Marsan\u2026 La mise en route fut dure, mais avec la volont\u00e9 de bien faire, nous ouvrions le score apr\u00e8s 15 mn de&#8230;<\/p>\n","protected":false},"author":1,"featured_media":0,"comment_status":"closed","ping_status":"closed","sticky":false,"template":"","format":"standard","meta":{"footnotes":""},"categories":[28],"tags":[],"class_list":["post-3496","post","type-post","status-publish","format-standard","hentry","category-old"],"yoast_head":"<!-- This site is optimized with the Yoast SEO plugin v27.3 - https:\/\/yoast.com\/product\/yoast-seo-wordpress\/ -->\n<title>Les U15 sont en demi ! - ESM Foot<\/title>\n<meta name=\"robots\" content=\"index, follow, max-snippet:-1, max-image-preview:large, max-video-preview:-1\" \/>\n<link rel=\"canonical\" href=\"https:\/\/www.etoilesportivemontoise.fr\/football\/2014\/02\/les-u15-sont-en-demi\/\" \/>\n<meta property=\"og:locale\" content=\"fr_FR\" \/>\n<meta property=\"og:type\" content=\"article\" \/>\n<meta property=\"og:title\" content=\"Les U15 sont en demi ! - ESM Foot\" \/>\n<meta property=\"og:description\" content=\"Apr\u00e8s une interruption d\u2019un mois due aux intemp\u00e9ries, nos U15 jouaient leur quart de finale de la coupe du District contre Villeneuve de Marsan\u2026 La mise en route fut dure, mais avec la volont\u00e9 de bien faire, nous ouvrions le score apr\u00e8s 15 mn de...\" \/>\n<meta property=\"og:url\" content=\"https:\/\/www.etoilesportivemontoise.fr\/football\/2014\/02\/les-u15-sont-en-demi\/\" \/>\n<meta property=\"og:site_name\" content=\"ESM Foot\" \/>\n<meta property=\"article:published_time\" content=\"2014-02-16T11:35:00+00:00\" \/>\n<meta property=\"article:modified_time\" content=\"2024-03-24T17:13:57+00:00\" \/>\n<meta property=\"og:image\" content=\"http:\/\/2.bp.blogspot.com\/-3qIhxHle0I8\/Uv_PBpQmz9I\/AAAAAAAADVE\/EiLSUKbNSC0\/s1600\/IMG_0811_petit.JPG\" \/>\n<meta name=\"author\" content=\"ESM\" \/>\n<meta name=\"twitter:label1\" content=\"\u00c9crit par\" \/>\n\t<meta name=\"twitter:data1\" content=\"ESM\" \/>\n\t<meta name=\"twitter:label2\" content=\"Dur\u00e9e de lecture estim\u00e9e\" \/>\n\t<meta name=\"twitter:data2\" content=\"1 minute\" \/>\n<script type=\"application\/ld+json\" class=\"yoast-schema-graph\">{\"@context\":\"https:\\\/\\\/schema.org\",\"@graph\":[{\"@type\":\"Article\",\"@id\":\"https:\\\/\\\/www.etoilesportivemontoise.fr\\\/football\\\/2014\\\/02\\\/les-u15-sont-en-demi\\\/#article\",\"isPartOf\":{\"@id\":\"https:\\\/\\\/www.etoilesportivemontoise.fr\\\/football\\\/2014\\\/02\\\/les-u15-sont-en-demi\\\/\"},\"author\":{\"name\":\"ESM\",\"@id\":\"https:\\\/\\\/www.etoilesportivemontoise.fr\\\/football\\\/#\\\/schema\\\/person\\\/dd02b702be97ed924801c88fb2142212\"},\"headline\":\"Les U15 sont en demi !\",\"datePublished\":\"2014-02-16T11:35:00+00:00\",\"dateModified\":\"2024-03-24T17:13:57+00:00\",\"mainEntityOfPage\":{\"@id\":\"https:\\\/\\\/www.etoilesportivemontoise.fr\\\/football\\\/2014\\\/02\\\/les-u15-sont-en-demi\\\/\"},\"wordCount\":180,\"image\":{\"@id\":\"https:\\\/\\\/www.etoilesportivemontoise.fr\\\/football\\\/2014\\\/02\\\/les-u15-sont-en-demi\\\/#primaryimage\"},\"thumbnailUrl\":\"http:\\\/\\\/2.bp.blogspot.com\\\/-3qIhxHle0I8\\\/Uv_PBpQmz9I\\\/AAAAAAAADVE\\\/EiLSUKbNSC0\\\/s1600\\\/IMG_0811_petit.JPG\",\"articleSection\":[\"Archives\"],\"inLanguage\":\"fr-FR\"},{\"@type\":\"WebPage\",\"@id\":\"https:\\\/\\\/www.etoilesportivemontoise.fr\\\/football\\\/2014\\\/02\\\/les-u15-sont-en-demi\\\/\",\"url\":\"https:\\\/\\\/www.etoilesportivemontoise.fr\\\/football\\\/2014\\\/02\\\/les-u15-sont-en-demi\\\/\",\"name\":\"Les U15 sont en demi ! - ESM Foot\",\"isPartOf\":{\"@id\":\"https:\\\/\\\/www.etoilesportivemontoise.fr\\\/football\\\/#website\"},\"primaryImageOfPage\":{\"@id\":\"https:\\\/\\\/www.etoilesportivemontoise.fr\\\/football\\\/2014\\\/02\\\/les-u15-sont-en-demi\\\/#primaryimage\"},\"image\":{\"@id\":\"https:\\\/\\\/www.etoilesportivemontoise.fr\\\/football\\\/2014\\\/02\\\/les-u15-sont-en-demi\\\/#primaryimage\"},\"thumbnailUrl\":\"http:\\\/\\\/2.bp.blogspot.com\\\/-3qIhxHle0I8\\\/Uv_PBpQmz9I\\\/AAAAAAAADVE\\\/EiLSUKbNSC0\\\/s1600\\\/IMG_0811_petit.JPG\",\"datePublished\":\"2014-02-16T11:35:00+00:00\",\"dateModified\":\"2024-03-24T17:13:57+00:00\",\"author\":{\"@id\":\"https:\\\/\\\/www.etoilesportivemontoise.fr\\\/football\\\/#\\\/schema\\\/person\\\/dd02b702be97ed924801c88fb2142212\"},\"breadcrumb\":{\"@id\":\"https:\\\/\\\/www.etoilesportivemontoise.fr\\\/football\\\/2014\\\/02\\\/les-u15-sont-en-demi\\\/#breadcrumb\"},\"inLanguage\":\"fr-FR\",\"potentialAction\":[{\"@type\":\"ReadAction\",\"target\":[\"https:\\\/\\\/www.etoilesportivemontoise.fr\\\/football\\\/2014\\\/02\\\/les-u15-sont-en-demi\\\/\"]}]},{\"@type\":\"ImageObject\",\"inLanguage\":\"fr-FR\",\"@id\":\"https:\\\/\\\/www.etoilesportivemontoise.fr\\\/football\\\/2014\\\/02\\\/les-u15-sont-en-demi\\\/#primaryimage\",\"url\":\"http:\\\/\\\/2.bp.blogspot.com\\\/-3qIhxHle0I8\\\/Uv_PBpQmz9I\\\/AAAAAAAADVE\\\/EiLSUKbNSC0\\\/s1600\\\/IMG_0811_petit.JPG\",\"contentUrl\":\"http:\\\/\\\/2.bp.blogspot.com\\\/-3qIhxHle0I8\\\/Uv_PBpQmz9I\\\/AAAAAAAADVE\\\/EiLSUKbNSC0\\\/s1600\\\/IMG_0811_petit.JPG\"},{\"@type\":\"BreadcrumbList\",\"@id\":\"https:\\\/\\\/www.etoilesportivemontoise.fr\\\/football\\\/2014\\\/02\\\/les-u15-sont-en-demi\\\/#breadcrumb\",\"itemListElement\":[{\"@type\":\"ListItem\",\"position\":1,\"name\":\"Accueil\",\"item\":\"https:\\\/\\\/www.etoilesportivemontoise.fr\\\/football\\\/\"},{\"@type\":\"ListItem\",\"position\":2,\"name\":\"Les U15 sont en demi !\"}]},{\"@type\":\"WebSite\",\"@id\":\"https:\\\/\\\/www.etoilesportivemontoise.fr\\\/football\\\/#website\",\"url\":\"https:\\\/\\\/www.etoilesportivemontoise.fr\\\/football\\\/\",\"name\":\"ESM Foot\",\"description\":\"Club Football Mont de Marsan\",\"potentialAction\":[{\"@type\":\"SearchAction\",\"target\":{\"@type\":\"EntryPoint\",\"urlTemplate\":\"https:\\\/\\\/www.etoilesportivemontoise.fr\\\/football\\\/?s={search_term_string}\"},\"query-input\":{\"@type\":\"PropertyValueSpecification\",\"valueRequired\":true,\"valueName\":\"search_term_string\"}}],\"inLanguage\":\"fr-FR\"},{\"@type\":\"Person\",\"@id\":\"https:\\\/\\\/www.etoilesportivemontoise.fr\\\/football\\\/#\\\/schema\\\/person\\\/dd02b702be97ed924801c88fb2142212\",\"name\":\"ESM\",\"image\":{\"@type\":\"ImageObject\",\"inLanguage\":\"fr-FR\",\"@id\":\"https:\\\/\\\/secure.gravatar.com\\\/avatar\\\/4d571ff55345efadfb90ca100df3e18eb3cdaa9eb0599415645d75cb8626ba49?s=96&d=mm&r=g\",\"url\":\"https:\\\/\\\/secure.gravatar.com\\\/avatar\\\/4d571ff55345efadfb90ca100df3e18eb3cdaa9eb0599415645d75cb8626ba49?s=96&d=mm&r=g\",\"contentUrl\":\"https:\\\/\\\/secure.gravatar.com\\\/avatar\\\/4d571ff55345efadfb90ca100df3e18eb3cdaa9eb0599415645d75cb8626ba49?s=96&d=mm&r=g\",\"caption\":\"ESM\"},\"url\":\"https:\\\/\\\/www.etoilesportivemontoise.fr\\\/football\\\/aka\\\/9af3b8c1915118cbc5cf7cdecb87fa13c2abf1c4\\\/\"}]}<\/script>\n<!-- \/ Yoast SEO plugin. -->","yoast_head_json":{"title":"Les U15 sont en demi ! - ESM Foot","robots":{"index":"index","follow":"follow","max-snippet":"max-snippet:-1","max-image-preview":"max-image-preview:large","max-video-preview":"max-video-preview:-1"},"canonical":"https:\/\/www.etoilesportivemontoise.fr\/football\/2014\/02\/les-u15-sont-en-demi\/","og_locale":"fr_FR","og_type":"article","og_title":"Les U15 sont en demi ! - ESM Foot","og_description":"Apr\u00e8s une interruption d\u2019un mois due aux intemp\u00e9ries, nos U15 jouaient leur quart de finale de la coupe du District contre Villeneuve de Marsan\u2026 La mise en route fut dure, mais avec la volont\u00e9 de bien faire, nous ouvrions le score apr\u00e8s 15 mn de...","og_url":"https:\/\/www.etoilesportivemontoise.fr\/football\/2014\/02\/les-u15-sont-en-demi\/","og_site_name":"ESM Foot","article_published_time":"2014-02-16T11:35:00+00:00","article_modified_time":"2024-03-24T17:13:57+00:00","og_image":[{"url":"http:\/\/2.bp.blogspot.com\/-3qIhxHle0I8\/Uv_PBpQmz9I\/AAAAAAAADVE\/EiLSUKbNSC0\/s1600\/IMG_0811_petit.JPG","type":"","width":"","height":""}],"author":"ESM","twitter_misc":{"\u00c9crit par":"ESM","Dur\u00e9e de lecture estim\u00e9e":"1 minute"},"schema":{"@context":"https:\/\/schema.org","@graph":[{"@type":"Article","@id":"https:\/\/www.etoilesportivemontoise.fr\/football\/2014\/02\/les-u15-sont-en-demi\/#article","isPartOf":{"@id":"https:\/\/www.etoilesportivemontoise.fr\/football\/2014\/02\/les-u15-sont-en-demi\/"},"author":{"name":"ESM","@id":"https:\/\/www.etoilesportivemontoise.fr\/football\/#\/schema\/person\/dd02b702be97ed924801c88fb2142212"},"headline":"Les U15 sont en demi !","datePublished":"2014-02-16T11:35:00+00:00","dateModified":"2024-03-24T17:13:57+00:00","mainEntityOfPage":{"@id":"https:\/\/www.etoilesportivemontoise.fr\/football\/2014\/02\/les-u15-sont-en-demi\/"},"wordCount":180,"image":{"@id":"https:\/\/www.etoilesportivemontoise.fr\/football\/2014\/02\/les-u15-sont-en-demi\/#primaryimage"},"thumbnailUrl":"http:\/\/2.bp.blogspot.com\/-3qIhxHle0I8\/Uv_PBpQmz9I\/AAAAAAAADVE\/EiLSUKbNSC0\/s1600\/IMG_0811_petit.JPG","articleSection":["Archives"],"inLanguage":"fr-FR"},{"@type":"WebPage","@id":"https:\/\/www.etoilesportivemontoise.fr\/football\/2014\/02\/les-u15-sont-en-demi\/","url":"https:\/\/www.etoilesportivemontoise.fr\/football\/2014\/02\/les-u15-sont-en-demi\/","name":"Les U15 sont en demi ! - ESM Foot","isPartOf":{"@id":"https:\/\/www.etoilesportivemontoise.fr\/football\/#website"},"primaryImageOfPage":{"@id":"https:\/\/www.etoilesportivemontoise.fr\/football\/2014\/02\/les-u15-sont-en-demi\/#primaryimage"},"image":{"@id":"https:\/\/www.etoilesportivemontoise.fr\/football\/2014\/02\/les-u15-sont-en-demi\/#primaryimage"},"thumbnailUrl":"http:\/\/2.bp.blogspot.com\/-3qIhxHle0I8\/Uv_PBpQmz9I\/AAAAAAAADVE\/EiLSUKbNSC0\/s1600\/IMG_0811_petit.JPG","datePublished":"2014-02-16T11:35:00+00:00","dateModified":"2024-03-24T17:13:57+00:00","author":{"@id":"https:\/\/www.etoilesportivemontoise.fr\/football\/#\/schema\/person\/dd02b702be97ed924801c88fb2142212"},"breadcrumb":{"@id":"https:\/\/www.etoilesportivemontoise.fr\/football\/2014\/02\/les-u15-sont-en-demi\/#breadcrumb"},"inLanguage":"fr-FR","potentialAction":[{"@type":"ReadAction","target":["https:\/\/www.etoilesportivemontoise.fr\/football\/2014\/02\/les-u15-sont-en-demi\/"]}]},{"@type":"ImageObject","inLanguage":"fr-FR","@id":"https:\/\/www.etoilesportivemontoise.fr\/football\/2014\/02\/les-u15-sont-en-demi\/#primaryimage","url":"http:\/\/2.bp.blogspot.com\/-3qIhxHle0I8\/Uv_PBpQmz9I\/AAAAAAAADVE\/EiLSUKbNSC0\/s1600\/IMG_0811_petit.JPG","contentUrl":"http:\/\/2.bp.blogspot.com\/-3qIhxHle0I8\/Uv_PBpQmz9I\/AAAAAAAADVE\/EiLSUKbNSC0\/s1600\/IMG_0811_petit.JPG"},{"@type":"BreadcrumbList","@id":"https:\/\/www.etoilesportivemontoise.fr\/football\/2014\/02\/les-u15-sont-en-demi\/#breadcrumb","itemListElement":[{"@type":"ListItem","position":1,"name":"Accueil","item":"https:\/\/www.etoilesportivemontoise.fr\/football\/"},{"@type":"ListItem","position":2,"name":"Les U15 sont en demi !"}]},{"@type":"WebSite","@id":"https:\/\/www.etoilesportivemontoise.fr\/football\/#website","url":"https:\/\/www.etoilesportivemontoise.fr\/football\/","name":"ESM Foot","description":"Club Football Mont de Marsan","potentialAction":[{"@type":"SearchAction","target":{"@type":"EntryPoint","urlTemplate":"https:\/\/www.etoilesportivemontoise.fr\/football\/?s={search_term_string}"},"query-input":{"@type":"PropertyValueSpecification","valueRequired":true,"valueName":"search_term_string"}}],"inLanguage":"fr-FR"},{"@type":"Person","@id":"https:\/\/www.etoilesportivemontoise.fr\/football\/#\/schema\/person\/dd02b702be97ed924801c88fb2142212","name":"ESM","image":{"@type":"ImageObject","inLanguage":"fr-FR","@id":"https:\/\/secure.gravatar.com\/avatar\/4d571ff55345efadfb90ca100df3e18eb3cdaa9eb0599415645d75cb8626ba49?s=96&d=mm&r=g","url":"https:\/\/secure.gravatar.com\/avatar\/4d571ff55345efadfb90ca100df3e18eb3cdaa9eb0599415645d75cb8626ba49?s=96&d=mm&r=g","contentUrl":"https:\/\/secure.gravatar.com\/avatar\/4d571ff55345efadfb90ca100df3e18eb3cdaa9eb0599415645d75cb8626ba49?s=96&d=mm&r=g","caption":"ESM"},"url":"https:\/\/www.etoilesportivemontoise.fr\/football\/aka\/9af3b8c1915118cbc5cf7cdecb87fa13c2abf1c4\/"}]}},"_links":{"self":[{"href":"https:\/\/www.etoilesportivemontoise.fr\/football\/wp-json\/wp\/v2\/posts\/3496","targetHints":{"allow":["GET"]}}],"collection":[{"href":"https:\/\/www.etoilesportivemontoise.fr\/football\/wp-json\/wp\/v2\/posts"}],"about":[{"href":"https:\/\/www.etoilesportivemontoise.fr\/football\/wp-json\/wp\/v2\/types\/post"}],"author":[{"embeddable":true,"href":"https:\/\/www.etoilesportivemontoise.fr\/football\/wp-json\/wp\/v2\/users\/1"}],"replies":[{"embeddable":true,"href":"https:\/\/www.etoilesportivemontoise.fr\/football\/wp-json\/wp\/v2\/comments?post=3496"}],"version-history":[{"count":1,"href":"https:\/\/www.etoilesportivemontoise.fr\/football\/wp-json\/wp\/v2\/posts\/3496\/revisions"}],"predecessor-version":[{"id":4230,"href":"https:\/\/www.etoilesportivemontoise.fr\/football\/wp-json\/wp\/v2\/posts\/3496\/revisions\/4230"}],"wp:attachment":[{"href":"https:\/\/www.etoilesportivemontoise.fr\/football\/wp-json\/wp\/v2\/media?parent=3496"}],"wp:term":[{"taxonomy":"category","embeddable":true,"href":"https:\/\/www.etoilesportivemontoise.fr\/football\/wp-json\/wp\/v2\/categories?post=3496"},{"taxonomy":"post_tag","embeddable":true,"href":"https:\/\/www.etoilesportivemontoise.fr\/football\/wp-json\/wp\/v2\/tags?post=3496"}],"curies":[{"name":"wp","href":"https:\/\/api.w.org\/{rel}","templated":true}]}}