{"id":3497,"date":"2014-02-13T22:25:00","date_gmt":"2014-02-13T21:25:00","guid":{"rendered":"http:\/\/www.etoilesportivemontoise.fr\/football\/esm-peyrehorade-maintenu\/"},"modified":"2024-03-24T18:13:57","modified_gmt":"2024-03-24T17:13:57","slug":"esm-peyrehorade-maintenu","status":"publish","type":"post","link":"https:\/\/www.etoilesportivemontoise.fr\/football\/2014\/02\/esm-peyrehorade-maintenu\/","title":{"rendered":"ESM Peyrehorade maintenu &#8230;"},"content":{"rendered":"<div style=\"clear: both;text-align: center\"><a href=\"http:\/\/3.bp.blogspot.com\/-r7nkIqSiDWs\/Uv00oh72IbI\/AAAAAAAADU0\/WBoVy4HgY98\/s1600\/Peyre.png\" style=\"margin-left: 1em;margin-right: 1em\"><img loading=\"lazy\" decoding=\"async\" border=\"0\" src=\"http:\/\/3.bp.blogspot.com\/-r7nkIqSiDWs\/Uv00oh72IbI\/AAAAAAAADU0\/WBoVy4HgY98\/s1600\/Peyre.png\" height=\"424\" width=\"640\" \/><\/a><\/div>\n<p><span style=\"background-color: white;color: #666666;font-family: 'Trebuchet MS', Trebuchet, Verdana, sans-serif;font-size: 15px;line-height: 21px;text-align: justify\">Ce week-end, l&rsquo;Etoile montoise recevra <\/span><span style=\"background-color: white;font-family: 'Trebuchet MS', Trebuchet, Verdana, sans-serif;font-size: 15px;line-height: 21px;text-align: justify\"><b><span style=\"color: #134f5c\">Peyrehorade &#8230;<\/span><\/b><\/span><\/p>\n<p><b style=\"background-color: white;color: #666666;font-family: 'Trebuchet MS', Trebuchet, Verdana, sans-serif;font-size: 15px;line-height: 21px;text-align: justify\"><span style=\"color: #0b5394\">Attention : la rencontre se d\u00e9roulera&nbsp;<\/span><\/b><span style=\"color: #0b5394;font-family: Trebuchet MS, Trebuchet, Verdana, sans-serif\"><span style=\"font-size: 15.454545021057129px;line-height: 20.99431800842285px\"><b>sur le terrain synth\u00e9tique Ren\u00e9 Batby de l&rsquo;Argent\u00e9.<\/b><\/span><\/span><b style=\"background-color: white;color: #666666;font-family: 'Trebuchet MS', Trebuchet, Verdana, sans-serif;font-size: 15px;line-height: 21px;text-align: justify\"><span style=\"color: #0b5394\">&nbsp;<\/span><\/b><b style=\"background-color: white;color: #666666;font-family: 'Trebuchet MS', Trebuchet, Verdana, sans-serif;font-size: 15px;line-height: 21px;text-align: justify\"><span style=\"color: #0b5394\">Allez l&rsquo;ESM !<\/span><\/b><\/p>\n<h4><span style=\"background-color: white;font-family: 'Trebuchet MS', Trebuchet, Verdana, sans-serif;font-size: 15px;line-height: 21px;text-align: justify\"><b><span style=\"color: #666666\">(le match<\/span><\/b><\/span><span style=\"background-color: white;color: #666666;font-family: 'Trebuchet MS', Trebuchet, Verdana, sans-serif;font-size: 15px;line-height: 21px;text-align: justify\">&nbsp;<\/span><b style=\"background-color: white;color: #666666;font-family: 'Trebuchet MS', Trebuchet, Verdana, sans-serif;font-size: 15px;line-height: 21px;text-align: justify\">ESM2&nbsp;<\/b><b style=\"background-color: white;color: #666666;font-family: 'Trebuchet MS', Trebuchet, Verdana, sans-serif;font-size: 15px;line-height: 21px;text-align: justify\">VS Sabres est<\/b><span style=\"background-color: white;color: #666666;font-family: 'Trebuchet MS', Trebuchet, Verdana, sans-serif;font-size: 15px;line-height: 21px;text-align: justify\">&nbsp;<\/span><span style=\"background-color: white;color: #cc0000;font-family: 'Trebuchet MS', Trebuchet, Verdana, sans-serif;font-size: 15px;line-height: 21px;text-align: justify\"><b>report\u00e9<\/b><\/span><span style=\"background-color: white;color: #666666;font-family: 'Trebuchet MS', Trebuchet, Verdana, sans-serif;font-size: 15px;line-height: 21px;text-align: justify\">&#8230;<\/span><b style=\"font-family: 'Trebuchet MS', Trebuchet, Verdana, sans-serif;font-size: 15px;line-height: 21px;text-align: justify\"><span style=\"color: #666666\">)<\/span><\/b><\/h4>\n","protected":false},"excerpt":{"rendered":"<p>Ce week-end, l&rsquo;Etoile montoise recevra Peyrehorade &#8230; Attention : la rencontre se d\u00e9roulera&nbsp;sur le terrain synth\u00e9tique Ren\u00e9 Batby de l&rsquo;Argent\u00e9.&nbsp;Allez l&rsquo;ESM ! (le match&nbsp;ESM2&nbsp;VS Sabres est&nbsp;report\u00e9&#8230;)<\/p>\n","protected":false},"author":1,"featured_media":0,"comment_status":"closed","ping_status":"closed","sticky":false,"template":"","format":"standard","meta":{"footnotes":""},"categories":[28],"tags":[],"class_list":["post-3497","post","type-post","status-publish","format-standard","hentry","category-old"],"yoast_head":"<!-- This site is optimized with the Yoast SEO plugin v27.3 - https:\/\/yoast.com\/product\/yoast-seo-wordpress\/ -->\n<title>ESM Peyrehorade maintenu ... - ESM Foot<\/title>\n<meta name=\"robots\" content=\"index, follow, max-snippet:-1, max-image-preview:large, max-video-preview:-1\" \/>\n<link rel=\"canonical\" href=\"https:\/\/www.etoilesportivemontoise.fr\/football\/2014\/02\/esm-peyrehorade-maintenu\/\" \/>\n<meta property=\"og:locale\" content=\"fr_FR\" \/>\n<meta property=\"og:type\" content=\"article\" \/>\n<meta property=\"og:title\" content=\"ESM Peyrehorade maintenu ... - ESM Foot\" \/>\n<meta property=\"og:description\" content=\"Ce week-end, l&rsquo;Etoile montoise recevra Peyrehorade &#8230; Attention : la rencontre se d\u00e9roulera&nbsp;sur le terrain synth\u00e9tique Ren\u00e9 Batby de l&rsquo;Argent\u00e9.&nbsp;Allez l&rsquo;ESM ! (le match&nbsp;ESM2&nbsp;VS Sabres est&nbsp;report\u00e9&#8230;)\" \/>\n<meta property=\"og:url\" content=\"https:\/\/www.etoilesportivemontoise.fr\/football\/2014\/02\/esm-peyrehorade-maintenu\/\" \/>\n<meta property=\"og:site_name\" content=\"ESM Foot\" \/>\n<meta property=\"article:published_time\" content=\"2014-02-13T21:25:00+00:00\" \/>\n<meta property=\"article:modified_time\" content=\"2024-03-24T17:13:57+00:00\" \/>\n<meta property=\"og:image\" content=\"http:\/\/3.bp.blogspot.com\/-r7nkIqSiDWs\/Uv00oh72IbI\/AAAAAAAADU0\/WBoVy4HgY98\/s1600\/Peyre.png\" \/>\n<meta name=\"author\" content=\"ESM\" \/>\n<meta name=\"twitter:label1\" content=\"\u00c9crit par\" \/>\n\t<meta name=\"twitter:data1\" content=\"ESM\" \/>\n<script type=\"application\/ld+json\" class=\"yoast-schema-graph\">{\"@context\":\"https:\\\/\\\/schema.org\",\"@graph\":[{\"@type\":\"Article\",\"@id\":\"https:\\\/\\\/www.etoilesportivemontoise.fr\\\/football\\\/2014\\\/02\\\/esm-peyrehorade-maintenu\\\/#article\",\"isPartOf\":{\"@id\":\"https:\\\/\\\/www.etoilesportivemontoise.fr\\\/football\\\/2014\\\/02\\\/esm-peyrehorade-maintenu\\\/\"},\"author\":{\"name\":\"ESM\",\"@id\":\"https:\\\/\\\/www.etoilesportivemontoise.fr\\\/football\\\/#\\\/schema\\\/person\\\/dd02b702be97ed924801c88fb2142212\"},\"headline\":\"ESM Peyrehorade maintenu &#8230;\",\"datePublished\":\"2014-02-13T21:25:00+00:00\",\"dateModified\":\"2024-03-24T17:13:57+00:00\",\"mainEntityOfPage\":{\"@id\":\"https:\\\/\\\/www.etoilesportivemontoise.fr\\\/football\\\/2014\\\/02\\\/esm-peyrehorade-maintenu\\\/\"},\"wordCount\":41,\"image\":{\"@id\":\"https:\\\/\\\/www.etoilesportivemontoise.fr\\\/football\\\/2014\\\/02\\\/esm-peyrehorade-maintenu\\\/#primaryimage\"},\"thumbnailUrl\":\"http:\\\/\\\/3.bp.blogspot.com\\\/-r7nkIqSiDWs\\\/Uv00oh72IbI\\\/AAAAAAAADU0\\\/WBoVy4HgY98\\\/s1600\\\/Peyre.png\",\"articleSection\":[\"Archives\"],\"inLanguage\":\"fr-FR\"},{\"@type\":\"WebPage\",\"@id\":\"https:\\\/\\\/www.etoilesportivemontoise.fr\\\/football\\\/2014\\\/02\\\/esm-peyrehorade-maintenu\\\/\",\"url\":\"https:\\\/\\\/www.etoilesportivemontoise.fr\\\/football\\\/2014\\\/02\\\/esm-peyrehorade-maintenu\\\/\",\"name\":\"ESM Peyrehorade maintenu ... - ESM Foot\",\"isPartOf\":{\"@id\":\"https:\\\/\\\/www.etoilesportivemontoise.fr\\\/football\\\/#website\"},\"primaryImageOfPage\":{\"@id\":\"https:\\\/\\\/www.etoilesportivemontoise.fr\\\/football\\\/2014\\\/02\\\/esm-peyrehorade-maintenu\\\/#primaryimage\"},\"image\":{\"@id\":\"https:\\\/\\\/www.etoilesportivemontoise.fr\\\/football\\\/2014\\\/02\\\/esm-peyrehorade-maintenu\\\/#primaryimage\"},\"thumbnailUrl\":\"http:\\\/\\\/3.bp.blogspot.com\\\/-r7nkIqSiDWs\\\/Uv00oh72IbI\\\/AAAAAAAADU0\\\/WBoVy4HgY98\\\/s1600\\\/Peyre.png\",\"datePublished\":\"2014-02-13T21:25:00+00:00\",\"dateModified\":\"2024-03-24T17:13:57+00:00\",\"author\":{\"@id\":\"https:\\\/\\\/www.etoilesportivemontoise.fr\\\/football\\\/#\\\/schema\\\/person\\\/dd02b702be97ed924801c88fb2142212\"},\"breadcrumb\":{\"@id\":\"https:\\\/\\\/www.etoilesportivemontoise.fr\\\/football\\\/2014\\\/02\\\/esm-peyrehorade-maintenu\\\/#breadcrumb\"},\"inLanguage\":\"fr-FR\",\"potentialAction\":[{\"@type\":\"ReadAction\",\"target\":[\"https:\\\/\\\/www.etoilesportivemontoise.fr\\\/football\\\/2014\\\/02\\\/esm-peyrehorade-maintenu\\\/\"]}]},{\"@type\":\"ImageObject\",\"inLanguage\":\"fr-FR\",\"@id\":\"https:\\\/\\\/www.etoilesportivemontoise.fr\\\/football\\\/2014\\\/02\\\/esm-peyrehorade-maintenu\\\/#primaryimage\",\"url\":\"http:\\\/\\\/3.bp.blogspot.com\\\/-r7nkIqSiDWs\\\/Uv00oh72IbI\\\/AAAAAAAADU0\\\/WBoVy4HgY98\\\/s1600\\\/Peyre.png\",\"contentUrl\":\"http:\\\/\\\/3.bp.blogspot.com\\\/-r7nkIqSiDWs\\\/Uv00oh72IbI\\\/AAAAAAAADU0\\\/WBoVy4HgY98\\\/s1600\\\/Peyre.png\"},{\"@type\":\"BreadcrumbList\",\"@id\":\"https:\\\/\\\/www.etoilesportivemontoise.fr\\\/football\\\/2014\\\/02\\\/esm-peyrehorade-maintenu\\\/#breadcrumb\",\"itemListElement\":[{\"@type\":\"ListItem\",\"position\":1,\"name\":\"Accueil\",\"item\":\"https:\\\/\\\/www.etoilesportivemontoise.fr\\\/football\\\/\"},{\"@type\":\"ListItem\",\"position\":2,\"name\":\"ESM Peyrehorade maintenu &#8230;\"}]},{\"@type\":\"WebSite\",\"@id\":\"https:\\\/\\\/www.etoilesportivemontoise.fr\\\/football\\\/#website\",\"url\":\"https:\\\/\\\/www.etoilesportivemontoise.fr\\\/football\\\/\",\"name\":\"ESM Foot\",\"description\":\"Club Football Mont de Marsan\",\"potentialAction\":[{\"@type\":\"SearchAction\",\"target\":{\"@type\":\"EntryPoint\",\"urlTemplate\":\"https:\\\/\\\/www.etoilesportivemontoise.fr\\\/football\\\/?s={search_term_string}\"},\"query-input\":{\"@type\":\"PropertyValueSpecification\",\"valueRequired\":true,\"valueName\":\"search_term_string\"}}],\"inLanguage\":\"fr-FR\"},{\"@type\":\"Person\",\"@id\":\"https:\\\/\\\/www.etoilesportivemontoise.fr\\\/football\\\/#\\\/schema\\\/person\\\/dd02b702be97ed924801c88fb2142212\",\"name\":\"ESM\",\"image\":{\"@type\":\"ImageObject\",\"inLanguage\":\"fr-FR\",\"@id\":\"https:\\\/\\\/secure.gravatar.com\\\/avatar\\\/4d571ff55345efadfb90ca100df3e18eb3cdaa9eb0599415645d75cb8626ba49?s=96&d=mm&r=g\",\"url\":\"https:\\\/\\\/secure.gravatar.com\\\/avatar\\\/4d571ff55345efadfb90ca100df3e18eb3cdaa9eb0599415645d75cb8626ba49?s=96&d=mm&r=g\",\"contentUrl\":\"https:\\\/\\\/secure.gravatar.com\\\/avatar\\\/4d571ff55345efadfb90ca100df3e18eb3cdaa9eb0599415645d75cb8626ba49?s=96&d=mm&r=g\",\"caption\":\"ESM\"},\"url\":\"https:\\\/\\\/www.etoilesportivemontoise.fr\\\/football\\\/aka\\\/9af3b8c1915118cbc5cf7cdecb87fa13c2abf1c4\\\/\"}]}<\/script>\n<!-- \/ Yoast SEO plugin. -->","yoast_head_json":{"title":"ESM Peyrehorade maintenu ... - ESM Foot","robots":{"index":"index","follow":"follow","max-snippet":"max-snippet:-1","max-image-preview":"max-image-preview:large","max-video-preview":"max-video-preview:-1"},"canonical":"https:\/\/www.etoilesportivemontoise.fr\/football\/2014\/02\/esm-peyrehorade-maintenu\/","og_locale":"fr_FR","og_type":"article","og_title":"ESM Peyrehorade maintenu ... - ESM Foot","og_description":"Ce week-end, l&rsquo;Etoile montoise recevra Peyrehorade &#8230; Attention : la rencontre se d\u00e9roulera&nbsp;sur le terrain synth\u00e9tique Ren\u00e9 Batby de l&rsquo;Argent\u00e9.&nbsp;Allez l&rsquo;ESM ! (le match&nbsp;ESM2&nbsp;VS Sabres est&nbsp;report\u00e9&#8230;)","og_url":"https:\/\/www.etoilesportivemontoise.fr\/football\/2014\/02\/esm-peyrehorade-maintenu\/","og_site_name":"ESM Foot","article_published_time":"2014-02-13T21:25:00+00:00","article_modified_time":"2024-03-24T17:13:57+00:00","og_image":[{"url":"http:\/\/3.bp.blogspot.com\/-r7nkIqSiDWs\/Uv00oh72IbI\/AAAAAAAADU0\/WBoVy4HgY98\/s1600\/Peyre.png","type":"","width":"","height":""}],"author":"ESM","twitter_misc":{"\u00c9crit par":"ESM"},"schema":{"@context":"https:\/\/schema.org","@graph":[{"@type":"Article","@id":"https:\/\/www.etoilesportivemontoise.fr\/football\/2014\/02\/esm-peyrehorade-maintenu\/#article","isPartOf":{"@id":"https:\/\/www.etoilesportivemontoise.fr\/football\/2014\/02\/esm-peyrehorade-maintenu\/"},"author":{"name":"ESM","@id":"https:\/\/www.etoilesportivemontoise.fr\/football\/#\/schema\/person\/dd02b702be97ed924801c88fb2142212"},"headline":"ESM Peyrehorade maintenu &#8230;","datePublished":"2014-02-13T21:25:00+00:00","dateModified":"2024-03-24T17:13:57+00:00","mainEntityOfPage":{"@id":"https:\/\/www.etoilesportivemontoise.fr\/football\/2014\/02\/esm-peyrehorade-maintenu\/"},"wordCount":41,"image":{"@id":"https:\/\/www.etoilesportivemontoise.fr\/football\/2014\/02\/esm-peyrehorade-maintenu\/#primaryimage"},"thumbnailUrl":"http:\/\/3.bp.blogspot.com\/-r7nkIqSiDWs\/Uv00oh72IbI\/AAAAAAAADU0\/WBoVy4HgY98\/s1600\/Peyre.png","articleSection":["Archives"],"inLanguage":"fr-FR"},{"@type":"WebPage","@id":"https:\/\/www.etoilesportivemontoise.fr\/football\/2014\/02\/esm-peyrehorade-maintenu\/","url":"https:\/\/www.etoilesportivemontoise.fr\/football\/2014\/02\/esm-peyrehorade-maintenu\/","name":"ESM Peyrehorade maintenu ... - ESM Foot","isPartOf":{"@id":"https:\/\/www.etoilesportivemontoise.fr\/football\/#website"},"primaryImageOfPage":{"@id":"https:\/\/www.etoilesportivemontoise.fr\/football\/2014\/02\/esm-peyrehorade-maintenu\/#primaryimage"},"image":{"@id":"https:\/\/www.etoilesportivemontoise.fr\/football\/2014\/02\/esm-peyrehorade-maintenu\/#primaryimage"},"thumbnailUrl":"http:\/\/3.bp.blogspot.com\/-r7nkIqSiDWs\/Uv00oh72IbI\/AAAAAAAADU0\/WBoVy4HgY98\/s1600\/Peyre.png","datePublished":"2014-02-13T21:25:00+00:00","dateModified":"2024-03-24T17:13:57+00:00","author":{"@id":"https:\/\/www.etoilesportivemontoise.fr\/football\/#\/schema\/person\/dd02b702be97ed924801c88fb2142212"},"breadcrumb":{"@id":"https:\/\/www.etoilesportivemontoise.fr\/football\/2014\/02\/esm-peyrehorade-maintenu\/#breadcrumb"},"inLanguage":"fr-FR","potentialAction":[{"@type":"ReadAction","target":["https:\/\/www.etoilesportivemontoise.fr\/football\/2014\/02\/esm-peyrehorade-maintenu\/"]}]},{"@type":"ImageObject","inLanguage":"fr-FR","@id":"https:\/\/www.etoilesportivemontoise.fr\/football\/2014\/02\/esm-peyrehorade-maintenu\/#primaryimage","url":"http:\/\/3.bp.blogspot.com\/-r7nkIqSiDWs\/Uv00oh72IbI\/AAAAAAAADU0\/WBoVy4HgY98\/s1600\/Peyre.png","contentUrl":"http:\/\/3.bp.blogspot.com\/-r7nkIqSiDWs\/Uv00oh72IbI\/AAAAAAAADU0\/WBoVy4HgY98\/s1600\/Peyre.png"},{"@type":"BreadcrumbList","@id":"https:\/\/www.etoilesportivemontoise.fr\/football\/2014\/02\/esm-peyrehorade-maintenu\/#breadcrumb","itemListElement":[{"@type":"ListItem","position":1,"name":"Accueil","item":"https:\/\/www.etoilesportivemontoise.fr\/football\/"},{"@type":"ListItem","position":2,"name":"ESM Peyrehorade maintenu &#8230;"}]},{"@type":"WebSite","@id":"https:\/\/www.etoilesportivemontoise.fr\/football\/#website","url":"https:\/\/www.etoilesportivemontoise.fr\/football\/","name":"ESM Foot","description":"Club Football Mont de Marsan","potentialAction":[{"@type":"SearchAction","target":{"@type":"EntryPoint","urlTemplate":"https:\/\/www.etoilesportivemontoise.fr\/football\/?s={search_term_string}"},"query-input":{"@type":"PropertyValueSpecification","valueRequired":true,"valueName":"search_term_string"}}],"inLanguage":"fr-FR"},{"@type":"Person","@id":"https:\/\/www.etoilesportivemontoise.fr\/football\/#\/schema\/person\/dd02b702be97ed924801c88fb2142212","name":"ESM","image":{"@type":"ImageObject","inLanguage":"fr-FR","@id":"https:\/\/secure.gravatar.com\/avatar\/4d571ff55345efadfb90ca100df3e18eb3cdaa9eb0599415645d75cb8626ba49?s=96&d=mm&r=g","url":"https:\/\/secure.gravatar.com\/avatar\/4d571ff55345efadfb90ca100df3e18eb3cdaa9eb0599415645d75cb8626ba49?s=96&d=mm&r=g","contentUrl":"https:\/\/secure.gravatar.com\/avatar\/4d571ff55345efadfb90ca100df3e18eb3cdaa9eb0599415645d75cb8626ba49?s=96&d=mm&r=g","caption":"ESM"},"url":"https:\/\/www.etoilesportivemontoise.fr\/football\/aka\/9af3b8c1915118cbc5cf7cdecb87fa13c2abf1c4\/"}]}},"_links":{"self":[{"href":"https:\/\/www.etoilesportivemontoise.fr\/football\/wp-json\/wp\/v2\/posts\/3497","targetHints":{"allow":["GET"]}}],"collection":[{"href":"https:\/\/www.etoilesportivemontoise.fr\/football\/wp-json\/wp\/v2\/posts"}],"about":[{"href":"https:\/\/www.etoilesportivemontoise.fr\/football\/wp-json\/wp\/v2\/types\/post"}],"author":[{"embeddable":true,"href":"https:\/\/www.etoilesportivemontoise.fr\/football\/wp-json\/wp\/v2\/users\/1"}],"replies":[{"embeddable":true,"href":"https:\/\/www.etoilesportivemontoise.fr\/football\/wp-json\/wp\/v2\/comments?post=3497"}],"version-history":[{"count":1,"href":"https:\/\/www.etoilesportivemontoise.fr\/football\/wp-json\/wp\/v2\/posts\/3497\/revisions"}],"predecessor-version":[{"id":4231,"href":"https:\/\/www.etoilesportivemontoise.fr\/football\/wp-json\/wp\/v2\/posts\/3497\/revisions\/4231"}],"wp:attachment":[{"href":"https:\/\/www.etoilesportivemontoise.fr\/football\/wp-json\/wp\/v2\/media?parent=3497"}],"wp:term":[{"taxonomy":"category","embeddable":true,"href":"https:\/\/www.etoilesportivemontoise.fr\/football\/wp-json\/wp\/v2\/categories?post=3497"},{"taxonomy":"post_tag","embeddable":true,"href":"https:\/\/www.etoilesportivemontoise.fr\/football\/wp-json\/wp\/v2\/tags?post=3497"}],"curies":[{"name":"wp","href":"https:\/\/api.w.org\/{rel}","templated":true}]}}