{"id":3498,"date":"2014-02-12T19:47:00","date_gmt":"2014-02-12T18:47:00","guid":{"rendered":"http:\/\/www.etoilesportivemontoise.fr\/football\/deux-points-cest-tout\/"},"modified":"2024-03-24T18:13:57","modified_gmt":"2024-03-24T17:13:57","slug":"deux-points-cest-tout","status":"publish","type":"post","link":"https:\/\/www.etoilesportivemontoise.fr\/football\/2014\/02\/deux-points-cest-tout\/","title":{"rendered":"Deux points, c\u2019est tout"},"content":{"rendered":"<div style=\"clear: both;text-align: center\"><a href=\"https:\/\/plus.google.com\/photos\/103714954216275648745\/albums\/5979552671096653793?authkey=CNaGksv5m92BdQ\" style=\"margin-left: 1em;margin-right: 1em\" target=\"_blank\" rel=\"noopener\"><img loading=\"lazy\" decoding=\"async\" border=\"0\" src=\"http:\/\/2.bp.blogspot.com\/-Edl3icXkl8Y\/UvvAP3uyeaI\/AAAAAAAADUk\/B_4qhXVVIKE\/s1600\/Morcenx.jpg\" height=\"238\" width=\"320\" \/><\/a><\/div>\n<div><\/div>\n<div>Pas de pluie, mais un vent \u00e0 d\u00e9corner les b\u0153ufs pour ce match au sommet o\u00f9 l\u2019Etoile rencontrait le Club de <b><span style=\"color: #0b5394\">Morcenx<\/span><\/b> sur leur terrain\u2026<\/div>\n<div><\/div>\n<div>Nos gar\u00e7ons sont rentr\u00e9s avec enthousiasme dans cette partie, ne s\u2019en laissant pas compter par cette \u00e9quipe qui n\u2019a toujours pas connu la d\u00e9faite depuis le d\u00e9but de la saison.<\/div>\n<div><\/div>\n<div>Bien en place, ne l\u00e2chant rien d\u00e9fensivement, le bloc \u00e9quipe montois proposa un jeu agr\u00e9able \u00e0 regarder, avec un bon travail de harc\u00e8lement de la part d\u2019Anthony, qui fut m\u00eame \u00e0 deux doigts de marquer sur un beau centre-tir de Xavier&#8230;<\/div>\n<div><\/div>\n<div><\/div>\n<p><a name='more'><\/a>D\u2019autres occasions se succ\u00e9deront dans la premi\u00e8re mi-temps, Xavier r\u00e9ussit un bon coup franc, malheureusement \u00e9cart\u00e9 in-extremis d\u2019une manchette du gardien.<\/p>\n<div><\/div>\n<div>Malgr\u00e9 une premi\u00e8re p\u00e9riode plus que satisfaisante, c\u2019est avec un go\u00fbt d\u2019inachev\u00e9 que les Stellistes regagn\u00e8rent les vestiaires sans avoir pu marquer\u2026<\/div>\n<div><\/div>\n<div>De retour sur le terrain, l\u2019ESM encaissa malheureusement un but au bout de 20 minutes, un peu contre le cours du jeu, suite \u00e0 une m\u00e9sentente d\u00e9fenseur-gardien.<\/div>\n<div><\/div>\n<div>Loin de se d\u00e9moraliser, nos joueurs s\u2019appliqu\u00e8rent \u00e0 remonter ce point de retard, et ne tard\u00e8rent pas \u00e0 \u00eatre r\u00e9compens\u00e9s sur un centre de Paul, repouss\u00e9 par le gardien dans les pieds d\u2019Anthony, qui lui-m\u00eame buta sur deux d\u00e9fenseurs morcenais. Mal n\u00e9goci\u00e9 par ces derniers, le cuir s\u2019offrit \u00e0 Morgan qui, avec r\u00e9alisme, l\u2019exp\u00e9dia dans les filets (1-1)&#8230;<\/div>\n<p><\/p>\n<div>\n<\/div>\n<p>Un ultime raid de Paul aurait m\u00eame pu offrir le doubl\u00e9 \u00e0 Morgan, sans une sortie opportuniste du gardien morcenais \u2026<\/p>\n<div><\/div>\n<div>On peut nourrir quelques regrets au final pour nos joueurs, qui ont termin\u00e9 le match sur les chapeaux de roues et auraient pu sans doute disposer de leurs adversaires du jour si le match s\u2019\u00e9tait prolong\u00e9 quelques minutes de plus.<\/div>\n<div><\/div>\n<div>La majorit\u00e9 de ses concurrents directs ayant \u00e9galement fait match nul, l\u2019Es Montoise reste en embuscade, \u00e0 une port\u00e9e de fusil de son adversaire du jour\u2026 <\/div>\n<div><\/div>\n<div>Consultez <a href=\"https:\/\/plus.google.com\/photos\/103714954216275648745\/albums\/5979552671096653793?authkey=CNaGksv5m92BdQ\" target=\"_blank\" rel=\"noopener\">les photos du match<\/a>.<\/div>\n","protected":false},"excerpt":{"rendered":"<p>Pas de pluie, mais un vent \u00e0 d\u00e9corner les b\u0153ufs pour ce match au sommet o\u00f9 l\u2019Etoile rencontrait le Club de Morcenx sur leur terrain\u2026 Nos gar\u00e7ons sont rentr\u00e9s avec enthousiasme dans cette partie, ne s\u2019en laissant pas compter par cette \u00e9quipe qui n\u2019a toujours&#8230;<\/p>\n","protected":false},"author":1,"featured_media":0,"comment_status":"closed","ping_status":"closed","sticky":false,"template":"","format":"standard","meta":{"footnotes":""},"categories":[28],"tags":[],"class_list":["post-3498","post","type-post","status-publish","format-standard","hentry","category-old"],"yoast_head":"<!-- This site is optimized with the Yoast SEO plugin v27.3 - https:\/\/yoast.com\/product\/yoast-seo-wordpress\/ -->\n<title>Deux points, c\u2019est tout - ESM Foot<\/title>\n<meta name=\"robots\" content=\"index, follow, max-snippet:-1, max-image-preview:large, max-video-preview:-1\" \/>\n<link rel=\"canonical\" href=\"https:\/\/www.etoilesportivemontoise.fr\/football\/2014\/02\/deux-points-cest-tout\/\" \/>\n<meta property=\"og:locale\" content=\"fr_FR\" \/>\n<meta property=\"og:type\" content=\"article\" \/>\n<meta property=\"og:title\" content=\"Deux points, c\u2019est tout - ESM Foot\" \/>\n<meta property=\"og:description\" content=\"Pas de pluie, mais un vent \u00e0 d\u00e9corner les b\u0153ufs pour ce match au sommet o\u00f9 l\u2019Etoile rencontrait le Club de Morcenx sur leur terrain\u2026 Nos gar\u00e7ons sont rentr\u00e9s avec enthousiasme dans cette partie, ne s\u2019en laissant pas compter par cette \u00e9quipe qui n\u2019a toujours...\" \/>\n<meta property=\"og:url\" content=\"https:\/\/www.etoilesportivemontoise.fr\/football\/2014\/02\/deux-points-cest-tout\/\" \/>\n<meta property=\"og:site_name\" content=\"ESM Foot\" \/>\n<meta property=\"article:published_time\" content=\"2014-02-12T18:47:00+00:00\" \/>\n<meta property=\"article:modified_time\" content=\"2024-03-24T17:13:57+00:00\" \/>\n<meta property=\"og:image\" content=\"http:\/\/2.bp.blogspot.com\/-Edl3icXkl8Y\/UvvAP3uyeaI\/AAAAAAAADUk\/B_4qhXVVIKE\/s1600\/Morcenx.jpg\" \/>\n<meta name=\"author\" content=\"ESM\" \/>\n<meta name=\"twitter:label1\" content=\"\u00c9crit par\" \/>\n\t<meta name=\"twitter:data1\" content=\"ESM\" \/>\n\t<meta name=\"twitter:label2\" content=\"Dur\u00e9e de lecture estim\u00e9e\" \/>\n\t<meta name=\"twitter:data2\" content=\"2 minutes\" \/>\n<script type=\"application\/ld+json\" class=\"yoast-schema-graph\">{\"@context\":\"https:\\\/\\\/schema.org\",\"@graph\":[{\"@type\":\"Article\",\"@id\":\"https:\\\/\\\/www.etoilesportivemontoise.fr\\\/football\\\/2014\\\/02\\\/deux-points-cest-tout\\\/#article\",\"isPartOf\":{\"@id\":\"https:\\\/\\\/www.etoilesportivemontoise.fr\\\/football\\\/2014\\\/02\\\/deux-points-cest-tout\\\/\"},\"author\":{\"name\":\"ESM\",\"@id\":\"https:\\\/\\\/www.etoilesportivemontoise.fr\\\/football\\\/#\\\/schema\\\/person\\\/dd02b702be97ed924801c88fb2142212\"},\"headline\":\"Deux points, c\u2019est tout\",\"datePublished\":\"2014-02-12T18:47:00+00:00\",\"dateModified\":\"2024-03-24T17:13:57+00:00\",\"mainEntityOfPage\":{\"@id\":\"https:\\\/\\\/www.etoilesportivemontoise.fr\\\/football\\\/2014\\\/02\\\/deux-points-cest-tout\\\/\"},\"wordCount\":357,\"image\":{\"@id\":\"https:\\\/\\\/www.etoilesportivemontoise.fr\\\/football\\\/2014\\\/02\\\/deux-points-cest-tout\\\/#primaryimage\"},\"thumbnailUrl\":\"http:\\\/\\\/2.bp.blogspot.com\\\/-Edl3icXkl8Y\\\/UvvAP3uyeaI\\\/AAAAAAAADUk\\\/B_4qhXVVIKE\\\/s1600\\\/Morcenx.jpg\",\"articleSection\":[\"Archives\"],\"inLanguage\":\"fr-FR\"},{\"@type\":\"WebPage\",\"@id\":\"https:\\\/\\\/www.etoilesportivemontoise.fr\\\/football\\\/2014\\\/02\\\/deux-points-cest-tout\\\/\",\"url\":\"https:\\\/\\\/www.etoilesportivemontoise.fr\\\/football\\\/2014\\\/02\\\/deux-points-cest-tout\\\/\",\"name\":\"Deux points, c\u2019est tout - ESM Foot\",\"isPartOf\":{\"@id\":\"https:\\\/\\\/www.etoilesportivemontoise.fr\\\/football\\\/#website\"},\"primaryImageOfPage\":{\"@id\":\"https:\\\/\\\/www.etoilesportivemontoise.fr\\\/football\\\/2014\\\/02\\\/deux-points-cest-tout\\\/#primaryimage\"},\"image\":{\"@id\":\"https:\\\/\\\/www.etoilesportivemontoise.fr\\\/football\\\/2014\\\/02\\\/deux-points-cest-tout\\\/#primaryimage\"},\"thumbnailUrl\":\"http:\\\/\\\/2.bp.blogspot.com\\\/-Edl3icXkl8Y\\\/UvvAP3uyeaI\\\/AAAAAAAADUk\\\/B_4qhXVVIKE\\\/s1600\\\/Morcenx.jpg\",\"datePublished\":\"2014-02-12T18:47:00+00:00\",\"dateModified\":\"2024-03-24T17:13:57+00:00\",\"author\":{\"@id\":\"https:\\\/\\\/www.etoilesportivemontoise.fr\\\/football\\\/#\\\/schema\\\/person\\\/dd02b702be97ed924801c88fb2142212\"},\"breadcrumb\":{\"@id\":\"https:\\\/\\\/www.etoilesportivemontoise.fr\\\/football\\\/2014\\\/02\\\/deux-points-cest-tout\\\/#breadcrumb\"},\"inLanguage\":\"fr-FR\",\"potentialAction\":[{\"@type\":\"ReadAction\",\"target\":[\"https:\\\/\\\/www.etoilesportivemontoise.fr\\\/football\\\/2014\\\/02\\\/deux-points-cest-tout\\\/\"]}]},{\"@type\":\"ImageObject\",\"inLanguage\":\"fr-FR\",\"@id\":\"https:\\\/\\\/www.etoilesportivemontoise.fr\\\/football\\\/2014\\\/02\\\/deux-points-cest-tout\\\/#primaryimage\",\"url\":\"http:\\\/\\\/2.bp.blogspot.com\\\/-Edl3icXkl8Y\\\/UvvAP3uyeaI\\\/AAAAAAAADUk\\\/B_4qhXVVIKE\\\/s1600\\\/Morcenx.jpg\",\"contentUrl\":\"http:\\\/\\\/2.bp.blogspot.com\\\/-Edl3icXkl8Y\\\/UvvAP3uyeaI\\\/AAAAAAAADUk\\\/B_4qhXVVIKE\\\/s1600\\\/Morcenx.jpg\"},{\"@type\":\"BreadcrumbList\",\"@id\":\"https:\\\/\\\/www.etoilesportivemontoise.fr\\\/football\\\/2014\\\/02\\\/deux-points-cest-tout\\\/#breadcrumb\",\"itemListElement\":[{\"@type\":\"ListItem\",\"position\":1,\"name\":\"Accueil\",\"item\":\"https:\\\/\\\/www.etoilesportivemontoise.fr\\\/football\\\/\"},{\"@type\":\"ListItem\",\"position\":2,\"name\":\"Deux points, c\u2019est tout\"}]},{\"@type\":\"WebSite\",\"@id\":\"https:\\\/\\\/www.etoilesportivemontoise.fr\\\/football\\\/#website\",\"url\":\"https:\\\/\\\/www.etoilesportivemontoise.fr\\\/football\\\/\",\"name\":\"ESM Foot\",\"description\":\"Club Football Mont de Marsan\",\"potentialAction\":[{\"@type\":\"SearchAction\",\"target\":{\"@type\":\"EntryPoint\",\"urlTemplate\":\"https:\\\/\\\/www.etoilesportivemontoise.fr\\\/football\\\/?s={search_term_string}\"},\"query-input\":{\"@type\":\"PropertyValueSpecification\",\"valueRequired\":true,\"valueName\":\"search_term_string\"}}],\"inLanguage\":\"fr-FR\"},{\"@type\":\"Person\",\"@id\":\"https:\\\/\\\/www.etoilesportivemontoise.fr\\\/football\\\/#\\\/schema\\\/person\\\/dd02b702be97ed924801c88fb2142212\",\"name\":\"ESM\",\"image\":{\"@type\":\"ImageObject\",\"inLanguage\":\"fr-FR\",\"@id\":\"https:\\\/\\\/secure.gravatar.com\\\/avatar\\\/4d571ff55345efadfb90ca100df3e18eb3cdaa9eb0599415645d75cb8626ba49?s=96&d=mm&r=g\",\"url\":\"https:\\\/\\\/secure.gravatar.com\\\/avatar\\\/4d571ff55345efadfb90ca100df3e18eb3cdaa9eb0599415645d75cb8626ba49?s=96&d=mm&r=g\",\"contentUrl\":\"https:\\\/\\\/secure.gravatar.com\\\/avatar\\\/4d571ff55345efadfb90ca100df3e18eb3cdaa9eb0599415645d75cb8626ba49?s=96&d=mm&r=g\",\"caption\":\"ESM\"},\"url\":\"https:\\\/\\\/www.etoilesportivemontoise.fr\\\/football\\\/aka\\\/9af3b8c1915118cbc5cf7cdecb87fa13c2abf1c4\\\/\"}]}<\/script>\n<!-- \/ Yoast SEO plugin. -->","yoast_head_json":{"title":"Deux points, c\u2019est tout - ESM Foot","robots":{"index":"index","follow":"follow","max-snippet":"max-snippet:-1","max-image-preview":"max-image-preview:large","max-video-preview":"max-video-preview:-1"},"canonical":"https:\/\/www.etoilesportivemontoise.fr\/football\/2014\/02\/deux-points-cest-tout\/","og_locale":"fr_FR","og_type":"article","og_title":"Deux points, c\u2019est tout - ESM Foot","og_description":"Pas de pluie, mais un vent \u00e0 d\u00e9corner les b\u0153ufs pour ce match au sommet o\u00f9 l\u2019Etoile rencontrait le Club de Morcenx sur leur terrain\u2026 Nos gar\u00e7ons sont rentr\u00e9s avec enthousiasme dans cette partie, ne s\u2019en laissant pas compter par cette \u00e9quipe qui n\u2019a toujours...","og_url":"https:\/\/www.etoilesportivemontoise.fr\/football\/2014\/02\/deux-points-cest-tout\/","og_site_name":"ESM Foot","article_published_time":"2014-02-12T18:47:00+00:00","article_modified_time":"2024-03-24T17:13:57+00:00","og_image":[{"url":"http:\/\/2.bp.blogspot.com\/-Edl3icXkl8Y\/UvvAP3uyeaI\/AAAAAAAADUk\/B_4qhXVVIKE\/s1600\/Morcenx.jpg","type":"","width":"","height":""}],"author":"ESM","twitter_misc":{"\u00c9crit par":"ESM","Dur\u00e9e de lecture estim\u00e9e":"2 minutes"},"schema":{"@context":"https:\/\/schema.org","@graph":[{"@type":"Article","@id":"https:\/\/www.etoilesportivemontoise.fr\/football\/2014\/02\/deux-points-cest-tout\/#article","isPartOf":{"@id":"https:\/\/www.etoilesportivemontoise.fr\/football\/2014\/02\/deux-points-cest-tout\/"},"author":{"name":"ESM","@id":"https:\/\/www.etoilesportivemontoise.fr\/football\/#\/schema\/person\/dd02b702be97ed924801c88fb2142212"},"headline":"Deux points, c\u2019est tout","datePublished":"2014-02-12T18:47:00+00:00","dateModified":"2024-03-24T17:13:57+00:00","mainEntityOfPage":{"@id":"https:\/\/www.etoilesportivemontoise.fr\/football\/2014\/02\/deux-points-cest-tout\/"},"wordCount":357,"image":{"@id":"https:\/\/www.etoilesportivemontoise.fr\/football\/2014\/02\/deux-points-cest-tout\/#primaryimage"},"thumbnailUrl":"http:\/\/2.bp.blogspot.com\/-Edl3icXkl8Y\/UvvAP3uyeaI\/AAAAAAAADUk\/B_4qhXVVIKE\/s1600\/Morcenx.jpg","articleSection":["Archives"],"inLanguage":"fr-FR"},{"@type":"WebPage","@id":"https:\/\/www.etoilesportivemontoise.fr\/football\/2014\/02\/deux-points-cest-tout\/","url":"https:\/\/www.etoilesportivemontoise.fr\/football\/2014\/02\/deux-points-cest-tout\/","name":"Deux points, c\u2019est tout - ESM Foot","isPartOf":{"@id":"https:\/\/www.etoilesportivemontoise.fr\/football\/#website"},"primaryImageOfPage":{"@id":"https:\/\/www.etoilesportivemontoise.fr\/football\/2014\/02\/deux-points-cest-tout\/#primaryimage"},"image":{"@id":"https:\/\/www.etoilesportivemontoise.fr\/football\/2014\/02\/deux-points-cest-tout\/#primaryimage"},"thumbnailUrl":"http:\/\/2.bp.blogspot.com\/-Edl3icXkl8Y\/UvvAP3uyeaI\/AAAAAAAADUk\/B_4qhXVVIKE\/s1600\/Morcenx.jpg","datePublished":"2014-02-12T18:47:00+00:00","dateModified":"2024-03-24T17:13:57+00:00","author":{"@id":"https:\/\/www.etoilesportivemontoise.fr\/football\/#\/schema\/person\/dd02b702be97ed924801c88fb2142212"},"breadcrumb":{"@id":"https:\/\/www.etoilesportivemontoise.fr\/football\/2014\/02\/deux-points-cest-tout\/#breadcrumb"},"inLanguage":"fr-FR","potentialAction":[{"@type":"ReadAction","target":["https:\/\/www.etoilesportivemontoise.fr\/football\/2014\/02\/deux-points-cest-tout\/"]}]},{"@type":"ImageObject","inLanguage":"fr-FR","@id":"https:\/\/www.etoilesportivemontoise.fr\/football\/2014\/02\/deux-points-cest-tout\/#primaryimage","url":"http:\/\/2.bp.blogspot.com\/-Edl3icXkl8Y\/UvvAP3uyeaI\/AAAAAAAADUk\/B_4qhXVVIKE\/s1600\/Morcenx.jpg","contentUrl":"http:\/\/2.bp.blogspot.com\/-Edl3icXkl8Y\/UvvAP3uyeaI\/AAAAAAAADUk\/B_4qhXVVIKE\/s1600\/Morcenx.jpg"},{"@type":"BreadcrumbList","@id":"https:\/\/www.etoilesportivemontoise.fr\/football\/2014\/02\/deux-points-cest-tout\/#breadcrumb","itemListElement":[{"@type":"ListItem","position":1,"name":"Accueil","item":"https:\/\/www.etoilesportivemontoise.fr\/football\/"},{"@type":"ListItem","position":2,"name":"Deux points, c\u2019est tout"}]},{"@type":"WebSite","@id":"https:\/\/www.etoilesportivemontoise.fr\/football\/#website","url":"https:\/\/www.etoilesportivemontoise.fr\/football\/","name":"ESM Foot","description":"Club Football Mont de Marsan","potentialAction":[{"@type":"SearchAction","target":{"@type":"EntryPoint","urlTemplate":"https:\/\/www.etoilesportivemontoise.fr\/football\/?s={search_term_string}"},"query-input":{"@type":"PropertyValueSpecification","valueRequired":true,"valueName":"search_term_string"}}],"inLanguage":"fr-FR"},{"@type":"Person","@id":"https:\/\/www.etoilesportivemontoise.fr\/football\/#\/schema\/person\/dd02b702be97ed924801c88fb2142212","name":"ESM","image":{"@type":"ImageObject","inLanguage":"fr-FR","@id":"https:\/\/secure.gravatar.com\/avatar\/4d571ff55345efadfb90ca100df3e18eb3cdaa9eb0599415645d75cb8626ba49?s=96&d=mm&r=g","url":"https:\/\/secure.gravatar.com\/avatar\/4d571ff55345efadfb90ca100df3e18eb3cdaa9eb0599415645d75cb8626ba49?s=96&d=mm&r=g","contentUrl":"https:\/\/secure.gravatar.com\/avatar\/4d571ff55345efadfb90ca100df3e18eb3cdaa9eb0599415645d75cb8626ba49?s=96&d=mm&r=g","caption":"ESM"},"url":"https:\/\/www.etoilesportivemontoise.fr\/football\/aka\/9af3b8c1915118cbc5cf7cdecb87fa13c2abf1c4\/"}]}},"_links":{"self":[{"href":"https:\/\/www.etoilesportivemontoise.fr\/football\/wp-json\/wp\/v2\/posts\/3498","targetHints":{"allow":["GET"]}}],"collection":[{"href":"https:\/\/www.etoilesportivemontoise.fr\/football\/wp-json\/wp\/v2\/posts"}],"about":[{"href":"https:\/\/www.etoilesportivemontoise.fr\/football\/wp-json\/wp\/v2\/types\/post"}],"author":[{"embeddable":true,"href":"https:\/\/www.etoilesportivemontoise.fr\/football\/wp-json\/wp\/v2\/users\/1"}],"replies":[{"embeddable":true,"href":"https:\/\/www.etoilesportivemontoise.fr\/football\/wp-json\/wp\/v2\/comments?post=3498"}],"version-history":[{"count":2,"href":"https:\/\/www.etoilesportivemontoise.fr\/football\/wp-json\/wp\/v2\/posts\/3498\/revisions"}],"predecessor-version":[{"id":5168,"href":"https:\/\/www.etoilesportivemontoise.fr\/football\/wp-json\/wp\/v2\/posts\/3498\/revisions\/5168"}],"wp:attachment":[{"href":"https:\/\/www.etoilesportivemontoise.fr\/football\/wp-json\/wp\/v2\/media?parent=3498"}],"wp:term":[{"taxonomy":"category","embeddable":true,"href":"https:\/\/www.etoilesportivemontoise.fr\/football\/wp-json\/wp\/v2\/categories?post=3498"},{"taxonomy":"post_tag","embeddable":true,"href":"https:\/\/www.etoilesportivemontoise.fr\/football\/wp-json\/wp\/v2\/tags?post=3498"}],"curies":[{"name":"wp","href":"https:\/\/api.w.org\/{rel}","templated":true}]}}