{"id":3499,"date":"2014-02-12T08:07:00","date_gmt":"2014-02-12T07:07:00","guid":{"rendered":"http:\/\/www.etoilesportivemontoise.fr\/football\/derniere-chance-pour-les-u13\/"},"modified":"2024-03-24T18:13:57","modified_gmt":"2024-03-24T17:13:57","slug":"derniere-chance-pour-les-u13","status":"publish","type":"post","link":"https:\/\/www.etoilesportivemontoise.fr\/football\/2014\/02\/derniere-chance-pour-les-u13\/","title":{"rendered":"Derni\u00e8re chance pour les U13"},"content":{"rendered":"<div style=\"clear: both;text-align: center\"><a href=\"http:\/\/3.bp.blogspot.com\/-Z00KD26eFhw\/UvsrrdQ_cNI\/AAAAAAAADSs\/4vsC9mzxHig\/s1600\/IMG_9333.JPG\" style=\"margin-left: 1em;margin-right: 1em\"><img loading=\"lazy\" decoding=\"async\" border=\"0\" src=\"http:\/\/3.bp.blogspot.com\/-Z00KD26eFhw\/UvsrrdQ_cNI\/AAAAAAAADSs\/4vsC9mzxHig\/s1600\/IMG_9333.JPG\" height=\"302\" width=\"320\" \/><\/a><\/div>\n<p>Ce samedi contre toute attente et au milieu d\u2019un vent fort et une pluie continue, nos <b><span style=\"color: #073763\">U13<\/span><\/b> se sont retrouv\u00e9s \u00e0 DAX pour le compte de la derni\u00e8re journ\u00e9e de qualification en <b><span style=\"color: #073763\">Challenge GUERIN<\/span><\/b>.<br \/>C\u2019est seulement \u00e0 9 que l\u2019\u00e9quipe entame sa 1\u00e8re rencontre contre AIRE. Avec un bon Nathan pr\u00e9cieux sur plusieurs arr\u00eats, la moiti\u00e9 du chemin \u00e9tait faite avec une belle victoire 2 \u00e0 0.<\/p>\n<p><a name='more'><\/a>Le gros match devait s\u2019encha\u00eenait tr\u00e8s vite pour ne pas se refroidir&#8230;<br \/>Les d\u00e9bats \u00e9taient \u00e9quilibr\u00e9s pendant la 1\u00e8re mi-temps, mais nos jeunes plus \u00ab hargneux \u00bb vir\u00e8rent avec un but d\u2019avance.<br \/>L\u2019entame de la seconde mi-temps f\u00fbt \u00e0 l\u2019avantage de nos adversaires qui \u00e9galis\u00e8rent tr\u00e8s vite. Mais c\u2019\u00e9tait sans compter sur la rage et la motivation du groupe pour inscrire deux autres buts.<\/p>\n<p>Une mention sp\u00e9ciale au collectif, mais en particulier \u00e0 SIMON et NICO d\u00e9cisifs tous les deux\u2026et une pens\u00e9e \u00e0 Antoine pour son joli but.<\/p>\n<p>JOSS ET MAXIME<\/p>\n<div><\/div>\n","protected":false},"excerpt":{"rendered":"<p>Ce samedi contre toute attente et au milieu d\u2019un vent fort et une pluie continue, nos U13 se sont retrouv\u00e9s \u00e0 DAX pour le compte de la derni\u00e8re journ\u00e9e de qualification en Challenge GUERIN.C\u2019est seulement \u00e0 9 que l\u2019\u00e9quipe entame sa 1\u00e8re rencontre contre AIRE&#8230;.<\/p>\n","protected":false},"author":1,"featured_media":0,"comment_status":"closed","ping_status":"closed","sticky":false,"template":"","format":"standard","meta":{"footnotes":""},"categories":[28],"tags":[],"class_list":["post-3499","post","type-post","status-publish","format-standard","hentry","category-old"],"yoast_head":"<!-- This site is optimized with the Yoast SEO plugin v27.3 - https:\/\/yoast.com\/product\/yoast-seo-wordpress\/ -->\n<title>Derni\u00e8re chance pour les U13 - ESM Foot<\/title>\n<meta name=\"robots\" content=\"index, follow, max-snippet:-1, max-image-preview:large, max-video-preview:-1\" \/>\n<link rel=\"canonical\" href=\"https:\/\/www.etoilesportivemontoise.fr\/football\/2014\/02\/derniere-chance-pour-les-u13\/\" \/>\n<meta property=\"og:locale\" content=\"fr_FR\" \/>\n<meta property=\"og:type\" content=\"article\" \/>\n<meta property=\"og:title\" content=\"Derni\u00e8re chance pour les U13 - ESM Foot\" \/>\n<meta property=\"og:description\" content=\"Ce samedi contre toute attente et au milieu d\u2019un vent fort et une pluie continue, nos U13 se sont retrouv\u00e9s \u00e0 DAX pour le compte de la derni\u00e8re journ\u00e9e de qualification en Challenge GUERIN.C\u2019est seulement \u00e0 9 que l\u2019\u00e9quipe entame sa 1\u00e8re rencontre contre AIRE....\" \/>\n<meta property=\"og:url\" content=\"https:\/\/www.etoilesportivemontoise.fr\/football\/2014\/02\/derniere-chance-pour-les-u13\/\" \/>\n<meta property=\"og:site_name\" content=\"ESM Foot\" \/>\n<meta property=\"article:published_time\" content=\"2014-02-12T07:07:00+00:00\" \/>\n<meta property=\"article:modified_time\" content=\"2024-03-24T17:13:57+00:00\" \/>\n<meta property=\"og:image\" content=\"http:\/\/3.bp.blogspot.com\/-Z00KD26eFhw\/UvsrrdQ_cNI\/AAAAAAAADSs\/4vsC9mzxHig\/s1600\/IMG_9333.JPG\" \/>\n<meta name=\"author\" content=\"ESM\" \/>\n<meta name=\"twitter:label1\" content=\"\u00c9crit par\" \/>\n\t<meta name=\"twitter:data1\" content=\"ESM\" \/>\n\t<meta name=\"twitter:label2\" content=\"Dur\u00e9e de lecture estim\u00e9e\" \/>\n\t<meta name=\"twitter:data2\" content=\"1 minute\" \/>\n<script type=\"application\/ld+json\" class=\"yoast-schema-graph\">{\"@context\":\"https:\\\/\\\/schema.org\",\"@graph\":[{\"@type\":\"Article\",\"@id\":\"https:\\\/\\\/www.etoilesportivemontoise.fr\\\/football\\\/2014\\\/02\\\/derniere-chance-pour-les-u13\\\/#article\",\"isPartOf\":{\"@id\":\"https:\\\/\\\/www.etoilesportivemontoise.fr\\\/football\\\/2014\\\/02\\\/derniere-chance-pour-les-u13\\\/\"},\"author\":{\"name\":\"ESM\",\"@id\":\"https:\\\/\\\/www.etoilesportivemontoise.fr\\\/football\\\/#\\\/schema\\\/person\\\/dd02b702be97ed924801c88fb2142212\"},\"headline\":\"Derni\u00e8re chance pour les U13\",\"datePublished\":\"2014-02-12T07:07:00+00:00\",\"dateModified\":\"2024-03-24T17:13:57+00:00\",\"mainEntityOfPage\":{\"@id\":\"https:\\\/\\\/www.etoilesportivemontoise.fr\\\/football\\\/2014\\\/02\\\/derniere-chance-pour-les-u13\\\/\"},\"wordCount\":178,\"image\":{\"@id\":\"https:\\\/\\\/www.etoilesportivemontoise.fr\\\/football\\\/2014\\\/02\\\/derniere-chance-pour-les-u13\\\/#primaryimage\"},\"thumbnailUrl\":\"http:\\\/\\\/3.bp.blogspot.com\\\/-Z00KD26eFhw\\\/UvsrrdQ_cNI\\\/AAAAAAAADSs\\\/4vsC9mzxHig\\\/s1600\\\/IMG_9333.JPG\",\"articleSection\":[\"Archives\"],\"inLanguage\":\"fr-FR\"},{\"@type\":\"WebPage\",\"@id\":\"https:\\\/\\\/www.etoilesportivemontoise.fr\\\/football\\\/2014\\\/02\\\/derniere-chance-pour-les-u13\\\/\",\"url\":\"https:\\\/\\\/www.etoilesportivemontoise.fr\\\/football\\\/2014\\\/02\\\/derniere-chance-pour-les-u13\\\/\",\"name\":\"Derni\u00e8re chance pour les U13 - ESM Foot\",\"isPartOf\":{\"@id\":\"https:\\\/\\\/www.etoilesportivemontoise.fr\\\/football\\\/#website\"},\"primaryImageOfPage\":{\"@id\":\"https:\\\/\\\/www.etoilesportivemontoise.fr\\\/football\\\/2014\\\/02\\\/derniere-chance-pour-les-u13\\\/#primaryimage\"},\"image\":{\"@id\":\"https:\\\/\\\/www.etoilesportivemontoise.fr\\\/football\\\/2014\\\/02\\\/derniere-chance-pour-les-u13\\\/#primaryimage\"},\"thumbnailUrl\":\"http:\\\/\\\/3.bp.blogspot.com\\\/-Z00KD26eFhw\\\/UvsrrdQ_cNI\\\/AAAAAAAADSs\\\/4vsC9mzxHig\\\/s1600\\\/IMG_9333.JPG\",\"datePublished\":\"2014-02-12T07:07:00+00:00\",\"dateModified\":\"2024-03-24T17:13:57+00:00\",\"author\":{\"@id\":\"https:\\\/\\\/www.etoilesportivemontoise.fr\\\/football\\\/#\\\/schema\\\/person\\\/dd02b702be97ed924801c88fb2142212\"},\"breadcrumb\":{\"@id\":\"https:\\\/\\\/www.etoilesportivemontoise.fr\\\/football\\\/2014\\\/02\\\/derniere-chance-pour-les-u13\\\/#breadcrumb\"},\"inLanguage\":\"fr-FR\",\"potentialAction\":[{\"@type\":\"ReadAction\",\"target\":[\"https:\\\/\\\/www.etoilesportivemontoise.fr\\\/football\\\/2014\\\/02\\\/derniere-chance-pour-les-u13\\\/\"]}]},{\"@type\":\"ImageObject\",\"inLanguage\":\"fr-FR\",\"@id\":\"https:\\\/\\\/www.etoilesportivemontoise.fr\\\/football\\\/2014\\\/02\\\/derniere-chance-pour-les-u13\\\/#primaryimage\",\"url\":\"http:\\\/\\\/3.bp.blogspot.com\\\/-Z00KD26eFhw\\\/UvsrrdQ_cNI\\\/AAAAAAAADSs\\\/4vsC9mzxHig\\\/s1600\\\/IMG_9333.JPG\",\"contentUrl\":\"http:\\\/\\\/3.bp.blogspot.com\\\/-Z00KD26eFhw\\\/UvsrrdQ_cNI\\\/AAAAAAAADSs\\\/4vsC9mzxHig\\\/s1600\\\/IMG_9333.JPG\"},{\"@type\":\"BreadcrumbList\",\"@id\":\"https:\\\/\\\/www.etoilesportivemontoise.fr\\\/football\\\/2014\\\/02\\\/derniere-chance-pour-les-u13\\\/#breadcrumb\",\"itemListElement\":[{\"@type\":\"ListItem\",\"position\":1,\"name\":\"Accueil\",\"item\":\"https:\\\/\\\/www.etoilesportivemontoise.fr\\\/football\\\/\"},{\"@type\":\"ListItem\",\"position\":2,\"name\":\"Derni\u00e8re chance pour les U13\"}]},{\"@type\":\"WebSite\",\"@id\":\"https:\\\/\\\/www.etoilesportivemontoise.fr\\\/football\\\/#website\",\"url\":\"https:\\\/\\\/www.etoilesportivemontoise.fr\\\/football\\\/\",\"name\":\"ESM Foot\",\"description\":\"Club Football Mont de Marsan\",\"potentialAction\":[{\"@type\":\"SearchAction\",\"target\":{\"@type\":\"EntryPoint\",\"urlTemplate\":\"https:\\\/\\\/www.etoilesportivemontoise.fr\\\/football\\\/?s={search_term_string}\"},\"query-input\":{\"@type\":\"PropertyValueSpecification\",\"valueRequired\":true,\"valueName\":\"search_term_string\"}}],\"inLanguage\":\"fr-FR\"},{\"@type\":\"Person\",\"@id\":\"https:\\\/\\\/www.etoilesportivemontoise.fr\\\/football\\\/#\\\/schema\\\/person\\\/dd02b702be97ed924801c88fb2142212\",\"name\":\"ESM\",\"image\":{\"@type\":\"ImageObject\",\"inLanguage\":\"fr-FR\",\"@id\":\"https:\\\/\\\/secure.gravatar.com\\\/avatar\\\/4d571ff55345efadfb90ca100df3e18eb3cdaa9eb0599415645d75cb8626ba49?s=96&d=mm&r=g\",\"url\":\"https:\\\/\\\/secure.gravatar.com\\\/avatar\\\/4d571ff55345efadfb90ca100df3e18eb3cdaa9eb0599415645d75cb8626ba49?s=96&d=mm&r=g\",\"contentUrl\":\"https:\\\/\\\/secure.gravatar.com\\\/avatar\\\/4d571ff55345efadfb90ca100df3e18eb3cdaa9eb0599415645d75cb8626ba49?s=96&d=mm&r=g\",\"caption\":\"ESM\"},\"url\":\"https:\\\/\\\/www.etoilesportivemontoise.fr\\\/football\\\/aka\\\/9af3b8c1915118cbc5cf7cdecb87fa13c2abf1c4\\\/\"}]}<\/script>\n<!-- \/ Yoast SEO plugin. -->","yoast_head_json":{"title":"Derni\u00e8re chance pour les U13 - ESM Foot","robots":{"index":"index","follow":"follow","max-snippet":"max-snippet:-1","max-image-preview":"max-image-preview:large","max-video-preview":"max-video-preview:-1"},"canonical":"https:\/\/www.etoilesportivemontoise.fr\/football\/2014\/02\/derniere-chance-pour-les-u13\/","og_locale":"fr_FR","og_type":"article","og_title":"Derni\u00e8re chance pour les U13 - ESM Foot","og_description":"Ce samedi contre toute attente et au milieu d\u2019un vent fort et une pluie continue, nos U13 se sont retrouv\u00e9s \u00e0 DAX pour le compte de la derni\u00e8re journ\u00e9e de qualification en Challenge GUERIN.C\u2019est seulement \u00e0 9 que l\u2019\u00e9quipe entame sa 1\u00e8re rencontre contre AIRE....","og_url":"https:\/\/www.etoilesportivemontoise.fr\/football\/2014\/02\/derniere-chance-pour-les-u13\/","og_site_name":"ESM Foot","article_published_time":"2014-02-12T07:07:00+00:00","article_modified_time":"2024-03-24T17:13:57+00:00","og_image":[{"url":"http:\/\/3.bp.blogspot.com\/-Z00KD26eFhw\/UvsrrdQ_cNI\/AAAAAAAADSs\/4vsC9mzxHig\/s1600\/IMG_9333.JPG","type":"","width":"","height":""}],"author":"ESM","twitter_misc":{"\u00c9crit par":"ESM","Dur\u00e9e de lecture estim\u00e9e":"1 minute"},"schema":{"@context":"https:\/\/schema.org","@graph":[{"@type":"Article","@id":"https:\/\/www.etoilesportivemontoise.fr\/football\/2014\/02\/derniere-chance-pour-les-u13\/#article","isPartOf":{"@id":"https:\/\/www.etoilesportivemontoise.fr\/football\/2014\/02\/derniere-chance-pour-les-u13\/"},"author":{"name":"ESM","@id":"https:\/\/www.etoilesportivemontoise.fr\/football\/#\/schema\/person\/dd02b702be97ed924801c88fb2142212"},"headline":"Derni\u00e8re chance pour les U13","datePublished":"2014-02-12T07:07:00+00:00","dateModified":"2024-03-24T17:13:57+00:00","mainEntityOfPage":{"@id":"https:\/\/www.etoilesportivemontoise.fr\/football\/2014\/02\/derniere-chance-pour-les-u13\/"},"wordCount":178,"image":{"@id":"https:\/\/www.etoilesportivemontoise.fr\/football\/2014\/02\/derniere-chance-pour-les-u13\/#primaryimage"},"thumbnailUrl":"http:\/\/3.bp.blogspot.com\/-Z00KD26eFhw\/UvsrrdQ_cNI\/AAAAAAAADSs\/4vsC9mzxHig\/s1600\/IMG_9333.JPG","articleSection":["Archives"],"inLanguage":"fr-FR"},{"@type":"WebPage","@id":"https:\/\/www.etoilesportivemontoise.fr\/football\/2014\/02\/derniere-chance-pour-les-u13\/","url":"https:\/\/www.etoilesportivemontoise.fr\/football\/2014\/02\/derniere-chance-pour-les-u13\/","name":"Derni\u00e8re chance pour les U13 - ESM Foot","isPartOf":{"@id":"https:\/\/www.etoilesportivemontoise.fr\/football\/#website"},"primaryImageOfPage":{"@id":"https:\/\/www.etoilesportivemontoise.fr\/football\/2014\/02\/derniere-chance-pour-les-u13\/#primaryimage"},"image":{"@id":"https:\/\/www.etoilesportivemontoise.fr\/football\/2014\/02\/derniere-chance-pour-les-u13\/#primaryimage"},"thumbnailUrl":"http:\/\/3.bp.blogspot.com\/-Z00KD26eFhw\/UvsrrdQ_cNI\/AAAAAAAADSs\/4vsC9mzxHig\/s1600\/IMG_9333.JPG","datePublished":"2014-02-12T07:07:00+00:00","dateModified":"2024-03-24T17:13:57+00:00","author":{"@id":"https:\/\/www.etoilesportivemontoise.fr\/football\/#\/schema\/person\/dd02b702be97ed924801c88fb2142212"},"breadcrumb":{"@id":"https:\/\/www.etoilesportivemontoise.fr\/football\/2014\/02\/derniere-chance-pour-les-u13\/#breadcrumb"},"inLanguage":"fr-FR","potentialAction":[{"@type":"ReadAction","target":["https:\/\/www.etoilesportivemontoise.fr\/football\/2014\/02\/derniere-chance-pour-les-u13\/"]}]},{"@type":"ImageObject","inLanguage":"fr-FR","@id":"https:\/\/www.etoilesportivemontoise.fr\/football\/2014\/02\/derniere-chance-pour-les-u13\/#primaryimage","url":"http:\/\/3.bp.blogspot.com\/-Z00KD26eFhw\/UvsrrdQ_cNI\/AAAAAAAADSs\/4vsC9mzxHig\/s1600\/IMG_9333.JPG","contentUrl":"http:\/\/3.bp.blogspot.com\/-Z00KD26eFhw\/UvsrrdQ_cNI\/AAAAAAAADSs\/4vsC9mzxHig\/s1600\/IMG_9333.JPG"},{"@type":"BreadcrumbList","@id":"https:\/\/www.etoilesportivemontoise.fr\/football\/2014\/02\/derniere-chance-pour-les-u13\/#breadcrumb","itemListElement":[{"@type":"ListItem","position":1,"name":"Accueil","item":"https:\/\/www.etoilesportivemontoise.fr\/football\/"},{"@type":"ListItem","position":2,"name":"Derni\u00e8re chance pour les U13"}]},{"@type":"WebSite","@id":"https:\/\/www.etoilesportivemontoise.fr\/football\/#website","url":"https:\/\/www.etoilesportivemontoise.fr\/football\/","name":"ESM Foot","description":"Club Football Mont de Marsan","potentialAction":[{"@type":"SearchAction","target":{"@type":"EntryPoint","urlTemplate":"https:\/\/www.etoilesportivemontoise.fr\/football\/?s={search_term_string}"},"query-input":{"@type":"PropertyValueSpecification","valueRequired":true,"valueName":"search_term_string"}}],"inLanguage":"fr-FR"},{"@type":"Person","@id":"https:\/\/www.etoilesportivemontoise.fr\/football\/#\/schema\/person\/dd02b702be97ed924801c88fb2142212","name":"ESM","image":{"@type":"ImageObject","inLanguage":"fr-FR","@id":"https:\/\/secure.gravatar.com\/avatar\/4d571ff55345efadfb90ca100df3e18eb3cdaa9eb0599415645d75cb8626ba49?s=96&d=mm&r=g","url":"https:\/\/secure.gravatar.com\/avatar\/4d571ff55345efadfb90ca100df3e18eb3cdaa9eb0599415645d75cb8626ba49?s=96&d=mm&r=g","contentUrl":"https:\/\/secure.gravatar.com\/avatar\/4d571ff55345efadfb90ca100df3e18eb3cdaa9eb0599415645d75cb8626ba49?s=96&d=mm&r=g","caption":"ESM"},"url":"https:\/\/www.etoilesportivemontoise.fr\/football\/aka\/9af3b8c1915118cbc5cf7cdecb87fa13c2abf1c4\/"}]}},"_links":{"self":[{"href":"https:\/\/www.etoilesportivemontoise.fr\/football\/wp-json\/wp\/v2\/posts\/3499","targetHints":{"allow":["GET"]}}],"collection":[{"href":"https:\/\/www.etoilesportivemontoise.fr\/football\/wp-json\/wp\/v2\/posts"}],"about":[{"href":"https:\/\/www.etoilesportivemontoise.fr\/football\/wp-json\/wp\/v2\/types\/post"}],"author":[{"embeddable":true,"href":"https:\/\/www.etoilesportivemontoise.fr\/football\/wp-json\/wp\/v2\/users\/1"}],"replies":[{"embeddable":true,"href":"https:\/\/www.etoilesportivemontoise.fr\/football\/wp-json\/wp\/v2\/comments?post=3499"}],"version-history":[{"count":1,"href":"https:\/\/www.etoilesportivemontoise.fr\/football\/wp-json\/wp\/v2\/posts\/3499\/revisions"}],"predecessor-version":[{"id":4233,"href":"https:\/\/www.etoilesportivemontoise.fr\/football\/wp-json\/wp\/v2\/posts\/3499\/revisions\/4233"}],"wp:attachment":[{"href":"https:\/\/www.etoilesportivemontoise.fr\/football\/wp-json\/wp\/v2\/media?parent=3499"}],"wp:term":[{"taxonomy":"category","embeddable":true,"href":"https:\/\/www.etoilesportivemontoise.fr\/football\/wp-json\/wp\/v2\/categories?post=3499"},{"taxonomy":"post_tag","embeddable":true,"href":"https:\/\/www.etoilesportivemontoise.fr\/football\/wp-json\/wp\/v2\/tags?post=3499"}],"curies":[{"name":"wp","href":"https:\/\/api.w.org\/{rel}","templated":true}]}}