{"id":3502,"date":"2014-01-16T22:21:00","date_gmt":"2014-01-16T21:21:00","guid":{"rendered":"http:\/\/www.etoilesportivemontoise.fr\/football\/la-reserve-laisse-passer-sa-chance\/"},"modified":"2024-03-24T18:13:58","modified_gmt":"2024-03-24T17:13:58","slug":"la-reserve-laisse-passer-sa-chance","status":"publish","type":"post","link":"https:\/\/www.etoilesportivemontoise.fr\/football\/2014\/01\/la-reserve-laisse-passer-sa-chance\/","title":{"rendered":"La r\u00e9serve laisse passer sa chance"},"content":{"rendered":"<div style=\"clear: both;text-align: center\"><a href=\"https:\/\/plus.google.com\/u\/0\/photos\/103714954216275648745\/albums\/5969204842422963601?sort=1\" style=\"margin-left: 1em;margin-right: 1em\" target=\"_blank\" rel=\"noopener\"><img loading=\"lazy\" decoding=\"async\" border=\"0\" src=\"http:\/\/1.bp.blogspot.com\/-rn1hTTZs02s\/UthLIoLSPmI\/AAAAAAAADQg\/CTPMyYmzlsY\/s1600\/Bisca_reserv.jpg\" height=\"236\" width=\"320\" \/><\/a><\/div>\n<p>Les r\u00e9servistes de l\u2019ESM recevaient Biscarrosse ce dimanche 12 janvier. Malgr\u00e9 quelques occasions int\u00e9ressantes, nos joueurs ont par deux fois c\u00e9d\u00e9 sous les coups de boutoirs d\u2019une \u00e9quipe pratiquant un jeu pour le moins \u00ab viril \u00bb\u2026<\/p>\n<p><a name='more'><\/a>Une consolation toutefois, le splendide but marqu\u00e9 par notre capitaine Emeric qui figurera sans doute parmi les meilleures r\u00e9alisations de cette saison\u2026<\/p>\n<div>\n<div style=\"text-align: center\"><\/div>\n<div style=\"text-align: center\"><\/div>\n<p>Score final 1-2. Il faudra rester mobilis\u00e9s pour affronter Ygos sur leur terrain, samedi 18&#8230;<\/p>\n<p>Consultez <a href=\"https:\/\/plus.google.com\/u\/0\/photos\/103714954216275648745\/albums\/5969204842422963601?sort=1\" target=\"_blank\" rel=\"noopener\">les photos du match<\/a>.<\/p>\n<div><\/div>\n<\/div>\n","protected":false},"excerpt":{"rendered":"<p>Les r\u00e9servistes de l\u2019ESM recevaient Biscarrosse ce dimanche 12 janvier. Malgr\u00e9 quelques occasions int\u00e9ressantes, nos joueurs ont par deux fois c\u00e9d\u00e9 sous les coups de boutoirs d\u2019une \u00e9quipe pratiquant un jeu pour le moins \u00ab viril \u00bb\u2026 Une consolation toutefois, le splendide but marqu\u00e9 par&#8230;<\/p>\n","protected":false},"author":1,"featured_media":0,"comment_status":"closed","ping_status":"closed","sticky":false,"template":"","format":"standard","meta":{"footnotes":""},"categories":[28],"tags":[],"class_list":["post-3502","post","type-post","status-publish","format-standard","hentry","category-old"],"yoast_head":"<!-- This site is optimized with the Yoast SEO plugin v27.3 - https:\/\/yoast.com\/product\/yoast-seo-wordpress\/ -->\n<title>La r\u00e9serve laisse passer sa chance - ESM Foot<\/title>\n<meta name=\"robots\" content=\"index, follow, max-snippet:-1, max-image-preview:large, max-video-preview:-1\" \/>\n<link rel=\"canonical\" href=\"https:\/\/www.etoilesportivemontoise.fr\/football\/2014\/01\/la-reserve-laisse-passer-sa-chance\/\" \/>\n<meta property=\"og:locale\" content=\"fr_FR\" \/>\n<meta property=\"og:type\" content=\"article\" \/>\n<meta property=\"og:title\" content=\"La r\u00e9serve laisse passer sa chance - ESM Foot\" \/>\n<meta property=\"og:description\" content=\"Les r\u00e9servistes de l\u2019ESM recevaient Biscarrosse ce dimanche 12 janvier. Malgr\u00e9 quelques occasions int\u00e9ressantes, nos joueurs ont par deux fois c\u00e9d\u00e9 sous les coups de boutoirs d\u2019une \u00e9quipe pratiquant un jeu pour le moins \u00ab viril \u00bb\u2026 Une consolation toutefois, le splendide but marqu\u00e9 par...\" \/>\n<meta property=\"og:url\" content=\"https:\/\/www.etoilesportivemontoise.fr\/football\/2014\/01\/la-reserve-laisse-passer-sa-chance\/\" \/>\n<meta property=\"og:site_name\" content=\"ESM Foot\" \/>\n<meta property=\"article:published_time\" content=\"2014-01-16T21:21:00+00:00\" \/>\n<meta property=\"article:modified_time\" content=\"2024-03-24T17:13:58+00:00\" \/>\n<meta property=\"og:image\" content=\"http:\/\/1.bp.blogspot.com\/-rn1hTTZs02s\/UthLIoLSPmI\/AAAAAAAADQg\/CTPMyYmzlsY\/s1600\/Bisca_reserv.jpg\" \/>\n<meta name=\"author\" content=\"ESM\" \/>\n<meta name=\"twitter:label1\" content=\"\u00c9crit par\" \/>\n\t<meta name=\"twitter:data1\" content=\"ESM\" \/>\n<script type=\"application\/ld+json\" class=\"yoast-schema-graph\">{\"@context\":\"https:\\\/\\\/schema.org\",\"@graph\":[{\"@type\":\"Article\",\"@id\":\"https:\\\/\\\/www.etoilesportivemontoise.fr\\\/football\\\/2014\\\/01\\\/la-reserve-laisse-passer-sa-chance\\\/#article\",\"isPartOf\":{\"@id\":\"https:\\\/\\\/www.etoilesportivemontoise.fr\\\/football\\\/2014\\\/01\\\/la-reserve-laisse-passer-sa-chance\\\/\"},\"author\":{\"name\":\"ESM\",\"@id\":\"https:\\\/\\\/www.etoilesportivemontoise.fr\\\/football\\\/#\\\/schema\\\/person\\\/dd02b702be97ed924801c88fb2142212\"},\"headline\":\"La r\u00e9serve laisse passer sa chance\",\"datePublished\":\"2014-01-16T21:21:00+00:00\",\"dateModified\":\"2024-03-24T17:13:58+00:00\",\"mainEntityOfPage\":{\"@id\":\"https:\\\/\\\/www.etoilesportivemontoise.fr\\\/football\\\/2014\\\/01\\\/la-reserve-laisse-passer-sa-chance\\\/\"},\"wordCount\":89,\"image\":{\"@id\":\"https:\\\/\\\/www.etoilesportivemontoise.fr\\\/football\\\/2014\\\/01\\\/la-reserve-laisse-passer-sa-chance\\\/#primaryimage\"},\"thumbnailUrl\":\"http:\\\/\\\/1.bp.blogspot.com\\\/-rn1hTTZs02s\\\/UthLIoLSPmI\\\/AAAAAAAADQg\\\/CTPMyYmzlsY\\\/s1600\\\/Bisca_reserv.jpg\",\"articleSection\":[\"Archives\"],\"inLanguage\":\"fr-FR\"},{\"@type\":\"WebPage\",\"@id\":\"https:\\\/\\\/www.etoilesportivemontoise.fr\\\/football\\\/2014\\\/01\\\/la-reserve-laisse-passer-sa-chance\\\/\",\"url\":\"https:\\\/\\\/www.etoilesportivemontoise.fr\\\/football\\\/2014\\\/01\\\/la-reserve-laisse-passer-sa-chance\\\/\",\"name\":\"La r\u00e9serve laisse passer sa chance - ESM Foot\",\"isPartOf\":{\"@id\":\"https:\\\/\\\/www.etoilesportivemontoise.fr\\\/football\\\/#website\"},\"primaryImageOfPage\":{\"@id\":\"https:\\\/\\\/www.etoilesportivemontoise.fr\\\/football\\\/2014\\\/01\\\/la-reserve-laisse-passer-sa-chance\\\/#primaryimage\"},\"image\":{\"@id\":\"https:\\\/\\\/www.etoilesportivemontoise.fr\\\/football\\\/2014\\\/01\\\/la-reserve-laisse-passer-sa-chance\\\/#primaryimage\"},\"thumbnailUrl\":\"http:\\\/\\\/1.bp.blogspot.com\\\/-rn1hTTZs02s\\\/UthLIoLSPmI\\\/AAAAAAAADQg\\\/CTPMyYmzlsY\\\/s1600\\\/Bisca_reserv.jpg\",\"datePublished\":\"2014-01-16T21:21:00+00:00\",\"dateModified\":\"2024-03-24T17:13:58+00:00\",\"author\":{\"@id\":\"https:\\\/\\\/www.etoilesportivemontoise.fr\\\/football\\\/#\\\/schema\\\/person\\\/dd02b702be97ed924801c88fb2142212\"},\"breadcrumb\":{\"@id\":\"https:\\\/\\\/www.etoilesportivemontoise.fr\\\/football\\\/2014\\\/01\\\/la-reserve-laisse-passer-sa-chance\\\/#breadcrumb\"},\"inLanguage\":\"fr-FR\",\"potentialAction\":[{\"@type\":\"ReadAction\",\"target\":[\"https:\\\/\\\/www.etoilesportivemontoise.fr\\\/football\\\/2014\\\/01\\\/la-reserve-laisse-passer-sa-chance\\\/\"]}]},{\"@type\":\"ImageObject\",\"inLanguage\":\"fr-FR\",\"@id\":\"https:\\\/\\\/www.etoilesportivemontoise.fr\\\/football\\\/2014\\\/01\\\/la-reserve-laisse-passer-sa-chance\\\/#primaryimage\",\"url\":\"http:\\\/\\\/1.bp.blogspot.com\\\/-rn1hTTZs02s\\\/UthLIoLSPmI\\\/AAAAAAAADQg\\\/CTPMyYmzlsY\\\/s1600\\\/Bisca_reserv.jpg\",\"contentUrl\":\"http:\\\/\\\/1.bp.blogspot.com\\\/-rn1hTTZs02s\\\/UthLIoLSPmI\\\/AAAAAAAADQg\\\/CTPMyYmzlsY\\\/s1600\\\/Bisca_reserv.jpg\"},{\"@type\":\"BreadcrumbList\",\"@id\":\"https:\\\/\\\/www.etoilesportivemontoise.fr\\\/football\\\/2014\\\/01\\\/la-reserve-laisse-passer-sa-chance\\\/#breadcrumb\",\"itemListElement\":[{\"@type\":\"ListItem\",\"position\":1,\"name\":\"Accueil\",\"item\":\"https:\\\/\\\/www.etoilesportivemontoise.fr\\\/football\\\/\"},{\"@type\":\"ListItem\",\"position\":2,\"name\":\"La r\u00e9serve laisse passer sa chance\"}]},{\"@type\":\"WebSite\",\"@id\":\"https:\\\/\\\/www.etoilesportivemontoise.fr\\\/football\\\/#website\",\"url\":\"https:\\\/\\\/www.etoilesportivemontoise.fr\\\/football\\\/\",\"name\":\"ESM Foot\",\"description\":\"Club Football Mont de Marsan\",\"potentialAction\":[{\"@type\":\"SearchAction\",\"target\":{\"@type\":\"EntryPoint\",\"urlTemplate\":\"https:\\\/\\\/www.etoilesportivemontoise.fr\\\/football\\\/?s={search_term_string}\"},\"query-input\":{\"@type\":\"PropertyValueSpecification\",\"valueRequired\":true,\"valueName\":\"search_term_string\"}}],\"inLanguage\":\"fr-FR\"},{\"@type\":\"Person\",\"@id\":\"https:\\\/\\\/www.etoilesportivemontoise.fr\\\/football\\\/#\\\/schema\\\/person\\\/dd02b702be97ed924801c88fb2142212\",\"name\":\"ESM\",\"image\":{\"@type\":\"ImageObject\",\"inLanguage\":\"fr-FR\",\"@id\":\"https:\\\/\\\/secure.gravatar.com\\\/avatar\\\/4d571ff55345efadfb90ca100df3e18eb3cdaa9eb0599415645d75cb8626ba49?s=96&d=mm&r=g\",\"url\":\"https:\\\/\\\/secure.gravatar.com\\\/avatar\\\/4d571ff55345efadfb90ca100df3e18eb3cdaa9eb0599415645d75cb8626ba49?s=96&d=mm&r=g\",\"contentUrl\":\"https:\\\/\\\/secure.gravatar.com\\\/avatar\\\/4d571ff55345efadfb90ca100df3e18eb3cdaa9eb0599415645d75cb8626ba49?s=96&d=mm&r=g\",\"caption\":\"ESM\"},\"url\":\"https:\\\/\\\/www.etoilesportivemontoise.fr\\\/football\\\/aka\\\/9af3b8c1915118cbc5cf7cdecb87fa13c2abf1c4\\\/\"}]}<\/script>\n<!-- \/ Yoast SEO plugin. -->","yoast_head_json":{"title":"La r\u00e9serve laisse passer sa chance - ESM Foot","robots":{"index":"index","follow":"follow","max-snippet":"max-snippet:-1","max-image-preview":"max-image-preview:large","max-video-preview":"max-video-preview:-1"},"canonical":"https:\/\/www.etoilesportivemontoise.fr\/football\/2014\/01\/la-reserve-laisse-passer-sa-chance\/","og_locale":"fr_FR","og_type":"article","og_title":"La r\u00e9serve laisse passer sa chance - ESM Foot","og_description":"Les r\u00e9servistes de l\u2019ESM recevaient Biscarrosse ce dimanche 12 janvier. Malgr\u00e9 quelques occasions int\u00e9ressantes, nos joueurs ont par deux fois c\u00e9d\u00e9 sous les coups de boutoirs d\u2019une \u00e9quipe pratiquant un jeu pour le moins \u00ab viril \u00bb\u2026 Une consolation toutefois, le splendide but marqu\u00e9 par...","og_url":"https:\/\/www.etoilesportivemontoise.fr\/football\/2014\/01\/la-reserve-laisse-passer-sa-chance\/","og_site_name":"ESM Foot","article_published_time":"2014-01-16T21:21:00+00:00","article_modified_time":"2024-03-24T17:13:58+00:00","og_image":[{"url":"http:\/\/1.bp.blogspot.com\/-rn1hTTZs02s\/UthLIoLSPmI\/AAAAAAAADQg\/CTPMyYmzlsY\/s1600\/Bisca_reserv.jpg","type":"","width":"","height":""}],"author":"ESM","twitter_misc":{"\u00c9crit par":"ESM"},"schema":{"@context":"https:\/\/schema.org","@graph":[{"@type":"Article","@id":"https:\/\/www.etoilesportivemontoise.fr\/football\/2014\/01\/la-reserve-laisse-passer-sa-chance\/#article","isPartOf":{"@id":"https:\/\/www.etoilesportivemontoise.fr\/football\/2014\/01\/la-reserve-laisse-passer-sa-chance\/"},"author":{"name":"ESM","@id":"https:\/\/www.etoilesportivemontoise.fr\/football\/#\/schema\/person\/dd02b702be97ed924801c88fb2142212"},"headline":"La r\u00e9serve laisse passer sa chance","datePublished":"2014-01-16T21:21:00+00:00","dateModified":"2024-03-24T17:13:58+00:00","mainEntityOfPage":{"@id":"https:\/\/www.etoilesportivemontoise.fr\/football\/2014\/01\/la-reserve-laisse-passer-sa-chance\/"},"wordCount":89,"image":{"@id":"https:\/\/www.etoilesportivemontoise.fr\/football\/2014\/01\/la-reserve-laisse-passer-sa-chance\/#primaryimage"},"thumbnailUrl":"http:\/\/1.bp.blogspot.com\/-rn1hTTZs02s\/UthLIoLSPmI\/AAAAAAAADQg\/CTPMyYmzlsY\/s1600\/Bisca_reserv.jpg","articleSection":["Archives"],"inLanguage":"fr-FR"},{"@type":"WebPage","@id":"https:\/\/www.etoilesportivemontoise.fr\/football\/2014\/01\/la-reserve-laisse-passer-sa-chance\/","url":"https:\/\/www.etoilesportivemontoise.fr\/football\/2014\/01\/la-reserve-laisse-passer-sa-chance\/","name":"La r\u00e9serve laisse passer sa chance - ESM Foot","isPartOf":{"@id":"https:\/\/www.etoilesportivemontoise.fr\/football\/#website"},"primaryImageOfPage":{"@id":"https:\/\/www.etoilesportivemontoise.fr\/football\/2014\/01\/la-reserve-laisse-passer-sa-chance\/#primaryimage"},"image":{"@id":"https:\/\/www.etoilesportivemontoise.fr\/football\/2014\/01\/la-reserve-laisse-passer-sa-chance\/#primaryimage"},"thumbnailUrl":"http:\/\/1.bp.blogspot.com\/-rn1hTTZs02s\/UthLIoLSPmI\/AAAAAAAADQg\/CTPMyYmzlsY\/s1600\/Bisca_reserv.jpg","datePublished":"2014-01-16T21:21:00+00:00","dateModified":"2024-03-24T17:13:58+00:00","author":{"@id":"https:\/\/www.etoilesportivemontoise.fr\/football\/#\/schema\/person\/dd02b702be97ed924801c88fb2142212"},"breadcrumb":{"@id":"https:\/\/www.etoilesportivemontoise.fr\/football\/2014\/01\/la-reserve-laisse-passer-sa-chance\/#breadcrumb"},"inLanguage":"fr-FR","potentialAction":[{"@type":"ReadAction","target":["https:\/\/www.etoilesportivemontoise.fr\/football\/2014\/01\/la-reserve-laisse-passer-sa-chance\/"]}]},{"@type":"ImageObject","inLanguage":"fr-FR","@id":"https:\/\/www.etoilesportivemontoise.fr\/football\/2014\/01\/la-reserve-laisse-passer-sa-chance\/#primaryimage","url":"http:\/\/1.bp.blogspot.com\/-rn1hTTZs02s\/UthLIoLSPmI\/AAAAAAAADQg\/CTPMyYmzlsY\/s1600\/Bisca_reserv.jpg","contentUrl":"http:\/\/1.bp.blogspot.com\/-rn1hTTZs02s\/UthLIoLSPmI\/AAAAAAAADQg\/CTPMyYmzlsY\/s1600\/Bisca_reserv.jpg"},{"@type":"BreadcrumbList","@id":"https:\/\/www.etoilesportivemontoise.fr\/football\/2014\/01\/la-reserve-laisse-passer-sa-chance\/#breadcrumb","itemListElement":[{"@type":"ListItem","position":1,"name":"Accueil","item":"https:\/\/www.etoilesportivemontoise.fr\/football\/"},{"@type":"ListItem","position":2,"name":"La r\u00e9serve laisse passer sa chance"}]},{"@type":"WebSite","@id":"https:\/\/www.etoilesportivemontoise.fr\/football\/#website","url":"https:\/\/www.etoilesportivemontoise.fr\/football\/","name":"ESM Foot","description":"Club Football Mont de Marsan","potentialAction":[{"@type":"SearchAction","target":{"@type":"EntryPoint","urlTemplate":"https:\/\/www.etoilesportivemontoise.fr\/football\/?s={search_term_string}"},"query-input":{"@type":"PropertyValueSpecification","valueRequired":true,"valueName":"search_term_string"}}],"inLanguage":"fr-FR"},{"@type":"Person","@id":"https:\/\/www.etoilesportivemontoise.fr\/football\/#\/schema\/person\/dd02b702be97ed924801c88fb2142212","name":"ESM","image":{"@type":"ImageObject","inLanguage":"fr-FR","@id":"https:\/\/secure.gravatar.com\/avatar\/4d571ff55345efadfb90ca100df3e18eb3cdaa9eb0599415645d75cb8626ba49?s=96&d=mm&r=g","url":"https:\/\/secure.gravatar.com\/avatar\/4d571ff55345efadfb90ca100df3e18eb3cdaa9eb0599415645d75cb8626ba49?s=96&d=mm&r=g","contentUrl":"https:\/\/secure.gravatar.com\/avatar\/4d571ff55345efadfb90ca100df3e18eb3cdaa9eb0599415645d75cb8626ba49?s=96&d=mm&r=g","caption":"ESM"},"url":"https:\/\/www.etoilesportivemontoise.fr\/football\/aka\/9af3b8c1915118cbc5cf7cdecb87fa13c2abf1c4\/"}]}},"_links":{"self":[{"href":"https:\/\/www.etoilesportivemontoise.fr\/football\/wp-json\/wp\/v2\/posts\/3502","targetHints":{"allow":["GET"]}}],"collection":[{"href":"https:\/\/www.etoilesportivemontoise.fr\/football\/wp-json\/wp\/v2\/posts"}],"about":[{"href":"https:\/\/www.etoilesportivemontoise.fr\/football\/wp-json\/wp\/v2\/types\/post"}],"author":[{"embeddable":true,"href":"https:\/\/www.etoilesportivemontoise.fr\/football\/wp-json\/wp\/v2\/users\/1"}],"replies":[{"embeddable":true,"href":"https:\/\/www.etoilesportivemontoise.fr\/football\/wp-json\/wp\/v2\/comments?post=3502"}],"version-history":[{"count":2,"href":"https:\/\/www.etoilesportivemontoise.fr\/football\/wp-json\/wp\/v2\/posts\/3502\/revisions"}],"predecessor-version":[{"id":5170,"href":"https:\/\/www.etoilesportivemontoise.fr\/football\/wp-json\/wp\/v2\/posts\/3502\/revisions\/5170"}],"wp:attachment":[{"href":"https:\/\/www.etoilesportivemontoise.fr\/football\/wp-json\/wp\/v2\/media?parent=3502"}],"wp:term":[{"taxonomy":"category","embeddable":true,"href":"https:\/\/www.etoilesportivemontoise.fr\/football\/wp-json\/wp\/v2\/categories?post=3502"},{"taxonomy":"post_tag","embeddable":true,"href":"https:\/\/www.etoilesportivemontoise.fr\/football\/wp-json\/wp\/v2\/tags?post=3502"}],"curies":[{"name":"wp","href":"https:\/\/api.w.org\/{rel}","templated":true}]}}