{"id":3505,"date":"2014-01-12T11:08:00","date_gmt":"2014-01-12T10:08:00","guid":{"rendered":"http:\/\/www.etoilesportivemontoise.fr\/football\/un-bon-stage-de-reprise-pour-nos-u15-et-u13\/"},"modified":"2024-03-24T18:13:58","modified_gmt":"2024-03-24T17:13:58","slug":"un-bon-stage-de-reprise-pour-nos-u15-et","status":"publish","type":"post","link":"https:\/\/www.etoilesportivemontoise.fr\/football\/2014\/01\/un-bon-stage-de-reprise-pour-nos-u15-et\/","title":{"rendered":"Un bon stage de reprise pour nos U15 et U13"},"content":{"rendered":"<div style=\"clear: both;text-align: center\"><a href=\"https:\/\/plus.google.com\/photos\/103714954216275648745\/albums\/5967673175387356401?partnerid=gplp0&amp;sort=1\" style=\"margin-left: 1em;margin-right: 1em\" target=\"_blank\" rel=\"noopener\"><img loading=\"lazy\" decoding=\"async\" border=\"0\" src=\"http:\/\/1.bp.blogspot.com\/-83WkRE60I2U\/UtJpLz6MqFI\/AAAAAAAADN8\/YpWsivJ9lhc\/s1600\/AmicalU15-13.jpg\" height=\"240\" width=\"320\" \/><\/a><\/div>\n<p>Apr\u00e8s avoir profit\u00e9 des f\u00eates de fin d\u2019ann\u00e9e et \u00ab attrap\u00e9 des entorses \u00e0 chaque pouces \u00bb, nos jeunes prot\u00e9g\u00e9s U15 et U13\/2, ont rejoint notre \u00e9quipe d\u2019Educateurs compos\u00e9e d\u2019 Eric, Max, Sa\u00efd et Jocelyn pour les deux derniers jours de stage.<\/p>\n<p>Le programme concoct\u00e9 par ERIC f\u00fbt le 1er soir de 18h \u00e0 20h bien muscl\u00e9 et physiquement \u00e0 la hauteur d\u2019une inter-saison. Mais malgr\u00e9 le terrain gras et les jambes lourdes, c\u2019est avec beaucoup de volont\u00e9 que les 22 acteurs r\u00e9pondirent pr\u00e9sent.<\/p>\n<p>La soir\u00e9e s\u2019acheva sur 3 ateliers bien vari\u00e9s, entre technique individuelle et jeu&#8230;<\/p>\n<p><a name='more'><\/a>Le lendemain matin, le groupe au complet \u00e9tait \u00e0 l\u2019heure sur le terrain, avec soleil et sourire.<br \/>Eric, bien conscient des efforts importants consentis la veille, proposa \u00e0 tout les jeunes un contenu ax\u00e9 exclusivement sur des ateliers de techniques individuelles, mais en insistant sur l\u2019exigence du geste. L\u2019aide de Maxime, dans cet exercice s\u2019est tr\u00e8s vite av\u00e9r\u00e9e pr\u00e9cieuse. Il est parvenu avec nous, tout au long de la s\u00e9ance, \u00e0 faire vivre, d\u00e9montrer et jouer avec chacun des joueurs.<br \/>Malgr\u00e9 la fatigue de la veille nous avons constat\u00e9, pendant 2 heures, eu un comportement s\u00e9rieux de chaque jeune.<\/p>\n<p>Nous sommes donc pass\u00e9s par la case CLUB HOUSE pour profiter du d\u00e9jeuner que des parents b\u00e9n\u00e9voles avaient pr\u00e9par\u00e9. <b><span style=\"color: orange\">Nous profitons de l\u2019occasion pour remercier la maman de Solomon, le papa de Paul, les parents de Hugo GOSSELIN et de Hugo AMADIO, la m\u00e8re de Simon et les parents de Yassin pour leur aide pr\u00e9cieuse (j\u2019esp\u00e8re n\u2019oublier personne).<\/span><\/b><\/p>\n<p>Apr\u00e8s ce bon repas, le d\u00e9luge s\u2019abattait sur le complexe. Malgr\u00e9 ce contretemps, c\u2019est avec s\u00e9rieux que les deux groupes se sont \u00e9chauff\u00e9s &nbsp;et se sont lanc\u00e9s pour 2X30mn.<\/p>\n<p><b><span style=\"color: orange\">Un merci particulier \u00e0 Delphine et surtout Fabrice (coach des U19) qui, malgr\u00e9 les conditions dantesques, s\u2019est mis sans h\u00e9siter \u00e0 notre disposition pour assurer l\u2019arbitrage.<\/span><\/b><\/p>\n<p>Le score restera anecdotique, d\u2019autant que la m\u00e9t\u00e9o de plus en plus catastrophique, nous obligea \u00e0 arr\u00eater \u00e0 la mi-temps le match et \u00e0 renvoyer tous ces champions en herbe au vestiaire.<br \/>Un \u00e9change au sec apr\u00e8s la douche entre Educateurs et joueurs, f\u00fbt constructif, et \u00e0 la demande g\u00e9n\u00e9rale, les prochaines vacances verront le retour d\u2019un stage similaire.<\/p>\n<p>La conclusion de ses 4 jours se f\u00eet autour d\u2019une galette des Rois offert par le Club.<\/p>\n<p><span style=\"color: orange\"><b>MERCI A TOUS : &nbsp;ERIC, MAX, SAID et JOSS<\/b><\/span><\/p>\n<p>Retrouvez <a href=\"https:\/\/plus.google.com\/photos\/103714954216275648745\/albums\/5967673175387356401?partnerid=gplp0&amp;sort=1\" target=\"_blank\" rel=\"noopener\">les photos du match amical<\/a>.<\/p>\n","protected":false},"excerpt":{"rendered":"<p>Apr\u00e8s avoir profit\u00e9 des f\u00eates de fin d\u2019ann\u00e9e et \u00ab attrap\u00e9 des entorses \u00e0 chaque pouces \u00bb, nos jeunes prot\u00e9g\u00e9s U15 et U13\/2, ont rejoint notre \u00e9quipe d\u2019Educateurs compos\u00e9e d\u2019 Eric, Max, Sa\u00efd et Jocelyn pour les deux derniers jours de stage. Le programme concoct\u00e9&#8230;<\/p>\n","protected":false},"author":1,"featured_media":0,"comment_status":"closed","ping_status":"closed","sticky":false,"template":"","format":"standard","meta":{"footnotes":""},"categories":[28],"tags":[],"class_list":["post-3505","post","type-post","status-publish","format-standard","hentry","category-old"],"yoast_head":"<!-- This site is optimized with the Yoast SEO plugin v27.3 - https:\/\/yoast.com\/product\/yoast-seo-wordpress\/ -->\n<title>Un bon stage de reprise pour nos U15 et U13 - ESM Foot<\/title>\n<meta name=\"robots\" content=\"index, follow, max-snippet:-1, max-image-preview:large, max-video-preview:-1\" \/>\n<link rel=\"canonical\" href=\"https:\/\/www.etoilesportivemontoise.fr\/football\/2014\/01\/un-bon-stage-de-reprise-pour-nos-u15-et\/\" \/>\n<meta property=\"og:locale\" content=\"fr_FR\" \/>\n<meta property=\"og:type\" content=\"article\" \/>\n<meta property=\"og:title\" content=\"Un bon stage de reprise pour nos U15 et U13 - ESM Foot\" \/>\n<meta property=\"og:description\" content=\"Apr\u00e8s avoir profit\u00e9 des f\u00eates de fin d\u2019ann\u00e9e et \u00ab attrap\u00e9 des entorses \u00e0 chaque pouces \u00bb, nos jeunes prot\u00e9g\u00e9s U15 et U13\/2, ont rejoint notre \u00e9quipe d\u2019Educateurs compos\u00e9e d\u2019 Eric, Max, Sa\u00efd et Jocelyn pour les deux derniers jours de stage. Le programme concoct\u00e9...\" \/>\n<meta property=\"og:url\" content=\"https:\/\/www.etoilesportivemontoise.fr\/football\/2014\/01\/un-bon-stage-de-reprise-pour-nos-u15-et\/\" \/>\n<meta property=\"og:site_name\" content=\"ESM Foot\" \/>\n<meta property=\"article:published_time\" content=\"2014-01-12T10:08:00+00:00\" \/>\n<meta property=\"article:modified_time\" content=\"2024-03-24T17:13:58+00:00\" \/>\n<meta property=\"og:image\" content=\"http:\/\/1.bp.blogspot.com\/-83WkRE60I2U\/UtJpLz6MqFI\/AAAAAAAADN8\/YpWsivJ9lhc\/s1600\/AmicalU15-13.jpg\" \/>\n<meta name=\"author\" content=\"ESM\" \/>\n<meta name=\"twitter:label1\" content=\"\u00c9crit par\" \/>\n\t<meta name=\"twitter:data1\" content=\"ESM\" \/>\n\t<meta name=\"twitter:label2\" content=\"Dur\u00e9e de lecture estim\u00e9e\" \/>\n\t<meta name=\"twitter:data2\" content=\"2 minutes\" \/>\n<script type=\"application\/ld+json\" class=\"yoast-schema-graph\">{\"@context\":\"https:\\\/\\\/schema.org\",\"@graph\":[{\"@type\":\"Article\",\"@id\":\"https:\\\/\\\/www.etoilesportivemontoise.fr\\\/football\\\/2014\\\/01\\\/un-bon-stage-de-reprise-pour-nos-u15-et\\\/#article\",\"isPartOf\":{\"@id\":\"https:\\\/\\\/www.etoilesportivemontoise.fr\\\/football\\\/2014\\\/01\\\/un-bon-stage-de-reprise-pour-nos-u15-et\\\/\"},\"author\":{\"name\":\"ESM\",\"@id\":\"https:\\\/\\\/www.etoilesportivemontoise.fr\\\/football\\\/#\\\/schema\\\/person\\\/dd02b702be97ed924801c88fb2142212\"},\"headline\":\"Un bon stage de reprise pour nos U15 et U13\",\"datePublished\":\"2014-01-12T10:08:00+00:00\",\"dateModified\":\"2024-03-24T17:13:58+00:00\",\"mainEntityOfPage\":{\"@id\":\"https:\\\/\\\/www.etoilesportivemontoise.fr\\\/football\\\/2014\\\/01\\\/un-bon-stage-de-reprise-pour-nos-u15-et\\\/\"},\"wordCount\":454,\"image\":{\"@id\":\"https:\\\/\\\/www.etoilesportivemontoise.fr\\\/football\\\/2014\\\/01\\\/un-bon-stage-de-reprise-pour-nos-u15-et\\\/#primaryimage\"},\"thumbnailUrl\":\"http:\\\/\\\/1.bp.blogspot.com\\\/-83WkRE60I2U\\\/UtJpLz6MqFI\\\/AAAAAAAADN8\\\/YpWsivJ9lhc\\\/s1600\\\/AmicalU15-13.jpg\",\"articleSection\":[\"Archives\"],\"inLanguage\":\"fr-FR\"},{\"@type\":\"WebPage\",\"@id\":\"https:\\\/\\\/www.etoilesportivemontoise.fr\\\/football\\\/2014\\\/01\\\/un-bon-stage-de-reprise-pour-nos-u15-et\\\/\",\"url\":\"https:\\\/\\\/www.etoilesportivemontoise.fr\\\/football\\\/2014\\\/01\\\/un-bon-stage-de-reprise-pour-nos-u15-et\\\/\",\"name\":\"Un bon stage de reprise pour nos U15 et U13 - ESM Foot\",\"isPartOf\":{\"@id\":\"https:\\\/\\\/www.etoilesportivemontoise.fr\\\/football\\\/#website\"},\"primaryImageOfPage\":{\"@id\":\"https:\\\/\\\/www.etoilesportivemontoise.fr\\\/football\\\/2014\\\/01\\\/un-bon-stage-de-reprise-pour-nos-u15-et\\\/#primaryimage\"},\"image\":{\"@id\":\"https:\\\/\\\/www.etoilesportivemontoise.fr\\\/football\\\/2014\\\/01\\\/un-bon-stage-de-reprise-pour-nos-u15-et\\\/#primaryimage\"},\"thumbnailUrl\":\"http:\\\/\\\/1.bp.blogspot.com\\\/-83WkRE60I2U\\\/UtJpLz6MqFI\\\/AAAAAAAADN8\\\/YpWsivJ9lhc\\\/s1600\\\/AmicalU15-13.jpg\",\"datePublished\":\"2014-01-12T10:08:00+00:00\",\"dateModified\":\"2024-03-24T17:13:58+00:00\",\"author\":{\"@id\":\"https:\\\/\\\/www.etoilesportivemontoise.fr\\\/football\\\/#\\\/schema\\\/person\\\/dd02b702be97ed924801c88fb2142212\"},\"breadcrumb\":{\"@id\":\"https:\\\/\\\/www.etoilesportivemontoise.fr\\\/football\\\/2014\\\/01\\\/un-bon-stage-de-reprise-pour-nos-u15-et\\\/#breadcrumb\"},\"inLanguage\":\"fr-FR\",\"potentialAction\":[{\"@type\":\"ReadAction\",\"target\":[\"https:\\\/\\\/www.etoilesportivemontoise.fr\\\/football\\\/2014\\\/01\\\/un-bon-stage-de-reprise-pour-nos-u15-et\\\/\"]}]},{\"@type\":\"ImageObject\",\"inLanguage\":\"fr-FR\",\"@id\":\"https:\\\/\\\/www.etoilesportivemontoise.fr\\\/football\\\/2014\\\/01\\\/un-bon-stage-de-reprise-pour-nos-u15-et\\\/#primaryimage\",\"url\":\"http:\\\/\\\/1.bp.blogspot.com\\\/-83WkRE60I2U\\\/UtJpLz6MqFI\\\/AAAAAAAADN8\\\/YpWsivJ9lhc\\\/s1600\\\/AmicalU15-13.jpg\",\"contentUrl\":\"http:\\\/\\\/1.bp.blogspot.com\\\/-83WkRE60I2U\\\/UtJpLz6MqFI\\\/AAAAAAAADN8\\\/YpWsivJ9lhc\\\/s1600\\\/AmicalU15-13.jpg\"},{\"@type\":\"BreadcrumbList\",\"@id\":\"https:\\\/\\\/www.etoilesportivemontoise.fr\\\/football\\\/2014\\\/01\\\/un-bon-stage-de-reprise-pour-nos-u15-et\\\/#breadcrumb\",\"itemListElement\":[{\"@type\":\"ListItem\",\"position\":1,\"name\":\"Accueil\",\"item\":\"https:\\\/\\\/www.etoilesportivemontoise.fr\\\/football\\\/\"},{\"@type\":\"ListItem\",\"position\":2,\"name\":\"Un bon stage de reprise pour nos U15 et U13\"}]},{\"@type\":\"WebSite\",\"@id\":\"https:\\\/\\\/www.etoilesportivemontoise.fr\\\/football\\\/#website\",\"url\":\"https:\\\/\\\/www.etoilesportivemontoise.fr\\\/football\\\/\",\"name\":\"ESM Foot\",\"description\":\"Club Football Mont de Marsan\",\"potentialAction\":[{\"@type\":\"SearchAction\",\"target\":{\"@type\":\"EntryPoint\",\"urlTemplate\":\"https:\\\/\\\/www.etoilesportivemontoise.fr\\\/football\\\/?s={search_term_string}\"},\"query-input\":{\"@type\":\"PropertyValueSpecification\",\"valueRequired\":true,\"valueName\":\"search_term_string\"}}],\"inLanguage\":\"fr-FR\"},{\"@type\":\"Person\",\"@id\":\"https:\\\/\\\/www.etoilesportivemontoise.fr\\\/football\\\/#\\\/schema\\\/person\\\/dd02b702be97ed924801c88fb2142212\",\"name\":\"ESM\",\"image\":{\"@type\":\"ImageObject\",\"inLanguage\":\"fr-FR\",\"@id\":\"https:\\\/\\\/secure.gravatar.com\\\/avatar\\\/4d571ff55345efadfb90ca100df3e18eb3cdaa9eb0599415645d75cb8626ba49?s=96&d=mm&r=g\",\"url\":\"https:\\\/\\\/secure.gravatar.com\\\/avatar\\\/4d571ff55345efadfb90ca100df3e18eb3cdaa9eb0599415645d75cb8626ba49?s=96&d=mm&r=g\",\"contentUrl\":\"https:\\\/\\\/secure.gravatar.com\\\/avatar\\\/4d571ff55345efadfb90ca100df3e18eb3cdaa9eb0599415645d75cb8626ba49?s=96&d=mm&r=g\",\"caption\":\"ESM\"},\"url\":\"https:\\\/\\\/www.etoilesportivemontoise.fr\\\/football\\\/aka\\\/9af3b8c1915118cbc5cf7cdecb87fa13c2abf1c4\\\/\"}]}<\/script>\n<!-- \/ Yoast SEO plugin. -->","yoast_head_json":{"title":"Un bon stage de reprise pour nos U15 et U13 - ESM Foot","robots":{"index":"index","follow":"follow","max-snippet":"max-snippet:-1","max-image-preview":"max-image-preview:large","max-video-preview":"max-video-preview:-1"},"canonical":"https:\/\/www.etoilesportivemontoise.fr\/football\/2014\/01\/un-bon-stage-de-reprise-pour-nos-u15-et\/","og_locale":"fr_FR","og_type":"article","og_title":"Un bon stage de reprise pour nos U15 et U13 - ESM Foot","og_description":"Apr\u00e8s avoir profit\u00e9 des f\u00eates de fin d\u2019ann\u00e9e et \u00ab attrap\u00e9 des entorses \u00e0 chaque pouces \u00bb, nos jeunes prot\u00e9g\u00e9s U15 et U13\/2, ont rejoint notre \u00e9quipe d\u2019Educateurs compos\u00e9e d\u2019 Eric, Max, Sa\u00efd et Jocelyn pour les deux derniers jours de stage. Le programme concoct\u00e9...","og_url":"https:\/\/www.etoilesportivemontoise.fr\/football\/2014\/01\/un-bon-stage-de-reprise-pour-nos-u15-et\/","og_site_name":"ESM Foot","article_published_time":"2014-01-12T10:08:00+00:00","article_modified_time":"2024-03-24T17:13:58+00:00","og_image":[{"url":"http:\/\/1.bp.blogspot.com\/-83WkRE60I2U\/UtJpLz6MqFI\/AAAAAAAADN8\/YpWsivJ9lhc\/s1600\/AmicalU15-13.jpg","type":"","width":"","height":""}],"author":"ESM","twitter_misc":{"\u00c9crit par":"ESM","Dur\u00e9e de lecture estim\u00e9e":"2 minutes"},"schema":{"@context":"https:\/\/schema.org","@graph":[{"@type":"Article","@id":"https:\/\/www.etoilesportivemontoise.fr\/football\/2014\/01\/un-bon-stage-de-reprise-pour-nos-u15-et\/#article","isPartOf":{"@id":"https:\/\/www.etoilesportivemontoise.fr\/football\/2014\/01\/un-bon-stage-de-reprise-pour-nos-u15-et\/"},"author":{"name":"ESM","@id":"https:\/\/www.etoilesportivemontoise.fr\/football\/#\/schema\/person\/dd02b702be97ed924801c88fb2142212"},"headline":"Un bon stage de reprise pour nos U15 et U13","datePublished":"2014-01-12T10:08:00+00:00","dateModified":"2024-03-24T17:13:58+00:00","mainEntityOfPage":{"@id":"https:\/\/www.etoilesportivemontoise.fr\/football\/2014\/01\/un-bon-stage-de-reprise-pour-nos-u15-et\/"},"wordCount":454,"image":{"@id":"https:\/\/www.etoilesportivemontoise.fr\/football\/2014\/01\/un-bon-stage-de-reprise-pour-nos-u15-et\/#primaryimage"},"thumbnailUrl":"http:\/\/1.bp.blogspot.com\/-83WkRE60I2U\/UtJpLz6MqFI\/AAAAAAAADN8\/YpWsivJ9lhc\/s1600\/AmicalU15-13.jpg","articleSection":["Archives"],"inLanguage":"fr-FR"},{"@type":"WebPage","@id":"https:\/\/www.etoilesportivemontoise.fr\/football\/2014\/01\/un-bon-stage-de-reprise-pour-nos-u15-et\/","url":"https:\/\/www.etoilesportivemontoise.fr\/football\/2014\/01\/un-bon-stage-de-reprise-pour-nos-u15-et\/","name":"Un bon stage de reprise pour nos U15 et U13 - ESM Foot","isPartOf":{"@id":"https:\/\/www.etoilesportivemontoise.fr\/football\/#website"},"primaryImageOfPage":{"@id":"https:\/\/www.etoilesportivemontoise.fr\/football\/2014\/01\/un-bon-stage-de-reprise-pour-nos-u15-et\/#primaryimage"},"image":{"@id":"https:\/\/www.etoilesportivemontoise.fr\/football\/2014\/01\/un-bon-stage-de-reprise-pour-nos-u15-et\/#primaryimage"},"thumbnailUrl":"http:\/\/1.bp.blogspot.com\/-83WkRE60I2U\/UtJpLz6MqFI\/AAAAAAAADN8\/YpWsivJ9lhc\/s1600\/AmicalU15-13.jpg","datePublished":"2014-01-12T10:08:00+00:00","dateModified":"2024-03-24T17:13:58+00:00","author":{"@id":"https:\/\/www.etoilesportivemontoise.fr\/football\/#\/schema\/person\/dd02b702be97ed924801c88fb2142212"},"breadcrumb":{"@id":"https:\/\/www.etoilesportivemontoise.fr\/football\/2014\/01\/un-bon-stage-de-reprise-pour-nos-u15-et\/#breadcrumb"},"inLanguage":"fr-FR","potentialAction":[{"@type":"ReadAction","target":["https:\/\/www.etoilesportivemontoise.fr\/football\/2014\/01\/un-bon-stage-de-reprise-pour-nos-u15-et\/"]}]},{"@type":"ImageObject","inLanguage":"fr-FR","@id":"https:\/\/www.etoilesportivemontoise.fr\/football\/2014\/01\/un-bon-stage-de-reprise-pour-nos-u15-et\/#primaryimage","url":"http:\/\/1.bp.blogspot.com\/-83WkRE60I2U\/UtJpLz6MqFI\/AAAAAAAADN8\/YpWsivJ9lhc\/s1600\/AmicalU15-13.jpg","contentUrl":"http:\/\/1.bp.blogspot.com\/-83WkRE60I2U\/UtJpLz6MqFI\/AAAAAAAADN8\/YpWsivJ9lhc\/s1600\/AmicalU15-13.jpg"},{"@type":"BreadcrumbList","@id":"https:\/\/www.etoilesportivemontoise.fr\/football\/2014\/01\/un-bon-stage-de-reprise-pour-nos-u15-et\/#breadcrumb","itemListElement":[{"@type":"ListItem","position":1,"name":"Accueil","item":"https:\/\/www.etoilesportivemontoise.fr\/football\/"},{"@type":"ListItem","position":2,"name":"Un bon stage de reprise pour nos U15 et U13"}]},{"@type":"WebSite","@id":"https:\/\/www.etoilesportivemontoise.fr\/football\/#website","url":"https:\/\/www.etoilesportivemontoise.fr\/football\/","name":"ESM Foot","description":"Club Football Mont de Marsan","potentialAction":[{"@type":"SearchAction","target":{"@type":"EntryPoint","urlTemplate":"https:\/\/www.etoilesportivemontoise.fr\/football\/?s={search_term_string}"},"query-input":{"@type":"PropertyValueSpecification","valueRequired":true,"valueName":"search_term_string"}}],"inLanguage":"fr-FR"},{"@type":"Person","@id":"https:\/\/www.etoilesportivemontoise.fr\/football\/#\/schema\/person\/dd02b702be97ed924801c88fb2142212","name":"ESM","image":{"@type":"ImageObject","inLanguage":"fr-FR","@id":"https:\/\/secure.gravatar.com\/avatar\/4d571ff55345efadfb90ca100df3e18eb3cdaa9eb0599415645d75cb8626ba49?s=96&d=mm&r=g","url":"https:\/\/secure.gravatar.com\/avatar\/4d571ff55345efadfb90ca100df3e18eb3cdaa9eb0599415645d75cb8626ba49?s=96&d=mm&r=g","contentUrl":"https:\/\/secure.gravatar.com\/avatar\/4d571ff55345efadfb90ca100df3e18eb3cdaa9eb0599415645d75cb8626ba49?s=96&d=mm&r=g","caption":"ESM"},"url":"https:\/\/www.etoilesportivemontoise.fr\/football\/aka\/9af3b8c1915118cbc5cf7cdecb87fa13c2abf1c4\/"}]}},"_links":{"self":[{"href":"https:\/\/www.etoilesportivemontoise.fr\/football\/wp-json\/wp\/v2\/posts\/3505","targetHints":{"allow":["GET"]}}],"collection":[{"href":"https:\/\/www.etoilesportivemontoise.fr\/football\/wp-json\/wp\/v2\/posts"}],"about":[{"href":"https:\/\/www.etoilesportivemontoise.fr\/football\/wp-json\/wp\/v2\/types\/post"}],"author":[{"embeddable":true,"href":"https:\/\/www.etoilesportivemontoise.fr\/football\/wp-json\/wp\/v2\/users\/1"}],"replies":[{"embeddable":true,"href":"https:\/\/www.etoilesportivemontoise.fr\/football\/wp-json\/wp\/v2\/comments?post=3505"}],"version-history":[{"count":2,"href":"https:\/\/www.etoilesportivemontoise.fr\/football\/wp-json\/wp\/v2\/posts\/3505\/revisions"}],"predecessor-version":[{"id":5172,"href":"https:\/\/www.etoilesportivemontoise.fr\/football\/wp-json\/wp\/v2\/posts\/3505\/revisions\/5172"}],"wp:attachment":[{"href":"https:\/\/www.etoilesportivemontoise.fr\/football\/wp-json\/wp\/v2\/media?parent=3505"}],"wp:term":[{"taxonomy":"category","embeddable":true,"href":"https:\/\/www.etoilesportivemontoise.fr\/football\/wp-json\/wp\/v2\/categories?post=3505"},{"taxonomy":"post_tag","embeddable":true,"href":"https:\/\/www.etoilesportivemontoise.fr\/football\/wp-json\/wp\/v2\/tags?post=3505"}],"curies":[{"name":"wp","href":"https:\/\/api.w.org\/{rel}","templated":true}]}}