{"id":3508,"date":"2013-12-20T21:28:00","date_gmt":"2013-12-20T20:28:00","guid":{"rendered":"http:\/\/www.etoilesportivemontoise.fr\/football\/lesm-termine-lannee-en-beaute\/"},"modified":"2024-03-24T18:13:59","modified_gmt":"2024-03-24T17:13:59","slug":"lesm-termine-lannee-en-beaute","status":"publish","type":"post","link":"https:\/\/www.etoilesportivemontoise.fr\/football\/2013\/12\/lesm-termine-lannee-en-beaute\/","title":{"rendered":"L\u2019ESM termine l\u2019ann\u00e9e en beaut\u00e9"},"content":{"rendered":"<div style=\"clear: both;text-align: center\"><a href=\"http:\/\/1.bp.blogspot.com\/-8dctRUjjw9k\/UrSm4QD2YWI\/AAAAAAAADGk\/X11UShphzKg\/s1600\/IMG_0425.JPG\" style=\"margin-left: 1em;margin-right: 1em\"><img loading=\"lazy\" decoding=\"async\" border=\"0\" height=\"254\" src=\"http:\/\/1.bp.blogspot.com\/-8dctRUjjw9k\/UrSm4QD2YWI\/AAAAAAAADGk\/X11UShphzKg\/s320\/IMG_0425.JPG\" width=\"320\" \/><\/a><\/div>\n<p>Derniers matchs de l\u2019ann\u00e9e 2013 pour nos \u00e9quipes s\u00e9niors, qui se devaient de ne pas d\u00e9cevoir leurs supporters, juste avant la tr\u00eave\u2026<\/p>\n<p>L\u2019\u00e9quipe <b><span style=\"color: #0b5394\">premi\u00e8re <\/span><\/b>recevait <b><span style=\"color: #0b5394\">Laglorieuse <\/span><\/b>samedi soir, alors que le mercure n\u2019affichait que quelques degr\u00e9s. Possible cons\u00e9quence de cette rigueur, nos joueurs parurent plut\u00f4t f\u00e9briles, notamment d\u00e9fensivement, alors que les banlieusards semblaient tout feu tout flamme\u2026<\/p>\n<p><a name='more'><\/a>La sanction ne mit pas longtemps \u00e0 tomber, puisque l\u2019Etoile devait encaisser un but avant le premier \u00bc d\u2019heure de jeu (0-1). La peine aurait m\u00eame pu \u00eatre doubl\u00e9e, si Mika ne s\u2019\u00e9tait employ\u00e9 \u00e0 d\u00e9tourner du bout du gant un ballon dont la destin\u00e9e \u00e9vidente \u00e9tait de finir au fond des filets.<\/p>\n<p>Pass\u00e9 cet avertissement sans frais, nos gar\u00e7ons eurent \u00e0 c\u0153ur de relever la t\u00eate et de resserrer les rangs. La r\u00e9compense devait arriver \u00e0 la \u00bd heure de jeu. Sur une bonne passe d\u2019Harut, Romain ajusta le gardien glorieux, qui rel\u00e2cha le cuir, offrant une occasion \u00e0 Piou de revenir \u00e0 hauteur (1-1).<\/p>\n<p><\/p>\n<div>\n<\/div>\n<p>D\u2019autre occasions se pr\u00e9sent\u00e8rent pour les noirs et blanc en premi\u00e8re p\u00e9riode, mais il fallut attendre la seconde pour voir le score \u00e9voluer en leur faveur sur corner, gr\u00e2ce une superbe t\u00eate de Maxime (2-1).<\/p>\n<p><\/p>\n<div>\n<\/div>\n<p>A la demi-heure de jeu, sur un corner tir\u00e9 du m\u00eame c\u00f4t\u00e9, Momo prolongea le ballon jusqu\u2019\u00e0 Anthony, qui adressa une passe d\u00e9cisive \u00e0 R\u00e9mi, lequel ex\u00e9cuta le portier d\u2019une belle reprise.<\/p>\n<p><\/p>\n<div>\n<\/div>\n<p>Score final, 3-1 pour les stellistes, qui finirent bien plus frais que leurs adversaires ce soir l\u00e0&#8230;<\/p>\n<div style=\"text-align: center\">* &nbsp;*<br \/>*<\/div>\n<p>L\u2019\u00e9quipe <b><span style=\"color: #0b5394\">r\u00e9serve <\/span><\/b>recevait quant \u00e0 elle <b><span style=\"color: #0b5394\">Arengosse <\/span><\/b>le lendemain, sous un temps splendide, arbitr\u00e9 par un excellent duo compos\u00e9 de Domi et Jerem\u2026<\/p>\n<p>Une premi\u00e8re p\u00e9riode \u00e0 sens unique o\u00f9 l\u2019Esm manqua des occasions toutes faites et se fit quelques frayeurs en d\u00e9fense. Heureusement, gr\u00e2ce \u00e0 notre tr\u00e8s bon gardien Abdou, le score resta vierge \u00e0 la mi-temps.<\/p>\n<p>La seconde p\u00e9riode d\u00e9marra de mani\u00e8re toujours aussi st\u00e9rile. L\u2018entr\u00e9e en jeu de l\u2019entra\u00eeneur apporta en milieu de terrain une assurance et une agressivit\u00e9 suppl\u00e9mentaire dans le jeu.<\/p>\n<p>Apr\u00e8s de multiples tentatives, Willy trouva le sens du but pour d\u00e9bloquer le compteur\u2026<\/p>\n<p>Apr\u00e8s l\u2019ouverture du score, les montois se lib\u00e9r\u00e8rent, et Elvis, d\u2019une frappe surpuissante des 25 m\u00e8tres, obligea le gardien \u00e0 commettre la boulette du jour.<\/p>\n<p>En toute fin de rencontre Willy porta le score \u00e0 3 0.<\/p>\n<p>Victoire logique et m\u00e9rit\u00e9e de toute l\u2019Equipe r\u00e9serve qui se relance\u2026<\/p>\n","protected":false},"excerpt":{"rendered":"<p>Derniers matchs de l\u2019ann\u00e9e 2013 pour nos \u00e9quipes s\u00e9niors, qui se devaient de ne pas d\u00e9cevoir leurs supporters, juste avant la tr\u00eave\u2026 L\u2019\u00e9quipe premi\u00e8re recevait Laglorieuse samedi soir, alors que le mercure n\u2019affichait que quelques degr\u00e9s. Possible cons\u00e9quence de cette rigueur, nos joueurs parurent plut\u00f4t&#8230;<\/p>\n","protected":false},"author":1,"featured_media":0,"comment_status":"closed","ping_status":"closed","sticky":false,"template":"","format":"standard","meta":{"footnotes":""},"categories":[28],"tags":[],"class_list":["post-3508","post","type-post","status-publish","format-standard","hentry","category-old"],"yoast_head":"<!-- This site is optimized with the Yoast SEO plugin v27.3 - https:\/\/yoast.com\/product\/yoast-seo-wordpress\/ -->\n<title>L\u2019ESM termine l\u2019ann\u00e9e en beaut\u00e9 - ESM Foot<\/title>\n<meta name=\"robots\" content=\"index, follow, max-snippet:-1, max-image-preview:large, max-video-preview:-1\" \/>\n<link rel=\"canonical\" href=\"https:\/\/www.etoilesportivemontoise.fr\/football\/2013\/12\/lesm-termine-lannee-en-beaute\/\" \/>\n<meta property=\"og:locale\" content=\"fr_FR\" \/>\n<meta property=\"og:type\" content=\"article\" \/>\n<meta property=\"og:title\" content=\"L\u2019ESM termine l\u2019ann\u00e9e en beaut\u00e9 - ESM Foot\" \/>\n<meta property=\"og:description\" content=\"Derniers matchs de l\u2019ann\u00e9e 2013 pour nos \u00e9quipes s\u00e9niors, qui se devaient de ne pas d\u00e9cevoir leurs supporters, juste avant la tr\u00eave\u2026 L\u2019\u00e9quipe premi\u00e8re recevait Laglorieuse samedi soir, alors que le mercure n\u2019affichait que quelques degr\u00e9s. Possible cons\u00e9quence de cette rigueur, nos joueurs parurent plut\u00f4t...\" \/>\n<meta property=\"og:url\" content=\"https:\/\/www.etoilesportivemontoise.fr\/football\/2013\/12\/lesm-termine-lannee-en-beaute\/\" \/>\n<meta property=\"og:site_name\" content=\"ESM Foot\" \/>\n<meta property=\"article:published_time\" content=\"2013-12-20T20:28:00+00:00\" \/>\n<meta property=\"article:modified_time\" content=\"2024-03-24T17:13:59+00:00\" \/>\n<meta property=\"og:image\" content=\"http:\/\/1.bp.blogspot.com\/-8dctRUjjw9k\/UrSm4QD2YWI\/AAAAAAAADGk\/X11UShphzKg\/s320\/IMG_0425.JPG\" \/>\n<meta name=\"author\" content=\"ESM\" \/>\n<meta name=\"twitter:label1\" content=\"\u00c9crit par\" \/>\n\t<meta name=\"twitter:data1\" content=\"ESM\" \/>\n\t<meta name=\"twitter:label2\" content=\"Dur\u00e9e de lecture estim\u00e9e\" \/>\n\t<meta name=\"twitter:data2\" content=\"2 minutes\" \/>\n<script type=\"application\/ld+json\" class=\"yoast-schema-graph\">{\"@context\":\"https:\\\/\\\/schema.org\",\"@graph\":[{\"@type\":\"Article\",\"@id\":\"https:\\\/\\\/www.etoilesportivemontoise.fr\\\/football\\\/2013\\\/12\\\/lesm-termine-lannee-en-beaute\\\/#article\",\"isPartOf\":{\"@id\":\"https:\\\/\\\/www.etoilesportivemontoise.fr\\\/football\\\/2013\\\/12\\\/lesm-termine-lannee-en-beaute\\\/\"},\"author\":{\"name\":\"ESM\",\"@id\":\"https:\\\/\\\/www.etoilesportivemontoise.fr\\\/football\\\/#\\\/schema\\\/person\\\/dd02b702be97ed924801c88fb2142212\"},\"headline\":\"L\u2019ESM termine l\u2019ann\u00e9e en beaut\u00e9\",\"datePublished\":\"2013-12-20T20:28:00+00:00\",\"dateModified\":\"2024-03-24T17:13:59+00:00\",\"mainEntityOfPage\":{\"@id\":\"https:\\\/\\\/www.etoilesportivemontoise.fr\\\/football\\\/2013\\\/12\\\/lesm-termine-lannee-en-beaute\\\/\"},\"wordCount\":453,\"image\":{\"@id\":\"https:\\\/\\\/www.etoilesportivemontoise.fr\\\/football\\\/2013\\\/12\\\/lesm-termine-lannee-en-beaute\\\/#primaryimage\"},\"thumbnailUrl\":\"http:\\\/\\\/1.bp.blogspot.com\\\/-8dctRUjjw9k\\\/UrSm4QD2YWI\\\/AAAAAAAADGk\\\/X11UShphzKg\\\/s320\\\/IMG_0425.JPG\",\"articleSection\":[\"Archives\"],\"inLanguage\":\"fr-FR\"},{\"@type\":\"WebPage\",\"@id\":\"https:\\\/\\\/www.etoilesportivemontoise.fr\\\/football\\\/2013\\\/12\\\/lesm-termine-lannee-en-beaute\\\/\",\"url\":\"https:\\\/\\\/www.etoilesportivemontoise.fr\\\/football\\\/2013\\\/12\\\/lesm-termine-lannee-en-beaute\\\/\",\"name\":\"L\u2019ESM termine l\u2019ann\u00e9e en beaut\u00e9 - ESM Foot\",\"isPartOf\":{\"@id\":\"https:\\\/\\\/www.etoilesportivemontoise.fr\\\/football\\\/#website\"},\"primaryImageOfPage\":{\"@id\":\"https:\\\/\\\/www.etoilesportivemontoise.fr\\\/football\\\/2013\\\/12\\\/lesm-termine-lannee-en-beaute\\\/#primaryimage\"},\"image\":{\"@id\":\"https:\\\/\\\/www.etoilesportivemontoise.fr\\\/football\\\/2013\\\/12\\\/lesm-termine-lannee-en-beaute\\\/#primaryimage\"},\"thumbnailUrl\":\"http:\\\/\\\/1.bp.blogspot.com\\\/-8dctRUjjw9k\\\/UrSm4QD2YWI\\\/AAAAAAAADGk\\\/X11UShphzKg\\\/s320\\\/IMG_0425.JPG\",\"datePublished\":\"2013-12-20T20:28:00+00:00\",\"dateModified\":\"2024-03-24T17:13:59+00:00\",\"author\":{\"@id\":\"https:\\\/\\\/www.etoilesportivemontoise.fr\\\/football\\\/#\\\/schema\\\/person\\\/dd02b702be97ed924801c88fb2142212\"},\"breadcrumb\":{\"@id\":\"https:\\\/\\\/www.etoilesportivemontoise.fr\\\/football\\\/2013\\\/12\\\/lesm-termine-lannee-en-beaute\\\/#breadcrumb\"},\"inLanguage\":\"fr-FR\",\"potentialAction\":[{\"@type\":\"ReadAction\",\"target\":[\"https:\\\/\\\/www.etoilesportivemontoise.fr\\\/football\\\/2013\\\/12\\\/lesm-termine-lannee-en-beaute\\\/\"]}]},{\"@type\":\"ImageObject\",\"inLanguage\":\"fr-FR\",\"@id\":\"https:\\\/\\\/www.etoilesportivemontoise.fr\\\/football\\\/2013\\\/12\\\/lesm-termine-lannee-en-beaute\\\/#primaryimage\",\"url\":\"http:\\\/\\\/1.bp.blogspot.com\\\/-8dctRUjjw9k\\\/UrSm4QD2YWI\\\/AAAAAAAADGk\\\/X11UShphzKg\\\/s320\\\/IMG_0425.JPG\",\"contentUrl\":\"http:\\\/\\\/1.bp.blogspot.com\\\/-8dctRUjjw9k\\\/UrSm4QD2YWI\\\/AAAAAAAADGk\\\/X11UShphzKg\\\/s320\\\/IMG_0425.JPG\"},{\"@type\":\"BreadcrumbList\",\"@id\":\"https:\\\/\\\/www.etoilesportivemontoise.fr\\\/football\\\/2013\\\/12\\\/lesm-termine-lannee-en-beaute\\\/#breadcrumb\",\"itemListElement\":[{\"@type\":\"ListItem\",\"position\":1,\"name\":\"Accueil\",\"item\":\"https:\\\/\\\/www.etoilesportivemontoise.fr\\\/football\\\/\"},{\"@type\":\"ListItem\",\"position\":2,\"name\":\"L\u2019ESM termine l\u2019ann\u00e9e en beaut\u00e9\"}]},{\"@type\":\"WebSite\",\"@id\":\"https:\\\/\\\/www.etoilesportivemontoise.fr\\\/football\\\/#website\",\"url\":\"https:\\\/\\\/www.etoilesportivemontoise.fr\\\/football\\\/\",\"name\":\"ESM Foot\",\"description\":\"Club Football Mont de Marsan\",\"potentialAction\":[{\"@type\":\"SearchAction\",\"target\":{\"@type\":\"EntryPoint\",\"urlTemplate\":\"https:\\\/\\\/www.etoilesportivemontoise.fr\\\/football\\\/?s={search_term_string}\"},\"query-input\":{\"@type\":\"PropertyValueSpecification\",\"valueRequired\":true,\"valueName\":\"search_term_string\"}}],\"inLanguage\":\"fr-FR\"},{\"@type\":\"Person\",\"@id\":\"https:\\\/\\\/www.etoilesportivemontoise.fr\\\/football\\\/#\\\/schema\\\/person\\\/dd02b702be97ed924801c88fb2142212\",\"name\":\"ESM\",\"image\":{\"@type\":\"ImageObject\",\"inLanguage\":\"fr-FR\",\"@id\":\"https:\\\/\\\/secure.gravatar.com\\\/avatar\\\/4d571ff55345efadfb90ca100df3e18eb3cdaa9eb0599415645d75cb8626ba49?s=96&d=mm&r=g\",\"url\":\"https:\\\/\\\/secure.gravatar.com\\\/avatar\\\/4d571ff55345efadfb90ca100df3e18eb3cdaa9eb0599415645d75cb8626ba49?s=96&d=mm&r=g\",\"contentUrl\":\"https:\\\/\\\/secure.gravatar.com\\\/avatar\\\/4d571ff55345efadfb90ca100df3e18eb3cdaa9eb0599415645d75cb8626ba49?s=96&d=mm&r=g\",\"caption\":\"ESM\"},\"url\":\"https:\\\/\\\/www.etoilesportivemontoise.fr\\\/football\\\/aka\\\/9af3b8c1915118cbc5cf7cdecb87fa13c2abf1c4\\\/\"}]}<\/script>\n<!-- \/ Yoast SEO plugin. -->","yoast_head_json":{"title":"L\u2019ESM termine l\u2019ann\u00e9e en beaut\u00e9 - ESM Foot","robots":{"index":"index","follow":"follow","max-snippet":"max-snippet:-1","max-image-preview":"max-image-preview:large","max-video-preview":"max-video-preview:-1"},"canonical":"https:\/\/www.etoilesportivemontoise.fr\/football\/2013\/12\/lesm-termine-lannee-en-beaute\/","og_locale":"fr_FR","og_type":"article","og_title":"L\u2019ESM termine l\u2019ann\u00e9e en beaut\u00e9 - ESM Foot","og_description":"Derniers matchs de l\u2019ann\u00e9e 2013 pour nos \u00e9quipes s\u00e9niors, qui se devaient de ne pas d\u00e9cevoir leurs supporters, juste avant la tr\u00eave\u2026 L\u2019\u00e9quipe premi\u00e8re recevait Laglorieuse samedi soir, alors que le mercure n\u2019affichait que quelques degr\u00e9s. Possible cons\u00e9quence de cette rigueur, nos joueurs parurent plut\u00f4t...","og_url":"https:\/\/www.etoilesportivemontoise.fr\/football\/2013\/12\/lesm-termine-lannee-en-beaute\/","og_site_name":"ESM Foot","article_published_time":"2013-12-20T20:28:00+00:00","article_modified_time":"2024-03-24T17:13:59+00:00","og_image":[{"url":"http:\/\/1.bp.blogspot.com\/-8dctRUjjw9k\/UrSm4QD2YWI\/AAAAAAAADGk\/X11UShphzKg\/s320\/IMG_0425.JPG","type":"","width":"","height":""}],"author":"ESM","twitter_misc":{"\u00c9crit par":"ESM","Dur\u00e9e de lecture estim\u00e9e":"2 minutes"},"schema":{"@context":"https:\/\/schema.org","@graph":[{"@type":"Article","@id":"https:\/\/www.etoilesportivemontoise.fr\/football\/2013\/12\/lesm-termine-lannee-en-beaute\/#article","isPartOf":{"@id":"https:\/\/www.etoilesportivemontoise.fr\/football\/2013\/12\/lesm-termine-lannee-en-beaute\/"},"author":{"name":"ESM","@id":"https:\/\/www.etoilesportivemontoise.fr\/football\/#\/schema\/person\/dd02b702be97ed924801c88fb2142212"},"headline":"L\u2019ESM termine l\u2019ann\u00e9e en beaut\u00e9","datePublished":"2013-12-20T20:28:00+00:00","dateModified":"2024-03-24T17:13:59+00:00","mainEntityOfPage":{"@id":"https:\/\/www.etoilesportivemontoise.fr\/football\/2013\/12\/lesm-termine-lannee-en-beaute\/"},"wordCount":453,"image":{"@id":"https:\/\/www.etoilesportivemontoise.fr\/football\/2013\/12\/lesm-termine-lannee-en-beaute\/#primaryimage"},"thumbnailUrl":"http:\/\/1.bp.blogspot.com\/-8dctRUjjw9k\/UrSm4QD2YWI\/AAAAAAAADGk\/X11UShphzKg\/s320\/IMG_0425.JPG","articleSection":["Archives"],"inLanguage":"fr-FR"},{"@type":"WebPage","@id":"https:\/\/www.etoilesportivemontoise.fr\/football\/2013\/12\/lesm-termine-lannee-en-beaute\/","url":"https:\/\/www.etoilesportivemontoise.fr\/football\/2013\/12\/lesm-termine-lannee-en-beaute\/","name":"L\u2019ESM termine l\u2019ann\u00e9e en beaut\u00e9 - ESM Foot","isPartOf":{"@id":"https:\/\/www.etoilesportivemontoise.fr\/football\/#website"},"primaryImageOfPage":{"@id":"https:\/\/www.etoilesportivemontoise.fr\/football\/2013\/12\/lesm-termine-lannee-en-beaute\/#primaryimage"},"image":{"@id":"https:\/\/www.etoilesportivemontoise.fr\/football\/2013\/12\/lesm-termine-lannee-en-beaute\/#primaryimage"},"thumbnailUrl":"http:\/\/1.bp.blogspot.com\/-8dctRUjjw9k\/UrSm4QD2YWI\/AAAAAAAADGk\/X11UShphzKg\/s320\/IMG_0425.JPG","datePublished":"2013-12-20T20:28:00+00:00","dateModified":"2024-03-24T17:13:59+00:00","author":{"@id":"https:\/\/www.etoilesportivemontoise.fr\/football\/#\/schema\/person\/dd02b702be97ed924801c88fb2142212"},"breadcrumb":{"@id":"https:\/\/www.etoilesportivemontoise.fr\/football\/2013\/12\/lesm-termine-lannee-en-beaute\/#breadcrumb"},"inLanguage":"fr-FR","potentialAction":[{"@type":"ReadAction","target":["https:\/\/www.etoilesportivemontoise.fr\/football\/2013\/12\/lesm-termine-lannee-en-beaute\/"]}]},{"@type":"ImageObject","inLanguage":"fr-FR","@id":"https:\/\/www.etoilesportivemontoise.fr\/football\/2013\/12\/lesm-termine-lannee-en-beaute\/#primaryimage","url":"http:\/\/1.bp.blogspot.com\/-8dctRUjjw9k\/UrSm4QD2YWI\/AAAAAAAADGk\/X11UShphzKg\/s320\/IMG_0425.JPG","contentUrl":"http:\/\/1.bp.blogspot.com\/-8dctRUjjw9k\/UrSm4QD2YWI\/AAAAAAAADGk\/X11UShphzKg\/s320\/IMG_0425.JPG"},{"@type":"BreadcrumbList","@id":"https:\/\/www.etoilesportivemontoise.fr\/football\/2013\/12\/lesm-termine-lannee-en-beaute\/#breadcrumb","itemListElement":[{"@type":"ListItem","position":1,"name":"Accueil","item":"https:\/\/www.etoilesportivemontoise.fr\/football\/"},{"@type":"ListItem","position":2,"name":"L\u2019ESM termine l\u2019ann\u00e9e en beaut\u00e9"}]},{"@type":"WebSite","@id":"https:\/\/www.etoilesportivemontoise.fr\/football\/#website","url":"https:\/\/www.etoilesportivemontoise.fr\/football\/","name":"ESM Foot","description":"Club Football Mont de Marsan","potentialAction":[{"@type":"SearchAction","target":{"@type":"EntryPoint","urlTemplate":"https:\/\/www.etoilesportivemontoise.fr\/football\/?s={search_term_string}"},"query-input":{"@type":"PropertyValueSpecification","valueRequired":true,"valueName":"search_term_string"}}],"inLanguage":"fr-FR"},{"@type":"Person","@id":"https:\/\/www.etoilesportivemontoise.fr\/football\/#\/schema\/person\/dd02b702be97ed924801c88fb2142212","name":"ESM","image":{"@type":"ImageObject","inLanguage":"fr-FR","@id":"https:\/\/secure.gravatar.com\/avatar\/4d571ff55345efadfb90ca100df3e18eb3cdaa9eb0599415645d75cb8626ba49?s=96&d=mm&r=g","url":"https:\/\/secure.gravatar.com\/avatar\/4d571ff55345efadfb90ca100df3e18eb3cdaa9eb0599415645d75cb8626ba49?s=96&d=mm&r=g","contentUrl":"https:\/\/secure.gravatar.com\/avatar\/4d571ff55345efadfb90ca100df3e18eb3cdaa9eb0599415645d75cb8626ba49?s=96&d=mm&r=g","caption":"ESM"},"url":"https:\/\/www.etoilesportivemontoise.fr\/football\/aka\/9af3b8c1915118cbc5cf7cdecb87fa13c2abf1c4\/"}]}},"_links":{"self":[{"href":"https:\/\/www.etoilesportivemontoise.fr\/football\/wp-json\/wp\/v2\/posts\/3508","targetHints":{"allow":["GET"]}}],"collection":[{"href":"https:\/\/www.etoilesportivemontoise.fr\/football\/wp-json\/wp\/v2\/posts"}],"about":[{"href":"https:\/\/www.etoilesportivemontoise.fr\/football\/wp-json\/wp\/v2\/types\/post"}],"author":[{"embeddable":true,"href":"https:\/\/www.etoilesportivemontoise.fr\/football\/wp-json\/wp\/v2\/users\/1"}],"replies":[{"embeddable":true,"href":"https:\/\/www.etoilesportivemontoise.fr\/football\/wp-json\/wp\/v2\/comments?post=3508"}],"version-history":[{"count":1,"href":"https:\/\/www.etoilesportivemontoise.fr\/football\/wp-json\/wp\/v2\/posts\/3508\/revisions"}],"predecessor-version":[{"id":4242,"href":"https:\/\/www.etoilesportivemontoise.fr\/football\/wp-json\/wp\/v2\/posts\/3508\/revisions\/4242"}],"wp:attachment":[{"href":"https:\/\/www.etoilesportivemontoise.fr\/football\/wp-json\/wp\/v2\/media?parent=3508"}],"wp:term":[{"taxonomy":"category","embeddable":true,"href":"https:\/\/www.etoilesportivemontoise.fr\/football\/wp-json\/wp\/v2\/categories?post=3508"},{"taxonomy":"post_tag","embeddable":true,"href":"https:\/\/www.etoilesportivemontoise.fr\/football\/wp-json\/wp\/v2\/tags?post=3508"}],"curies":[{"name":"wp","href":"https:\/\/api.w.org\/{rel}","templated":true}]}}