{"id":3511,"date":"2013-12-06T21:35:00","date_gmt":"2013-12-06T20:35:00","guid":{"rendered":"http:\/\/www.etoilesportivemontoise.fr\/football\/les-u18-poursuivent-leur-bon-parcours\/"},"modified":"2024-03-24T18:14:00","modified_gmt":"2024-03-24T17:14:00","slug":"les-u18-poursuivent-leur-bon-parcours","status":"publish","type":"post","link":"https:\/\/www.etoilesportivemontoise.fr\/football\/2013\/12\/les-u18-poursuivent-leur-bon-parcours\/","title":{"rendered":"Les U18 poursuivent leur bon parcours"},"content":{"rendered":"<p><\/p>\n<div style=\"clear: both;text-align: center\"><a href=\"http:\/\/2.bp.blogspot.com\/-1KZXZEoY6Wg\/UqI07x_swVI\/AAAAAAAAC-M\/8gRs5kD_Jcs\/s1600\/U18-2.JPG\" style=\"margin-left: 1em;margin-right: 1em\"><img loading=\"lazy\" decoding=\"async\" border=\"0\" height=\"258\" src=\"http:\/\/2.bp.blogspot.com\/-1KZXZEoY6Wg\/UqI07x_swVI\/AAAAAAAAC-M\/8gRs5kD_Jcs\/s320\/U18-2.JPG\" width=\"320\" \/><\/a><\/div>\n<p>Les U 18 de l&rsquo;Etoile ont jou\u00e9 contre l&rsquo;<b><span style=\"color: #0b5394\">Entente St Pierre du Mont \/ Stade Montois<\/span><\/b>, malheureusement sur un terrain qu\u2019on pourrait qualifier d\u2019indigne de la pratique du Foot\u2026<\/p>\n<p>La premi\u00e8re mi-temps, d\u00e9cevante dans le jeu de la part des 2 \u00e9quipes, souffrit de trop d&rsquo;approximations dans les passes et dans la construction des phases de jeu.<\/p>\n<p>L&rsquo;ESM et l&rsquo;Entente rentreront \u00e0 la mi-temps aux vestiaires sur le score de parit\u00e9 1 partout\u2026<\/p>\n<p><a name='more'><\/a>Jean-Claude, l&rsquo;\u00e9ducateur incontournable de l\u2019ESM, insatisfait de la prestation de ses joueurs, leur a fait savoir pendant la pause. Il a su trouver les mots justes pour remobiliser ses troupes, resituer l&rsquo;organisation technique sur le terrain et faire passer \u00ab l&rsquo;envie de la gagne \u00bb\u2026<\/p>\n<p>D\u00e8s l&rsquo;entame de la 2\u00e8me mi-temps, les Stellistes firent preuve de plus de g\u00e9n\u00e9rosit\u00e9 dans les efforts, ce qui leur permit de gagner les duels et de d\u00e9velopper offensivement des actions de qualit\u00e9, qui ont amen\u00e9 les buts de Guillaume et J\u00e9r\u00e9my&#8230;<\/p>\n<p>La d\u00e9fense centrale de ESM, bien imit\u00e9e par les lat\u00e9raux, a \u00e9t\u00e9 pr\u00e9sente et bien inspir\u00e9e durant toute la rencontre. Milan et Th\u00e9o dans l&rsquo;axe central, sont intervenus \u00e0 tour de r\u00f4le et \u00e0 bon escient&#8230;<br \/>Bons d\u00e9buts de Championnat : 2 matches, 2 victoires pour les U 18 de Jean-Claude.<br \/>Dans la poursuite de cette dynamique, on ne peut que leur souhaiter bonne chance afin de cr\u00e9er cet exploit tant attendu au Ch\u00e2teau du Haillan face aux Girondins de Bordeaux en Coupe d&rsquo;Aquitaine\u2026<\/p>\n<p>Le responsable technique s&rsquo;adresse au groupe U18 et sera pr\u00e9sent ce samedi 07 d\u00e9cembre \u00e0 15h au Haillan :<\/p>\n<p>\u00ab <i>Des matches vous en jouerez tous les dimanches et pendant plusieurs ann\u00e9es, mais ce match face aux Girondins de Bordeaux a une saveur particuli\u00e8re.<\/i><br \/><i>J&rsquo;esp\u00e8re bien me tromper mais sachez que des matches comme celui l\u00e0, vous n&rsquo;en jouerez pas souvent ou peut \u00eatre plus jamais pour certains d&rsquo;entre vous.<\/i><br \/><i>Savourez ce bon moment de bonheur, sans aucune pression ni complexe par rapport aux joueurs des Girondins.<\/i><br \/><i>Sur le terrain, c&rsquo;est du 50\/50, c&rsquo;est un match de Coupe, si vous y mettez les bons ingr\u00e9dients : respect des consignes, encouragements r\u00e9ciproques, entraide, redoublement, pers\u00e9v\u00e9rance, et surtout si vous jouez tous les coups \u00e0 fond et allez au bout de vous m\u00eames dans les efforts, vous en sortirez plus forts donc GAGNANTS !<\/i><br \/><i>\u00c9galement, vos bon parcours en Championnat et en Coupe sont des signes forts, si vous \u00eates pr\u00e9sents encore \u00e0 ce stade de la comp\u00e9tition pour jouer ce 5\u00e8me tour, ce n&rsquo;est pas un simple hasard !!!!!&nbsp;<\/i><br \/><i>Pas de pression superflue, mais concentration adapt\u00e9e \u00e0 l&rsquo;\u00e9v\u00e9nement&nbsp;<\/i><br \/><i>Bonne chance \u00e0 vous, au staff technique et \u00e0 vos Dirigeants\u2026<\/i> \u00bb<\/p>\n<p>Allez ESM!!!!!<\/p>\n<p><\/p>\n","protected":false},"excerpt":{"rendered":"<p>Les U 18 de l&rsquo;Etoile ont jou\u00e9 contre l&rsquo;Entente St Pierre du Mont \/ Stade Montois, malheureusement sur un terrain qu\u2019on pourrait qualifier d\u2019indigne de la pratique du Foot\u2026 La premi\u00e8re mi-temps, d\u00e9cevante dans le jeu de la part des 2 \u00e9quipes, souffrit de trop&#8230;<\/p>\n","protected":false},"author":1,"featured_media":0,"comment_status":"closed","ping_status":"closed","sticky":false,"template":"","format":"standard","meta":{"footnotes":""},"categories":[28],"tags":[],"class_list":["post-3511","post","type-post","status-publish","format-standard","hentry","category-old"],"yoast_head":"<!-- This site is optimized with the Yoast SEO plugin v27.3 - https:\/\/yoast.com\/product\/yoast-seo-wordpress\/ -->\n<title>Les U18 poursuivent leur bon parcours - ESM Foot<\/title>\n<meta name=\"robots\" content=\"index, follow, max-snippet:-1, max-image-preview:large, max-video-preview:-1\" \/>\n<link rel=\"canonical\" href=\"https:\/\/www.etoilesportivemontoise.fr\/football\/2013\/12\/les-u18-poursuivent-leur-bon-parcours\/\" \/>\n<meta property=\"og:locale\" content=\"fr_FR\" \/>\n<meta property=\"og:type\" content=\"article\" \/>\n<meta property=\"og:title\" content=\"Les U18 poursuivent leur bon parcours - ESM Foot\" \/>\n<meta property=\"og:description\" content=\"Les U 18 de l&rsquo;Etoile ont jou\u00e9 contre l&rsquo;Entente St Pierre du Mont \/ Stade Montois, malheureusement sur un terrain qu\u2019on pourrait qualifier d\u2019indigne de la pratique du Foot\u2026 La premi\u00e8re mi-temps, d\u00e9cevante dans le jeu de la part des 2 \u00e9quipes, souffrit de trop...\" \/>\n<meta property=\"og:url\" content=\"https:\/\/www.etoilesportivemontoise.fr\/football\/2013\/12\/les-u18-poursuivent-leur-bon-parcours\/\" \/>\n<meta property=\"og:site_name\" content=\"ESM Foot\" \/>\n<meta property=\"article:published_time\" content=\"2013-12-06T20:35:00+00:00\" \/>\n<meta property=\"article:modified_time\" content=\"2024-03-24T17:14:00+00:00\" \/>\n<meta property=\"og:image\" content=\"http:\/\/2.bp.blogspot.com\/-1KZXZEoY6Wg\/UqI07x_swVI\/AAAAAAAAC-M\/8gRs5kD_Jcs\/s320\/U18-2.JPG\" \/>\n<meta name=\"author\" content=\"ESM\" \/>\n<meta name=\"twitter:label1\" content=\"\u00c9crit par\" \/>\n\t<meta name=\"twitter:data1\" content=\"ESM\" \/>\n\t<meta name=\"twitter:label2\" content=\"Dur\u00e9e de lecture estim\u00e9e\" \/>\n\t<meta name=\"twitter:data2\" content=\"2 minutes\" \/>\n<script type=\"application\/ld+json\" class=\"yoast-schema-graph\">{\"@context\":\"https:\\\/\\\/schema.org\",\"@graph\":[{\"@type\":\"Article\",\"@id\":\"https:\\\/\\\/www.etoilesportivemontoise.fr\\\/football\\\/2013\\\/12\\\/les-u18-poursuivent-leur-bon-parcours\\\/#article\",\"isPartOf\":{\"@id\":\"https:\\\/\\\/www.etoilesportivemontoise.fr\\\/football\\\/2013\\\/12\\\/les-u18-poursuivent-leur-bon-parcours\\\/\"},\"author\":{\"name\":\"ESM\",\"@id\":\"https:\\\/\\\/www.etoilesportivemontoise.fr\\\/football\\\/#\\\/schema\\\/person\\\/dd02b702be97ed924801c88fb2142212\"},\"headline\":\"Les U18 poursuivent leur bon parcours\",\"datePublished\":\"2013-12-06T20:35:00+00:00\",\"dateModified\":\"2024-03-24T17:14:00+00:00\",\"mainEntityOfPage\":{\"@id\":\"https:\\\/\\\/www.etoilesportivemontoise.fr\\\/football\\\/2013\\\/12\\\/les-u18-poursuivent-leur-bon-parcours\\\/\"},\"wordCount\":480,\"image\":{\"@id\":\"https:\\\/\\\/www.etoilesportivemontoise.fr\\\/football\\\/2013\\\/12\\\/les-u18-poursuivent-leur-bon-parcours\\\/#primaryimage\"},\"thumbnailUrl\":\"http:\\\/\\\/2.bp.blogspot.com\\\/-1KZXZEoY6Wg\\\/UqI07x_swVI\\\/AAAAAAAAC-M\\\/8gRs5kD_Jcs\\\/s320\\\/U18-2.JPG\",\"articleSection\":[\"Archives\"],\"inLanguage\":\"fr-FR\"},{\"@type\":\"WebPage\",\"@id\":\"https:\\\/\\\/www.etoilesportivemontoise.fr\\\/football\\\/2013\\\/12\\\/les-u18-poursuivent-leur-bon-parcours\\\/\",\"url\":\"https:\\\/\\\/www.etoilesportivemontoise.fr\\\/football\\\/2013\\\/12\\\/les-u18-poursuivent-leur-bon-parcours\\\/\",\"name\":\"Les U18 poursuivent leur bon parcours - ESM Foot\",\"isPartOf\":{\"@id\":\"https:\\\/\\\/www.etoilesportivemontoise.fr\\\/football\\\/#website\"},\"primaryImageOfPage\":{\"@id\":\"https:\\\/\\\/www.etoilesportivemontoise.fr\\\/football\\\/2013\\\/12\\\/les-u18-poursuivent-leur-bon-parcours\\\/#primaryimage\"},\"image\":{\"@id\":\"https:\\\/\\\/www.etoilesportivemontoise.fr\\\/football\\\/2013\\\/12\\\/les-u18-poursuivent-leur-bon-parcours\\\/#primaryimage\"},\"thumbnailUrl\":\"http:\\\/\\\/2.bp.blogspot.com\\\/-1KZXZEoY6Wg\\\/UqI07x_swVI\\\/AAAAAAAAC-M\\\/8gRs5kD_Jcs\\\/s320\\\/U18-2.JPG\",\"datePublished\":\"2013-12-06T20:35:00+00:00\",\"dateModified\":\"2024-03-24T17:14:00+00:00\",\"author\":{\"@id\":\"https:\\\/\\\/www.etoilesportivemontoise.fr\\\/football\\\/#\\\/schema\\\/person\\\/dd02b702be97ed924801c88fb2142212\"},\"breadcrumb\":{\"@id\":\"https:\\\/\\\/www.etoilesportivemontoise.fr\\\/football\\\/2013\\\/12\\\/les-u18-poursuivent-leur-bon-parcours\\\/#breadcrumb\"},\"inLanguage\":\"fr-FR\",\"potentialAction\":[{\"@type\":\"ReadAction\",\"target\":[\"https:\\\/\\\/www.etoilesportivemontoise.fr\\\/football\\\/2013\\\/12\\\/les-u18-poursuivent-leur-bon-parcours\\\/\"]}]},{\"@type\":\"ImageObject\",\"inLanguage\":\"fr-FR\",\"@id\":\"https:\\\/\\\/www.etoilesportivemontoise.fr\\\/football\\\/2013\\\/12\\\/les-u18-poursuivent-leur-bon-parcours\\\/#primaryimage\",\"url\":\"http:\\\/\\\/2.bp.blogspot.com\\\/-1KZXZEoY6Wg\\\/UqI07x_swVI\\\/AAAAAAAAC-M\\\/8gRs5kD_Jcs\\\/s320\\\/U18-2.JPG\",\"contentUrl\":\"http:\\\/\\\/2.bp.blogspot.com\\\/-1KZXZEoY6Wg\\\/UqI07x_swVI\\\/AAAAAAAAC-M\\\/8gRs5kD_Jcs\\\/s320\\\/U18-2.JPG\"},{\"@type\":\"BreadcrumbList\",\"@id\":\"https:\\\/\\\/www.etoilesportivemontoise.fr\\\/football\\\/2013\\\/12\\\/les-u18-poursuivent-leur-bon-parcours\\\/#breadcrumb\",\"itemListElement\":[{\"@type\":\"ListItem\",\"position\":1,\"name\":\"Accueil\",\"item\":\"https:\\\/\\\/www.etoilesportivemontoise.fr\\\/football\\\/\"},{\"@type\":\"ListItem\",\"position\":2,\"name\":\"Les U18 poursuivent leur bon parcours\"}]},{\"@type\":\"WebSite\",\"@id\":\"https:\\\/\\\/www.etoilesportivemontoise.fr\\\/football\\\/#website\",\"url\":\"https:\\\/\\\/www.etoilesportivemontoise.fr\\\/football\\\/\",\"name\":\"ESM Foot\",\"description\":\"Club Football Mont de Marsan\",\"potentialAction\":[{\"@type\":\"SearchAction\",\"target\":{\"@type\":\"EntryPoint\",\"urlTemplate\":\"https:\\\/\\\/www.etoilesportivemontoise.fr\\\/football\\\/?s={search_term_string}\"},\"query-input\":{\"@type\":\"PropertyValueSpecification\",\"valueRequired\":true,\"valueName\":\"search_term_string\"}}],\"inLanguage\":\"fr-FR\"},{\"@type\":\"Person\",\"@id\":\"https:\\\/\\\/www.etoilesportivemontoise.fr\\\/football\\\/#\\\/schema\\\/person\\\/dd02b702be97ed924801c88fb2142212\",\"name\":\"ESM\",\"image\":{\"@type\":\"ImageObject\",\"inLanguage\":\"fr-FR\",\"@id\":\"https:\\\/\\\/secure.gravatar.com\\\/avatar\\\/4d571ff55345efadfb90ca100df3e18eb3cdaa9eb0599415645d75cb8626ba49?s=96&d=mm&r=g\",\"url\":\"https:\\\/\\\/secure.gravatar.com\\\/avatar\\\/4d571ff55345efadfb90ca100df3e18eb3cdaa9eb0599415645d75cb8626ba49?s=96&d=mm&r=g\",\"contentUrl\":\"https:\\\/\\\/secure.gravatar.com\\\/avatar\\\/4d571ff55345efadfb90ca100df3e18eb3cdaa9eb0599415645d75cb8626ba49?s=96&d=mm&r=g\",\"caption\":\"ESM\"},\"url\":\"https:\\\/\\\/www.etoilesportivemontoise.fr\\\/football\\\/aka\\\/9af3b8c1915118cbc5cf7cdecb87fa13c2abf1c4\\\/\"}]}<\/script>\n<!-- \/ Yoast SEO plugin. -->","yoast_head_json":{"title":"Les U18 poursuivent leur bon parcours - ESM Foot","robots":{"index":"index","follow":"follow","max-snippet":"max-snippet:-1","max-image-preview":"max-image-preview:large","max-video-preview":"max-video-preview:-1"},"canonical":"https:\/\/www.etoilesportivemontoise.fr\/football\/2013\/12\/les-u18-poursuivent-leur-bon-parcours\/","og_locale":"fr_FR","og_type":"article","og_title":"Les U18 poursuivent leur bon parcours - ESM Foot","og_description":"Les U 18 de l&rsquo;Etoile ont jou\u00e9 contre l&rsquo;Entente St Pierre du Mont \/ Stade Montois, malheureusement sur un terrain qu\u2019on pourrait qualifier d\u2019indigne de la pratique du Foot\u2026 La premi\u00e8re mi-temps, d\u00e9cevante dans le jeu de la part des 2 \u00e9quipes, souffrit de trop...","og_url":"https:\/\/www.etoilesportivemontoise.fr\/football\/2013\/12\/les-u18-poursuivent-leur-bon-parcours\/","og_site_name":"ESM Foot","article_published_time":"2013-12-06T20:35:00+00:00","article_modified_time":"2024-03-24T17:14:00+00:00","og_image":[{"url":"http:\/\/2.bp.blogspot.com\/-1KZXZEoY6Wg\/UqI07x_swVI\/AAAAAAAAC-M\/8gRs5kD_Jcs\/s320\/U18-2.JPG","type":"","width":"","height":""}],"author":"ESM","twitter_misc":{"\u00c9crit par":"ESM","Dur\u00e9e de lecture estim\u00e9e":"2 minutes"},"schema":{"@context":"https:\/\/schema.org","@graph":[{"@type":"Article","@id":"https:\/\/www.etoilesportivemontoise.fr\/football\/2013\/12\/les-u18-poursuivent-leur-bon-parcours\/#article","isPartOf":{"@id":"https:\/\/www.etoilesportivemontoise.fr\/football\/2013\/12\/les-u18-poursuivent-leur-bon-parcours\/"},"author":{"name":"ESM","@id":"https:\/\/www.etoilesportivemontoise.fr\/football\/#\/schema\/person\/dd02b702be97ed924801c88fb2142212"},"headline":"Les U18 poursuivent leur bon parcours","datePublished":"2013-12-06T20:35:00+00:00","dateModified":"2024-03-24T17:14:00+00:00","mainEntityOfPage":{"@id":"https:\/\/www.etoilesportivemontoise.fr\/football\/2013\/12\/les-u18-poursuivent-leur-bon-parcours\/"},"wordCount":480,"image":{"@id":"https:\/\/www.etoilesportivemontoise.fr\/football\/2013\/12\/les-u18-poursuivent-leur-bon-parcours\/#primaryimage"},"thumbnailUrl":"http:\/\/2.bp.blogspot.com\/-1KZXZEoY6Wg\/UqI07x_swVI\/AAAAAAAAC-M\/8gRs5kD_Jcs\/s320\/U18-2.JPG","articleSection":["Archives"],"inLanguage":"fr-FR"},{"@type":"WebPage","@id":"https:\/\/www.etoilesportivemontoise.fr\/football\/2013\/12\/les-u18-poursuivent-leur-bon-parcours\/","url":"https:\/\/www.etoilesportivemontoise.fr\/football\/2013\/12\/les-u18-poursuivent-leur-bon-parcours\/","name":"Les U18 poursuivent leur bon parcours - ESM Foot","isPartOf":{"@id":"https:\/\/www.etoilesportivemontoise.fr\/football\/#website"},"primaryImageOfPage":{"@id":"https:\/\/www.etoilesportivemontoise.fr\/football\/2013\/12\/les-u18-poursuivent-leur-bon-parcours\/#primaryimage"},"image":{"@id":"https:\/\/www.etoilesportivemontoise.fr\/football\/2013\/12\/les-u18-poursuivent-leur-bon-parcours\/#primaryimage"},"thumbnailUrl":"http:\/\/2.bp.blogspot.com\/-1KZXZEoY6Wg\/UqI07x_swVI\/AAAAAAAAC-M\/8gRs5kD_Jcs\/s320\/U18-2.JPG","datePublished":"2013-12-06T20:35:00+00:00","dateModified":"2024-03-24T17:14:00+00:00","author":{"@id":"https:\/\/www.etoilesportivemontoise.fr\/football\/#\/schema\/person\/dd02b702be97ed924801c88fb2142212"},"breadcrumb":{"@id":"https:\/\/www.etoilesportivemontoise.fr\/football\/2013\/12\/les-u18-poursuivent-leur-bon-parcours\/#breadcrumb"},"inLanguage":"fr-FR","potentialAction":[{"@type":"ReadAction","target":["https:\/\/www.etoilesportivemontoise.fr\/football\/2013\/12\/les-u18-poursuivent-leur-bon-parcours\/"]}]},{"@type":"ImageObject","inLanguage":"fr-FR","@id":"https:\/\/www.etoilesportivemontoise.fr\/football\/2013\/12\/les-u18-poursuivent-leur-bon-parcours\/#primaryimage","url":"http:\/\/2.bp.blogspot.com\/-1KZXZEoY6Wg\/UqI07x_swVI\/AAAAAAAAC-M\/8gRs5kD_Jcs\/s320\/U18-2.JPG","contentUrl":"http:\/\/2.bp.blogspot.com\/-1KZXZEoY6Wg\/UqI07x_swVI\/AAAAAAAAC-M\/8gRs5kD_Jcs\/s320\/U18-2.JPG"},{"@type":"BreadcrumbList","@id":"https:\/\/www.etoilesportivemontoise.fr\/football\/2013\/12\/les-u18-poursuivent-leur-bon-parcours\/#breadcrumb","itemListElement":[{"@type":"ListItem","position":1,"name":"Accueil","item":"https:\/\/www.etoilesportivemontoise.fr\/football\/"},{"@type":"ListItem","position":2,"name":"Les U18 poursuivent leur bon parcours"}]},{"@type":"WebSite","@id":"https:\/\/www.etoilesportivemontoise.fr\/football\/#website","url":"https:\/\/www.etoilesportivemontoise.fr\/football\/","name":"ESM Foot","description":"Club Football Mont de Marsan","potentialAction":[{"@type":"SearchAction","target":{"@type":"EntryPoint","urlTemplate":"https:\/\/www.etoilesportivemontoise.fr\/football\/?s={search_term_string}"},"query-input":{"@type":"PropertyValueSpecification","valueRequired":true,"valueName":"search_term_string"}}],"inLanguage":"fr-FR"},{"@type":"Person","@id":"https:\/\/www.etoilesportivemontoise.fr\/football\/#\/schema\/person\/dd02b702be97ed924801c88fb2142212","name":"ESM","image":{"@type":"ImageObject","inLanguage":"fr-FR","@id":"https:\/\/secure.gravatar.com\/avatar\/4d571ff55345efadfb90ca100df3e18eb3cdaa9eb0599415645d75cb8626ba49?s=96&d=mm&r=g","url":"https:\/\/secure.gravatar.com\/avatar\/4d571ff55345efadfb90ca100df3e18eb3cdaa9eb0599415645d75cb8626ba49?s=96&d=mm&r=g","contentUrl":"https:\/\/secure.gravatar.com\/avatar\/4d571ff55345efadfb90ca100df3e18eb3cdaa9eb0599415645d75cb8626ba49?s=96&d=mm&r=g","caption":"ESM"},"url":"https:\/\/www.etoilesportivemontoise.fr\/football\/aka\/9af3b8c1915118cbc5cf7cdecb87fa13c2abf1c4\/"}]}},"_links":{"self":[{"href":"https:\/\/www.etoilesportivemontoise.fr\/football\/wp-json\/wp\/v2\/posts\/3511","targetHints":{"allow":["GET"]}}],"collection":[{"href":"https:\/\/www.etoilesportivemontoise.fr\/football\/wp-json\/wp\/v2\/posts"}],"about":[{"href":"https:\/\/www.etoilesportivemontoise.fr\/football\/wp-json\/wp\/v2\/types\/post"}],"author":[{"embeddable":true,"href":"https:\/\/www.etoilesportivemontoise.fr\/football\/wp-json\/wp\/v2\/users\/1"}],"replies":[{"embeddable":true,"href":"https:\/\/www.etoilesportivemontoise.fr\/football\/wp-json\/wp\/v2\/comments?post=3511"}],"version-history":[{"count":1,"href":"https:\/\/www.etoilesportivemontoise.fr\/football\/wp-json\/wp\/v2\/posts\/3511\/revisions"}],"predecessor-version":[{"id":4245,"href":"https:\/\/www.etoilesportivemontoise.fr\/football\/wp-json\/wp\/v2\/posts\/3511\/revisions\/4245"}],"wp:attachment":[{"href":"https:\/\/www.etoilesportivemontoise.fr\/football\/wp-json\/wp\/v2\/media?parent=3511"}],"wp:term":[{"taxonomy":"category","embeddable":true,"href":"https:\/\/www.etoilesportivemontoise.fr\/football\/wp-json\/wp\/v2\/categories?post=3511"},{"taxonomy":"post_tag","embeddable":true,"href":"https:\/\/www.etoilesportivemontoise.fr\/football\/wp-json\/wp\/v2\/tags?post=3511"}],"curies":[{"name":"wp","href":"https:\/\/api.w.org\/{rel}","templated":true}]}}