{"id":3513,"date":"2013-12-04T18:08:00","date_gmt":"2013-12-04T17:08:00","guid":{"rendered":"http:\/\/www.etoilesportivemontoise.fr\/football\/la-reserve-reprend-des-couleurs-a-pissos\/"},"modified":"2024-03-24T18:14:00","modified_gmt":"2024-03-24T17:14:00","slug":"la-reserve-reprend-des-couleurs-pissos","status":"publish","type":"post","link":"https:\/\/www.etoilesportivemontoise.fr\/football\/2013\/12\/la-reserve-reprend-des-couleurs-pissos\/","title":{"rendered":"La r\u00e9serve reprend des couleurs \u00e0 Pissos"},"content":{"rendered":"<p><\/p>\n<div style=\"clear: both;text-align: center\"><a href=\"http:\/\/3.bp.blogspot.com\/-2FMkVnry1Us\/Up9hPwbiY0I\/AAAAAAAAC9s\/gHcH0ABwwkk\/s1600\/IMG_2891.JPG\" style=\"margin-left: 1em;margin-right: 1em\"><img loading=\"lazy\" decoding=\"async\" border=\"0\" height=\"209\" src=\"http:\/\/3.bp.blogspot.com\/-2FMkVnry1Us\/Up9hPwbiY0I\/AAAAAAAAC9s\/gHcH0ABwwkk\/s320\/IMG_2891.JPG\" width=\"320\" \/><\/a><\/div>\n<p>Sur une pelouse difficile et face \u00e0 une <b><span style=\"color: #0b5394\">Entente de la Leyre<\/span><\/b> volontaire et accrocheuse, nos r\u00e9servistes ont eu beaucoup de mal \u00e0 assurer un football de qualit\u00e9\u2026<\/p>\n<p>Il faut dire que l&rsquo;enjeu de la rencontre avait \u00e9t\u00e9 affich\u00e9 d&rsquo;entr\u00e9e par les coaches : ramener la victoire de chez le dernier, suite \u00e0 la d\u00e9convenue contre Labouheyre et am\u00e9liorer la technique collective du groupe.<\/p>\n<p>En premi\u00e8re mi temps, sans parvenir \u00e0 marquer et s&rsquo;exposant \u00e0 deux reprises, les Noir et Blanc n&rsquo;ont pu ma\u00eetriser toute la situation comme ils le souhaitaient.<\/p>\n<p><a name='more'><\/a>D\u00e8s la reprise pourtant, ils assomment l&rsquo;adversaire en scorant par deux fois en 6 minutes ! Pour le premier but, Steve s&rsquo;impose sur un centre bien ajust\u00e9 et ne rate pas l&rsquo;occasion. Dans la foul\u00e9e, Ali concr\u00e9tise suite \u00e0 une frappe d\u00e9viss\u00e9e de Momo\u2026<\/p>\n<p>Un quart d&rsquo;heure avant la fin, Timoth\u00e9e aggrave le score d&rsquo;une belle frappe des 20 m\u00e8tres \u2026<\/p>\n<p>Beaucoup d&rsquo;autres actions auraient m\u00e9rit\u00e9 un meilleur sort dans la concr\u00e9tisation, mais soit par pr\u00e9cipitation, manque de cadrage dans le dernier geste, ou par exc\u00e8s individualiste, le score n&rsquo;a pas \u00e9t\u00e9 \u00e9largi davantage.<\/p>\n<p>Cette large victoire permettra au moins de rester en embuscade \u00e0 la 5\u00e8me place. Point de repos pour nos gar\u00e7ons cependant, puisqu\u2019il faudra affronter dans 15 jours un autre mal class\u00e9 : Arengosse, et imp\u00e9rativement prendre les 4 points pour aborder les matches-retour dans les meilleures dispositions\u2026<\/p>\n<p>Victoire \u00e0 Pissos, 3 buts \u00e0 0.<\/p>\n","protected":false},"excerpt":{"rendered":"<p>Sur une pelouse difficile et face \u00e0 une Entente de la Leyre volontaire et accrocheuse, nos r\u00e9servistes ont eu beaucoup de mal \u00e0 assurer un football de qualit\u00e9\u2026 Il faut dire que l&rsquo;enjeu de la rencontre avait \u00e9t\u00e9 affich\u00e9 d&rsquo;entr\u00e9e par les coaches : ramener&#8230;<\/p>\n","protected":false},"author":1,"featured_media":0,"comment_status":"closed","ping_status":"closed","sticky":false,"template":"","format":"standard","meta":{"footnotes":""},"categories":[28],"tags":[],"class_list":["post-3513","post","type-post","status-publish","format-standard","hentry","category-old"],"yoast_head":"<!-- This site is optimized with the Yoast SEO plugin v27.3 - https:\/\/yoast.com\/product\/yoast-seo-wordpress\/ -->\n<title>La r\u00e9serve reprend des couleurs \u00e0 Pissos - ESM Foot<\/title>\n<meta name=\"robots\" content=\"index, follow, max-snippet:-1, max-image-preview:large, max-video-preview:-1\" \/>\n<link rel=\"canonical\" href=\"https:\/\/www.etoilesportivemontoise.fr\/football\/2013\/12\/la-reserve-reprend-des-couleurs-pissos\/\" \/>\n<meta property=\"og:locale\" content=\"fr_FR\" \/>\n<meta property=\"og:type\" content=\"article\" \/>\n<meta property=\"og:title\" content=\"La r\u00e9serve reprend des couleurs \u00e0 Pissos - ESM Foot\" \/>\n<meta property=\"og:description\" content=\"Sur une pelouse difficile et face \u00e0 une Entente de la Leyre volontaire et accrocheuse, nos r\u00e9servistes ont eu beaucoup de mal \u00e0 assurer un football de qualit\u00e9\u2026 Il faut dire que l&rsquo;enjeu de la rencontre avait \u00e9t\u00e9 affich\u00e9 d&rsquo;entr\u00e9e par les coaches : ramener...\" \/>\n<meta property=\"og:url\" content=\"https:\/\/www.etoilesportivemontoise.fr\/football\/2013\/12\/la-reserve-reprend-des-couleurs-pissos\/\" \/>\n<meta property=\"og:site_name\" content=\"ESM Foot\" \/>\n<meta property=\"article:published_time\" content=\"2013-12-04T17:08:00+00:00\" \/>\n<meta property=\"article:modified_time\" content=\"2024-03-24T17:14:00+00:00\" \/>\n<meta property=\"og:image\" content=\"http:\/\/3.bp.blogspot.com\/-2FMkVnry1Us\/Up9hPwbiY0I\/AAAAAAAAC9s\/gHcH0ABwwkk\/s320\/IMG_2891.JPG\" \/>\n<meta name=\"author\" content=\"ESM\" \/>\n<meta name=\"twitter:label1\" content=\"\u00c9crit par\" \/>\n\t<meta name=\"twitter:data1\" content=\"ESM\" \/>\n\t<meta name=\"twitter:label2\" content=\"Dur\u00e9e de lecture estim\u00e9e\" \/>\n\t<meta name=\"twitter:data2\" content=\"1 minute\" \/>\n<script type=\"application\/ld+json\" class=\"yoast-schema-graph\">{\"@context\":\"https:\\\/\\\/schema.org\",\"@graph\":[{\"@type\":\"Article\",\"@id\":\"https:\\\/\\\/www.etoilesportivemontoise.fr\\\/football\\\/2013\\\/12\\\/la-reserve-reprend-des-couleurs-pissos\\\/#article\",\"isPartOf\":{\"@id\":\"https:\\\/\\\/www.etoilesportivemontoise.fr\\\/football\\\/2013\\\/12\\\/la-reserve-reprend-des-couleurs-pissos\\\/\"},\"author\":{\"name\":\"ESM\",\"@id\":\"https:\\\/\\\/www.etoilesportivemontoise.fr\\\/football\\\/#\\\/schema\\\/person\\\/dd02b702be97ed924801c88fb2142212\"},\"headline\":\"La r\u00e9serve reprend des couleurs \u00e0 Pissos\",\"datePublished\":\"2013-12-04T17:08:00+00:00\",\"dateModified\":\"2024-03-24T17:14:00+00:00\",\"mainEntityOfPage\":{\"@id\":\"https:\\\/\\\/www.etoilesportivemontoise.fr\\\/football\\\/2013\\\/12\\\/la-reserve-reprend-des-couleurs-pissos\\\/\"},\"wordCount\":258,\"image\":{\"@id\":\"https:\\\/\\\/www.etoilesportivemontoise.fr\\\/football\\\/2013\\\/12\\\/la-reserve-reprend-des-couleurs-pissos\\\/#primaryimage\"},\"thumbnailUrl\":\"http:\\\/\\\/3.bp.blogspot.com\\\/-2FMkVnry1Us\\\/Up9hPwbiY0I\\\/AAAAAAAAC9s\\\/gHcH0ABwwkk\\\/s320\\\/IMG_2891.JPG\",\"articleSection\":[\"Archives\"],\"inLanguage\":\"fr-FR\"},{\"@type\":\"WebPage\",\"@id\":\"https:\\\/\\\/www.etoilesportivemontoise.fr\\\/football\\\/2013\\\/12\\\/la-reserve-reprend-des-couleurs-pissos\\\/\",\"url\":\"https:\\\/\\\/www.etoilesportivemontoise.fr\\\/football\\\/2013\\\/12\\\/la-reserve-reprend-des-couleurs-pissos\\\/\",\"name\":\"La r\u00e9serve reprend des couleurs \u00e0 Pissos - ESM Foot\",\"isPartOf\":{\"@id\":\"https:\\\/\\\/www.etoilesportivemontoise.fr\\\/football\\\/#website\"},\"primaryImageOfPage\":{\"@id\":\"https:\\\/\\\/www.etoilesportivemontoise.fr\\\/football\\\/2013\\\/12\\\/la-reserve-reprend-des-couleurs-pissos\\\/#primaryimage\"},\"image\":{\"@id\":\"https:\\\/\\\/www.etoilesportivemontoise.fr\\\/football\\\/2013\\\/12\\\/la-reserve-reprend-des-couleurs-pissos\\\/#primaryimage\"},\"thumbnailUrl\":\"http:\\\/\\\/3.bp.blogspot.com\\\/-2FMkVnry1Us\\\/Up9hPwbiY0I\\\/AAAAAAAAC9s\\\/gHcH0ABwwkk\\\/s320\\\/IMG_2891.JPG\",\"datePublished\":\"2013-12-04T17:08:00+00:00\",\"dateModified\":\"2024-03-24T17:14:00+00:00\",\"author\":{\"@id\":\"https:\\\/\\\/www.etoilesportivemontoise.fr\\\/football\\\/#\\\/schema\\\/person\\\/dd02b702be97ed924801c88fb2142212\"},\"breadcrumb\":{\"@id\":\"https:\\\/\\\/www.etoilesportivemontoise.fr\\\/football\\\/2013\\\/12\\\/la-reserve-reprend-des-couleurs-pissos\\\/#breadcrumb\"},\"inLanguage\":\"fr-FR\",\"potentialAction\":[{\"@type\":\"ReadAction\",\"target\":[\"https:\\\/\\\/www.etoilesportivemontoise.fr\\\/football\\\/2013\\\/12\\\/la-reserve-reprend-des-couleurs-pissos\\\/\"]}]},{\"@type\":\"ImageObject\",\"inLanguage\":\"fr-FR\",\"@id\":\"https:\\\/\\\/www.etoilesportivemontoise.fr\\\/football\\\/2013\\\/12\\\/la-reserve-reprend-des-couleurs-pissos\\\/#primaryimage\",\"url\":\"http:\\\/\\\/3.bp.blogspot.com\\\/-2FMkVnry1Us\\\/Up9hPwbiY0I\\\/AAAAAAAAC9s\\\/gHcH0ABwwkk\\\/s320\\\/IMG_2891.JPG\",\"contentUrl\":\"http:\\\/\\\/3.bp.blogspot.com\\\/-2FMkVnry1Us\\\/Up9hPwbiY0I\\\/AAAAAAAAC9s\\\/gHcH0ABwwkk\\\/s320\\\/IMG_2891.JPG\"},{\"@type\":\"BreadcrumbList\",\"@id\":\"https:\\\/\\\/www.etoilesportivemontoise.fr\\\/football\\\/2013\\\/12\\\/la-reserve-reprend-des-couleurs-pissos\\\/#breadcrumb\",\"itemListElement\":[{\"@type\":\"ListItem\",\"position\":1,\"name\":\"Accueil\",\"item\":\"https:\\\/\\\/www.etoilesportivemontoise.fr\\\/football\\\/\"},{\"@type\":\"ListItem\",\"position\":2,\"name\":\"La r\u00e9serve reprend des couleurs \u00e0 Pissos\"}]},{\"@type\":\"WebSite\",\"@id\":\"https:\\\/\\\/www.etoilesportivemontoise.fr\\\/football\\\/#website\",\"url\":\"https:\\\/\\\/www.etoilesportivemontoise.fr\\\/football\\\/\",\"name\":\"ESM Foot\",\"description\":\"Club Football Mont de Marsan\",\"potentialAction\":[{\"@type\":\"SearchAction\",\"target\":{\"@type\":\"EntryPoint\",\"urlTemplate\":\"https:\\\/\\\/www.etoilesportivemontoise.fr\\\/football\\\/?s={search_term_string}\"},\"query-input\":{\"@type\":\"PropertyValueSpecification\",\"valueRequired\":true,\"valueName\":\"search_term_string\"}}],\"inLanguage\":\"fr-FR\"},{\"@type\":\"Person\",\"@id\":\"https:\\\/\\\/www.etoilesportivemontoise.fr\\\/football\\\/#\\\/schema\\\/person\\\/dd02b702be97ed924801c88fb2142212\",\"name\":\"ESM\",\"image\":{\"@type\":\"ImageObject\",\"inLanguage\":\"fr-FR\",\"@id\":\"https:\\\/\\\/secure.gravatar.com\\\/avatar\\\/4d571ff55345efadfb90ca100df3e18eb3cdaa9eb0599415645d75cb8626ba49?s=96&d=mm&r=g\",\"url\":\"https:\\\/\\\/secure.gravatar.com\\\/avatar\\\/4d571ff55345efadfb90ca100df3e18eb3cdaa9eb0599415645d75cb8626ba49?s=96&d=mm&r=g\",\"contentUrl\":\"https:\\\/\\\/secure.gravatar.com\\\/avatar\\\/4d571ff55345efadfb90ca100df3e18eb3cdaa9eb0599415645d75cb8626ba49?s=96&d=mm&r=g\",\"caption\":\"ESM\"},\"url\":\"https:\\\/\\\/www.etoilesportivemontoise.fr\\\/football\\\/aka\\\/9af3b8c1915118cbc5cf7cdecb87fa13c2abf1c4\\\/\"}]}<\/script>\n<!-- \/ Yoast SEO plugin. -->","yoast_head_json":{"title":"La r\u00e9serve reprend des couleurs \u00e0 Pissos - ESM Foot","robots":{"index":"index","follow":"follow","max-snippet":"max-snippet:-1","max-image-preview":"max-image-preview:large","max-video-preview":"max-video-preview:-1"},"canonical":"https:\/\/www.etoilesportivemontoise.fr\/football\/2013\/12\/la-reserve-reprend-des-couleurs-pissos\/","og_locale":"fr_FR","og_type":"article","og_title":"La r\u00e9serve reprend des couleurs \u00e0 Pissos - ESM Foot","og_description":"Sur une pelouse difficile et face \u00e0 une Entente de la Leyre volontaire et accrocheuse, nos r\u00e9servistes ont eu beaucoup de mal \u00e0 assurer un football de qualit\u00e9\u2026 Il faut dire que l&rsquo;enjeu de la rencontre avait \u00e9t\u00e9 affich\u00e9 d&rsquo;entr\u00e9e par les coaches : ramener...","og_url":"https:\/\/www.etoilesportivemontoise.fr\/football\/2013\/12\/la-reserve-reprend-des-couleurs-pissos\/","og_site_name":"ESM Foot","article_published_time":"2013-12-04T17:08:00+00:00","article_modified_time":"2024-03-24T17:14:00+00:00","og_image":[{"url":"http:\/\/3.bp.blogspot.com\/-2FMkVnry1Us\/Up9hPwbiY0I\/AAAAAAAAC9s\/gHcH0ABwwkk\/s320\/IMG_2891.JPG","type":"","width":"","height":""}],"author":"ESM","twitter_misc":{"\u00c9crit par":"ESM","Dur\u00e9e de lecture estim\u00e9e":"1 minute"},"schema":{"@context":"https:\/\/schema.org","@graph":[{"@type":"Article","@id":"https:\/\/www.etoilesportivemontoise.fr\/football\/2013\/12\/la-reserve-reprend-des-couleurs-pissos\/#article","isPartOf":{"@id":"https:\/\/www.etoilesportivemontoise.fr\/football\/2013\/12\/la-reserve-reprend-des-couleurs-pissos\/"},"author":{"name":"ESM","@id":"https:\/\/www.etoilesportivemontoise.fr\/football\/#\/schema\/person\/dd02b702be97ed924801c88fb2142212"},"headline":"La r\u00e9serve reprend des couleurs \u00e0 Pissos","datePublished":"2013-12-04T17:08:00+00:00","dateModified":"2024-03-24T17:14:00+00:00","mainEntityOfPage":{"@id":"https:\/\/www.etoilesportivemontoise.fr\/football\/2013\/12\/la-reserve-reprend-des-couleurs-pissos\/"},"wordCount":258,"image":{"@id":"https:\/\/www.etoilesportivemontoise.fr\/football\/2013\/12\/la-reserve-reprend-des-couleurs-pissos\/#primaryimage"},"thumbnailUrl":"http:\/\/3.bp.blogspot.com\/-2FMkVnry1Us\/Up9hPwbiY0I\/AAAAAAAAC9s\/gHcH0ABwwkk\/s320\/IMG_2891.JPG","articleSection":["Archives"],"inLanguage":"fr-FR"},{"@type":"WebPage","@id":"https:\/\/www.etoilesportivemontoise.fr\/football\/2013\/12\/la-reserve-reprend-des-couleurs-pissos\/","url":"https:\/\/www.etoilesportivemontoise.fr\/football\/2013\/12\/la-reserve-reprend-des-couleurs-pissos\/","name":"La r\u00e9serve reprend des couleurs \u00e0 Pissos - ESM Foot","isPartOf":{"@id":"https:\/\/www.etoilesportivemontoise.fr\/football\/#website"},"primaryImageOfPage":{"@id":"https:\/\/www.etoilesportivemontoise.fr\/football\/2013\/12\/la-reserve-reprend-des-couleurs-pissos\/#primaryimage"},"image":{"@id":"https:\/\/www.etoilesportivemontoise.fr\/football\/2013\/12\/la-reserve-reprend-des-couleurs-pissos\/#primaryimage"},"thumbnailUrl":"http:\/\/3.bp.blogspot.com\/-2FMkVnry1Us\/Up9hPwbiY0I\/AAAAAAAAC9s\/gHcH0ABwwkk\/s320\/IMG_2891.JPG","datePublished":"2013-12-04T17:08:00+00:00","dateModified":"2024-03-24T17:14:00+00:00","author":{"@id":"https:\/\/www.etoilesportivemontoise.fr\/football\/#\/schema\/person\/dd02b702be97ed924801c88fb2142212"},"breadcrumb":{"@id":"https:\/\/www.etoilesportivemontoise.fr\/football\/2013\/12\/la-reserve-reprend-des-couleurs-pissos\/#breadcrumb"},"inLanguage":"fr-FR","potentialAction":[{"@type":"ReadAction","target":["https:\/\/www.etoilesportivemontoise.fr\/football\/2013\/12\/la-reserve-reprend-des-couleurs-pissos\/"]}]},{"@type":"ImageObject","inLanguage":"fr-FR","@id":"https:\/\/www.etoilesportivemontoise.fr\/football\/2013\/12\/la-reserve-reprend-des-couleurs-pissos\/#primaryimage","url":"http:\/\/3.bp.blogspot.com\/-2FMkVnry1Us\/Up9hPwbiY0I\/AAAAAAAAC9s\/gHcH0ABwwkk\/s320\/IMG_2891.JPG","contentUrl":"http:\/\/3.bp.blogspot.com\/-2FMkVnry1Us\/Up9hPwbiY0I\/AAAAAAAAC9s\/gHcH0ABwwkk\/s320\/IMG_2891.JPG"},{"@type":"BreadcrumbList","@id":"https:\/\/www.etoilesportivemontoise.fr\/football\/2013\/12\/la-reserve-reprend-des-couleurs-pissos\/#breadcrumb","itemListElement":[{"@type":"ListItem","position":1,"name":"Accueil","item":"https:\/\/www.etoilesportivemontoise.fr\/football\/"},{"@type":"ListItem","position":2,"name":"La r\u00e9serve reprend des couleurs \u00e0 Pissos"}]},{"@type":"WebSite","@id":"https:\/\/www.etoilesportivemontoise.fr\/football\/#website","url":"https:\/\/www.etoilesportivemontoise.fr\/football\/","name":"ESM Foot","description":"Club Football Mont de Marsan","potentialAction":[{"@type":"SearchAction","target":{"@type":"EntryPoint","urlTemplate":"https:\/\/www.etoilesportivemontoise.fr\/football\/?s={search_term_string}"},"query-input":{"@type":"PropertyValueSpecification","valueRequired":true,"valueName":"search_term_string"}}],"inLanguage":"fr-FR"},{"@type":"Person","@id":"https:\/\/www.etoilesportivemontoise.fr\/football\/#\/schema\/person\/dd02b702be97ed924801c88fb2142212","name":"ESM","image":{"@type":"ImageObject","inLanguage":"fr-FR","@id":"https:\/\/secure.gravatar.com\/avatar\/4d571ff55345efadfb90ca100df3e18eb3cdaa9eb0599415645d75cb8626ba49?s=96&d=mm&r=g","url":"https:\/\/secure.gravatar.com\/avatar\/4d571ff55345efadfb90ca100df3e18eb3cdaa9eb0599415645d75cb8626ba49?s=96&d=mm&r=g","contentUrl":"https:\/\/secure.gravatar.com\/avatar\/4d571ff55345efadfb90ca100df3e18eb3cdaa9eb0599415645d75cb8626ba49?s=96&d=mm&r=g","caption":"ESM"},"url":"https:\/\/www.etoilesportivemontoise.fr\/football\/aka\/9af3b8c1915118cbc5cf7cdecb87fa13c2abf1c4\/"}]}},"_links":{"self":[{"href":"https:\/\/www.etoilesportivemontoise.fr\/football\/wp-json\/wp\/v2\/posts\/3513","targetHints":{"allow":["GET"]}}],"collection":[{"href":"https:\/\/www.etoilesportivemontoise.fr\/football\/wp-json\/wp\/v2\/posts"}],"about":[{"href":"https:\/\/www.etoilesportivemontoise.fr\/football\/wp-json\/wp\/v2\/types\/post"}],"author":[{"embeddable":true,"href":"https:\/\/www.etoilesportivemontoise.fr\/football\/wp-json\/wp\/v2\/users\/1"}],"replies":[{"embeddable":true,"href":"https:\/\/www.etoilesportivemontoise.fr\/football\/wp-json\/wp\/v2\/comments?post=3513"}],"version-history":[{"count":1,"href":"https:\/\/www.etoilesportivemontoise.fr\/football\/wp-json\/wp\/v2\/posts\/3513\/revisions"}],"predecessor-version":[{"id":4247,"href":"https:\/\/www.etoilesportivemontoise.fr\/football\/wp-json\/wp\/v2\/posts\/3513\/revisions\/4247"}],"wp:attachment":[{"href":"https:\/\/www.etoilesportivemontoise.fr\/football\/wp-json\/wp\/v2\/media?parent=3513"}],"wp:term":[{"taxonomy":"category","embeddable":true,"href":"https:\/\/www.etoilesportivemontoise.fr\/football\/wp-json\/wp\/v2\/categories?post=3513"},{"taxonomy":"post_tag","embeddable":true,"href":"https:\/\/www.etoilesportivemontoise.fr\/football\/wp-json\/wp\/v2\/tags?post=3513"}],"curies":[{"name":"wp","href":"https:\/\/api.w.org\/{rel}","templated":true}]}}