{"id":3517,"date":"2013-11-29T12:32:00","date_gmt":"2013-11-29T11:32:00","guid":{"rendered":"http:\/\/www.etoilesportivemontoise.fr\/football\/de-precieux-points-perdus\/"},"modified":"2024-03-24T18:15:46","modified_gmt":"2024-03-24T17:15:46","slug":"de-precieux-points-perdus","status":"publish","type":"post","link":"https:\/\/www.etoilesportivemontoise.fr\/football\/2013\/11\/de-precieux-points-perdus\/","title":{"rendered":"De pr\u00e9cieux points perdus"},"content":{"rendered":"<div style=\"clear: both;text-align: center\"><a href=\"http:\/\/3.bp.blogspot.com\/-ki69vZ2GHjk\/Uph4VE3jZZI\/AAAAAAAAC8s\/Om7swaedDe0\/s1600\/IMG_9797.JPG\" style=\"margin-left: 1em;margin-right: 1em\"><img loading=\"lazy\" decoding=\"async\" border=\"0\" height=\"230\" src=\"http:\/\/3.bp.blogspot.com\/-ki69vZ2GHjk\/Uph4VE3jZZI\/AAAAAAAAC8s\/Om7swaedDe0\/s320\/IMG_9797.JPG\" width=\"320\" \/><\/a><\/div>\n<p>L\u2019ESM recevait <b><span style=\"color: #0b5394\">Garein<\/span><\/b> ce samedi 23 novembre, une \u00e9quipe largement \u00e0 sa port\u00e9e\u2026<\/p>\n<p>Cette sup\u00e9riorit\u00e9 sur le papier devait se v\u00e9rifier sur le terrain avec une possession de balle \u00e0 l\u2019avantage des stellistes, assortie de trois occasions d\u00e8s le 1er quart d\u2019heure. Trois m\u00e8ches allum\u00e9es successivement par Harut, Anthony et Romain, mais sans que le tableau d\u2019affichage ne s\u2019enflamme\u2026<\/p>\n<p><a name='more'><\/a>Les d\u00e9bats devaient s\u2019\u00e9quilibrer jusqu\u2019\u00e0 la demi-heure de jeu, moment o\u00f9 les montois d\u00e9cid\u00e8rent d\u2019emballer la machine avec deux belles frappes de Xavier, l\u2019une passant l\u00e9g\u00e8rement au dessus et l\u2019autre butant sur le gardien. Ce n\u2019\u00e9tait que partie remise, puisque quelques instants plus tard, Romain lan\u00e7ait id\u00e9alement Anthony vers le but pour le 1-0.<\/p>\n<div>\n<p><\/div>\n<p>Malheureusement, les n\u00f4tres ne devaient pas garder longtemps cet avantage, puisque juste avant la pause, les garinois r\u00e9ussissaient \u00e0 revenir \u00e0 hauteur (1-1).<\/p>\n<p>La seconde p\u00e9riode devait ressembler \u00e0 la premi\u00e8re, avec notamment une occasion franche pour Xavier qui passa \u00e0 gauche des cages, et une autre d\u2019Anthony repouss\u00e9e du bout de la chaussure par un jaune et noir.<\/p>\n<p>Le but lib\u00e9rateur devait venir par Martin, opportuniste, qui avait suivi un raid d\u2019Anthony dont la frappe avait \u00e9t\u00e9 repouss\u00e9e par le gardien adverse (2-1).<\/p>\n<div>\n<p><\/div>\n<p>H\u00e9las tous les efforts des n\u00f4tres devaient \u00eatre ruin\u00e9s en l\u2019espace de quelques minutes par deux buts des visiteurs, dont un \u00e0 la suite d\u2019une frappe hasardeuse contr\u00e9e qui pris \u00e0 revers notre portier.<\/p>\n<p>Une derni\u00e8re occasion de la t\u00eate de Martin n\u2019y changea rien, le score devait en rester l\u00e0, cette rencontre se finissant sur ce mauvais sc\u00e9nario. L\u2019Etoile laisse aux hauts landais des points pr\u00e9cieux pour la suite, il faudra donc se mobiliser pour l\u2019emporter \u00e0 Hagetmau&#8230;<\/p>\n<p>Retrouvez les <b><span style=\"color: #0b5394\">principales occasions<\/span><\/b> du match :<\/p>\n<div>\n<\/div>\n","protected":false},"excerpt":{"rendered":"<p>L\u2019ESM recevait Garein ce samedi 23 novembre, une \u00e9quipe largement \u00e0 sa port\u00e9e\u2026 Cette sup\u00e9riorit\u00e9 sur le papier devait se v\u00e9rifier sur le terrain avec une possession de balle \u00e0 l\u2019avantage des stellistes, assortie de trois occasions d\u00e8s le 1er quart d\u2019heure. Trois m\u00e8ches allum\u00e9es&#8230;<\/p>\n","protected":false},"author":1,"featured_media":0,"comment_status":"closed","ping_status":"closed","sticky":false,"template":"","format":"standard","meta":{"footnotes":""},"categories":[28],"tags":[],"class_list":["post-3517","post","type-post","status-publish","format-standard","hentry","category-old"],"yoast_head":"<!-- This site is optimized with the Yoast SEO plugin v27.3 - https:\/\/yoast.com\/product\/yoast-seo-wordpress\/ -->\n<title>De pr\u00e9cieux points perdus - ESM Foot<\/title>\n<meta name=\"robots\" content=\"index, follow, max-snippet:-1, max-image-preview:large, max-video-preview:-1\" \/>\n<link rel=\"canonical\" href=\"https:\/\/www.etoilesportivemontoise.fr\/football\/2013\/11\/de-precieux-points-perdus\/\" \/>\n<meta property=\"og:locale\" content=\"fr_FR\" \/>\n<meta property=\"og:type\" content=\"article\" \/>\n<meta property=\"og:title\" content=\"De pr\u00e9cieux points perdus - ESM Foot\" \/>\n<meta property=\"og:description\" content=\"L\u2019ESM recevait Garein ce samedi 23 novembre, une \u00e9quipe largement \u00e0 sa port\u00e9e\u2026 Cette sup\u00e9riorit\u00e9 sur le papier devait se v\u00e9rifier sur le terrain avec une possession de balle \u00e0 l\u2019avantage des stellistes, assortie de trois occasions d\u00e8s le 1er quart d\u2019heure. Trois m\u00e8ches allum\u00e9es...\" \/>\n<meta property=\"og:url\" content=\"https:\/\/www.etoilesportivemontoise.fr\/football\/2013\/11\/de-precieux-points-perdus\/\" \/>\n<meta property=\"og:site_name\" content=\"ESM Foot\" \/>\n<meta property=\"article:published_time\" content=\"2013-11-29T11:32:00+00:00\" \/>\n<meta property=\"article:modified_time\" content=\"2024-03-24T17:15:46+00:00\" \/>\n<meta property=\"og:image\" content=\"http:\/\/3.bp.blogspot.com\/-ki69vZ2GHjk\/Uph4VE3jZZI\/AAAAAAAAC8s\/Om7swaedDe0\/s320\/IMG_9797.JPG\" \/>\n<meta name=\"author\" content=\"ESM\" \/>\n<meta name=\"twitter:label1\" content=\"\u00c9crit par\" \/>\n\t<meta name=\"twitter:data1\" content=\"ESM\" \/>\n\t<meta name=\"twitter:label2\" content=\"Dur\u00e9e de lecture estim\u00e9e\" \/>\n\t<meta name=\"twitter:data2\" content=\"2 minutes\" \/>\n<script type=\"application\/ld+json\" class=\"yoast-schema-graph\">{\"@context\":\"https:\\\/\\\/schema.org\",\"@graph\":[{\"@type\":\"Article\",\"@id\":\"https:\\\/\\\/www.etoilesportivemontoise.fr\\\/football\\\/2013\\\/11\\\/de-precieux-points-perdus\\\/#article\",\"isPartOf\":{\"@id\":\"https:\\\/\\\/www.etoilesportivemontoise.fr\\\/football\\\/2013\\\/11\\\/de-precieux-points-perdus\\\/\"},\"author\":{\"name\":\"ESM\",\"@id\":\"https:\\\/\\\/www.etoilesportivemontoise.fr\\\/football\\\/#\\\/schema\\\/person\\\/dd02b702be97ed924801c88fb2142212\"},\"headline\":\"De pr\u00e9cieux points perdus\",\"datePublished\":\"2013-11-29T11:32:00+00:00\",\"dateModified\":\"2024-03-24T17:15:46+00:00\",\"mainEntityOfPage\":{\"@id\":\"https:\\\/\\\/www.etoilesportivemontoise.fr\\\/football\\\/2013\\\/11\\\/de-precieux-points-perdus\\\/\"},\"wordCount\":322,\"image\":{\"@id\":\"https:\\\/\\\/www.etoilesportivemontoise.fr\\\/football\\\/2013\\\/11\\\/de-precieux-points-perdus\\\/#primaryimage\"},\"thumbnailUrl\":\"http:\\\/\\\/3.bp.blogspot.com\\\/-ki69vZ2GHjk\\\/Uph4VE3jZZI\\\/AAAAAAAAC8s\\\/Om7swaedDe0\\\/s320\\\/IMG_9797.JPG\",\"articleSection\":[\"Archives\"],\"inLanguage\":\"fr-FR\"},{\"@type\":\"WebPage\",\"@id\":\"https:\\\/\\\/www.etoilesportivemontoise.fr\\\/football\\\/2013\\\/11\\\/de-precieux-points-perdus\\\/\",\"url\":\"https:\\\/\\\/www.etoilesportivemontoise.fr\\\/football\\\/2013\\\/11\\\/de-precieux-points-perdus\\\/\",\"name\":\"De pr\u00e9cieux points perdus - ESM Foot\",\"isPartOf\":{\"@id\":\"https:\\\/\\\/www.etoilesportivemontoise.fr\\\/football\\\/#website\"},\"primaryImageOfPage\":{\"@id\":\"https:\\\/\\\/www.etoilesportivemontoise.fr\\\/football\\\/2013\\\/11\\\/de-precieux-points-perdus\\\/#primaryimage\"},\"image\":{\"@id\":\"https:\\\/\\\/www.etoilesportivemontoise.fr\\\/football\\\/2013\\\/11\\\/de-precieux-points-perdus\\\/#primaryimage\"},\"thumbnailUrl\":\"http:\\\/\\\/3.bp.blogspot.com\\\/-ki69vZ2GHjk\\\/Uph4VE3jZZI\\\/AAAAAAAAC8s\\\/Om7swaedDe0\\\/s320\\\/IMG_9797.JPG\",\"datePublished\":\"2013-11-29T11:32:00+00:00\",\"dateModified\":\"2024-03-24T17:15:46+00:00\",\"author\":{\"@id\":\"https:\\\/\\\/www.etoilesportivemontoise.fr\\\/football\\\/#\\\/schema\\\/person\\\/dd02b702be97ed924801c88fb2142212\"},\"breadcrumb\":{\"@id\":\"https:\\\/\\\/www.etoilesportivemontoise.fr\\\/football\\\/2013\\\/11\\\/de-precieux-points-perdus\\\/#breadcrumb\"},\"inLanguage\":\"fr-FR\",\"potentialAction\":[{\"@type\":\"ReadAction\",\"target\":[\"https:\\\/\\\/www.etoilesportivemontoise.fr\\\/football\\\/2013\\\/11\\\/de-precieux-points-perdus\\\/\"]}]},{\"@type\":\"ImageObject\",\"inLanguage\":\"fr-FR\",\"@id\":\"https:\\\/\\\/www.etoilesportivemontoise.fr\\\/football\\\/2013\\\/11\\\/de-precieux-points-perdus\\\/#primaryimage\",\"url\":\"http:\\\/\\\/3.bp.blogspot.com\\\/-ki69vZ2GHjk\\\/Uph4VE3jZZI\\\/AAAAAAAAC8s\\\/Om7swaedDe0\\\/s320\\\/IMG_9797.JPG\",\"contentUrl\":\"http:\\\/\\\/3.bp.blogspot.com\\\/-ki69vZ2GHjk\\\/Uph4VE3jZZI\\\/AAAAAAAAC8s\\\/Om7swaedDe0\\\/s320\\\/IMG_9797.JPG\"},{\"@type\":\"BreadcrumbList\",\"@id\":\"https:\\\/\\\/www.etoilesportivemontoise.fr\\\/football\\\/2013\\\/11\\\/de-precieux-points-perdus\\\/#breadcrumb\",\"itemListElement\":[{\"@type\":\"ListItem\",\"position\":1,\"name\":\"Accueil\",\"item\":\"https:\\\/\\\/www.etoilesportivemontoise.fr\\\/football\\\/\"},{\"@type\":\"ListItem\",\"position\":2,\"name\":\"De pr\u00e9cieux points perdus\"}]},{\"@type\":\"WebSite\",\"@id\":\"https:\\\/\\\/www.etoilesportivemontoise.fr\\\/football\\\/#website\",\"url\":\"https:\\\/\\\/www.etoilesportivemontoise.fr\\\/football\\\/\",\"name\":\"ESM Foot\",\"description\":\"Club Football Mont de Marsan\",\"potentialAction\":[{\"@type\":\"SearchAction\",\"target\":{\"@type\":\"EntryPoint\",\"urlTemplate\":\"https:\\\/\\\/www.etoilesportivemontoise.fr\\\/football\\\/?s={search_term_string}\"},\"query-input\":{\"@type\":\"PropertyValueSpecification\",\"valueRequired\":true,\"valueName\":\"search_term_string\"}}],\"inLanguage\":\"fr-FR\"},{\"@type\":\"Person\",\"@id\":\"https:\\\/\\\/www.etoilesportivemontoise.fr\\\/football\\\/#\\\/schema\\\/person\\\/dd02b702be97ed924801c88fb2142212\",\"name\":\"ESM\",\"image\":{\"@type\":\"ImageObject\",\"inLanguage\":\"fr-FR\",\"@id\":\"https:\\\/\\\/secure.gravatar.com\\\/avatar\\\/4d571ff55345efadfb90ca100df3e18eb3cdaa9eb0599415645d75cb8626ba49?s=96&d=mm&r=g\",\"url\":\"https:\\\/\\\/secure.gravatar.com\\\/avatar\\\/4d571ff55345efadfb90ca100df3e18eb3cdaa9eb0599415645d75cb8626ba49?s=96&d=mm&r=g\",\"contentUrl\":\"https:\\\/\\\/secure.gravatar.com\\\/avatar\\\/4d571ff55345efadfb90ca100df3e18eb3cdaa9eb0599415645d75cb8626ba49?s=96&d=mm&r=g\",\"caption\":\"ESM\"},\"url\":\"https:\\\/\\\/www.etoilesportivemontoise.fr\\\/football\\\/aka\\\/9af3b8c1915118cbc5cf7cdecb87fa13c2abf1c4\\\/\"}]}<\/script>\n<!-- \/ Yoast SEO plugin. -->","yoast_head_json":{"title":"De pr\u00e9cieux points perdus - ESM Foot","robots":{"index":"index","follow":"follow","max-snippet":"max-snippet:-1","max-image-preview":"max-image-preview:large","max-video-preview":"max-video-preview:-1"},"canonical":"https:\/\/www.etoilesportivemontoise.fr\/football\/2013\/11\/de-precieux-points-perdus\/","og_locale":"fr_FR","og_type":"article","og_title":"De pr\u00e9cieux points perdus - ESM Foot","og_description":"L\u2019ESM recevait Garein ce samedi 23 novembre, une \u00e9quipe largement \u00e0 sa port\u00e9e\u2026 Cette sup\u00e9riorit\u00e9 sur le papier devait se v\u00e9rifier sur le terrain avec une possession de balle \u00e0 l\u2019avantage des stellistes, assortie de trois occasions d\u00e8s le 1er quart d\u2019heure. Trois m\u00e8ches allum\u00e9es...","og_url":"https:\/\/www.etoilesportivemontoise.fr\/football\/2013\/11\/de-precieux-points-perdus\/","og_site_name":"ESM Foot","article_published_time":"2013-11-29T11:32:00+00:00","article_modified_time":"2024-03-24T17:15:46+00:00","og_image":[{"url":"http:\/\/3.bp.blogspot.com\/-ki69vZ2GHjk\/Uph4VE3jZZI\/AAAAAAAAC8s\/Om7swaedDe0\/s320\/IMG_9797.JPG","type":"","width":"","height":""}],"author":"ESM","twitter_misc":{"\u00c9crit par":"ESM","Dur\u00e9e de lecture estim\u00e9e":"2 minutes"},"schema":{"@context":"https:\/\/schema.org","@graph":[{"@type":"Article","@id":"https:\/\/www.etoilesportivemontoise.fr\/football\/2013\/11\/de-precieux-points-perdus\/#article","isPartOf":{"@id":"https:\/\/www.etoilesportivemontoise.fr\/football\/2013\/11\/de-precieux-points-perdus\/"},"author":{"name":"ESM","@id":"https:\/\/www.etoilesportivemontoise.fr\/football\/#\/schema\/person\/dd02b702be97ed924801c88fb2142212"},"headline":"De pr\u00e9cieux points perdus","datePublished":"2013-11-29T11:32:00+00:00","dateModified":"2024-03-24T17:15:46+00:00","mainEntityOfPage":{"@id":"https:\/\/www.etoilesportivemontoise.fr\/football\/2013\/11\/de-precieux-points-perdus\/"},"wordCount":322,"image":{"@id":"https:\/\/www.etoilesportivemontoise.fr\/football\/2013\/11\/de-precieux-points-perdus\/#primaryimage"},"thumbnailUrl":"http:\/\/3.bp.blogspot.com\/-ki69vZ2GHjk\/Uph4VE3jZZI\/AAAAAAAAC8s\/Om7swaedDe0\/s320\/IMG_9797.JPG","articleSection":["Archives"],"inLanguage":"fr-FR"},{"@type":"WebPage","@id":"https:\/\/www.etoilesportivemontoise.fr\/football\/2013\/11\/de-precieux-points-perdus\/","url":"https:\/\/www.etoilesportivemontoise.fr\/football\/2013\/11\/de-precieux-points-perdus\/","name":"De pr\u00e9cieux points perdus - ESM Foot","isPartOf":{"@id":"https:\/\/www.etoilesportivemontoise.fr\/football\/#website"},"primaryImageOfPage":{"@id":"https:\/\/www.etoilesportivemontoise.fr\/football\/2013\/11\/de-precieux-points-perdus\/#primaryimage"},"image":{"@id":"https:\/\/www.etoilesportivemontoise.fr\/football\/2013\/11\/de-precieux-points-perdus\/#primaryimage"},"thumbnailUrl":"http:\/\/3.bp.blogspot.com\/-ki69vZ2GHjk\/Uph4VE3jZZI\/AAAAAAAAC8s\/Om7swaedDe0\/s320\/IMG_9797.JPG","datePublished":"2013-11-29T11:32:00+00:00","dateModified":"2024-03-24T17:15:46+00:00","author":{"@id":"https:\/\/www.etoilesportivemontoise.fr\/football\/#\/schema\/person\/dd02b702be97ed924801c88fb2142212"},"breadcrumb":{"@id":"https:\/\/www.etoilesportivemontoise.fr\/football\/2013\/11\/de-precieux-points-perdus\/#breadcrumb"},"inLanguage":"fr-FR","potentialAction":[{"@type":"ReadAction","target":["https:\/\/www.etoilesportivemontoise.fr\/football\/2013\/11\/de-precieux-points-perdus\/"]}]},{"@type":"ImageObject","inLanguage":"fr-FR","@id":"https:\/\/www.etoilesportivemontoise.fr\/football\/2013\/11\/de-precieux-points-perdus\/#primaryimage","url":"http:\/\/3.bp.blogspot.com\/-ki69vZ2GHjk\/Uph4VE3jZZI\/AAAAAAAAC8s\/Om7swaedDe0\/s320\/IMG_9797.JPG","contentUrl":"http:\/\/3.bp.blogspot.com\/-ki69vZ2GHjk\/Uph4VE3jZZI\/AAAAAAAAC8s\/Om7swaedDe0\/s320\/IMG_9797.JPG"},{"@type":"BreadcrumbList","@id":"https:\/\/www.etoilesportivemontoise.fr\/football\/2013\/11\/de-precieux-points-perdus\/#breadcrumb","itemListElement":[{"@type":"ListItem","position":1,"name":"Accueil","item":"https:\/\/www.etoilesportivemontoise.fr\/football\/"},{"@type":"ListItem","position":2,"name":"De pr\u00e9cieux points perdus"}]},{"@type":"WebSite","@id":"https:\/\/www.etoilesportivemontoise.fr\/football\/#website","url":"https:\/\/www.etoilesportivemontoise.fr\/football\/","name":"ESM Foot","description":"Club Football Mont de Marsan","potentialAction":[{"@type":"SearchAction","target":{"@type":"EntryPoint","urlTemplate":"https:\/\/www.etoilesportivemontoise.fr\/football\/?s={search_term_string}"},"query-input":{"@type":"PropertyValueSpecification","valueRequired":true,"valueName":"search_term_string"}}],"inLanguage":"fr-FR"},{"@type":"Person","@id":"https:\/\/www.etoilesportivemontoise.fr\/football\/#\/schema\/person\/dd02b702be97ed924801c88fb2142212","name":"ESM","image":{"@type":"ImageObject","inLanguage":"fr-FR","@id":"https:\/\/secure.gravatar.com\/avatar\/4d571ff55345efadfb90ca100df3e18eb3cdaa9eb0599415645d75cb8626ba49?s=96&d=mm&r=g","url":"https:\/\/secure.gravatar.com\/avatar\/4d571ff55345efadfb90ca100df3e18eb3cdaa9eb0599415645d75cb8626ba49?s=96&d=mm&r=g","contentUrl":"https:\/\/secure.gravatar.com\/avatar\/4d571ff55345efadfb90ca100df3e18eb3cdaa9eb0599415645d75cb8626ba49?s=96&d=mm&r=g","caption":"ESM"},"url":"https:\/\/www.etoilesportivemontoise.fr\/football\/aka\/9af3b8c1915118cbc5cf7cdecb87fa13c2abf1c4\/"}]}},"_links":{"self":[{"href":"https:\/\/www.etoilesportivemontoise.fr\/football\/wp-json\/wp\/v2\/posts\/3517","targetHints":{"allow":["GET"]}}],"collection":[{"href":"https:\/\/www.etoilesportivemontoise.fr\/football\/wp-json\/wp\/v2\/posts"}],"about":[{"href":"https:\/\/www.etoilesportivemontoise.fr\/football\/wp-json\/wp\/v2\/types\/post"}],"author":[{"embeddable":true,"href":"https:\/\/www.etoilesportivemontoise.fr\/football\/wp-json\/wp\/v2\/users\/1"}],"replies":[{"embeddable":true,"href":"https:\/\/www.etoilesportivemontoise.fr\/football\/wp-json\/wp\/v2\/comments?post=3517"}],"version-history":[{"count":1,"href":"https:\/\/www.etoilesportivemontoise.fr\/football\/wp-json\/wp\/v2\/posts\/3517\/revisions"}],"predecessor-version":[{"id":4307,"href":"https:\/\/www.etoilesportivemontoise.fr\/football\/wp-json\/wp\/v2\/posts\/3517\/revisions\/4307"}],"wp:attachment":[{"href":"https:\/\/www.etoilesportivemontoise.fr\/football\/wp-json\/wp\/v2\/media?parent=3517"}],"wp:term":[{"taxonomy":"category","embeddable":true,"href":"https:\/\/www.etoilesportivemontoise.fr\/football\/wp-json\/wp\/v2\/categories?post=3517"},{"taxonomy":"post_tag","embeddable":true,"href":"https:\/\/www.etoilesportivemontoise.fr\/football\/wp-json\/wp\/v2\/tags?post=3517"}],"curies":[{"name":"wp","href":"https:\/\/api.w.org\/{rel}","templated":true}]}}