{"id":3525,"date":"2013-11-09T11:03:00","date_gmt":"2013-11-09T10:03:00","guid":{"rendered":"http:\/\/www.etoilesportivemontoise.fr\/football\/la-reserve-voit-rouge\/"},"modified":"2024-03-24T18:15:51","modified_gmt":"2024-03-24T17:15:51","slug":"la-reserve-voit-rouge","status":"publish","type":"post","link":"https:\/\/www.etoilesportivemontoise.fr\/football\/2013\/11\/la-reserve-voit-rouge\/","title":{"rendered":"La r\u00e9serve voit rouge"},"content":{"rendered":"<div style=\"clear: both;text-align: center\"><a href=\"http:\/\/3.bp.blogspot.com\/-UJsrPZasAYk\/Un4IIGqOOJI\/AAAAAAAACk0\/j3p_lmHZrTY\/s1600\/IMG_8948.JPG\" style=\"margin-left: 1em;margin-right: 1em\"><img loading=\"lazy\" decoding=\"async\" border=\"0\" height=\"244\" src=\"http:\/\/3.bp.blogspot.com\/-UJsrPZasAYk\/Un4IIGqOOJI\/AAAAAAAACk0\/j3p_lmHZrTY\/s320\/IMG_8948.JPG\" width=\"320\" \/><\/a><\/div>\n<p>Dimanche 3 novembre, les s\u00e9niors B de l\u2019Etoile recevaient l\u2019\u00e9quipe de <b><span style=\"color: #0b5394\">Rion-des-Landes<\/span><\/b>, un adversaire direct.<\/p>\n<p>D\u00e8s la 5\u00e8me minute, Willy obtenait un p\u00e9nalty qu\u2019il ne r\u00e9ussit malheureusement pas \u00e0 transformer, car bien anticip\u00e9 par le gardien rionais\u2026<\/p>\n<p>Hormis quelques bons mouvements et quelques centres-tirs, les stellistes ne se r\u00e9v\u00e9l\u00e8rent pas tr\u00e8s dangereux durant la premi\u00e8re p\u00e9riode. Seule une t\u00eate de Paulin devait faire trembler la transversale adverse, suivie 10 minutes plus tard par un coup de t\u00eate de C\u00e9dric, repouss\u00e9 par un d\u00e9fenseur vert et noir\u2026<\/p>\n<p><a name='more'><\/a>Peu apr\u00e8s, le m\u00eame C\u00e9dric devait nous r\u00e9galer d\u2019une belle frappe en pivot, malheureusement non cadr\u00e9e. Bref, un go\u00fbt d\u2019inachev\u00e9 pour ces 45 premi\u00e8res minutes \u2026<\/p>\n<div>\n<p><\/div>\n<p>Profitant du manque d\u2019efficacit\u00e9 de leurs h\u00f4tes, l\u2019\u00e9quipe de Rion r\u00e9ussit \u00e0 tromper Mathieu par deux fois, la premi\u00e8re sur un poteau rentrant, et la seconde sur une aile de pigeon\u2026 Si bien qu\u2019\u00e0 la pause, l\u2019ESM accusait deux buts de retard\u2026<\/p>\n<p>Au retour des vestiaires, les n\u00f4tres sont revenus avec de meilleures intentions. A la 20\u00e8me minute, Paulin, servi par Willy, se jouait de la d\u00e9fense adverse et r\u00e9ussissait \u00e0 marquer dans un angle tr\u00e8s ferm\u00e9.<\/p>\n<div>\n<p><\/div>\n<p>Peu \u00e0 peu, se sentant domin\u00e9s, les rionais devaient durcir le jeu. De mauvais gestes furent commis \u00e0 l\u2019encontre de certains de nos gar\u00e7ons, notamment Alex et Paulin. Suite \u00e0 une bousculade entre plusieurs joueurs, l\u2019un des n\u00f4tres fut sanctionn\u00e9 d\u2019un carton rouge.<\/p>\n<p>Malgr\u00e9 ce mauvais sc\u00e9nario, Alex se procura une derni\u00e8re occasion, d\u00e9tourn\u00e9e du bout du gant par le gardien, avant de prendre un second carton jaune, synonyme pour lui aussi d\u2019exclusion. Difficile dans ces conditions de faire basculer le r\u00e9sultat \u2026<\/p>\n<p>Score final 1-2.Les r\u00e9servistes font un faux pas \u00e0 domicile, contre une \u00e9quipe pourtant \u00e0 leur port\u00e9e. Il sera important de faire un bon r\u00e9sultat \u00e0 Mimizan, dimanche prochain \u2026<\/p>\n","protected":false},"excerpt":{"rendered":"<p>Dimanche 3 novembre, les s\u00e9niors B de l\u2019Etoile recevaient l\u2019\u00e9quipe de Rion-des-Landes, un adversaire direct. D\u00e8s la 5\u00e8me minute, Willy obtenait un p\u00e9nalty qu\u2019il ne r\u00e9ussit malheureusement pas \u00e0 transformer, car bien anticip\u00e9 par le gardien rionais\u2026 Hormis quelques bons mouvements et quelques centres-tirs, les&#8230;<\/p>\n","protected":false},"author":1,"featured_media":0,"comment_status":"closed","ping_status":"closed","sticky":false,"template":"","format":"standard","meta":{"footnotes":""},"categories":[28],"tags":[],"class_list":["post-3525","post","type-post","status-publish","format-standard","hentry","category-old"],"yoast_head":"<!-- This site is optimized with the Yoast SEO plugin v27.3 - https:\/\/yoast.com\/product\/yoast-seo-wordpress\/ -->\n<title>La r\u00e9serve voit rouge - ESM Foot<\/title>\n<meta name=\"robots\" content=\"index, follow, max-snippet:-1, max-image-preview:large, max-video-preview:-1\" \/>\n<link rel=\"canonical\" href=\"https:\/\/www.etoilesportivemontoise.fr\/football\/2013\/11\/la-reserve-voit-rouge\/\" \/>\n<meta property=\"og:locale\" content=\"fr_FR\" \/>\n<meta property=\"og:type\" content=\"article\" \/>\n<meta property=\"og:title\" content=\"La r\u00e9serve voit rouge - ESM Foot\" \/>\n<meta property=\"og:description\" content=\"Dimanche 3 novembre, les s\u00e9niors B de l\u2019Etoile recevaient l\u2019\u00e9quipe de Rion-des-Landes, un adversaire direct. D\u00e8s la 5\u00e8me minute, Willy obtenait un p\u00e9nalty qu\u2019il ne r\u00e9ussit malheureusement pas \u00e0 transformer, car bien anticip\u00e9 par le gardien rionais\u2026 Hormis quelques bons mouvements et quelques centres-tirs, les...\" \/>\n<meta property=\"og:url\" content=\"https:\/\/www.etoilesportivemontoise.fr\/football\/2013\/11\/la-reserve-voit-rouge\/\" \/>\n<meta property=\"og:site_name\" content=\"ESM Foot\" \/>\n<meta property=\"article:published_time\" content=\"2013-11-09T10:03:00+00:00\" \/>\n<meta property=\"article:modified_time\" content=\"2024-03-24T17:15:51+00:00\" \/>\n<meta property=\"og:image\" content=\"http:\/\/3.bp.blogspot.com\/-UJsrPZasAYk\/Un4IIGqOOJI\/AAAAAAAACk0\/j3p_lmHZrTY\/s320\/IMG_8948.JPG\" \/>\n<meta name=\"author\" content=\"ESM\" \/>\n<meta name=\"twitter:label1\" content=\"\u00c9crit par\" \/>\n\t<meta name=\"twitter:data1\" content=\"ESM\" \/>\n\t<meta name=\"twitter:label2\" content=\"Dur\u00e9e de lecture estim\u00e9e\" \/>\n\t<meta name=\"twitter:data2\" content=\"2 minutes\" \/>\n<script type=\"application\/ld+json\" class=\"yoast-schema-graph\">{\"@context\":\"https:\\\/\\\/schema.org\",\"@graph\":[{\"@type\":\"Article\",\"@id\":\"https:\\\/\\\/www.etoilesportivemontoise.fr\\\/football\\\/2013\\\/11\\\/la-reserve-voit-rouge\\\/#article\",\"isPartOf\":{\"@id\":\"https:\\\/\\\/www.etoilesportivemontoise.fr\\\/football\\\/2013\\\/11\\\/la-reserve-voit-rouge\\\/\"},\"author\":{\"name\":\"ESM\",\"@id\":\"https:\\\/\\\/www.etoilesportivemontoise.fr\\\/football\\\/#\\\/schema\\\/person\\\/dd02b702be97ed924801c88fb2142212\"},\"headline\":\"La r\u00e9serve voit rouge\",\"datePublished\":\"2013-11-09T10:03:00+00:00\",\"dateModified\":\"2024-03-24T17:15:51+00:00\",\"mainEntityOfPage\":{\"@id\":\"https:\\\/\\\/www.etoilesportivemontoise.fr\\\/football\\\/2013\\\/11\\\/la-reserve-voit-rouge\\\/\"},\"wordCount\":344,\"image\":{\"@id\":\"https:\\\/\\\/www.etoilesportivemontoise.fr\\\/football\\\/2013\\\/11\\\/la-reserve-voit-rouge\\\/#primaryimage\"},\"thumbnailUrl\":\"http:\\\/\\\/3.bp.blogspot.com\\\/-UJsrPZasAYk\\\/Un4IIGqOOJI\\\/AAAAAAAACk0\\\/j3p_lmHZrTY\\\/s320\\\/IMG_8948.JPG\",\"articleSection\":[\"Archives\"],\"inLanguage\":\"fr-FR\"},{\"@type\":\"WebPage\",\"@id\":\"https:\\\/\\\/www.etoilesportivemontoise.fr\\\/football\\\/2013\\\/11\\\/la-reserve-voit-rouge\\\/\",\"url\":\"https:\\\/\\\/www.etoilesportivemontoise.fr\\\/football\\\/2013\\\/11\\\/la-reserve-voit-rouge\\\/\",\"name\":\"La r\u00e9serve voit rouge - ESM Foot\",\"isPartOf\":{\"@id\":\"https:\\\/\\\/www.etoilesportivemontoise.fr\\\/football\\\/#website\"},\"primaryImageOfPage\":{\"@id\":\"https:\\\/\\\/www.etoilesportivemontoise.fr\\\/football\\\/2013\\\/11\\\/la-reserve-voit-rouge\\\/#primaryimage\"},\"image\":{\"@id\":\"https:\\\/\\\/www.etoilesportivemontoise.fr\\\/football\\\/2013\\\/11\\\/la-reserve-voit-rouge\\\/#primaryimage\"},\"thumbnailUrl\":\"http:\\\/\\\/3.bp.blogspot.com\\\/-UJsrPZasAYk\\\/Un4IIGqOOJI\\\/AAAAAAAACk0\\\/j3p_lmHZrTY\\\/s320\\\/IMG_8948.JPG\",\"datePublished\":\"2013-11-09T10:03:00+00:00\",\"dateModified\":\"2024-03-24T17:15:51+00:00\",\"author\":{\"@id\":\"https:\\\/\\\/www.etoilesportivemontoise.fr\\\/football\\\/#\\\/schema\\\/person\\\/dd02b702be97ed924801c88fb2142212\"},\"breadcrumb\":{\"@id\":\"https:\\\/\\\/www.etoilesportivemontoise.fr\\\/football\\\/2013\\\/11\\\/la-reserve-voit-rouge\\\/#breadcrumb\"},\"inLanguage\":\"fr-FR\",\"potentialAction\":[{\"@type\":\"ReadAction\",\"target\":[\"https:\\\/\\\/www.etoilesportivemontoise.fr\\\/football\\\/2013\\\/11\\\/la-reserve-voit-rouge\\\/\"]}]},{\"@type\":\"ImageObject\",\"inLanguage\":\"fr-FR\",\"@id\":\"https:\\\/\\\/www.etoilesportivemontoise.fr\\\/football\\\/2013\\\/11\\\/la-reserve-voit-rouge\\\/#primaryimage\",\"url\":\"http:\\\/\\\/3.bp.blogspot.com\\\/-UJsrPZasAYk\\\/Un4IIGqOOJI\\\/AAAAAAAACk0\\\/j3p_lmHZrTY\\\/s320\\\/IMG_8948.JPG\",\"contentUrl\":\"http:\\\/\\\/3.bp.blogspot.com\\\/-UJsrPZasAYk\\\/Un4IIGqOOJI\\\/AAAAAAAACk0\\\/j3p_lmHZrTY\\\/s320\\\/IMG_8948.JPG\"},{\"@type\":\"BreadcrumbList\",\"@id\":\"https:\\\/\\\/www.etoilesportivemontoise.fr\\\/football\\\/2013\\\/11\\\/la-reserve-voit-rouge\\\/#breadcrumb\",\"itemListElement\":[{\"@type\":\"ListItem\",\"position\":1,\"name\":\"Accueil\",\"item\":\"https:\\\/\\\/www.etoilesportivemontoise.fr\\\/football\\\/\"},{\"@type\":\"ListItem\",\"position\":2,\"name\":\"La r\u00e9serve voit rouge\"}]},{\"@type\":\"WebSite\",\"@id\":\"https:\\\/\\\/www.etoilesportivemontoise.fr\\\/football\\\/#website\",\"url\":\"https:\\\/\\\/www.etoilesportivemontoise.fr\\\/football\\\/\",\"name\":\"ESM Foot\",\"description\":\"Club Football Mont de Marsan\",\"potentialAction\":[{\"@type\":\"SearchAction\",\"target\":{\"@type\":\"EntryPoint\",\"urlTemplate\":\"https:\\\/\\\/www.etoilesportivemontoise.fr\\\/football\\\/?s={search_term_string}\"},\"query-input\":{\"@type\":\"PropertyValueSpecification\",\"valueRequired\":true,\"valueName\":\"search_term_string\"}}],\"inLanguage\":\"fr-FR\"},{\"@type\":\"Person\",\"@id\":\"https:\\\/\\\/www.etoilesportivemontoise.fr\\\/football\\\/#\\\/schema\\\/person\\\/dd02b702be97ed924801c88fb2142212\",\"name\":\"ESM\",\"image\":{\"@type\":\"ImageObject\",\"inLanguage\":\"fr-FR\",\"@id\":\"https:\\\/\\\/secure.gravatar.com\\\/avatar\\\/4d571ff55345efadfb90ca100df3e18eb3cdaa9eb0599415645d75cb8626ba49?s=96&d=mm&r=g\",\"url\":\"https:\\\/\\\/secure.gravatar.com\\\/avatar\\\/4d571ff55345efadfb90ca100df3e18eb3cdaa9eb0599415645d75cb8626ba49?s=96&d=mm&r=g\",\"contentUrl\":\"https:\\\/\\\/secure.gravatar.com\\\/avatar\\\/4d571ff55345efadfb90ca100df3e18eb3cdaa9eb0599415645d75cb8626ba49?s=96&d=mm&r=g\",\"caption\":\"ESM\"},\"url\":\"https:\\\/\\\/www.etoilesportivemontoise.fr\\\/football\\\/aka\\\/9af3b8c1915118cbc5cf7cdecb87fa13c2abf1c4\\\/\"}]}<\/script>\n<!-- \/ Yoast SEO plugin. -->","yoast_head_json":{"title":"La r\u00e9serve voit rouge - ESM Foot","robots":{"index":"index","follow":"follow","max-snippet":"max-snippet:-1","max-image-preview":"max-image-preview:large","max-video-preview":"max-video-preview:-1"},"canonical":"https:\/\/www.etoilesportivemontoise.fr\/football\/2013\/11\/la-reserve-voit-rouge\/","og_locale":"fr_FR","og_type":"article","og_title":"La r\u00e9serve voit rouge - ESM Foot","og_description":"Dimanche 3 novembre, les s\u00e9niors B de l\u2019Etoile recevaient l\u2019\u00e9quipe de Rion-des-Landes, un adversaire direct. D\u00e8s la 5\u00e8me minute, Willy obtenait un p\u00e9nalty qu\u2019il ne r\u00e9ussit malheureusement pas \u00e0 transformer, car bien anticip\u00e9 par le gardien rionais\u2026 Hormis quelques bons mouvements et quelques centres-tirs, les...","og_url":"https:\/\/www.etoilesportivemontoise.fr\/football\/2013\/11\/la-reserve-voit-rouge\/","og_site_name":"ESM Foot","article_published_time":"2013-11-09T10:03:00+00:00","article_modified_time":"2024-03-24T17:15:51+00:00","og_image":[{"url":"http:\/\/3.bp.blogspot.com\/-UJsrPZasAYk\/Un4IIGqOOJI\/AAAAAAAACk0\/j3p_lmHZrTY\/s320\/IMG_8948.JPG","type":"","width":"","height":""}],"author":"ESM","twitter_misc":{"\u00c9crit par":"ESM","Dur\u00e9e de lecture estim\u00e9e":"2 minutes"},"schema":{"@context":"https:\/\/schema.org","@graph":[{"@type":"Article","@id":"https:\/\/www.etoilesportivemontoise.fr\/football\/2013\/11\/la-reserve-voit-rouge\/#article","isPartOf":{"@id":"https:\/\/www.etoilesportivemontoise.fr\/football\/2013\/11\/la-reserve-voit-rouge\/"},"author":{"name":"ESM","@id":"https:\/\/www.etoilesportivemontoise.fr\/football\/#\/schema\/person\/dd02b702be97ed924801c88fb2142212"},"headline":"La r\u00e9serve voit rouge","datePublished":"2013-11-09T10:03:00+00:00","dateModified":"2024-03-24T17:15:51+00:00","mainEntityOfPage":{"@id":"https:\/\/www.etoilesportivemontoise.fr\/football\/2013\/11\/la-reserve-voit-rouge\/"},"wordCount":344,"image":{"@id":"https:\/\/www.etoilesportivemontoise.fr\/football\/2013\/11\/la-reserve-voit-rouge\/#primaryimage"},"thumbnailUrl":"http:\/\/3.bp.blogspot.com\/-UJsrPZasAYk\/Un4IIGqOOJI\/AAAAAAAACk0\/j3p_lmHZrTY\/s320\/IMG_8948.JPG","articleSection":["Archives"],"inLanguage":"fr-FR"},{"@type":"WebPage","@id":"https:\/\/www.etoilesportivemontoise.fr\/football\/2013\/11\/la-reserve-voit-rouge\/","url":"https:\/\/www.etoilesportivemontoise.fr\/football\/2013\/11\/la-reserve-voit-rouge\/","name":"La r\u00e9serve voit rouge - ESM Foot","isPartOf":{"@id":"https:\/\/www.etoilesportivemontoise.fr\/football\/#website"},"primaryImageOfPage":{"@id":"https:\/\/www.etoilesportivemontoise.fr\/football\/2013\/11\/la-reserve-voit-rouge\/#primaryimage"},"image":{"@id":"https:\/\/www.etoilesportivemontoise.fr\/football\/2013\/11\/la-reserve-voit-rouge\/#primaryimage"},"thumbnailUrl":"http:\/\/3.bp.blogspot.com\/-UJsrPZasAYk\/Un4IIGqOOJI\/AAAAAAAACk0\/j3p_lmHZrTY\/s320\/IMG_8948.JPG","datePublished":"2013-11-09T10:03:00+00:00","dateModified":"2024-03-24T17:15:51+00:00","author":{"@id":"https:\/\/www.etoilesportivemontoise.fr\/football\/#\/schema\/person\/dd02b702be97ed924801c88fb2142212"},"breadcrumb":{"@id":"https:\/\/www.etoilesportivemontoise.fr\/football\/2013\/11\/la-reserve-voit-rouge\/#breadcrumb"},"inLanguage":"fr-FR","potentialAction":[{"@type":"ReadAction","target":["https:\/\/www.etoilesportivemontoise.fr\/football\/2013\/11\/la-reserve-voit-rouge\/"]}]},{"@type":"ImageObject","inLanguage":"fr-FR","@id":"https:\/\/www.etoilesportivemontoise.fr\/football\/2013\/11\/la-reserve-voit-rouge\/#primaryimage","url":"http:\/\/3.bp.blogspot.com\/-UJsrPZasAYk\/Un4IIGqOOJI\/AAAAAAAACk0\/j3p_lmHZrTY\/s320\/IMG_8948.JPG","contentUrl":"http:\/\/3.bp.blogspot.com\/-UJsrPZasAYk\/Un4IIGqOOJI\/AAAAAAAACk0\/j3p_lmHZrTY\/s320\/IMG_8948.JPG"},{"@type":"BreadcrumbList","@id":"https:\/\/www.etoilesportivemontoise.fr\/football\/2013\/11\/la-reserve-voit-rouge\/#breadcrumb","itemListElement":[{"@type":"ListItem","position":1,"name":"Accueil","item":"https:\/\/www.etoilesportivemontoise.fr\/football\/"},{"@type":"ListItem","position":2,"name":"La r\u00e9serve voit rouge"}]},{"@type":"WebSite","@id":"https:\/\/www.etoilesportivemontoise.fr\/football\/#website","url":"https:\/\/www.etoilesportivemontoise.fr\/football\/","name":"ESM Foot","description":"Club Football Mont de Marsan","potentialAction":[{"@type":"SearchAction","target":{"@type":"EntryPoint","urlTemplate":"https:\/\/www.etoilesportivemontoise.fr\/football\/?s={search_term_string}"},"query-input":{"@type":"PropertyValueSpecification","valueRequired":true,"valueName":"search_term_string"}}],"inLanguage":"fr-FR"},{"@type":"Person","@id":"https:\/\/www.etoilesportivemontoise.fr\/football\/#\/schema\/person\/dd02b702be97ed924801c88fb2142212","name":"ESM","image":{"@type":"ImageObject","inLanguage":"fr-FR","@id":"https:\/\/secure.gravatar.com\/avatar\/4d571ff55345efadfb90ca100df3e18eb3cdaa9eb0599415645d75cb8626ba49?s=96&d=mm&r=g","url":"https:\/\/secure.gravatar.com\/avatar\/4d571ff55345efadfb90ca100df3e18eb3cdaa9eb0599415645d75cb8626ba49?s=96&d=mm&r=g","contentUrl":"https:\/\/secure.gravatar.com\/avatar\/4d571ff55345efadfb90ca100df3e18eb3cdaa9eb0599415645d75cb8626ba49?s=96&d=mm&r=g","caption":"ESM"},"url":"https:\/\/www.etoilesportivemontoise.fr\/football\/aka\/9af3b8c1915118cbc5cf7cdecb87fa13c2abf1c4\/"}]}},"_links":{"self":[{"href":"https:\/\/www.etoilesportivemontoise.fr\/football\/wp-json\/wp\/v2\/posts\/3525","targetHints":{"allow":["GET"]}}],"collection":[{"href":"https:\/\/www.etoilesportivemontoise.fr\/football\/wp-json\/wp\/v2\/posts"}],"about":[{"href":"https:\/\/www.etoilesportivemontoise.fr\/football\/wp-json\/wp\/v2\/types\/post"}],"author":[{"embeddable":true,"href":"https:\/\/www.etoilesportivemontoise.fr\/football\/wp-json\/wp\/v2\/users\/1"}],"replies":[{"embeddable":true,"href":"https:\/\/www.etoilesportivemontoise.fr\/football\/wp-json\/wp\/v2\/comments?post=3525"}],"version-history":[{"count":1,"href":"https:\/\/www.etoilesportivemontoise.fr\/football\/wp-json\/wp\/v2\/posts\/3525\/revisions"}],"predecessor-version":[{"id":4285,"href":"https:\/\/www.etoilesportivemontoise.fr\/football\/wp-json\/wp\/v2\/posts\/3525\/revisions\/4285"}],"wp:attachment":[{"href":"https:\/\/www.etoilesportivemontoise.fr\/football\/wp-json\/wp\/v2\/media?parent=3525"}],"wp:term":[{"taxonomy":"category","embeddable":true,"href":"https:\/\/www.etoilesportivemontoise.fr\/football\/wp-json\/wp\/v2\/categories?post=3525"},{"taxonomy":"post_tag","embeddable":true,"href":"https:\/\/www.etoilesportivemontoise.fr\/football\/wp-json\/wp\/v2\/tags?post=3525"}],"curies":[{"name":"wp","href":"https:\/\/api.w.org\/{rel}","templated":true}]}}