{"id":3527,"date":"2013-10-23T18:00:00","date_gmt":"2013-10-23T17:00:00","guid":{"rendered":"http:\/\/www.etoilesportivemontoise.fr\/football\/les-u19-dans-le-money-time\/"},"modified":"2024-03-24T18:15:52","modified_gmt":"2024-03-24T17:15:52","slug":"esm-bouscat-u19-ligue","status":"publish","type":"post","link":"https:\/\/www.etoilesportivemontoise.fr\/football\/2013\/10\/esm-bouscat-u19-ligue\/","title":{"rendered":"Les U19, dans le \u00ab money time \u00bb"},"content":{"rendered":"<div style=\"clear: both;text-align: center\"><\/div>\n<div style=\"clear: both;text-align: center\"><a href=\"https:\/\/plus.google.com\/photos\/103714954216275648745\/albums\/5937978806271861665\" style=\"margin-left: 1em;margin-right: 1em\" target=\"_blank\" rel=\"noopener\"><img loading=\"lazy\" decoding=\"async\" border=\"0\" height=\"246\" src=\"http:\/\/3.bp.blogspot.com\/-Gp6dZClCoS4\/Umf_1d38-rI\/AAAAAAAACUo\/Gn2271EG9UI\/s320\/u19_bouscat.jpg\" width=\"320\" \/><\/a><\/div>\n<p>Temps id\u00e9al en ce samedi 19 octobre \u00e0 Jacques Foix, pour affronter <b><span style=\"color: #0b5394\">Bouscat<\/span><\/b>, une \u00e9quipe en difficult\u00e9 dans le classement&#8230;<\/p>\n<p>La 1\u00e8re mi-temps devait rapidement tourner \u00e0 l\u2019avantage de l\u2019ESM d\u00e8s la 20\u00e8me minute, gr\u00e2ce \u00e0 une r\u00e9alisation de Martin, imit\u00e9 par Simon, juste avant la mi-temps.<\/p>\n<p><a name='more'><\/a>Les choses semblaient (trop ?) bien engag\u00e9es pour nos gar\u00e7ons, victimes d\u2019un rel\u00e2chement coupable au retour des vestiaires. La qualit\u00e9 technique et tactique du groupe devenue approximative, aggrav\u00e9e par trop d&rsquo;erreurs individuelles, ont permis aux girondins revenir \u00e0 hauteur, puis de mener 3 \u00e0 2, gr\u00e2ce \u00e0 une r\u00e9ussite insolente.<\/p>\n<p>Sonn\u00e9s par ce renversement de situation, nos joueurs se reprirent, profitant dans le m\u00eame temps d\u2019un coaching gagnant. En effet, peu de temps apr\u00e8s leur entr\u00e9e, C\u00e9dric mettait un centre au ras des cages, permettant \u00e0 R\u00e9mi d\u2019\u00e9galiser.<\/p>\n<p>Jusqu\u2019au bout, nos jeunes assi\u00e9g\u00e8rent les cages bouscataises. Ce travail finit par payer, gr\u00e2ce \u00e0 Lukas qui offrait victoire \u00ab \u00e0 l&rsquo;arrach\u00e9 \u00bb, peu de temps avant la fin du temps&nbsp;r\u00e9glementaire\u2026<\/p>\n<p>Score final : 4-3.<\/p>\n<p>Consultez <a href=\"https:\/\/plus.google.com\/photos\/103714954216275648745\/albums\/5937978806271861665\" target=\"_blank\" rel=\"noopener\">les photos du match<\/a>.<\/p>\n","protected":false},"excerpt":{"rendered":"<p>Temps id\u00e9al en ce samedi 19 octobre \u00e0 Jacques Foix, pour affronter Bouscat, une \u00e9quipe en difficult\u00e9 dans le classement&#8230; La 1\u00e8re mi-temps devait rapidement tourner \u00e0 l\u2019avantage de l\u2019ESM d\u00e8s la 20\u00e8me minute, gr\u00e2ce \u00e0 une r\u00e9alisation de Martin, imit\u00e9 par Simon, juste avant&#8230;<\/p>\n","protected":false},"author":1,"featured_media":0,"comment_status":"closed","ping_status":"closed","sticky":false,"template":"","format":"standard","meta":{"footnotes":""},"categories":[28],"tags":[],"class_list":["post-3527","post","type-post","status-publish","format-standard","hentry","category-old"],"yoast_head":"<!-- This site is optimized with the Yoast SEO plugin v27.3 - https:\/\/yoast.com\/product\/yoast-seo-wordpress\/ -->\n<title>Les U19, dans le \u00ab money time \u00bb - ESM Foot<\/title>\n<meta name=\"robots\" content=\"index, follow, max-snippet:-1, max-image-preview:large, max-video-preview:-1\" \/>\n<link rel=\"canonical\" href=\"https:\/\/www.etoilesportivemontoise.fr\/football\/2013\/10\/esm-bouscat-u19-ligue\/\" \/>\n<meta property=\"og:locale\" content=\"fr_FR\" \/>\n<meta property=\"og:type\" content=\"article\" \/>\n<meta property=\"og:title\" content=\"Les U19, dans le \u00ab money time \u00bb - ESM Foot\" \/>\n<meta property=\"og:description\" content=\"Temps id\u00e9al en ce samedi 19 octobre \u00e0 Jacques Foix, pour affronter Bouscat, une \u00e9quipe en difficult\u00e9 dans le classement&#8230; La 1\u00e8re mi-temps devait rapidement tourner \u00e0 l\u2019avantage de l\u2019ESM d\u00e8s la 20\u00e8me minute, gr\u00e2ce \u00e0 une r\u00e9alisation de Martin, imit\u00e9 par Simon, juste avant...\" \/>\n<meta property=\"og:url\" content=\"https:\/\/www.etoilesportivemontoise.fr\/football\/2013\/10\/esm-bouscat-u19-ligue\/\" \/>\n<meta property=\"og:site_name\" content=\"ESM Foot\" \/>\n<meta property=\"article:published_time\" content=\"2013-10-23T17:00:00+00:00\" \/>\n<meta property=\"article:modified_time\" content=\"2024-03-24T17:15:52+00:00\" \/>\n<meta property=\"og:image\" content=\"http:\/\/3.bp.blogspot.com\/-Gp6dZClCoS4\/Umf_1d38-rI\/AAAAAAAACUo\/Gn2271EG9UI\/s320\/u19_bouscat.jpg\" \/>\n<meta name=\"author\" content=\"ESM\" \/>\n<meta name=\"twitter:label1\" content=\"\u00c9crit par\" \/>\n\t<meta name=\"twitter:data1\" content=\"ESM\" \/>\n\t<meta name=\"twitter:label2\" content=\"Dur\u00e9e de lecture estim\u00e9e\" \/>\n\t<meta name=\"twitter:data2\" content=\"1 minute\" \/>\n<script type=\"application\/ld+json\" class=\"yoast-schema-graph\">{\"@context\":\"https:\\\/\\\/schema.org\",\"@graph\":[{\"@type\":\"Article\",\"@id\":\"https:\\\/\\\/www.etoilesportivemontoise.fr\\\/football\\\/2013\\\/10\\\/esm-bouscat-u19-ligue\\\/#article\",\"isPartOf\":{\"@id\":\"https:\\\/\\\/www.etoilesportivemontoise.fr\\\/football\\\/2013\\\/10\\\/esm-bouscat-u19-ligue\\\/\"},\"author\":{\"name\":\"ESM\",\"@id\":\"https:\\\/\\\/www.etoilesportivemontoise.fr\\\/football\\\/#\\\/schema\\\/person\\\/dd02b702be97ed924801c88fb2142212\"},\"headline\":\"Les U19, dans le \u00ab money time \u00bb\",\"datePublished\":\"2013-10-23T17:00:00+00:00\",\"dateModified\":\"2024-03-24T17:15:52+00:00\",\"mainEntityOfPage\":{\"@id\":\"https:\\\/\\\/www.etoilesportivemontoise.fr\\\/football\\\/2013\\\/10\\\/esm-bouscat-u19-ligue\\\/\"},\"wordCount\":195,\"image\":{\"@id\":\"https:\\\/\\\/www.etoilesportivemontoise.fr\\\/football\\\/2013\\\/10\\\/esm-bouscat-u19-ligue\\\/#primaryimage\"},\"thumbnailUrl\":\"http:\\\/\\\/3.bp.blogspot.com\\\/-Gp6dZClCoS4\\\/Umf_1d38-rI\\\/AAAAAAAACUo\\\/Gn2271EG9UI\\\/s320\\\/u19_bouscat.jpg\",\"articleSection\":[\"Archives\"],\"inLanguage\":\"fr-FR\"},{\"@type\":\"WebPage\",\"@id\":\"https:\\\/\\\/www.etoilesportivemontoise.fr\\\/football\\\/2013\\\/10\\\/esm-bouscat-u19-ligue\\\/\",\"url\":\"https:\\\/\\\/www.etoilesportivemontoise.fr\\\/football\\\/2013\\\/10\\\/esm-bouscat-u19-ligue\\\/\",\"name\":\"Les U19, dans le \u00ab money time \u00bb - ESM Foot\",\"isPartOf\":{\"@id\":\"https:\\\/\\\/www.etoilesportivemontoise.fr\\\/football\\\/#website\"},\"primaryImageOfPage\":{\"@id\":\"https:\\\/\\\/www.etoilesportivemontoise.fr\\\/football\\\/2013\\\/10\\\/esm-bouscat-u19-ligue\\\/#primaryimage\"},\"image\":{\"@id\":\"https:\\\/\\\/www.etoilesportivemontoise.fr\\\/football\\\/2013\\\/10\\\/esm-bouscat-u19-ligue\\\/#primaryimage\"},\"thumbnailUrl\":\"http:\\\/\\\/3.bp.blogspot.com\\\/-Gp6dZClCoS4\\\/Umf_1d38-rI\\\/AAAAAAAACUo\\\/Gn2271EG9UI\\\/s320\\\/u19_bouscat.jpg\",\"datePublished\":\"2013-10-23T17:00:00+00:00\",\"dateModified\":\"2024-03-24T17:15:52+00:00\",\"author\":{\"@id\":\"https:\\\/\\\/www.etoilesportivemontoise.fr\\\/football\\\/#\\\/schema\\\/person\\\/dd02b702be97ed924801c88fb2142212\"},\"breadcrumb\":{\"@id\":\"https:\\\/\\\/www.etoilesportivemontoise.fr\\\/football\\\/2013\\\/10\\\/esm-bouscat-u19-ligue\\\/#breadcrumb\"},\"inLanguage\":\"fr-FR\",\"potentialAction\":[{\"@type\":\"ReadAction\",\"target\":[\"https:\\\/\\\/www.etoilesportivemontoise.fr\\\/football\\\/2013\\\/10\\\/esm-bouscat-u19-ligue\\\/\"]}]},{\"@type\":\"ImageObject\",\"inLanguage\":\"fr-FR\",\"@id\":\"https:\\\/\\\/www.etoilesportivemontoise.fr\\\/football\\\/2013\\\/10\\\/esm-bouscat-u19-ligue\\\/#primaryimage\",\"url\":\"http:\\\/\\\/3.bp.blogspot.com\\\/-Gp6dZClCoS4\\\/Umf_1d38-rI\\\/AAAAAAAACUo\\\/Gn2271EG9UI\\\/s320\\\/u19_bouscat.jpg\",\"contentUrl\":\"http:\\\/\\\/3.bp.blogspot.com\\\/-Gp6dZClCoS4\\\/Umf_1d38-rI\\\/AAAAAAAACUo\\\/Gn2271EG9UI\\\/s320\\\/u19_bouscat.jpg\"},{\"@type\":\"BreadcrumbList\",\"@id\":\"https:\\\/\\\/www.etoilesportivemontoise.fr\\\/football\\\/2013\\\/10\\\/esm-bouscat-u19-ligue\\\/#breadcrumb\",\"itemListElement\":[{\"@type\":\"ListItem\",\"position\":1,\"name\":\"Accueil\",\"item\":\"https:\\\/\\\/www.etoilesportivemontoise.fr\\\/football\\\/\"},{\"@type\":\"ListItem\",\"position\":2,\"name\":\"Les U19, dans le \u00ab money time \u00bb\"}]},{\"@type\":\"WebSite\",\"@id\":\"https:\\\/\\\/www.etoilesportivemontoise.fr\\\/football\\\/#website\",\"url\":\"https:\\\/\\\/www.etoilesportivemontoise.fr\\\/football\\\/\",\"name\":\"ESM Foot\",\"description\":\"Club Football Mont de Marsan\",\"potentialAction\":[{\"@type\":\"SearchAction\",\"target\":{\"@type\":\"EntryPoint\",\"urlTemplate\":\"https:\\\/\\\/www.etoilesportivemontoise.fr\\\/football\\\/?s={search_term_string}\"},\"query-input\":{\"@type\":\"PropertyValueSpecification\",\"valueRequired\":true,\"valueName\":\"search_term_string\"}}],\"inLanguage\":\"fr-FR\"},{\"@type\":\"Person\",\"@id\":\"https:\\\/\\\/www.etoilesportivemontoise.fr\\\/football\\\/#\\\/schema\\\/person\\\/dd02b702be97ed924801c88fb2142212\",\"name\":\"ESM\",\"image\":{\"@type\":\"ImageObject\",\"inLanguage\":\"fr-FR\",\"@id\":\"https:\\\/\\\/secure.gravatar.com\\\/avatar\\\/4d571ff55345efadfb90ca100df3e18eb3cdaa9eb0599415645d75cb8626ba49?s=96&d=mm&r=g\",\"url\":\"https:\\\/\\\/secure.gravatar.com\\\/avatar\\\/4d571ff55345efadfb90ca100df3e18eb3cdaa9eb0599415645d75cb8626ba49?s=96&d=mm&r=g\",\"contentUrl\":\"https:\\\/\\\/secure.gravatar.com\\\/avatar\\\/4d571ff55345efadfb90ca100df3e18eb3cdaa9eb0599415645d75cb8626ba49?s=96&d=mm&r=g\",\"caption\":\"ESM\"},\"url\":\"https:\\\/\\\/www.etoilesportivemontoise.fr\\\/football\\\/aka\\\/9af3b8c1915118cbc5cf7cdecb87fa13c2abf1c4\\\/\"}]}<\/script>\n<!-- \/ Yoast SEO plugin. -->","yoast_head_json":{"title":"Les U19, dans le \u00ab money time \u00bb - ESM Foot","robots":{"index":"index","follow":"follow","max-snippet":"max-snippet:-1","max-image-preview":"max-image-preview:large","max-video-preview":"max-video-preview:-1"},"canonical":"https:\/\/www.etoilesportivemontoise.fr\/football\/2013\/10\/esm-bouscat-u19-ligue\/","og_locale":"fr_FR","og_type":"article","og_title":"Les U19, dans le \u00ab money time \u00bb - ESM Foot","og_description":"Temps id\u00e9al en ce samedi 19 octobre \u00e0 Jacques Foix, pour affronter Bouscat, une \u00e9quipe en difficult\u00e9 dans le classement&#8230; La 1\u00e8re mi-temps devait rapidement tourner \u00e0 l\u2019avantage de l\u2019ESM d\u00e8s la 20\u00e8me minute, gr\u00e2ce \u00e0 une r\u00e9alisation de Martin, imit\u00e9 par Simon, juste avant...","og_url":"https:\/\/www.etoilesportivemontoise.fr\/football\/2013\/10\/esm-bouscat-u19-ligue\/","og_site_name":"ESM Foot","article_published_time":"2013-10-23T17:00:00+00:00","article_modified_time":"2024-03-24T17:15:52+00:00","og_image":[{"url":"http:\/\/3.bp.blogspot.com\/-Gp6dZClCoS4\/Umf_1d38-rI\/AAAAAAAACUo\/Gn2271EG9UI\/s320\/u19_bouscat.jpg","type":"","width":"","height":""}],"author":"ESM","twitter_misc":{"\u00c9crit par":"ESM","Dur\u00e9e de lecture estim\u00e9e":"1 minute"},"schema":{"@context":"https:\/\/schema.org","@graph":[{"@type":"Article","@id":"https:\/\/www.etoilesportivemontoise.fr\/football\/2013\/10\/esm-bouscat-u19-ligue\/#article","isPartOf":{"@id":"https:\/\/www.etoilesportivemontoise.fr\/football\/2013\/10\/esm-bouscat-u19-ligue\/"},"author":{"name":"ESM","@id":"https:\/\/www.etoilesportivemontoise.fr\/football\/#\/schema\/person\/dd02b702be97ed924801c88fb2142212"},"headline":"Les U19, dans le \u00ab money time \u00bb","datePublished":"2013-10-23T17:00:00+00:00","dateModified":"2024-03-24T17:15:52+00:00","mainEntityOfPage":{"@id":"https:\/\/www.etoilesportivemontoise.fr\/football\/2013\/10\/esm-bouscat-u19-ligue\/"},"wordCount":195,"image":{"@id":"https:\/\/www.etoilesportivemontoise.fr\/football\/2013\/10\/esm-bouscat-u19-ligue\/#primaryimage"},"thumbnailUrl":"http:\/\/3.bp.blogspot.com\/-Gp6dZClCoS4\/Umf_1d38-rI\/AAAAAAAACUo\/Gn2271EG9UI\/s320\/u19_bouscat.jpg","articleSection":["Archives"],"inLanguage":"fr-FR"},{"@type":"WebPage","@id":"https:\/\/www.etoilesportivemontoise.fr\/football\/2013\/10\/esm-bouscat-u19-ligue\/","url":"https:\/\/www.etoilesportivemontoise.fr\/football\/2013\/10\/esm-bouscat-u19-ligue\/","name":"Les U19, dans le \u00ab money time \u00bb - ESM Foot","isPartOf":{"@id":"https:\/\/www.etoilesportivemontoise.fr\/football\/#website"},"primaryImageOfPage":{"@id":"https:\/\/www.etoilesportivemontoise.fr\/football\/2013\/10\/esm-bouscat-u19-ligue\/#primaryimage"},"image":{"@id":"https:\/\/www.etoilesportivemontoise.fr\/football\/2013\/10\/esm-bouscat-u19-ligue\/#primaryimage"},"thumbnailUrl":"http:\/\/3.bp.blogspot.com\/-Gp6dZClCoS4\/Umf_1d38-rI\/AAAAAAAACUo\/Gn2271EG9UI\/s320\/u19_bouscat.jpg","datePublished":"2013-10-23T17:00:00+00:00","dateModified":"2024-03-24T17:15:52+00:00","author":{"@id":"https:\/\/www.etoilesportivemontoise.fr\/football\/#\/schema\/person\/dd02b702be97ed924801c88fb2142212"},"breadcrumb":{"@id":"https:\/\/www.etoilesportivemontoise.fr\/football\/2013\/10\/esm-bouscat-u19-ligue\/#breadcrumb"},"inLanguage":"fr-FR","potentialAction":[{"@type":"ReadAction","target":["https:\/\/www.etoilesportivemontoise.fr\/football\/2013\/10\/esm-bouscat-u19-ligue\/"]}]},{"@type":"ImageObject","inLanguage":"fr-FR","@id":"https:\/\/www.etoilesportivemontoise.fr\/football\/2013\/10\/esm-bouscat-u19-ligue\/#primaryimage","url":"http:\/\/3.bp.blogspot.com\/-Gp6dZClCoS4\/Umf_1d38-rI\/AAAAAAAACUo\/Gn2271EG9UI\/s320\/u19_bouscat.jpg","contentUrl":"http:\/\/3.bp.blogspot.com\/-Gp6dZClCoS4\/Umf_1d38-rI\/AAAAAAAACUo\/Gn2271EG9UI\/s320\/u19_bouscat.jpg"},{"@type":"BreadcrumbList","@id":"https:\/\/www.etoilesportivemontoise.fr\/football\/2013\/10\/esm-bouscat-u19-ligue\/#breadcrumb","itemListElement":[{"@type":"ListItem","position":1,"name":"Accueil","item":"https:\/\/www.etoilesportivemontoise.fr\/football\/"},{"@type":"ListItem","position":2,"name":"Les U19, dans le \u00ab money time \u00bb"}]},{"@type":"WebSite","@id":"https:\/\/www.etoilesportivemontoise.fr\/football\/#website","url":"https:\/\/www.etoilesportivemontoise.fr\/football\/","name":"ESM Foot","description":"Club Football Mont de Marsan","potentialAction":[{"@type":"SearchAction","target":{"@type":"EntryPoint","urlTemplate":"https:\/\/www.etoilesportivemontoise.fr\/football\/?s={search_term_string}"},"query-input":{"@type":"PropertyValueSpecification","valueRequired":true,"valueName":"search_term_string"}}],"inLanguage":"fr-FR"},{"@type":"Person","@id":"https:\/\/www.etoilesportivemontoise.fr\/football\/#\/schema\/person\/dd02b702be97ed924801c88fb2142212","name":"ESM","image":{"@type":"ImageObject","inLanguage":"fr-FR","@id":"https:\/\/secure.gravatar.com\/avatar\/4d571ff55345efadfb90ca100df3e18eb3cdaa9eb0599415645d75cb8626ba49?s=96&d=mm&r=g","url":"https:\/\/secure.gravatar.com\/avatar\/4d571ff55345efadfb90ca100df3e18eb3cdaa9eb0599415645d75cb8626ba49?s=96&d=mm&r=g","contentUrl":"https:\/\/secure.gravatar.com\/avatar\/4d571ff55345efadfb90ca100df3e18eb3cdaa9eb0599415645d75cb8626ba49?s=96&d=mm&r=g","caption":"ESM"},"url":"https:\/\/www.etoilesportivemontoise.fr\/football\/aka\/9af3b8c1915118cbc5cf7cdecb87fa13c2abf1c4\/"}]}},"_links":{"self":[{"href":"https:\/\/www.etoilesportivemontoise.fr\/football\/wp-json\/wp\/v2\/posts\/3527","targetHints":{"allow":["GET"]}}],"collection":[{"href":"https:\/\/www.etoilesportivemontoise.fr\/football\/wp-json\/wp\/v2\/posts"}],"about":[{"href":"https:\/\/www.etoilesportivemontoise.fr\/football\/wp-json\/wp\/v2\/types\/post"}],"author":[{"embeddable":true,"href":"https:\/\/www.etoilesportivemontoise.fr\/football\/wp-json\/wp\/v2\/users\/1"}],"replies":[{"embeddable":true,"href":"https:\/\/www.etoilesportivemontoise.fr\/football\/wp-json\/wp\/v2\/comments?post=3527"}],"version-history":[{"count":2,"href":"https:\/\/www.etoilesportivemontoise.fr\/football\/wp-json\/wp\/v2\/posts\/3527\/revisions"}],"predecessor-version":[{"id":5184,"href":"https:\/\/www.etoilesportivemontoise.fr\/football\/wp-json\/wp\/v2\/posts\/3527\/revisions\/5184"}],"wp:attachment":[{"href":"https:\/\/www.etoilesportivemontoise.fr\/football\/wp-json\/wp\/v2\/media?parent=3527"}],"wp:term":[{"taxonomy":"category","embeddable":true,"href":"https:\/\/www.etoilesportivemontoise.fr\/football\/wp-json\/wp\/v2\/categories?post=3527"},{"taxonomy":"post_tag","embeddable":true,"href":"https:\/\/www.etoilesportivemontoise.fr\/football\/wp-json\/wp\/v2\/tags?post=3527"}],"curies":[{"name":"wp","href":"https:\/\/api.w.org\/{rel}","templated":true}]}}