{"id":3529,"date":"2013-10-21T18:45:00","date_gmt":"2013-10-21T17:45:00","guid":{"rendered":"http:\/\/www.etoilesportivemontoise.fr\/football\/coupe-des-reserves-lesm-eliminee-sans-demeriter\/"},"modified":"2024-03-24T18:15:54","modified_gmt":"2024-03-24T17:15:54","slug":"coupe-des-reserves-acte-1","status":"publish","type":"post","link":"https:\/\/www.etoilesportivemontoise.fr\/football\/2013\/10\/coupe-des-reserves-acte-1\/","title":{"rendered":"Coupe des r\u00e9serves : l\u2019ESM \u00e9limin\u00e9e sans d\u00e9m\u00e9riter"},"content":{"rendered":"<div style=\"clear: both;text-align: center\"><\/div>\n<div style=\"clear: both;text-align: center\"><a href=\"http:\/\/3.bp.blogspot.com\/-XajueHO-H9o\/UmVn-tLbohI\/AAAAAAAACOc\/Z1bIa7hkpiI\/s1600\/IMG_8080_small.jpg\" style=\"margin-left: 1em;margin-right: 1em\"><img loading=\"lazy\" decoding=\"async\" border=\"0\" height=\"246\" src=\"http:\/\/3.bp.blogspot.com\/-XajueHO-H9o\/UmVn-tLbohI\/AAAAAAAACOc\/Z1bIa7hkpiI\/s400\/IMG_8080_small.jpg\" width=\"400\" \/><\/a><\/div>\n<p>Pour ce 1er tour de coupe, l\u2019Etoile recevait l\u2019\u00e9quipe de <b><span style=\"color: #0b5394\">Seignosse Capbreton<\/span><\/b>, qui \u00e9volue une division au-dessus\u2026<\/p>\n<p>Pas le moins du monde complex\u00e9s par cet \u00e9cart, les stellistes se sont appliqu\u00e9s \u00e0 jou\u00e9 leur jeu, bas\u00e9 sur une bonne circulation du ballon. Ces efforts furent r\u00e9compens\u00e9s d\u00e8s le \u00bc d\u2019heure de jeu par une tr\u00e8s belle r\u00e9alisation de Romain (1-0)&#8230;<\/p>\n<p><a name='more'><\/a><\/p>\n<p>Les visiteurs, pour leur part, avaient de s\u00e9rieux arguments \u00e0 faire valoir, dont notamment un milieu de terrain de tr\u00e8s bon niveau et extr\u00eamement vif. Ses bons appels, ex\u00e9cut\u00e9s dans un parfait timing, devaient payer par deux fois, \u00e0 peine 10 minutes plus tard (1-2).<\/p>\n<p>\u00ab Jamais deux sans trois \u00bb pourrait-on dire, puisque les Seignossais devaient r\u00e9cidiver 3 minutes avant la pause (1-3)\u2026<\/p>\n<p>La seconde mi-temps fut tr\u00e8s riche en occasions pour les noirs et blancs, malheureusement sans effets sur le panneau d\u2019affichage. Tant et si bien que le coup de poignard vint des visiteurs \u00e0 la 20\u00e8me minute (1-4).<\/p>\n<p>Beaucoup ce seraient alors d\u00e9courag\u00e9s devant un tel score, mais ce ne fut pas le cas pour nos gar\u00e7ons, qui, imperturbables, continuaient cr\u00e2nement \u00e0 jouer leur chance. Heureusement, tous ces efforts ne furent pas vains, puisqu\u2019ils permirent \u00e0 Piou de r\u00e9duire l\u2019\u00e9cart \u00e0 la \u00bd heure de jeu\u2026<\/p>\n<div>\n<p><\/div>\n<p>Score final 2-4, mais une satisfaction pour l\u2019Es montoise, celle d\u2019\u00eatre tomb\u00e9e les armes \u00e0 la main.<\/p>\n<p><b><span style=\"color: #0b5394\">Retrouvez les occasions du match<\/span><\/b> :<\/p>\n<div>\n<div>\n<p><\/div>\n<\/div>\n","protected":false},"excerpt":{"rendered":"<p>Pour ce 1er tour de coupe, l\u2019Etoile recevait l\u2019\u00e9quipe de Seignosse Capbreton, qui \u00e9volue une division au-dessus\u2026 Pas le moins du monde complex\u00e9s par cet \u00e9cart, les stellistes se sont appliqu\u00e9s \u00e0 jou\u00e9 leur jeu, bas\u00e9 sur une bonne circulation du ballon. Ces efforts furent&#8230;<\/p>\n","protected":false},"author":1,"featured_media":0,"comment_status":"closed","ping_status":"closed","sticky":false,"template":"","format":"standard","meta":{"footnotes":""},"categories":[28],"tags":[],"class_list":["post-3529","post","type-post","status-publish","format-standard","hentry","category-old"],"yoast_head":"<!-- This site is optimized with the Yoast SEO plugin v27.3 - https:\/\/yoast.com\/product\/yoast-seo-wordpress\/ -->\n<title>Coupe des r\u00e9serves : l\u2019ESM \u00e9limin\u00e9e sans d\u00e9m\u00e9riter - ESM Foot<\/title>\n<meta name=\"robots\" content=\"index, follow, max-snippet:-1, max-image-preview:large, max-video-preview:-1\" \/>\n<link rel=\"canonical\" href=\"https:\/\/www.etoilesportivemontoise.fr\/football\/2013\/10\/coupe-des-reserves-acte-1\/\" \/>\n<meta property=\"og:locale\" content=\"fr_FR\" \/>\n<meta property=\"og:type\" content=\"article\" \/>\n<meta property=\"og:title\" content=\"Coupe des r\u00e9serves : l\u2019ESM \u00e9limin\u00e9e sans d\u00e9m\u00e9riter - ESM Foot\" \/>\n<meta property=\"og:description\" content=\"Pour ce 1er tour de coupe, l\u2019Etoile recevait l\u2019\u00e9quipe de Seignosse Capbreton, qui \u00e9volue une division au-dessus\u2026 Pas le moins du monde complex\u00e9s par cet \u00e9cart, les stellistes se sont appliqu\u00e9s \u00e0 jou\u00e9 leur jeu, bas\u00e9 sur une bonne circulation du ballon. Ces efforts furent...\" \/>\n<meta property=\"og:url\" content=\"https:\/\/www.etoilesportivemontoise.fr\/football\/2013\/10\/coupe-des-reserves-acte-1\/\" \/>\n<meta property=\"og:site_name\" content=\"ESM Foot\" \/>\n<meta property=\"article:published_time\" content=\"2013-10-21T17:45:00+00:00\" \/>\n<meta property=\"article:modified_time\" content=\"2024-03-24T17:15:54+00:00\" \/>\n<meta property=\"og:image\" content=\"http:\/\/3.bp.blogspot.com\/-XajueHO-H9o\/UmVn-tLbohI\/AAAAAAAACOc\/Z1bIa7hkpiI\/s400\/IMG_8080_small.jpg\" \/>\n<meta name=\"author\" content=\"ESM\" \/>\n<meta name=\"twitter:label1\" content=\"\u00c9crit par\" \/>\n\t<meta name=\"twitter:data1\" content=\"ESM\" \/>\n\t<meta name=\"twitter:label2\" content=\"Dur\u00e9e de lecture estim\u00e9e\" \/>\n\t<meta name=\"twitter:data2\" content=\"1 minute\" \/>\n<script type=\"application\/ld+json\" class=\"yoast-schema-graph\">{\"@context\":\"https:\\\/\\\/schema.org\",\"@graph\":[{\"@type\":\"Article\",\"@id\":\"https:\\\/\\\/www.etoilesportivemontoise.fr\\\/football\\\/2013\\\/10\\\/coupe-des-reserves-acte-1\\\/#article\",\"isPartOf\":{\"@id\":\"https:\\\/\\\/www.etoilesportivemontoise.fr\\\/football\\\/2013\\\/10\\\/coupe-des-reserves-acte-1\\\/\"},\"author\":{\"name\":\"ESM\",\"@id\":\"https:\\\/\\\/www.etoilesportivemontoise.fr\\\/football\\\/#\\\/schema\\\/person\\\/dd02b702be97ed924801c88fb2142212\"},\"headline\":\"Coupe des r\u00e9serves : l\u2019ESM \u00e9limin\u00e9e sans d\u00e9m\u00e9riter\",\"datePublished\":\"2013-10-21T17:45:00+00:00\",\"dateModified\":\"2024-03-24T17:15:54+00:00\",\"mainEntityOfPage\":{\"@id\":\"https:\\\/\\\/www.etoilesportivemontoise.fr\\\/football\\\/2013\\\/10\\\/coupe-des-reserves-acte-1\\\/\"},\"wordCount\":257,\"image\":{\"@id\":\"https:\\\/\\\/www.etoilesportivemontoise.fr\\\/football\\\/2013\\\/10\\\/coupe-des-reserves-acte-1\\\/#primaryimage\"},\"thumbnailUrl\":\"http:\\\/\\\/3.bp.blogspot.com\\\/-XajueHO-H9o\\\/UmVn-tLbohI\\\/AAAAAAAACOc\\\/Z1bIa7hkpiI\\\/s400\\\/IMG_8080_small.jpg\",\"articleSection\":[\"Archives\"],\"inLanguage\":\"fr-FR\"},{\"@type\":\"WebPage\",\"@id\":\"https:\\\/\\\/www.etoilesportivemontoise.fr\\\/football\\\/2013\\\/10\\\/coupe-des-reserves-acte-1\\\/\",\"url\":\"https:\\\/\\\/www.etoilesportivemontoise.fr\\\/football\\\/2013\\\/10\\\/coupe-des-reserves-acte-1\\\/\",\"name\":\"Coupe des r\u00e9serves : l\u2019ESM \u00e9limin\u00e9e sans d\u00e9m\u00e9riter - ESM Foot\",\"isPartOf\":{\"@id\":\"https:\\\/\\\/www.etoilesportivemontoise.fr\\\/football\\\/#website\"},\"primaryImageOfPage\":{\"@id\":\"https:\\\/\\\/www.etoilesportivemontoise.fr\\\/football\\\/2013\\\/10\\\/coupe-des-reserves-acte-1\\\/#primaryimage\"},\"image\":{\"@id\":\"https:\\\/\\\/www.etoilesportivemontoise.fr\\\/football\\\/2013\\\/10\\\/coupe-des-reserves-acte-1\\\/#primaryimage\"},\"thumbnailUrl\":\"http:\\\/\\\/3.bp.blogspot.com\\\/-XajueHO-H9o\\\/UmVn-tLbohI\\\/AAAAAAAACOc\\\/Z1bIa7hkpiI\\\/s400\\\/IMG_8080_small.jpg\",\"datePublished\":\"2013-10-21T17:45:00+00:00\",\"dateModified\":\"2024-03-24T17:15:54+00:00\",\"author\":{\"@id\":\"https:\\\/\\\/www.etoilesportivemontoise.fr\\\/football\\\/#\\\/schema\\\/person\\\/dd02b702be97ed924801c88fb2142212\"},\"breadcrumb\":{\"@id\":\"https:\\\/\\\/www.etoilesportivemontoise.fr\\\/football\\\/2013\\\/10\\\/coupe-des-reserves-acte-1\\\/#breadcrumb\"},\"inLanguage\":\"fr-FR\",\"potentialAction\":[{\"@type\":\"ReadAction\",\"target\":[\"https:\\\/\\\/www.etoilesportivemontoise.fr\\\/football\\\/2013\\\/10\\\/coupe-des-reserves-acte-1\\\/\"]}]},{\"@type\":\"ImageObject\",\"inLanguage\":\"fr-FR\",\"@id\":\"https:\\\/\\\/www.etoilesportivemontoise.fr\\\/football\\\/2013\\\/10\\\/coupe-des-reserves-acte-1\\\/#primaryimage\",\"url\":\"http:\\\/\\\/3.bp.blogspot.com\\\/-XajueHO-H9o\\\/UmVn-tLbohI\\\/AAAAAAAACOc\\\/Z1bIa7hkpiI\\\/s400\\\/IMG_8080_small.jpg\",\"contentUrl\":\"http:\\\/\\\/3.bp.blogspot.com\\\/-XajueHO-H9o\\\/UmVn-tLbohI\\\/AAAAAAAACOc\\\/Z1bIa7hkpiI\\\/s400\\\/IMG_8080_small.jpg\"},{\"@type\":\"BreadcrumbList\",\"@id\":\"https:\\\/\\\/www.etoilesportivemontoise.fr\\\/football\\\/2013\\\/10\\\/coupe-des-reserves-acte-1\\\/#breadcrumb\",\"itemListElement\":[{\"@type\":\"ListItem\",\"position\":1,\"name\":\"Accueil\",\"item\":\"https:\\\/\\\/www.etoilesportivemontoise.fr\\\/football\\\/\"},{\"@type\":\"ListItem\",\"position\":2,\"name\":\"Coupe des r\u00e9serves : l\u2019ESM \u00e9limin\u00e9e sans d\u00e9m\u00e9riter\"}]},{\"@type\":\"WebSite\",\"@id\":\"https:\\\/\\\/www.etoilesportivemontoise.fr\\\/football\\\/#website\",\"url\":\"https:\\\/\\\/www.etoilesportivemontoise.fr\\\/football\\\/\",\"name\":\"ESM Foot\",\"description\":\"Club Football Mont de Marsan\",\"potentialAction\":[{\"@type\":\"SearchAction\",\"target\":{\"@type\":\"EntryPoint\",\"urlTemplate\":\"https:\\\/\\\/www.etoilesportivemontoise.fr\\\/football\\\/?s={search_term_string}\"},\"query-input\":{\"@type\":\"PropertyValueSpecification\",\"valueRequired\":true,\"valueName\":\"search_term_string\"}}],\"inLanguage\":\"fr-FR\"},{\"@type\":\"Person\",\"@id\":\"https:\\\/\\\/www.etoilesportivemontoise.fr\\\/football\\\/#\\\/schema\\\/person\\\/dd02b702be97ed924801c88fb2142212\",\"name\":\"ESM\",\"image\":{\"@type\":\"ImageObject\",\"inLanguage\":\"fr-FR\",\"@id\":\"https:\\\/\\\/secure.gravatar.com\\\/avatar\\\/4d571ff55345efadfb90ca100df3e18eb3cdaa9eb0599415645d75cb8626ba49?s=96&d=mm&r=g\",\"url\":\"https:\\\/\\\/secure.gravatar.com\\\/avatar\\\/4d571ff55345efadfb90ca100df3e18eb3cdaa9eb0599415645d75cb8626ba49?s=96&d=mm&r=g\",\"contentUrl\":\"https:\\\/\\\/secure.gravatar.com\\\/avatar\\\/4d571ff55345efadfb90ca100df3e18eb3cdaa9eb0599415645d75cb8626ba49?s=96&d=mm&r=g\",\"caption\":\"ESM\"},\"url\":\"https:\\\/\\\/www.etoilesportivemontoise.fr\\\/football\\\/aka\\\/9af3b8c1915118cbc5cf7cdecb87fa13c2abf1c4\\\/\"}]}<\/script>\n<!-- \/ Yoast SEO plugin. -->","yoast_head_json":{"title":"Coupe des r\u00e9serves : l\u2019ESM \u00e9limin\u00e9e sans d\u00e9m\u00e9riter - ESM Foot","robots":{"index":"index","follow":"follow","max-snippet":"max-snippet:-1","max-image-preview":"max-image-preview:large","max-video-preview":"max-video-preview:-1"},"canonical":"https:\/\/www.etoilesportivemontoise.fr\/football\/2013\/10\/coupe-des-reserves-acte-1\/","og_locale":"fr_FR","og_type":"article","og_title":"Coupe des r\u00e9serves : l\u2019ESM \u00e9limin\u00e9e sans d\u00e9m\u00e9riter - ESM Foot","og_description":"Pour ce 1er tour de coupe, l\u2019Etoile recevait l\u2019\u00e9quipe de Seignosse Capbreton, qui \u00e9volue une division au-dessus\u2026 Pas le moins du monde complex\u00e9s par cet \u00e9cart, les stellistes se sont appliqu\u00e9s \u00e0 jou\u00e9 leur jeu, bas\u00e9 sur une bonne circulation du ballon. Ces efforts furent...","og_url":"https:\/\/www.etoilesportivemontoise.fr\/football\/2013\/10\/coupe-des-reserves-acte-1\/","og_site_name":"ESM Foot","article_published_time":"2013-10-21T17:45:00+00:00","article_modified_time":"2024-03-24T17:15:54+00:00","og_image":[{"url":"http:\/\/3.bp.blogspot.com\/-XajueHO-H9o\/UmVn-tLbohI\/AAAAAAAACOc\/Z1bIa7hkpiI\/s400\/IMG_8080_small.jpg","type":"","width":"","height":""}],"author":"ESM","twitter_misc":{"\u00c9crit par":"ESM","Dur\u00e9e de lecture estim\u00e9e":"1 minute"},"schema":{"@context":"https:\/\/schema.org","@graph":[{"@type":"Article","@id":"https:\/\/www.etoilesportivemontoise.fr\/football\/2013\/10\/coupe-des-reserves-acte-1\/#article","isPartOf":{"@id":"https:\/\/www.etoilesportivemontoise.fr\/football\/2013\/10\/coupe-des-reserves-acte-1\/"},"author":{"name":"ESM","@id":"https:\/\/www.etoilesportivemontoise.fr\/football\/#\/schema\/person\/dd02b702be97ed924801c88fb2142212"},"headline":"Coupe des r\u00e9serves : l\u2019ESM \u00e9limin\u00e9e sans d\u00e9m\u00e9riter","datePublished":"2013-10-21T17:45:00+00:00","dateModified":"2024-03-24T17:15:54+00:00","mainEntityOfPage":{"@id":"https:\/\/www.etoilesportivemontoise.fr\/football\/2013\/10\/coupe-des-reserves-acte-1\/"},"wordCount":257,"image":{"@id":"https:\/\/www.etoilesportivemontoise.fr\/football\/2013\/10\/coupe-des-reserves-acte-1\/#primaryimage"},"thumbnailUrl":"http:\/\/3.bp.blogspot.com\/-XajueHO-H9o\/UmVn-tLbohI\/AAAAAAAACOc\/Z1bIa7hkpiI\/s400\/IMG_8080_small.jpg","articleSection":["Archives"],"inLanguage":"fr-FR"},{"@type":"WebPage","@id":"https:\/\/www.etoilesportivemontoise.fr\/football\/2013\/10\/coupe-des-reserves-acte-1\/","url":"https:\/\/www.etoilesportivemontoise.fr\/football\/2013\/10\/coupe-des-reserves-acte-1\/","name":"Coupe des r\u00e9serves : l\u2019ESM \u00e9limin\u00e9e sans d\u00e9m\u00e9riter - ESM Foot","isPartOf":{"@id":"https:\/\/www.etoilesportivemontoise.fr\/football\/#website"},"primaryImageOfPage":{"@id":"https:\/\/www.etoilesportivemontoise.fr\/football\/2013\/10\/coupe-des-reserves-acte-1\/#primaryimage"},"image":{"@id":"https:\/\/www.etoilesportivemontoise.fr\/football\/2013\/10\/coupe-des-reserves-acte-1\/#primaryimage"},"thumbnailUrl":"http:\/\/3.bp.blogspot.com\/-XajueHO-H9o\/UmVn-tLbohI\/AAAAAAAACOc\/Z1bIa7hkpiI\/s400\/IMG_8080_small.jpg","datePublished":"2013-10-21T17:45:00+00:00","dateModified":"2024-03-24T17:15:54+00:00","author":{"@id":"https:\/\/www.etoilesportivemontoise.fr\/football\/#\/schema\/person\/dd02b702be97ed924801c88fb2142212"},"breadcrumb":{"@id":"https:\/\/www.etoilesportivemontoise.fr\/football\/2013\/10\/coupe-des-reserves-acte-1\/#breadcrumb"},"inLanguage":"fr-FR","potentialAction":[{"@type":"ReadAction","target":["https:\/\/www.etoilesportivemontoise.fr\/football\/2013\/10\/coupe-des-reserves-acte-1\/"]}]},{"@type":"ImageObject","inLanguage":"fr-FR","@id":"https:\/\/www.etoilesportivemontoise.fr\/football\/2013\/10\/coupe-des-reserves-acte-1\/#primaryimage","url":"http:\/\/3.bp.blogspot.com\/-XajueHO-H9o\/UmVn-tLbohI\/AAAAAAAACOc\/Z1bIa7hkpiI\/s400\/IMG_8080_small.jpg","contentUrl":"http:\/\/3.bp.blogspot.com\/-XajueHO-H9o\/UmVn-tLbohI\/AAAAAAAACOc\/Z1bIa7hkpiI\/s400\/IMG_8080_small.jpg"},{"@type":"BreadcrumbList","@id":"https:\/\/www.etoilesportivemontoise.fr\/football\/2013\/10\/coupe-des-reserves-acte-1\/#breadcrumb","itemListElement":[{"@type":"ListItem","position":1,"name":"Accueil","item":"https:\/\/www.etoilesportivemontoise.fr\/football\/"},{"@type":"ListItem","position":2,"name":"Coupe des r\u00e9serves : l\u2019ESM \u00e9limin\u00e9e sans d\u00e9m\u00e9riter"}]},{"@type":"WebSite","@id":"https:\/\/www.etoilesportivemontoise.fr\/football\/#website","url":"https:\/\/www.etoilesportivemontoise.fr\/football\/","name":"ESM Foot","description":"Club Football Mont de Marsan","potentialAction":[{"@type":"SearchAction","target":{"@type":"EntryPoint","urlTemplate":"https:\/\/www.etoilesportivemontoise.fr\/football\/?s={search_term_string}"},"query-input":{"@type":"PropertyValueSpecification","valueRequired":true,"valueName":"search_term_string"}}],"inLanguage":"fr-FR"},{"@type":"Person","@id":"https:\/\/www.etoilesportivemontoise.fr\/football\/#\/schema\/person\/dd02b702be97ed924801c88fb2142212","name":"ESM","image":{"@type":"ImageObject","inLanguage":"fr-FR","@id":"https:\/\/secure.gravatar.com\/avatar\/4d571ff55345efadfb90ca100df3e18eb3cdaa9eb0599415645d75cb8626ba49?s=96&d=mm&r=g","url":"https:\/\/secure.gravatar.com\/avatar\/4d571ff55345efadfb90ca100df3e18eb3cdaa9eb0599415645d75cb8626ba49?s=96&d=mm&r=g","contentUrl":"https:\/\/secure.gravatar.com\/avatar\/4d571ff55345efadfb90ca100df3e18eb3cdaa9eb0599415645d75cb8626ba49?s=96&d=mm&r=g","caption":"ESM"},"url":"https:\/\/www.etoilesportivemontoise.fr\/football\/aka\/9af3b8c1915118cbc5cf7cdecb87fa13c2abf1c4\/"}]}},"_links":{"self":[{"href":"https:\/\/www.etoilesportivemontoise.fr\/football\/wp-json\/wp\/v2\/posts\/3529","targetHints":{"allow":["GET"]}}],"collection":[{"href":"https:\/\/www.etoilesportivemontoise.fr\/football\/wp-json\/wp\/v2\/posts"}],"about":[{"href":"https:\/\/www.etoilesportivemontoise.fr\/football\/wp-json\/wp\/v2\/types\/post"}],"author":[{"embeddable":true,"href":"https:\/\/www.etoilesportivemontoise.fr\/football\/wp-json\/wp\/v2\/users\/1"}],"replies":[{"embeddable":true,"href":"https:\/\/www.etoilesportivemontoise.fr\/football\/wp-json\/wp\/v2\/comments?post=3529"}],"version-history":[{"count":1,"href":"https:\/\/www.etoilesportivemontoise.fr\/football\/wp-json\/wp\/v2\/posts\/3529\/revisions"}],"predecessor-version":[{"id":4309,"href":"https:\/\/www.etoilesportivemontoise.fr\/football\/wp-json\/wp\/v2\/posts\/3529\/revisions\/4309"}],"wp:attachment":[{"href":"https:\/\/www.etoilesportivemontoise.fr\/football\/wp-json\/wp\/v2\/media?parent=3529"}],"wp:term":[{"taxonomy":"category","embeddable":true,"href":"https:\/\/www.etoilesportivemontoise.fr\/football\/wp-json\/wp\/v2\/categories?post=3529"},{"taxonomy":"post_tag","embeddable":true,"href":"https:\/\/www.etoilesportivemontoise.fr\/football\/wp-json\/wp\/v2\/tags?post=3529"}],"curies":[{"name":"wp","href":"https:\/\/api.w.org\/{rel}","templated":true}]}}