{"id":3533,"date":"2013-10-07T16:36:00","date_gmt":"2013-10-07T15:36:00","guid":{"rendered":"http:\/\/www.etoilesportivemontoise.fr\/football\/ils-ont-de-beaux-restes\/"},"modified":"2024-03-24T18:15:56","modified_gmt":"2024-03-24T17:15:56","slug":"ils-ont-de-beaux-restes","status":"publish","type":"post","link":"https:\/\/www.etoilesportivemontoise.fr\/football\/2013\/10\/ils-ont-de-beaux-restes\/","title":{"rendered":"Ils ont de beaux restes !"},"content":{"rendered":"<p>Ils ont fi\u00e8re allure, nos v\u00e9t\u00e9rans et ils continuent de se \u00ab r\u00e9galer \u00bb sous le maillot de l\u2019ESM !<\/p>\n<div style=\"clear: both;text-align: center\"><a href=\"http:\/\/1.bp.blogspot.com\/-9jIedQSV7cs\/UlLTt8veOwI\/AAAAAAAACEM\/YCJTQuO_HLg\/s1600\/veterans.JPG\" style=\"margin-left: 1em;margin-right: 1em\"><img loading=\"lazy\" decoding=\"async\" border=\"0\" height=\"300\" src=\"http:\/\/1.bp.blogspot.com\/-9jIedQSV7cs\/UlLTt8veOwI\/AAAAAAAACEM\/YCJTQuO_HLg\/s400\/veterans.JPG\" width=\"400\" \/><\/a><\/div>\n<div style=\"text-align: center\"><span style=\"font-size: x-small\">Debout de G \u00e0 Dte : EL BAKKALI &#8211; PARISOT &#8211; BELLICHE &#8211; BADET &#8211; RENARD &#8211; DA COSTA &#8211; BATZ &#8211; SAES -VARDANYAN &#8211; AMADIO F.<\/span><\/div>\n<p><span style=\"font-size: x-small\"><\/span><\/p>\n<div style=\"text-align: center\"><span style=\"font-size: x-small\">Accroupis de G \u00e0 Dte : DANNE &#8211; TASTET JM &#8211; SERGENT &#8211; PERTHUS &#8211; MOTRICALA &#8211; EVAIN &#8211; GARBAY &#8211; ALIX<\/span><\/div>\n<p><span style=\"font-size: x-small\"><\/span><\/p>\n<p>Pour tout savoir sur les v\u00e9t\u00e9rans, c\u2019est par ici : <a href=\"http:\/\/esmv.fr.gd\/\" target=\"_blank\" rel=\"noopener\">http:\/\/esmv.fr.gd\/<\/a><\/p>\n<div><\/div>\n","protected":false},"excerpt":{"rendered":"<p>Ils ont fi\u00e8re allure, nos v\u00e9t\u00e9rans et ils continuent de se \u00ab r\u00e9galer \u00bb sous le maillot de l\u2019ESM ! Debout de G \u00e0 Dte : EL BAKKALI &#8211; PARISOT &#8211; BELLICHE &#8211; BADET &#8211; RENARD &#8211; DA COSTA &#8211; BATZ &#8211; SAES -VARDANYAN &#8211;&#8230;<\/p>\n","protected":false},"author":1,"featured_media":0,"comment_status":"closed","ping_status":"closed","sticky":false,"template":"","format":"standard","meta":{"footnotes":""},"categories":[28],"tags":[],"class_list":["post-3533","post","type-post","status-publish","format-standard","hentry","category-old"],"yoast_head":"<!-- This site is optimized with the Yoast SEO plugin v27.3 - https:\/\/yoast.com\/product\/yoast-seo-wordpress\/ -->\n<title>Ils ont de beaux restes ! - ESM Foot<\/title>\n<meta name=\"robots\" content=\"index, follow, max-snippet:-1, max-image-preview:large, max-video-preview:-1\" \/>\n<link rel=\"canonical\" href=\"https:\/\/www.etoilesportivemontoise.fr\/football\/2013\/10\/ils-ont-de-beaux-restes\/\" \/>\n<meta property=\"og:locale\" content=\"fr_FR\" \/>\n<meta property=\"og:type\" content=\"article\" \/>\n<meta property=\"og:title\" content=\"Ils ont de beaux restes ! - ESM Foot\" \/>\n<meta property=\"og:description\" content=\"Ils ont fi\u00e8re allure, nos v\u00e9t\u00e9rans et ils continuent de se \u00ab r\u00e9galer \u00bb sous le maillot de l\u2019ESM ! Debout de G \u00e0 Dte : EL BAKKALI &#8211; PARISOT &#8211; BELLICHE &#8211; BADET &#8211; RENARD &#8211; DA COSTA &#8211; BATZ &#8211; SAES -VARDANYAN &#8211;...\" \/>\n<meta property=\"og:url\" content=\"https:\/\/www.etoilesportivemontoise.fr\/football\/2013\/10\/ils-ont-de-beaux-restes\/\" \/>\n<meta property=\"og:site_name\" content=\"ESM Foot\" \/>\n<meta property=\"article:published_time\" content=\"2013-10-07T15:36:00+00:00\" \/>\n<meta property=\"article:modified_time\" content=\"2024-03-24T17:15:56+00:00\" \/>\n<meta property=\"og:image\" content=\"http:\/\/1.bp.blogspot.com\/-9jIedQSV7cs\/UlLTt8veOwI\/AAAAAAAACEM\/YCJTQuO_HLg\/s400\/veterans.JPG\" \/>\n<meta name=\"author\" content=\"ESM\" \/>\n<meta name=\"twitter:label1\" content=\"\u00c9crit par\" \/>\n\t<meta name=\"twitter:data1\" content=\"ESM\" \/>\n<script type=\"application\/ld+json\" class=\"yoast-schema-graph\">{\"@context\":\"https:\\\/\\\/schema.org\",\"@graph\":[{\"@type\":\"Article\",\"@id\":\"https:\\\/\\\/www.etoilesportivemontoise.fr\\\/football\\\/2013\\\/10\\\/ils-ont-de-beaux-restes\\\/#article\",\"isPartOf\":{\"@id\":\"https:\\\/\\\/www.etoilesportivemontoise.fr\\\/football\\\/2013\\\/10\\\/ils-ont-de-beaux-restes\\\/\"},\"author\":{\"name\":\"ESM\",\"@id\":\"https:\\\/\\\/www.etoilesportivemontoise.fr\\\/football\\\/#\\\/schema\\\/person\\\/dd02b702be97ed924801c88fb2142212\"},\"headline\":\"Ils ont de beaux restes !\",\"datePublished\":\"2013-10-07T15:36:00+00:00\",\"dateModified\":\"2024-03-24T17:15:56+00:00\",\"mainEntityOfPage\":{\"@id\":\"https:\\\/\\\/www.etoilesportivemontoise.fr\\\/football\\\/2013\\\/10\\\/ils-ont-de-beaux-restes\\\/\"},\"wordCount\":88,\"image\":{\"@id\":\"https:\\\/\\\/www.etoilesportivemontoise.fr\\\/football\\\/2013\\\/10\\\/ils-ont-de-beaux-restes\\\/#primaryimage\"},\"thumbnailUrl\":\"http:\\\/\\\/1.bp.blogspot.com\\\/-9jIedQSV7cs\\\/UlLTt8veOwI\\\/AAAAAAAACEM\\\/YCJTQuO_HLg\\\/s400\\\/veterans.JPG\",\"articleSection\":[\"Archives\"],\"inLanguage\":\"fr-FR\"},{\"@type\":\"WebPage\",\"@id\":\"https:\\\/\\\/www.etoilesportivemontoise.fr\\\/football\\\/2013\\\/10\\\/ils-ont-de-beaux-restes\\\/\",\"url\":\"https:\\\/\\\/www.etoilesportivemontoise.fr\\\/football\\\/2013\\\/10\\\/ils-ont-de-beaux-restes\\\/\",\"name\":\"Ils ont de beaux restes ! - ESM Foot\",\"isPartOf\":{\"@id\":\"https:\\\/\\\/www.etoilesportivemontoise.fr\\\/football\\\/#website\"},\"primaryImageOfPage\":{\"@id\":\"https:\\\/\\\/www.etoilesportivemontoise.fr\\\/football\\\/2013\\\/10\\\/ils-ont-de-beaux-restes\\\/#primaryimage\"},\"image\":{\"@id\":\"https:\\\/\\\/www.etoilesportivemontoise.fr\\\/football\\\/2013\\\/10\\\/ils-ont-de-beaux-restes\\\/#primaryimage\"},\"thumbnailUrl\":\"http:\\\/\\\/1.bp.blogspot.com\\\/-9jIedQSV7cs\\\/UlLTt8veOwI\\\/AAAAAAAACEM\\\/YCJTQuO_HLg\\\/s400\\\/veterans.JPG\",\"datePublished\":\"2013-10-07T15:36:00+00:00\",\"dateModified\":\"2024-03-24T17:15:56+00:00\",\"author\":{\"@id\":\"https:\\\/\\\/www.etoilesportivemontoise.fr\\\/football\\\/#\\\/schema\\\/person\\\/dd02b702be97ed924801c88fb2142212\"},\"breadcrumb\":{\"@id\":\"https:\\\/\\\/www.etoilesportivemontoise.fr\\\/football\\\/2013\\\/10\\\/ils-ont-de-beaux-restes\\\/#breadcrumb\"},\"inLanguage\":\"fr-FR\",\"potentialAction\":[{\"@type\":\"ReadAction\",\"target\":[\"https:\\\/\\\/www.etoilesportivemontoise.fr\\\/football\\\/2013\\\/10\\\/ils-ont-de-beaux-restes\\\/\"]}]},{\"@type\":\"ImageObject\",\"inLanguage\":\"fr-FR\",\"@id\":\"https:\\\/\\\/www.etoilesportivemontoise.fr\\\/football\\\/2013\\\/10\\\/ils-ont-de-beaux-restes\\\/#primaryimage\",\"url\":\"http:\\\/\\\/1.bp.blogspot.com\\\/-9jIedQSV7cs\\\/UlLTt8veOwI\\\/AAAAAAAACEM\\\/YCJTQuO_HLg\\\/s400\\\/veterans.JPG\",\"contentUrl\":\"http:\\\/\\\/1.bp.blogspot.com\\\/-9jIedQSV7cs\\\/UlLTt8veOwI\\\/AAAAAAAACEM\\\/YCJTQuO_HLg\\\/s400\\\/veterans.JPG\"},{\"@type\":\"BreadcrumbList\",\"@id\":\"https:\\\/\\\/www.etoilesportivemontoise.fr\\\/football\\\/2013\\\/10\\\/ils-ont-de-beaux-restes\\\/#breadcrumb\",\"itemListElement\":[{\"@type\":\"ListItem\",\"position\":1,\"name\":\"Accueil\",\"item\":\"https:\\\/\\\/www.etoilesportivemontoise.fr\\\/football\\\/\"},{\"@type\":\"ListItem\",\"position\":2,\"name\":\"Ils ont de beaux restes !\"}]},{\"@type\":\"WebSite\",\"@id\":\"https:\\\/\\\/www.etoilesportivemontoise.fr\\\/football\\\/#website\",\"url\":\"https:\\\/\\\/www.etoilesportivemontoise.fr\\\/football\\\/\",\"name\":\"ESM Foot\",\"description\":\"Club Football Mont de Marsan\",\"potentialAction\":[{\"@type\":\"SearchAction\",\"target\":{\"@type\":\"EntryPoint\",\"urlTemplate\":\"https:\\\/\\\/www.etoilesportivemontoise.fr\\\/football\\\/?s={search_term_string}\"},\"query-input\":{\"@type\":\"PropertyValueSpecification\",\"valueRequired\":true,\"valueName\":\"search_term_string\"}}],\"inLanguage\":\"fr-FR\"},{\"@type\":\"Person\",\"@id\":\"https:\\\/\\\/www.etoilesportivemontoise.fr\\\/football\\\/#\\\/schema\\\/person\\\/dd02b702be97ed924801c88fb2142212\",\"name\":\"ESM\",\"image\":{\"@type\":\"ImageObject\",\"inLanguage\":\"fr-FR\",\"@id\":\"https:\\\/\\\/secure.gravatar.com\\\/avatar\\\/4d571ff55345efadfb90ca100df3e18eb3cdaa9eb0599415645d75cb8626ba49?s=96&d=mm&r=g\",\"url\":\"https:\\\/\\\/secure.gravatar.com\\\/avatar\\\/4d571ff55345efadfb90ca100df3e18eb3cdaa9eb0599415645d75cb8626ba49?s=96&d=mm&r=g\",\"contentUrl\":\"https:\\\/\\\/secure.gravatar.com\\\/avatar\\\/4d571ff55345efadfb90ca100df3e18eb3cdaa9eb0599415645d75cb8626ba49?s=96&d=mm&r=g\",\"caption\":\"ESM\"},\"url\":\"https:\\\/\\\/www.etoilesportivemontoise.fr\\\/football\\\/aka\\\/9af3b8c1915118cbc5cf7cdecb87fa13c2abf1c4\\\/\"}]}<\/script>\n<!-- \/ Yoast SEO plugin. -->","yoast_head_json":{"title":"Ils ont de beaux restes ! - ESM Foot","robots":{"index":"index","follow":"follow","max-snippet":"max-snippet:-1","max-image-preview":"max-image-preview:large","max-video-preview":"max-video-preview:-1"},"canonical":"https:\/\/www.etoilesportivemontoise.fr\/football\/2013\/10\/ils-ont-de-beaux-restes\/","og_locale":"fr_FR","og_type":"article","og_title":"Ils ont de beaux restes ! - ESM Foot","og_description":"Ils ont fi\u00e8re allure, nos v\u00e9t\u00e9rans et ils continuent de se \u00ab r\u00e9galer \u00bb sous le maillot de l\u2019ESM ! Debout de G \u00e0 Dte : EL BAKKALI &#8211; PARISOT &#8211; BELLICHE &#8211; BADET &#8211; RENARD &#8211; DA COSTA &#8211; BATZ &#8211; SAES -VARDANYAN &#8211;...","og_url":"https:\/\/www.etoilesportivemontoise.fr\/football\/2013\/10\/ils-ont-de-beaux-restes\/","og_site_name":"ESM Foot","article_published_time":"2013-10-07T15:36:00+00:00","article_modified_time":"2024-03-24T17:15:56+00:00","og_image":[{"url":"http:\/\/1.bp.blogspot.com\/-9jIedQSV7cs\/UlLTt8veOwI\/AAAAAAAACEM\/YCJTQuO_HLg\/s400\/veterans.JPG","type":"","width":"","height":""}],"author":"ESM","twitter_misc":{"\u00c9crit par":"ESM"},"schema":{"@context":"https:\/\/schema.org","@graph":[{"@type":"Article","@id":"https:\/\/www.etoilesportivemontoise.fr\/football\/2013\/10\/ils-ont-de-beaux-restes\/#article","isPartOf":{"@id":"https:\/\/www.etoilesportivemontoise.fr\/football\/2013\/10\/ils-ont-de-beaux-restes\/"},"author":{"name":"ESM","@id":"https:\/\/www.etoilesportivemontoise.fr\/football\/#\/schema\/person\/dd02b702be97ed924801c88fb2142212"},"headline":"Ils ont de beaux restes !","datePublished":"2013-10-07T15:36:00+00:00","dateModified":"2024-03-24T17:15:56+00:00","mainEntityOfPage":{"@id":"https:\/\/www.etoilesportivemontoise.fr\/football\/2013\/10\/ils-ont-de-beaux-restes\/"},"wordCount":88,"image":{"@id":"https:\/\/www.etoilesportivemontoise.fr\/football\/2013\/10\/ils-ont-de-beaux-restes\/#primaryimage"},"thumbnailUrl":"http:\/\/1.bp.blogspot.com\/-9jIedQSV7cs\/UlLTt8veOwI\/AAAAAAAACEM\/YCJTQuO_HLg\/s400\/veterans.JPG","articleSection":["Archives"],"inLanguage":"fr-FR"},{"@type":"WebPage","@id":"https:\/\/www.etoilesportivemontoise.fr\/football\/2013\/10\/ils-ont-de-beaux-restes\/","url":"https:\/\/www.etoilesportivemontoise.fr\/football\/2013\/10\/ils-ont-de-beaux-restes\/","name":"Ils ont de beaux restes ! - ESM Foot","isPartOf":{"@id":"https:\/\/www.etoilesportivemontoise.fr\/football\/#website"},"primaryImageOfPage":{"@id":"https:\/\/www.etoilesportivemontoise.fr\/football\/2013\/10\/ils-ont-de-beaux-restes\/#primaryimage"},"image":{"@id":"https:\/\/www.etoilesportivemontoise.fr\/football\/2013\/10\/ils-ont-de-beaux-restes\/#primaryimage"},"thumbnailUrl":"http:\/\/1.bp.blogspot.com\/-9jIedQSV7cs\/UlLTt8veOwI\/AAAAAAAACEM\/YCJTQuO_HLg\/s400\/veterans.JPG","datePublished":"2013-10-07T15:36:00+00:00","dateModified":"2024-03-24T17:15:56+00:00","author":{"@id":"https:\/\/www.etoilesportivemontoise.fr\/football\/#\/schema\/person\/dd02b702be97ed924801c88fb2142212"},"breadcrumb":{"@id":"https:\/\/www.etoilesportivemontoise.fr\/football\/2013\/10\/ils-ont-de-beaux-restes\/#breadcrumb"},"inLanguage":"fr-FR","potentialAction":[{"@type":"ReadAction","target":["https:\/\/www.etoilesportivemontoise.fr\/football\/2013\/10\/ils-ont-de-beaux-restes\/"]}]},{"@type":"ImageObject","inLanguage":"fr-FR","@id":"https:\/\/www.etoilesportivemontoise.fr\/football\/2013\/10\/ils-ont-de-beaux-restes\/#primaryimage","url":"http:\/\/1.bp.blogspot.com\/-9jIedQSV7cs\/UlLTt8veOwI\/AAAAAAAACEM\/YCJTQuO_HLg\/s400\/veterans.JPG","contentUrl":"http:\/\/1.bp.blogspot.com\/-9jIedQSV7cs\/UlLTt8veOwI\/AAAAAAAACEM\/YCJTQuO_HLg\/s400\/veterans.JPG"},{"@type":"BreadcrumbList","@id":"https:\/\/www.etoilesportivemontoise.fr\/football\/2013\/10\/ils-ont-de-beaux-restes\/#breadcrumb","itemListElement":[{"@type":"ListItem","position":1,"name":"Accueil","item":"https:\/\/www.etoilesportivemontoise.fr\/football\/"},{"@type":"ListItem","position":2,"name":"Ils ont de beaux restes !"}]},{"@type":"WebSite","@id":"https:\/\/www.etoilesportivemontoise.fr\/football\/#website","url":"https:\/\/www.etoilesportivemontoise.fr\/football\/","name":"ESM Foot","description":"Club Football Mont de Marsan","potentialAction":[{"@type":"SearchAction","target":{"@type":"EntryPoint","urlTemplate":"https:\/\/www.etoilesportivemontoise.fr\/football\/?s={search_term_string}"},"query-input":{"@type":"PropertyValueSpecification","valueRequired":true,"valueName":"search_term_string"}}],"inLanguage":"fr-FR"},{"@type":"Person","@id":"https:\/\/www.etoilesportivemontoise.fr\/football\/#\/schema\/person\/dd02b702be97ed924801c88fb2142212","name":"ESM","image":{"@type":"ImageObject","inLanguage":"fr-FR","@id":"https:\/\/secure.gravatar.com\/avatar\/4d571ff55345efadfb90ca100df3e18eb3cdaa9eb0599415645d75cb8626ba49?s=96&d=mm&r=g","url":"https:\/\/secure.gravatar.com\/avatar\/4d571ff55345efadfb90ca100df3e18eb3cdaa9eb0599415645d75cb8626ba49?s=96&d=mm&r=g","contentUrl":"https:\/\/secure.gravatar.com\/avatar\/4d571ff55345efadfb90ca100df3e18eb3cdaa9eb0599415645d75cb8626ba49?s=96&d=mm&r=g","caption":"ESM"},"url":"https:\/\/www.etoilesportivemontoise.fr\/football\/aka\/9af3b8c1915118cbc5cf7cdecb87fa13c2abf1c4\/"}]}},"_links":{"self":[{"href":"https:\/\/www.etoilesportivemontoise.fr\/football\/wp-json\/wp\/v2\/posts\/3533","targetHints":{"allow":["GET"]}}],"collection":[{"href":"https:\/\/www.etoilesportivemontoise.fr\/football\/wp-json\/wp\/v2\/posts"}],"about":[{"href":"https:\/\/www.etoilesportivemontoise.fr\/football\/wp-json\/wp\/v2\/types\/post"}],"author":[{"embeddable":true,"href":"https:\/\/www.etoilesportivemontoise.fr\/football\/wp-json\/wp\/v2\/users\/1"}],"replies":[{"embeddable":true,"href":"https:\/\/www.etoilesportivemontoise.fr\/football\/wp-json\/wp\/v2\/comments?post=3533"}],"version-history":[{"count":2,"href":"https:\/\/www.etoilesportivemontoise.fr\/football\/wp-json\/wp\/v2\/posts\/3533\/revisions"}],"predecessor-version":[{"id":5187,"href":"https:\/\/www.etoilesportivemontoise.fr\/football\/wp-json\/wp\/v2\/posts\/3533\/revisions\/5187"}],"wp:attachment":[{"href":"https:\/\/www.etoilesportivemontoise.fr\/football\/wp-json\/wp\/v2\/media?parent=3533"}],"wp:term":[{"taxonomy":"category","embeddable":true,"href":"https:\/\/www.etoilesportivemontoise.fr\/football\/wp-json\/wp\/v2\/categories?post=3533"},{"taxonomy":"post_tag","embeddable":true,"href":"https:\/\/www.etoilesportivemontoise.fr\/football\/wp-json\/wp\/v2\/tags?post=3533"}],"curies":[{"name":"wp","href":"https:\/\/api.w.org\/{rel}","templated":true}]}}