{"id":3540,"date":"2013-09-25T11:59:00","date_gmt":"2013-09-25T10:59:00","guid":{"rendered":"http:\/\/www.etoilesportivemontoise.fr\/football\/que-de-regrets\/"},"modified":"2024-03-24T18:16:01","modified_gmt":"2024-03-24T17:16:01","slug":"2eme-journee-de-championnat-seniors","status":"publish","type":"post","link":"https:\/\/www.etoilesportivemontoise.fr\/football\/2013\/09\/2eme-journee-de-championnat-seniors\/","title":{"rendered":"Que de regrets !!!"},"content":{"rendered":"<div style=\"clear: both;text-align: center\"><a href=\"https:\/\/plus.google.com\/photos\/103714954216275648745\/albums\/5927509298211929713\" style=\"margin-left: 1em;margin-right: 1em\"><img loading=\"lazy\" decoding=\"async\" border=\"0\" height=\"235\" src=\"http:\/\/2.bp.blogspot.com\/-hO-SZfmxfm8\/UkK_zFBGAiI\/AAAAAAAAB_A\/rhfhFBQhkaA\/s320\/sever1.jpg\" width=\"320\" \/><\/a><\/div>\n<p>Invit\u00e9e surprise de cette rencontre qui opposait Saint-Sever \u00e0 l\u2019ESM, la chaleur \u00e9crasante de ce d\u00e9but d\u2019\u00e9t\u00e9 indien a sans doute pes\u00e9 lourd sur les organismes des joueurs\u2026<\/p>\n<p>Bien que toujours valeureuse \u00e0 domicile, cette \u00e9quipe saints\u00e9verine paraissait \u00eatre \u00e0 la port\u00e9e de nos gar\u00e7ons. Pourtant, ce derby s\u2019est rapidement transform\u00e9 en un match ferm\u00e9, sans rythme, souvent interrompu par de multiples arr\u00eats de jeu.<\/p>\n<p><a name='more'><\/a><!--more--><!--more--><!--more--><!--more--><!--more--><!--more--><!--more--><br \/>La premi\u00e8re mi-temps laissa un go\u00fbt d\u2019inachev\u00e9, ce qui contraignait les coatches \u00e0 op\u00e9rer quelques changements pour apporter de la fra\u00eecheur\u2026 Il fallut un coup de pied arr\u00eat\u00e9, 10 minutes apr\u00e8s la reprise, pour que Maxime lib\u00e8re enfin les siens\u2026<\/p>\n<div>\n<p><\/div>\n<p>Malheureusement, le match devait repartir sur un faux rythme peu favorable au beau jeu. Saint-Sever en profita, 10 minutes plus tard, tout d\u2019abord sur un coup franc, puis sur une frappe d\u00e9tourn\u00e9e qui devait tromper notre gardien 5 minutes avant la fin du temps r\u00e8glementaire. Malgr\u00e9 de bonnes intentions pour revenir au score, et un si\u00e8ge autour des cages des locaux, les montois durent s\u2019incliner sur le score de 2 \u00e0 1 et laissent 3 points \u00e0 St Sever&#8230;<\/p>\n<p>Il faudra se remobiliser pour le prochain match, le 5 octobre, \u00e0 domicile contre Morcenx !<\/p>\n<p>Retrouvez les photos du match, <a href=\"https:\/\/plus.google.com\/photos\/103714954216275648745\/albums\/5927509298211929713\" target=\"_blank\" rel=\"noopener\">en cliquant ici<\/a>.<\/p>\n","protected":false},"excerpt":{"rendered":"<p>Invit\u00e9e surprise de cette rencontre qui opposait Saint-Sever \u00e0 l\u2019ESM, la chaleur \u00e9crasante de ce d\u00e9but d\u2019\u00e9t\u00e9 indien a sans doute pes\u00e9 lourd sur les organismes des joueurs\u2026 Bien que toujours valeureuse \u00e0 domicile, cette \u00e9quipe saints\u00e9verine paraissait \u00eatre \u00e0 la port\u00e9e de nos gar\u00e7ons&#8230;.<\/p>\n","protected":false},"author":1,"featured_media":0,"comment_status":"closed","ping_status":"closed","sticky":false,"template":"","format":"standard","meta":{"footnotes":""},"categories":[28],"tags":[],"class_list":["post-3540","post","type-post","status-publish","format-standard","hentry","category-old"],"yoast_head":"<!-- This site is optimized with the Yoast SEO plugin v27.3 - https:\/\/yoast.com\/product\/yoast-seo-wordpress\/ -->\n<title>Que de regrets !!! - ESM Foot<\/title>\n<meta name=\"robots\" content=\"index, follow, max-snippet:-1, max-image-preview:large, max-video-preview:-1\" \/>\n<link rel=\"canonical\" href=\"https:\/\/www.etoilesportivemontoise.fr\/football\/2013\/09\/2eme-journee-de-championnat-seniors\/\" \/>\n<meta property=\"og:locale\" content=\"fr_FR\" \/>\n<meta property=\"og:type\" content=\"article\" \/>\n<meta property=\"og:title\" content=\"Que de regrets !!! - ESM Foot\" \/>\n<meta property=\"og:description\" content=\"Invit\u00e9e surprise de cette rencontre qui opposait Saint-Sever \u00e0 l\u2019ESM, la chaleur \u00e9crasante de ce d\u00e9but d\u2019\u00e9t\u00e9 indien a sans doute pes\u00e9 lourd sur les organismes des joueurs\u2026 Bien que toujours valeureuse \u00e0 domicile, cette \u00e9quipe saints\u00e9verine paraissait \u00eatre \u00e0 la port\u00e9e de nos gar\u00e7ons....\" \/>\n<meta property=\"og:url\" content=\"https:\/\/www.etoilesportivemontoise.fr\/football\/2013\/09\/2eme-journee-de-championnat-seniors\/\" \/>\n<meta property=\"og:site_name\" content=\"ESM Foot\" \/>\n<meta property=\"article:published_time\" content=\"2013-09-25T10:59:00+00:00\" \/>\n<meta property=\"article:modified_time\" content=\"2024-03-24T17:16:01+00:00\" \/>\n<meta property=\"og:image\" content=\"http:\/\/2.bp.blogspot.com\/-hO-SZfmxfm8\/UkK_zFBGAiI\/AAAAAAAAB_A\/rhfhFBQhkaA\/s320\/sever1.jpg\" \/>\n<meta name=\"author\" content=\"ESM\" \/>\n<meta name=\"twitter:label1\" content=\"\u00c9crit par\" \/>\n\t<meta name=\"twitter:data1\" content=\"ESM\" \/>\n\t<meta name=\"twitter:label2\" content=\"Dur\u00e9e de lecture estim\u00e9e\" \/>\n\t<meta name=\"twitter:data2\" content=\"1 minute\" \/>\n<script type=\"application\/ld+json\" class=\"yoast-schema-graph\">{\"@context\":\"https:\\\/\\\/schema.org\",\"@graph\":[{\"@type\":\"Article\",\"@id\":\"https:\\\/\\\/www.etoilesportivemontoise.fr\\\/football\\\/2013\\\/09\\\/2eme-journee-de-championnat-seniors\\\/#article\",\"isPartOf\":{\"@id\":\"https:\\\/\\\/www.etoilesportivemontoise.fr\\\/football\\\/2013\\\/09\\\/2eme-journee-de-championnat-seniors\\\/\"},\"author\":{\"name\":\"ESM\",\"@id\":\"https:\\\/\\\/www.etoilesportivemontoise.fr\\\/football\\\/#\\\/schema\\\/person\\\/dd02b702be97ed924801c88fb2142212\"},\"headline\":\"Que de regrets !!!\",\"datePublished\":\"2013-09-25T10:59:00+00:00\",\"dateModified\":\"2024-03-24T17:16:01+00:00\",\"mainEntityOfPage\":{\"@id\":\"https:\\\/\\\/www.etoilesportivemontoise.fr\\\/football\\\/2013\\\/09\\\/2eme-journee-de-championnat-seniors\\\/\"},\"wordCount\":219,\"image\":{\"@id\":\"https:\\\/\\\/www.etoilesportivemontoise.fr\\\/football\\\/2013\\\/09\\\/2eme-journee-de-championnat-seniors\\\/#primaryimage\"},\"thumbnailUrl\":\"http:\\\/\\\/2.bp.blogspot.com\\\/-hO-SZfmxfm8\\\/UkK_zFBGAiI\\\/AAAAAAAAB_A\\\/rhfhFBQhkaA\\\/s320\\\/sever1.jpg\",\"articleSection\":[\"Archives\"],\"inLanguage\":\"fr-FR\"},{\"@type\":\"WebPage\",\"@id\":\"https:\\\/\\\/www.etoilesportivemontoise.fr\\\/football\\\/2013\\\/09\\\/2eme-journee-de-championnat-seniors\\\/\",\"url\":\"https:\\\/\\\/www.etoilesportivemontoise.fr\\\/football\\\/2013\\\/09\\\/2eme-journee-de-championnat-seniors\\\/\",\"name\":\"Que de regrets !!! - ESM Foot\",\"isPartOf\":{\"@id\":\"https:\\\/\\\/www.etoilesportivemontoise.fr\\\/football\\\/#website\"},\"primaryImageOfPage\":{\"@id\":\"https:\\\/\\\/www.etoilesportivemontoise.fr\\\/football\\\/2013\\\/09\\\/2eme-journee-de-championnat-seniors\\\/#primaryimage\"},\"image\":{\"@id\":\"https:\\\/\\\/www.etoilesportivemontoise.fr\\\/football\\\/2013\\\/09\\\/2eme-journee-de-championnat-seniors\\\/#primaryimage\"},\"thumbnailUrl\":\"http:\\\/\\\/2.bp.blogspot.com\\\/-hO-SZfmxfm8\\\/UkK_zFBGAiI\\\/AAAAAAAAB_A\\\/rhfhFBQhkaA\\\/s320\\\/sever1.jpg\",\"datePublished\":\"2013-09-25T10:59:00+00:00\",\"dateModified\":\"2024-03-24T17:16:01+00:00\",\"author\":{\"@id\":\"https:\\\/\\\/www.etoilesportivemontoise.fr\\\/football\\\/#\\\/schema\\\/person\\\/dd02b702be97ed924801c88fb2142212\"},\"breadcrumb\":{\"@id\":\"https:\\\/\\\/www.etoilesportivemontoise.fr\\\/football\\\/2013\\\/09\\\/2eme-journee-de-championnat-seniors\\\/#breadcrumb\"},\"inLanguage\":\"fr-FR\",\"potentialAction\":[{\"@type\":\"ReadAction\",\"target\":[\"https:\\\/\\\/www.etoilesportivemontoise.fr\\\/football\\\/2013\\\/09\\\/2eme-journee-de-championnat-seniors\\\/\"]}]},{\"@type\":\"ImageObject\",\"inLanguage\":\"fr-FR\",\"@id\":\"https:\\\/\\\/www.etoilesportivemontoise.fr\\\/football\\\/2013\\\/09\\\/2eme-journee-de-championnat-seniors\\\/#primaryimage\",\"url\":\"http:\\\/\\\/2.bp.blogspot.com\\\/-hO-SZfmxfm8\\\/UkK_zFBGAiI\\\/AAAAAAAAB_A\\\/rhfhFBQhkaA\\\/s320\\\/sever1.jpg\",\"contentUrl\":\"http:\\\/\\\/2.bp.blogspot.com\\\/-hO-SZfmxfm8\\\/UkK_zFBGAiI\\\/AAAAAAAAB_A\\\/rhfhFBQhkaA\\\/s320\\\/sever1.jpg\"},{\"@type\":\"BreadcrumbList\",\"@id\":\"https:\\\/\\\/www.etoilesportivemontoise.fr\\\/football\\\/2013\\\/09\\\/2eme-journee-de-championnat-seniors\\\/#breadcrumb\",\"itemListElement\":[{\"@type\":\"ListItem\",\"position\":1,\"name\":\"Accueil\",\"item\":\"https:\\\/\\\/www.etoilesportivemontoise.fr\\\/football\\\/\"},{\"@type\":\"ListItem\",\"position\":2,\"name\":\"Que de regrets !!!\"}]},{\"@type\":\"WebSite\",\"@id\":\"https:\\\/\\\/www.etoilesportivemontoise.fr\\\/football\\\/#website\",\"url\":\"https:\\\/\\\/www.etoilesportivemontoise.fr\\\/football\\\/\",\"name\":\"ESM Foot\",\"description\":\"Club Football Mont de Marsan\",\"potentialAction\":[{\"@type\":\"SearchAction\",\"target\":{\"@type\":\"EntryPoint\",\"urlTemplate\":\"https:\\\/\\\/www.etoilesportivemontoise.fr\\\/football\\\/?s={search_term_string}\"},\"query-input\":{\"@type\":\"PropertyValueSpecification\",\"valueRequired\":true,\"valueName\":\"search_term_string\"}}],\"inLanguage\":\"fr-FR\"},{\"@type\":\"Person\",\"@id\":\"https:\\\/\\\/www.etoilesportivemontoise.fr\\\/football\\\/#\\\/schema\\\/person\\\/dd02b702be97ed924801c88fb2142212\",\"name\":\"ESM\",\"image\":{\"@type\":\"ImageObject\",\"inLanguage\":\"fr-FR\",\"@id\":\"https:\\\/\\\/secure.gravatar.com\\\/avatar\\\/4d571ff55345efadfb90ca100df3e18eb3cdaa9eb0599415645d75cb8626ba49?s=96&d=mm&r=g\",\"url\":\"https:\\\/\\\/secure.gravatar.com\\\/avatar\\\/4d571ff55345efadfb90ca100df3e18eb3cdaa9eb0599415645d75cb8626ba49?s=96&d=mm&r=g\",\"contentUrl\":\"https:\\\/\\\/secure.gravatar.com\\\/avatar\\\/4d571ff55345efadfb90ca100df3e18eb3cdaa9eb0599415645d75cb8626ba49?s=96&d=mm&r=g\",\"caption\":\"ESM\"},\"url\":\"https:\\\/\\\/www.etoilesportivemontoise.fr\\\/football\\\/aka\\\/9af3b8c1915118cbc5cf7cdecb87fa13c2abf1c4\\\/\"}]}<\/script>\n<!-- \/ Yoast SEO plugin. -->","yoast_head_json":{"title":"Que de regrets !!! - ESM Foot","robots":{"index":"index","follow":"follow","max-snippet":"max-snippet:-1","max-image-preview":"max-image-preview:large","max-video-preview":"max-video-preview:-1"},"canonical":"https:\/\/www.etoilesportivemontoise.fr\/football\/2013\/09\/2eme-journee-de-championnat-seniors\/","og_locale":"fr_FR","og_type":"article","og_title":"Que de regrets !!! - ESM Foot","og_description":"Invit\u00e9e surprise de cette rencontre qui opposait Saint-Sever \u00e0 l\u2019ESM, la chaleur \u00e9crasante de ce d\u00e9but d\u2019\u00e9t\u00e9 indien a sans doute pes\u00e9 lourd sur les organismes des joueurs\u2026 Bien que toujours valeureuse \u00e0 domicile, cette \u00e9quipe saints\u00e9verine paraissait \u00eatre \u00e0 la port\u00e9e de nos gar\u00e7ons....","og_url":"https:\/\/www.etoilesportivemontoise.fr\/football\/2013\/09\/2eme-journee-de-championnat-seniors\/","og_site_name":"ESM Foot","article_published_time":"2013-09-25T10:59:00+00:00","article_modified_time":"2024-03-24T17:16:01+00:00","og_image":[{"url":"http:\/\/2.bp.blogspot.com\/-hO-SZfmxfm8\/UkK_zFBGAiI\/AAAAAAAAB_A\/rhfhFBQhkaA\/s320\/sever1.jpg","type":"","width":"","height":""}],"author":"ESM","twitter_misc":{"\u00c9crit par":"ESM","Dur\u00e9e de lecture estim\u00e9e":"1 minute"},"schema":{"@context":"https:\/\/schema.org","@graph":[{"@type":"Article","@id":"https:\/\/www.etoilesportivemontoise.fr\/football\/2013\/09\/2eme-journee-de-championnat-seniors\/#article","isPartOf":{"@id":"https:\/\/www.etoilesportivemontoise.fr\/football\/2013\/09\/2eme-journee-de-championnat-seniors\/"},"author":{"name":"ESM","@id":"https:\/\/www.etoilesportivemontoise.fr\/football\/#\/schema\/person\/dd02b702be97ed924801c88fb2142212"},"headline":"Que de regrets !!!","datePublished":"2013-09-25T10:59:00+00:00","dateModified":"2024-03-24T17:16:01+00:00","mainEntityOfPage":{"@id":"https:\/\/www.etoilesportivemontoise.fr\/football\/2013\/09\/2eme-journee-de-championnat-seniors\/"},"wordCount":219,"image":{"@id":"https:\/\/www.etoilesportivemontoise.fr\/football\/2013\/09\/2eme-journee-de-championnat-seniors\/#primaryimage"},"thumbnailUrl":"http:\/\/2.bp.blogspot.com\/-hO-SZfmxfm8\/UkK_zFBGAiI\/AAAAAAAAB_A\/rhfhFBQhkaA\/s320\/sever1.jpg","articleSection":["Archives"],"inLanguage":"fr-FR"},{"@type":"WebPage","@id":"https:\/\/www.etoilesportivemontoise.fr\/football\/2013\/09\/2eme-journee-de-championnat-seniors\/","url":"https:\/\/www.etoilesportivemontoise.fr\/football\/2013\/09\/2eme-journee-de-championnat-seniors\/","name":"Que de regrets !!! - ESM Foot","isPartOf":{"@id":"https:\/\/www.etoilesportivemontoise.fr\/football\/#website"},"primaryImageOfPage":{"@id":"https:\/\/www.etoilesportivemontoise.fr\/football\/2013\/09\/2eme-journee-de-championnat-seniors\/#primaryimage"},"image":{"@id":"https:\/\/www.etoilesportivemontoise.fr\/football\/2013\/09\/2eme-journee-de-championnat-seniors\/#primaryimage"},"thumbnailUrl":"http:\/\/2.bp.blogspot.com\/-hO-SZfmxfm8\/UkK_zFBGAiI\/AAAAAAAAB_A\/rhfhFBQhkaA\/s320\/sever1.jpg","datePublished":"2013-09-25T10:59:00+00:00","dateModified":"2024-03-24T17:16:01+00:00","author":{"@id":"https:\/\/www.etoilesportivemontoise.fr\/football\/#\/schema\/person\/dd02b702be97ed924801c88fb2142212"},"breadcrumb":{"@id":"https:\/\/www.etoilesportivemontoise.fr\/football\/2013\/09\/2eme-journee-de-championnat-seniors\/#breadcrumb"},"inLanguage":"fr-FR","potentialAction":[{"@type":"ReadAction","target":["https:\/\/www.etoilesportivemontoise.fr\/football\/2013\/09\/2eme-journee-de-championnat-seniors\/"]}]},{"@type":"ImageObject","inLanguage":"fr-FR","@id":"https:\/\/www.etoilesportivemontoise.fr\/football\/2013\/09\/2eme-journee-de-championnat-seniors\/#primaryimage","url":"http:\/\/2.bp.blogspot.com\/-hO-SZfmxfm8\/UkK_zFBGAiI\/AAAAAAAAB_A\/rhfhFBQhkaA\/s320\/sever1.jpg","contentUrl":"http:\/\/2.bp.blogspot.com\/-hO-SZfmxfm8\/UkK_zFBGAiI\/AAAAAAAAB_A\/rhfhFBQhkaA\/s320\/sever1.jpg"},{"@type":"BreadcrumbList","@id":"https:\/\/www.etoilesportivemontoise.fr\/football\/2013\/09\/2eme-journee-de-championnat-seniors\/#breadcrumb","itemListElement":[{"@type":"ListItem","position":1,"name":"Accueil","item":"https:\/\/www.etoilesportivemontoise.fr\/football\/"},{"@type":"ListItem","position":2,"name":"Que de regrets !!!"}]},{"@type":"WebSite","@id":"https:\/\/www.etoilesportivemontoise.fr\/football\/#website","url":"https:\/\/www.etoilesportivemontoise.fr\/football\/","name":"ESM Foot","description":"Club Football Mont de Marsan","potentialAction":[{"@type":"SearchAction","target":{"@type":"EntryPoint","urlTemplate":"https:\/\/www.etoilesportivemontoise.fr\/football\/?s={search_term_string}"},"query-input":{"@type":"PropertyValueSpecification","valueRequired":true,"valueName":"search_term_string"}}],"inLanguage":"fr-FR"},{"@type":"Person","@id":"https:\/\/www.etoilesportivemontoise.fr\/football\/#\/schema\/person\/dd02b702be97ed924801c88fb2142212","name":"ESM","image":{"@type":"ImageObject","inLanguage":"fr-FR","@id":"https:\/\/secure.gravatar.com\/avatar\/4d571ff55345efadfb90ca100df3e18eb3cdaa9eb0599415645d75cb8626ba49?s=96&d=mm&r=g","url":"https:\/\/secure.gravatar.com\/avatar\/4d571ff55345efadfb90ca100df3e18eb3cdaa9eb0599415645d75cb8626ba49?s=96&d=mm&r=g","contentUrl":"https:\/\/secure.gravatar.com\/avatar\/4d571ff55345efadfb90ca100df3e18eb3cdaa9eb0599415645d75cb8626ba49?s=96&d=mm&r=g","caption":"ESM"},"url":"https:\/\/www.etoilesportivemontoise.fr\/football\/aka\/9af3b8c1915118cbc5cf7cdecb87fa13c2abf1c4\/"}]}},"_links":{"self":[{"href":"https:\/\/www.etoilesportivemontoise.fr\/football\/wp-json\/wp\/v2\/posts\/3540","targetHints":{"allow":["GET"]}}],"collection":[{"href":"https:\/\/www.etoilesportivemontoise.fr\/football\/wp-json\/wp\/v2\/posts"}],"about":[{"href":"https:\/\/www.etoilesportivemontoise.fr\/football\/wp-json\/wp\/v2\/types\/post"}],"author":[{"embeddable":true,"href":"https:\/\/www.etoilesportivemontoise.fr\/football\/wp-json\/wp\/v2\/users\/1"}],"replies":[{"embeddable":true,"href":"https:\/\/www.etoilesportivemontoise.fr\/football\/wp-json\/wp\/v2\/comments?post=3540"}],"version-history":[{"count":2,"href":"https:\/\/www.etoilesportivemontoise.fr\/football\/wp-json\/wp\/v2\/posts\/3540\/revisions"}],"predecessor-version":[{"id":5190,"href":"https:\/\/www.etoilesportivemontoise.fr\/football\/wp-json\/wp\/v2\/posts\/3540\/revisions\/5190"}],"wp:attachment":[{"href":"https:\/\/www.etoilesportivemontoise.fr\/football\/wp-json\/wp\/v2\/media?parent=3540"}],"wp:term":[{"taxonomy":"category","embeddable":true,"href":"https:\/\/www.etoilesportivemontoise.fr\/football\/wp-json\/wp\/v2\/categories?post=3540"},{"taxonomy":"post_tag","embeddable":true,"href":"https:\/\/www.etoilesportivemontoise.fr\/football\/wp-json\/wp\/v2\/tags?post=3540"}],"curies":[{"name":"wp","href":"https:\/\/api.w.org\/{rel}","templated":true}]}}