{"id":3545,"date":"2013-09-16T16:49:00","date_gmt":"2013-09-16T15:49:00","guid":{"rendered":"http:\/\/www.etoilesportivemontoise.fr\/football\/la-marche-etait-trop-haute\/"},"modified":"2024-03-24T18:16:05","modified_gmt":"2024-03-24T17:16:05","slug":"la-marche-etait-trop-haute","status":"publish","type":"post","link":"https:\/\/www.etoilesportivemontoise.fr\/football\/2013\/09\/la-marche-etait-trop-haute\/","title":{"rendered":"La marche \u00e9tait trop haute\u2026"},"content":{"rendered":"<div style=\"clear: both;text-align: center\"><a href=\"https:\/\/plus.google.com\/photos\/103714954216275648745\/albums\/5924169378889148833\" style=\"margin-left: 1em;margin-right: 1em\" target=\"_blank\" rel=\"noopener\"><img loading=\"lazy\" decoding=\"async\" border=\"0\" height=\"221\" src=\"http:\/\/4.bp.blogspot.com\/-zRJZgXqROVc\/Ujcn7pfkFkI\/AAAAAAAABxk\/ZblzAl6uK9E\/s320\/IMG_6983.JPG\" width=\"320\" \/><\/a><\/div>\n<p>Pour ce 3\u00e8me tour de coupe de France \u00e0 Jacques Foix, l\u2019ESM avait h\u00e9rit\u00e9 d\u2019un morceau de choix : Lons, une \u00e9quipe de PH, arriv\u00e9e 3\u00e8me de sa poule de championnat lors de la saison pass\u00e9e \u2026<\/p>\n<p>Un collectif fort bien en place, dot\u00e9 d\u2019une colonne vert\u00e9brale tr\u00e8s solide, contre laquelle les n\u00f4tres ne r\u00e9ussirent pas vraiment \u00e0 trouver la solution et ne purent se procurer que quelques timides occasions&#8230;<\/p>\n<p><a name='more'><\/a><br \/>Malgr\u00e9 un d\u00e9but de match \u00e9quilibr\u00e9, les rouges et noirs ont su faire preuve de patience et imposer peu \u00e0 peu leur organisation bien huil\u00e9e. Ils furent r\u00e9compens\u00e9s \u00e0 la demi-heure de jeu par un premier but, puis, 5 minutes avant le retour aux vestiaires, une deuxi\u00e8me banderille r\u00e9ussit \u00e0 semer le doute chez nos stellistes\u2026<\/p>\n<p>Malgr\u00e9 de meilleures intentions \u00e0 la reprise, et quelques repositionnements tactiques, les locaux n\u2019avaient pas termin\u00e9 leur chemin de croix. Malgr\u00e9 quelques interventions spectaculaires et acrobatiques de Mika, notre gardien, celui-ci d\u00fb s\u2019incliner par deux fois encore, laissant les pyr\u00e9n\u00e9ens prendre leur billet pour le tour suivant.<\/p>\n<p>1\u00e8re d\u00e9faite de la saison (0-4) pour l\u2019Etoile, il faudra rester concentr\u00e9 en vue du d\u00e9placement d\u00e8s le week-end prochain \u00e0 Saint-Sever, un autre challenge \u00e0 relever\u2026<\/p>\n<p>Retrouvez <a href=\"https:\/\/plus.google.com\/photos\/103714954216275648745\/albums\/5924169378889148833\" target=\"_blank\" rel=\"noopener\">les photos du match<\/a>.<\/p>\n","protected":false},"excerpt":{"rendered":"<p>Pour ce 3\u00e8me tour de coupe de France \u00e0 Jacques Foix, l\u2019ESM avait h\u00e9rit\u00e9 d\u2019un morceau de choix : Lons, une \u00e9quipe de PH, arriv\u00e9e 3\u00e8me de sa poule de championnat lors de la saison pass\u00e9e \u2026 Un collectif fort bien en place, dot\u00e9 d\u2019une&#8230;<\/p>\n","protected":false},"author":1,"featured_media":0,"comment_status":"closed","ping_status":"closed","sticky":false,"template":"","format":"standard","meta":{"footnotes":""},"categories":[28],"tags":[],"class_list":["post-3545","post","type-post","status-publish","format-standard","hentry","category-old"],"yoast_head":"<!-- This site is optimized with the Yoast SEO plugin v27.3 - https:\/\/yoast.com\/product\/yoast-seo-wordpress\/ -->\n<title>La marche \u00e9tait trop haute\u2026 - ESM Foot<\/title>\n<meta name=\"robots\" content=\"index, follow, max-snippet:-1, max-image-preview:large, max-video-preview:-1\" \/>\n<link rel=\"canonical\" href=\"https:\/\/www.etoilesportivemontoise.fr\/football\/2013\/09\/la-marche-etait-trop-haute\/\" \/>\n<meta property=\"og:locale\" content=\"fr_FR\" \/>\n<meta property=\"og:type\" content=\"article\" \/>\n<meta property=\"og:title\" content=\"La marche \u00e9tait trop haute\u2026 - ESM Foot\" \/>\n<meta property=\"og:description\" content=\"Pour ce 3\u00e8me tour de coupe de France \u00e0 Jacques Foix, l\u2019ESM avait h\u00e9rit\u00e9 d\u2019un morceau de choix : Lons, une \u00e9quipe de PH, arriv\u00e9e 3\u00e8me de sa poule de championnat lors de la saison pass\u00e9e \u2026 Un collectif fort bien en place, dot\u00e9 d\u2019une...\" \/>\n<meta property=\"og:url\" content=\"https:\/\/www.etoilesportivemontoise.fr\/football\/2013\/09\/la-marche-etait-trop-haute\/\" \/>\n<meta property=\"og:site_name\" content=\"ESM Foot\" \/>\n<meta property=\"article:published_time\" content=\"2013-09-16T15:49:00+00:00\" \/>\n<meta property=\"article:modified_time\" content=\"2024-03-24T17:16:05+00:00\" \/>\n<meta property=\"og:image\" content=\"http:\/\/4.bp.blogspot.com\/-zRJZgXqROVc\/Ujcn7pfkFkI\/AAAAAAAABxk\/ZblzAl6uK9E\/s320\/IMG_6983.JPG\" \/>\n<meta name=\"author\" content=\"ESM\" \/>\n<meta name=\"twitter:label1\" content=\"\u00c9crit par\" \/>\n\t<meta name=\"twitter:data1\" content=\"ESM\" \/>\n\t<meta name=\"twitter:label2\" content=\"Dur\u00e9e de lecture estim\u00e9e\" \/>\n\t<meta name=\"twitter:data2\" content=\"1 minute\" \/>\n<script type=\"application\/ld+json\" class=\"yoast-schema-graph\">{\"@context\":\"https:\\\/\\\/schema.org\",\"@graph\":[{\"@type\":\"Article\",\"@id\":\"https:\\\/\\\/www.etoilesportivemontoise.fr\\\/football\\\/2013\\\/09\\\/la-marche-etait-trop-haute\\\/#article\",\"isPartOf\":{\"@id\":\"https:\\\/\\\/www.etoilesportivemontoise.fr\\\/football\\\/2013\\\/09\\\/la-marche-etait-trop-haute\\\/\"},\"author\":{\"name\":\"ESM\",\"@id\":\"https:\\\/\\\/www.etoilesportivemontoise.fr\\\/football\\\/#\\\/schema\\\/person\\\/dd02b702be97ed924801c88fb2142212\"},\"headline\":\"La marche \u00e9tait trop haute\u2026\",\"datePublished\":\"2013-09-16T15:49:00+00:00\",\"dateModified\":\"2024-03-24T17:16:05+00:00\",\"mainEntityOfPage\":{\"@id\":\"https:\\\/\\\/www.etoilesportivemontoise.fr\\\/football\\\/2013\\\/09\\\/la-marche-etait-trop-haute\\\/\"},\"wordCount\":223,\"image\":{\"@id\":\"https:\\\/\\\/www.etoilesportivemontoise.fr\\\/football\\\/2013\\\/09\\\/la-marche-etait-trop-haute\\\/#primaryimage\"},\"thumbnailUrl\":\"http:\\\/\\\/4.bp.blogspot.com\\\/-zRJZgXqROVc\\\/Ujcn7pfkFkI\\\/AAAAAAAABxk\\\/ZblzAl6uK9E\\\/s320\\\/IMG_6983.JPG\",\"articleSection\":[\"Archives\"],\"inLanguage\":\"fr-FR\"},{\"@type\":\"WebPage\",\"@id\":\"https:\\\/\\\/www.etoilesportivemontoise.fr\\\/football\\\/2013\\\/09\\\/la-marche-etait-trop-haute\\\/\",\"url\":\"https:\\\/\\\/www.etoilesportivemontoise.fr\\\/football\\\/2013\\\/09\\\/la-marche-etait-trop-haute\\\/\",\"name\":\"La marche \u00e9tait trop haute\u2026 - ESM Foot\",\"isPartOf\":{\"@id\":\"https:\\\/\\\/www.etoilesportivemontoise.fr\\\/football\\\/#website\"},\"primaryImageOfPage\":{\"@id\":\"https:\\\/\\\/www.etoilesportivemontoise.fr\\\/football\\\/2013\\\/09\\\/la-marche-etait-trop-haute\\\/#primaryimage\"},\"image\":{\"@id\":\"https:\\\/\\\/www.etoilesportivemontoise.fr\\\/football\\\/2013\\\/09\\\/la-marche-etait-trop-haute\\\/#primaryimage\"},\"thumbnailUrl\":\"http:\\\/\\\/4.bp.blogspot.com\\\/-zRJZgXqROVc\\\/Ujcn7pfkFkI\\\/AAAAAAAABxk\\\/ZblzAl6uK9E\\\/s320\\\/IMG_6983.JPG\",\"datePublished\":\"2013-09-16T15:49:00+00:00\",\"dateModified\":\"2024-03-24T17:16:05+00:00\",\"author\":{\"@id\":\"https:\\\/\\\/www.etoilesportivemontoise.fr\\\/football\\\/#\\\/schema\\\/person\\\/dd02b702be97ed924801c88fb2142212\"},\"breadcrumb\":{\"@id\":\"https:\\\/\\\/www.etoilesportivemontoise.fr\\\/football\\\/2013\\\/09\\\/la-marche-etait-trop-haute\\\/#breadcrumb\"},\"inLanguage\":\"fr-FR\",\"potentialAction\":[{\"@type\":\"ReadAction\",\"target\":[\"https:\\\/\\\/www.etoilesportivemontoise.fr\\\/football\\\/2013\\\/09\\\/la-marche-etait-trop-haute\\\/\"]}]},{\"@type\":\"ImageObject\",\"inLanguage\":\"fr-FR\",\"@id\":\"https:\\\/\\\/www.etoilesportivemontoise.fr\\\/football\\\/2013\\\/09\\\/la-marche-etait-trop-haute\\\/#primaryimage\",\"url\":\"http:\\\/\\\/4.bp.blogspot.com\\\/-zRJZgXqROVc\\\/Ujcn7pfkFkI\\\/AAAAAAAABxk\\\/ZblzAl6uK9E\\\/s320\\\/IMG_6983.JPG\",\"contentUrl\":\"http:\\\/\\\/4.bp.blogspot.com\\\/-zRJZgXqROVc\\\/Ujcn7pfkFkI\\\/AAAAAAAABxk\\\/ZblzAl6uK9E\\\/s320\\\/IMG_6983.JPG\"},{\"@type\":\"BreadcrumbList\",\"@id\":\"https:\\\/\\\/www.etoilesportivemontoise.fr\\\/football\\\/2013\\\/09\\\/la-marche-etait-trop-haute\\\/#breadcrumb\",\"itemListElement\":[{\"@type\":\"ListItem\",\"position\":1,\"name\":\"Accueil\",\"item\":\"https:\\\/\\\/www.etoilesportivemontoise.fr\\\/football\\\/\"},{\"@type\":\"ListItem\",\"position\":2,\"name\":\"La marche \u00e9tait trop haute\u2026\"}]},{\"@type\":\"WebSite\",\"@id\":\"https:\\\/\\\/www.etoilesportivemontoise.fr\\\/football\\\/#website\",\"url\":\"https:\\\/\\\/www.etoilesportivemontoise.fr\\\/football\\\/\",\"name\":\"ESM Foot\",\"description\":\"Club Football Mont de Marsan\",\"potentialAction\":[{\"@type\":\"SearchAction\",\"target\":{\"@type\":\"EntryPoint\",\"urlTemplate\":\"https:\\\/\\\/www.etoilesportivemontoise.fr\\\/football\\\/?s={search_term_string}\"},\"query-input\":{\"@type\":\"PropertyValueSpecification\",\"valueRequired\":true,\"valueName\":\"search_term_string\"}}],\"inLanguage\":\"fr-FR\"},{\"@type\":\"Person\",\"@id\":\"https:\\\/\\\/www.etoilesportivemontoise.fr\\\/football\\\/#\\\/schema\\\/person\\\/dd02b702be97ed924801c88fb2142212\",\"name\":\"ESM\",\"image\":{\"@type\":\"ImageObject\",\"inLanguage\":\"fr-FR\",\"@id\":\"https:\\\/\\\/secure.gravatar.com\\\/avatar\\\/4d571ff55345efadfb90ca100df3e18eb3cdaa9eb0599415645d75cb8626ba49?s=96&d=mm&r=g\",\"url\":\"https:\\\/\\\/secure.gravatar.com\\\/avatar\\\/4d571ff55345efadfb90ca100df3e18eb3cdaa9eb0599415645d75cb8626ba49?s=96&d=mm&r=g\",\"contentUrl\":\"https:\\\/\\\/secure.gravatar.com\\\/avatar\\\/4d571ff55345efadfb90ca100df3e18eb3cdaa9eb0599415645d75cb8626ba49?s=96&d=mm&r=g\",\"caption\":\"ESM\"},\"url\":\"https:\\\/\\\/www.etoilesportivemontoise.fr\\\/football\\\/aka\\\/9af3b8c1915118cbc5cf7cdecb87fa13c2abf1c4\\\/\"}]}<\/script>\n<!-- \/ Yoast SEO plugin. -->","yoast_head_json":{"title":"La marche \u00e9tait trop haute\u2026 - ESM Foot","robots":{"index":"index","follow":"follow","max-snippet":"max-snippet:-1","max-image-preview":"max-image-preview:large","max-video-preview":"max-video-preview:-1"},"canonical":"https:\/\/www.etoilesportivemontoise.fr\/football\/2013\/09\/la-marche-etait-trop-haute\/","og_locale":"fr_FR","og_type":"article","og_title":"La marche \u00e9tait trop haute\u2026 - ESM Foot","og_description":"Pour ce 3\u00e8me tour de coupe de France \u00e0 Jacques Foix, l\u2019ESM avait h\u00e9rit\u00e9 d\u2019un morceau de choix : Lons, une \u00e9quipe de PH, arriv\u00e9e 3\u00e8me de sa poule de championnat lors de la saison pass\u00e9e \u2026 Un collectif fort bien en place, dot\u00e9 d\u2019une...","og_url":"https:\/\/www.etoilesportivemontoise.fr\/football\/2013\/09\/la-marche-etait-trop-haute\/","og_site_name":"ESM Foot","article_published_time":"2013-09-16T15:49:00+00:00","article_modified_time":"2024-03-24T17:16:05+00:00","og_image":[{"url":"http:\/\/4.bp.blogspot.com\/-zRJZgXqROVc\/Ujcn7pfkFkI\/AAAAAAAABxk\/ZblzAl6uK9E\/s320\/IMG_6983.JPG","type":"","width":"","height":""}],"author":"ESM","twitter_misc":{"\u00c9crit par":"ESM","Dur\u00e9e de lecture estim\u00e9e":"1 minute"},"schema":{"@context":"https:\/\/schema.org","@graph":[{"@type":"Article","@id":"https:\/\/www.etoilesportivemontoise.fr\/football\/2013\/09\/la-marche-etait-trop-haute\/#article","isPartOf":{"@id":"https:\/\/www.etoilesportivemontoise.fr\/football\/2013\/09\/la-marche-etait-trop-haute\/"},"author":{"name":"ESM","@id":"https:\/\/www.etoilesportivemontoise.fr\/football\/#\/schema\/person\/dd02b702be97ed924801c88fb2142212"},"headline":"La marche \u00e9tait trop haute\u2026","datePublished":"2013-09-16T15:49:00+00:00","dateModified":"2024-03-24T17:16:05+00:00","mainEntityOfPage":{"@id":"https:\/\/www.etoilesportivemontoise.fr\/football\/2013\/09\/la-marche-etait-trop-haute\/"},"wordCount":223,"image":{"@id":"https:\/\/www.etoilesportivemontoise.fr\/football\/2013\/09\/la-marche-etait-trop-haute\/#primaryimage"},"thumbnailUrl":"http:\/\/4.bp.blogspot.com\/-zRJZgXqROVc\/Ujcn7pfkFkI\/AAAAAAAABxk\/ZblzAl6uK9E\/s320\/IMG_6983.JPG","articleSection":["Archives"],"inLanguage":"fr-FR"},{"@type":"WebPage","@id":"https:\/\/www.etoilesportivemontoise.fr\/football\/2013\/09\/la-marche-etait-trop-haute\/","url":"https:\/\/www.etoilesportivemontoise.fr\/football\/2013\/09\/la-marche-etait-trop-haute\/","name":"La marche \u00e9tait trop haute\u2026 - ESM Foot","isPartOf":{"@id":"https:\/\/www.etoilesportivemontoise.fr\/football\/#website"},"primaryImageOfPage":{"@id":"https:\/\/www.etoilesportivemontoise.fr\/football\/2013\/09\/la-marche-etait-trop-haute\/#primaryimage"},"image":{"@id":"https:\/\/www.etoilesportivemontoise.fr\/football\/2013\/09\/la-marche-etait-trop-haute\/#primaryimage"},"thumbnailUrl":"http:\/\/4.bp.blogspot.com\/-zRJZgXqROVc\/Ujcn7pfkFkI\/AAAAAAAABxk\/ZblzAl6uK9E\/s320\/IMG_6983.JPG","datePublished":"2013-09-16T15:49:00+00:00","dateModified":"2024-03-24T17:16:05+00:00","author":{"@id":"https:\/\/www.etoilesportivemontoise.fr\/football\/#\/schema\/person\/dd02b702be97ed924801c88fb2142212"},"breadcrumb":{"@id":"https:\/\/www.etoilesportivemontoise.fr\/football\/2013\/09\/la-marche-etait-trop-haute\/#breadcrumb"},"inLanguage":"fr-FR","potentialAction":[{"@type":"ReadAction","target":["https:\/\/www.etoilesportivemontoise.fr\/football\/2013\/09\/la-marche-etait-trop-haute\/"]}]},{"@type":"ImageObject","inLanguage":"fr-FR","@id":"https:\/\/www.etoilesportivemontoise.fr\/football\/2013\/09\/la-marche-etait-trop-haute\/#primaryimage","url":"http:\/\/4.bp.blogspot.com\/-zRJZgXqROVc\/Ujcn7pfkFkI\/AAAAAAAABxk\/ZblzAl6uK9E\/s320\/IMG_6983.JPG","contentUrl":"http:\/\/4.bp.blogspot.com\/-zRJZgXqROVc\/Ujcn7pfkFkI\/AAAAAAAABxk\/ZblzAl6uK9E\/s320\/IMG_6983.JPG"},{"@type":"BreadcrumbList","@id":"https:\/\/www.etoilesportivemontoise.fr\/football\/2013\/09\/la-marche-etait-trop-haute\/#breadcrumb","itemListElement":[{"@type":"ListItem","position":1,"name":"Accueil","item":"https:\/\/www.etoilesportivemontoise.fr\/football\/"},{"@type":"ListItem","position":2,"name":"La marche \u00e9tait trop haute\u2026"}]},{"@type":"WebSite","@id":"https:\/\/www.etoilesportivemontoise.fr\/football\/#website","url":"https:\/\/www.etoilesportivemontoise.fr\/football\/","name":"ESM Foot","description":"Club Football Mont de Marsan","potentialAction":[{"@type":"SearchAction","target":{"@type":"EntryPoint","urlTemplate":"https:\/\/www.etoilesportivemontoise.fr\/football\/?s={search_term_string}"},"query-input":{"@type":"PropertyValueSpecification","valueRequired":true,"valueName":"search_term_string"}}],"inLanguage":"fr-FR"},{"@type":"Person","@id":"https:\/\/www.etoilesportivemontoise.fr\/football\/#\/schema\/person\/dd02b702be97ed924801c88fb2142212","name":"ESM","image":{"@type":"ImageObject","inLanguage":"fr-FR","@id":"https:\/\/secure.gravatar.com\/avatar\/4d571ff55345efadfb90ca100df3e18eb3cdaa9eb0599415645d75cb8626ba49?s=96&d=mm&r=g","url":"https:\/\/secure.gravatar.com\/avatar\/4d571ff55345efadfb90ca100df3e18eb3cdaa9eb0599415645d75cb8626ba49?s=96&d=mm&r=g","contentUrl":"https:\/\/secure.gravatar.com\/avatar\/4d571ff55345efadfb90ca100df3e18eb3cdaa9eb0599415645d75cb8626ba49?s=96&d=mm&r=g","caption":"ESM"},"url":"https:\/\/www.etoilesportivemontoise.fr\/football\/aka\/9af3b8c1915118cbc5cf7cdecb87fa13c2abf1c4\/"}]}},"_links":{"self":[{"href":"https:\/\/www.etoilesportivemontoise.fr\/football\/wp-json\/wp\/v2\/posts\/3545","targetHints":{"allow":["GET"]}}],"collection":[{"href":"https:\/\/www.etoilesportivemontoise.fr\/football\/wp-json\/wp\/v2\/posts"}],"about":[{"href":"https:\/\/www.etoilesportivemontoise.fr\/football\/wp-json\/wp\/v2\/types\/post"}],"author":[{"embeddable":true,"href":"https:\/\/www.etoilesportivemontoise.fr\/football\/wp-json\/wp\/v2\/users\/1"}],"replies":[{"embeddable":true,"href":"https:\/\/www.etoilesportivemontoise.fr\/football\/wp-json\/wp\/v2\/comments?post=3545"}],"version-history":[{"count":2,"href":"https:\/\/www.etoilesportivemontoise.fr\/football\/wp-json\/wp\/v2\/posts\/3545\/revisions"}],"predecessor-version":[{"id":5192,"href":"https:\/\/www.etoilesportivemontoise.fr\/football\/wp-json\/wp\/v2\/posts\/3545\/revisions\/5192"}],"wp:attachment":[{"href":"https:\/\/www.etoilesportivemontoise.fr\/football\/wp-json\/wp\/v2\/media?parent=3545"}],"wp:term":[{"taxonomy":"category","embeddable":true,"href":"https:\/\/www.etoilesportivemontoise.fr\/football\/wp-json\/wp\/v2\/categories?post=3545"},{"taxonomy":"post_tag","embeddable":true,"href":"https:\/\/www.etoilesportivemontoise.fr\/football\/wp-json\/wp\/v2\/tags?post=3545"}],"curies":[{"name":"wp","href":"https:\/\/api.w.org\/{rel}","templated":true}]}}