{"id":3553,"date":"2013-08-29T21:13:00","date_gmt":"2013-08-29T20:13:00","guid":{"rendered":"http:\/\/www.etoilesportivemontoise.fr\/football\/tarif-de-licence-adapte-avec-equipement-inclus\/"},"modified":"2024-03-24T18:16:09","modified_gmt":"2024-03-24T17:16:09","slug":"prix-licence-adapte-avec-equipement","status":"publish","type":"post","link":"https:\/\/www.etoilesportivemontoise.fr\/football\/2013\/08\/prix-licence-adapte-avec-equipement\/","title":{"rendered":"Tarif de licence adapt\u00e9, avec \u00e9quipement inclus"},"content":{"rendered":"<div style=\"clear: both;text-align: center\"><a href=\"http:\/\/1.bp.blogspot.com\/-FlHva2GLz-s\/UhNEpNNvS-I\/AAAAAAAABcs\/2YT6s79ZWZI\/s1600\/IMG_main.jpg\" style=\"margin-left: 1em;margin-right: 1em\"><img loading=\"lazy\" decoding=\"async\" border=\"0\" height=\"320\" src=\"http:\/\/1.bp.blogspot.com\/-FlHva2GLz-s\/UhNEpNNvS-I\/AAAAAAAABcs\/2YT6s79ZWZI\/s320\/IMG_main.jpg\" width=\"278\" \/><\/a><\/div>\n<p>Les Membres du Bureau ainsi que les \u00e9ducateurs en concertation ont souhait\u00e9 instaurer dor\u00e9navant des r\u00e8gles et des valeurs pour renforcer l&rsquo;identification du Club et nos couleurs Blanches et Noires\u2026<\/p>\n<p>Pour ce faire, il a donc \u00e9t\u00e9 d\u00e9cid\u00e9 d&rsquo;\u00e9quiper les licenci\u00e9s Joueurs et Dirigeants, d&rsquo;un \u00ab Pack \u00bb comprenant, 1 Surv\u00eatement et 1 Paire de Chaussettes.<\/p>\n<p>Cet \u00e9quipement inclus dans le montant de la licence, nous a contraints d&rsquo;augmenter par voie de cons\u00e9quence le prix de la cotisation pour cette saison 2013-2014&#8230;<\/p>\n<p><a name='more'><\/a><\/p>\n<p>Le paiement pourra \u00eatre effectu\u00e9 en plusieurs fois (3 fois au plus).<\/p>\n<p>Il est \u00e0 signaler que pour la premi\u00e8re ann\u00e9e, l&rsquo;Etoile Montoise Football accepte les ch\u00e8ques-vacances et les Coupons Sports.<\/p>\n<p>Esp\u00e9rant compter sur votre compr\u00e9hension dans l&rsquo;appr\u00e9ciation que vous ferez de cette innovation, nous souhaitons \u00e0 Tous les Joueurs, Parents, Educateurs et Dirigeants, une agr\u00e9able saison au sein de l&rsquo;Etoile Sportive Montoise Football !<\/p>\n<div><\/div>\n","protected":false},"excerpt":{"rendered":"<p>Les Membres du Bureau ainsi que les \u00e9ducateurs en concertation ont souhait\u00e9 instaurer dor\u00e9navant des r\u00e8gles et des valeurs pour renforcer l&rsquo;identification du Club et nos couleurs Blanches et Noires\u2026 Pour ce faire, il a donc \u00e9t\u00e9 d\u00e9cid\u00e9 d&rsquo;\u00e9quiper les licenci\u00e9s Joueurs et Dirigeants, d&rsquo;un&#8230;<\/p>\n","protected":false},"author":1,"featured_media":0,"comment_status":"closed","ping_status":"closed","sticky":false,"template":"","format":"standard","meta":{"footnotes":""},"categories":[28],"tags":[],"class_list":["post-3553","post","type-post","status-publish","format-standard","hentry","category-old"],"yoast_head":"<!-- This site is optimized with the Yoast SEO plugin v27.3 - https:\/\/yoast.com\/product\/yoast-seo-wordpress\/ -->\n<title>Tarif de licence adapt\u00e9, avec \u00e9quipement inclus - ESM Foot<\/title>\n<meta name=\"robots\" content=\"index, follow, max-snippet:-1, max-image-preview:large, max-video-preview:-1\" \/>\n<link rel=\"canonical\" href=\"https:\/\/www.etoilesportivemontoise.fr\/football\/2013\/08\/prix-licence-adapte-avec-equipement\/\" \/>\n<meta property=\"og:locale\" content=\"fr_FR\" \/>\n<meta property=\"og:type\" content=\"article\" \/>\n<meta property=\"og:title\" content=\"Tarif de licence adapt\u00e9, avec \u00e9quipement inclus - ESM Foot\" \/>\n<meta property=\"og:description\" content=\"Les Membres du Bureau ainsi que les \u00e9ducateurs en concertation ont souhait\u00e9 instaurer dor\u00e9navant des r\u00e8gles et des valeurs pour renforcer l&rsquo;identification du Club et nos couleurs Blanches et Noires\u2026 Pour ce faire, il a donc \u00e9t\u00e9 d\u00e9cid\u00e9 d&rsquo;\u00e9quiper les licenci\u00e9s Joueurs et Dirigeants, d&rsquo;un...\" \/>\n<meta property=\"og:url\" content=\"https:\/\/www.etoilesportivemontoise.fr\/football\/2013\/08\/prix-licence-adapte-avec-equipement\/\" \/>\n<meta property=\"og:site_name\" content=\"ESM Foot\" \/>\n<meta property=\"article:published_time\" content=\"2013-08-29T20:13:00+00:00\" \/>\n<meta property=\"article:modified_time\" content=\"2024-03-24T17:16:09+00:00\" \/>\n<meta property=\"og:image\" content=\"http:\/\/1.bp.blogspot.com\/-FlHva2GLz-s\/UhNEpNNvS-I\/AAAAAAAABcs\/2YT6s79ZWZI\/s320\/IMG_main.jpg\" \/>\n<meta name=\"author\" content=\"ESM\" \/>\n<meta name=\"twitter:label1\" content=\"\u00c9crit par\" \/>\n\t<meta name=\"twitter:data1\" content=\"ESM\" \/>\n\t<meta name=\"twitter:label2\" content=\"Dur\u00e9e de lecture estim\u00e9e\" \/>\n\t<meta name=\"twitter:data2\" content=\"1 minute\" \/>\n<script type=\"application\/ld+json\" class=\"yoast-schema-graph\">{\"@context\":\"https:\\\/\\\/schema.org\",\"@graph\":[{\"@type\":\"Article\",\"@id\":\"https:\\\/\\\/www.etoilesportivemontoise.fr\\\/football\\\/2013\\\/08\\\/prix-licence-adapte-avec-equipement\\\/#article\",\"isPartOf\":{\"@id\":\"https:\\\/\\\/www.etoilesportivemontoise.fr\\\/football\\\/2013\\\/08\\\/prix-licence-adapte-avec-equipement\\\/\"},\"author\":{\"name\":\"ESM\",\"@id\":\"https:\\\/\\\/www.etoilesportivemontoise.fr\\\/football\\\/#\\\/schema\\\/person\\\/dd02b702be97ed924801c88fb2142212\"},\"headline\":\"Tarif de licence adapt\u00e9, avec \u00e9quipement inclus\",\"datePublished\":\"2013-08-29T20:13:00+00:00\",\"dateModified\":\"2024-03-24T17:16:09+00:00\",\"mainEntityOfPage\":{\"@id\":\"https:\\\/\\\/www.etoilesportivemontoise.fr\\\/football\\\/2013\\\/08\\\/prix-licence-adapte-avec-equipement\\\/\"},\"wordCount\":166,\"image\":{\"@id\":\"https:\\\/\\\/www.etoilesportivemontoise.fr\\\/football\\\/2013\\\/08\\\/prix-licence-adapte-avec-equipement\\\/#primaryimage\"},\"thumbnailUrl\":\"http:\\\/\\\/1.bp.blogspot.com\\\/-FlHva2GLz-s\\\/UhNEpNNvS-I\\\/AAAAAAAABcs\\\/2YT6s79ZWZI\\\/s320\\\/IMG_main.jpg\",\"articleSection\":[\"Archives\"],\"inLanguage\":\"fr-FR\"},{\"@type\":\"WebPage\",\"@id\":\"https:\\\/\\\/www.etoilesportivemontoise.fr\\\/football\\\/2013\\\/08\\\/prix-licence-adapte-avec-equipement\\\/\",\"url\":\"https:\\\/\\\/www.etoilesportivemontoise.fr\\\/football\\\/2013\\\/08\\\/prix-licence-adapte-avec-equipement\\\/\",\"name\":\"Tarif de licence adapt\u00e9, avec \u00e9quipement inclus - ESM Foot\",\"isPartOf\":{\"@id\":\"https:\\\/\\\/www.etoilesportivemontoise.fr\\\/football\\\/#website\"},\"primaryImageOfPage\":{\"@id\":\"https:\\\/\\\/www.etoilesportivemontoise.fr\\\/football\\\/2013\\\/08\\\/prix-licence-adapte-avec-equipement\\\/#primaryimage\"},\"image\":{\"@id\":\"https:\\\/\\\/www.etoilesportivemontoise.fr\\\/football\\\/2013\\\/08\\\/prix-licence-adapte-avec-equipement\\\/#primaryimage\"},\"thumbnailUrl\":\"http:\\\/\\\/1.bp.blogspot.com\\\/-FlHva2GLz-s\\\/UhNEpNNvS-I\\\/AAAAAAAABcs\\\/2YT6s79ZWZI\\\/s320\\\/IMG_main.jpg\",\"datePublished\":\"2013-08-29T20:13:00+00:00\",\"dateModified\":\"2024-03-24T17:16:09+00:00\",\"author\":{\"@id\":\"https:\\\/\\\/www.etoilesportivemontoise.fr\\\/football\\\/#\\\/schema\\\/person\\\/dd02b702be97ed924801c88fb2142212\"},\"breadcrumb\":{\"@id\":\"https:\\\/\\\/www.etoilesportivemontoise.fr\\\/football\\\/2013\\\/08\\\/prix-licence-adapte-avec-equipement\\\/#breadcrumb\"},\"inLanguage\":\"fr-FR\",\"potentialAction\":[{\"@type\":\"ReadAction\",\"target\":[\"https:\\\/\\\/www.etoilesportivemontoise.fr\\\/football\\\/2013\\\/08\\\/prix-licence-adapte-avec-equipement\\\/\"]}]},{\"@type\":\"ImageObject\",\"inLanguage\":\"fr-FR\",\"@id\":\"https:\\\/\\\/www.etoilesportivemontoise.fr\\\/football\\\/2013\\\/08\\\/prix-licence-adapte-avec-equipement\\\/#primaryimage\",\"url\":\"http:\\\/\\\/1.bp.blogspot.com\\\/-FlHva2GLz-s\\\/UhNEpNNvS-I\\\/AAAAAAAABcs\\\/2YT6s79ZWZI\\\/s320\\\/IMG_main.jpg\",\"contentUrl\":\"http:\\\/\\\/1.bp.blogspot.com\\\/-FlHva2GLz-s\\\/UhNEpNNvS-I\\\/AAAAAAAABcs\\\/2YT6s79ZWZI\\\/s320\\\/IMG_main.jpg\"},{\"@type\":\"BreadcrumbList\",\"@id\":\"https:\\\/\\\/www.etoilesportivemontoise.fr\\\/football\\\/2013\\\/08\\\/prix-licence-adapte-avec-equipement\\\/#breadcrumb\",\"itemListElement\":[{\"@type\":\"ListItem\",\"position\":1,\"name\":\"Accueil\",\"item\":\"https:\\\/\\\/www.etoilesportivemontoise.fr\\\/football\\\/\"},{\"@type\":\"ListItem\",\"position\":2,\"name\":\"Tarif de licence adapt\u00e9, avec \u00e9quipement inclus\"}]},{\"@type\":\"WebSite\",\"@id\":\"https:\\\/\\\/www.etoilesportivemontoise.fr\\\/football\\\/#website\",\"url\":\"https:\\\/\\\/www.etoilesportivemontoise.fr\\\/football\\\/\",\"name\":\"ESM Foot\",\"description\":\"Club Football Mont de Marsan\",\"potentialAction\":[{\"@type\":\"SearchAction\",\"target\":{\"@type\":\"EntryPoint\",\"urlTemplate\":\"https:\\\/\\\/www.etoilesportivemontoise.fr\\\/football\\\/?s={search_term_string}\"},\"query-input\":{\"@type\":\"PropertyValueSpecification\",\"valueRequired\":true,\"valueName\":\"search_term_string\"}}],\"inLanguage\":\"fr-FR\"},{\"@type\":\"Person\",\"@id\":\"https:\\\/\\\/www.etoilesportivemontoise.fr\\\/football\\\/#\\\/schema\\\/person\\\/dd02b702be97ed924801c88fb2142212\",\"name\":\"ESM\",\"image\":{\"@type\":\"ImageObject\",\"inLanguage\":\"fr-FR\",\"@id\":\"https:\\\/\\\/secure.gravatar.com\\\/avatar\\\/4d571ff55345efadfb90ca100df3e18eb3cdaa9eb0599415645d75cb8626ba49?s=96&d=mm&r=g\",\"url\":\"https:\\\/\\\/secure.gravatar.com\\\/avatar\\\/4d571ff55345efadfb90ca100df3e18eb3cdaa9eb0599415645d75cb8626ba49?s=96&d=mm&r=g\",\"contentUrl\":\"https:\\\/\\\/secure.gravatar.com\\\/avatar\\\/4d571ff55345efadfb90ca100df3e18eb3cdaa9eb0599415645d75cb8626ba49?s=96&d=mm&r=g\",\"caption\":\"ESM\"},\"url\":\"https:\\\/\\\/www.etoilesportivemontoise.fr\\\/football\\\/aka\\\/9af3b8c1915118cbc5cf7cdecb87fa13c2abf1c4\\\/\"}]}<\/script>\n<!-- \/ Yoast SEO plugin. -->","yoast_head_json":{"title":"Tarif de licence adapt\u00e9, avec \u00e9quipement inclus - ESM Foot","robots":{"index":"index","follow":"follow","max-snippet":"max-snippet:-1","max-image-preview":"max-image-preview:large","max-video-preview":"max-video-preview:-1"},"canonical":"https:\/\/www.etoilesportivemontoise.fr\/football\/2013\/08\/prix-licence-adapte-avec-equipement\/","og_locale":"fr_FR","og_type":"article","og_title":"Tarif de licence adapt\u00e9, avec \u00e9quipement inclus - ESM Foot","og_description":"Les Membres du Bureau ainsi que les \u00e9ducateurs en concertation ont souhait\u00e9 instaurer dor\u00e9navant des r\u00e8gles et des valeurs pour renforcer l&rsquo;identification du Club et nos couleurs Blanches et Noires\u2026 Pour ce faire, il a donc \u00e9t\u00e9 d\u00e9cid\u00e9 d&rsquo;\u00e9quiper les licenci\u00e9s Joueurs et Dirigeants, d&rsquo;un...","og_url":"https:\/\/www.etoilesportivemontoise.fr\/football\/2013\/08\/prix-licence-adapte-avec-equipement\/","og_site_name":"ESM Foot","article_published_time":"2013-08-29T20:13:00+00:00","article_modified_time":"2024-03-24T17:16:09+00:00","og_image":[{"url":"http:\/\/1.bp.blogspot.com\/-FlHva2GLz-s\/UhNEpNNvS-I\/AAAAAAAABcs\/2YT6s79ZWZI\/s320\/IMG_main.jpg","type":"","width":"","height":""}],"author":"ESM","twitter_misc":{"\u00c9crit par":"ESM","Dur\u00e9e de lecture estim\u00e9e":"1 minute"},"schema":{"@context":"https:\/\/schema.org","@graph":[{"@type":"Article","@id":"https:\/\/www.etoilesportivemontoise.fr\/football\/2013\/08\/prix-licence-adapte-avec-equipement\/#article","isPartOf":{"@id":"https:\/\/www.etoilesportivemontoise.fr\/football\/2013\/08\/prix-licence-adapte-avec-equipement\/"},"author":{"name":"ESM","@id":"https:\/\/www.etoilesportivemontoise.fr\/football\/#\/schema\/person\/dd02b702be97ed924801c88fb2142212"},"headline":"Tarif de licence adapt\u00e9, avec \u00e9quipement inclus","datePublished":"2013-08-29T20:13:00+00:00","dateModified":"2024-03-24T17:16:09+00:00","mainEntityOfPage":{"@id":"https:\/\/www.etoilesportivemontoise.fr\/football\/2013\/08\/prix-licence-adapte-avec-equipement\/"},"wordCount":166,"image":{"@id":"https:\/\/www.etoilesportivemontoise.fr\/football\/2013\/08\/prix-licence-adapte-avec-equipement\/#primaryimage"},"thumbnailUrl":"http:\/\/1.bp.blogspot.com\/-FlHva2GLz-s\/UhNEpNNvS-I\/AAAAAAAABcs\/2YT6s79ZWZI\/s320\/IMG_main.jpg","articleSection":["Archives"],"inLanguage":"fr-FR"},{"@type":"WebPage","@id":"https:\/\/www.etoilesportivemontoise.fr\/football\/2013\/08\/prix-licence-adapte-avec-equipement\/","url":"https:\/\/www.etoilesportivemontoise.fr\/football\/2013\/08\/prix-licence-adapte-avec-equipement\/","name":"Tarif de licence adapt\u00e9, avec \u00e9quipement inclus - ESM Foot","isPartOf":{"@id":"https:\/\/www.etoilesportivemontoise.fr\/football\/#website"},"primaryImageOfPage":{"@id":"https:\/\/www.etoilesportivemontoise.fr\/football\/2013\/08\/prix-licence-adapte-avec-equipement\/#primaryimage"},"image":{"@id":"https:\/\/www.etoilesportivemontoise.fr\/football\/2013\/08\/prix-licence-adapte-avec-equipement\/#primaryimage"},"thumbnailUrl":"http:\/\/1.bp.blogspot.com\/-FlHva2GLz-s\/UhNEpNNvS-I\/AAAAAAAABcs\/2YT6s79ZWZI\/s320\/IMG_main.jpg","datePublished":"2013-08-29T20:13:00+00:00","dateModified":"2024-03-24T17:16:09+00:00","author":{"@id":"https:\/\/www.etoilesportivemontoise.fr\/football\/#\/schema\/person\/dd02b702be97ed924801c88fb2142212"},"breadcrumb":{"@id":"https:\/\/www.etoilesportivemontoise.fr\/football\/2013\/08\/prix-licence-adapte-avec-equipement\/#breadcrumb"},"inLanguage":"fr-FR","potentialAction":[{"@type":"ReadAction","target":["https:\/\/www.etoilesportivemontoise.fr\/football\/2013\/08\/prix-licence-adapte-avec-equipement\/"]}]},{"@type":"ImageObject","inLanguage":"fr-FR","@id":"https:\/\/www.etoilesportivemontoise.fr\/football\/2013\/08\/prix-licence-adapte-avec-equipement\/#primaryimage","url":"http:\/\/1.bp.blogspot.com\/-FlHva2GLz-s\/UhNEpNNvS-I\/AAAAAAAABcs\/2YT6s79ZWZI\/s320\/IMG_main.jpg","contentUrl":"http:\/\/1.bp.blogspot.com\/-FlHva2GLz-s\/UhNEpNNvS-I\/AAAAAAAABcs\/2YT6s79ZWZI\/s320\/IMG_main.jpg"},{"@type":"BreadcrumbList","@id":"https:\/\/www.etoilesportivemontoise.fr\/football\/2013\/08\/prix-licence-adapte-avec-equipement\/#breadcrumb","itemListElement":[{"@type":"ListItem","position":1,"name":"Accueil","item":"https:\/\/www.etoilesportivemontoise.fr\/football\/"},{"@type":"ListItem","position":2,"name":"Tarif de licence adapt\u00e9, avec \u00e9quipement inclus"}]},{"@type":"WebSite","@id":"https:\/\/www.etoilesportivemontoise.fr\/football\/#website","url":"https:\/\/www.etoilesportivemontoise.fr\/football\/","name":"ESM Foot","description":"Club Football Mont de Marsan","potentialAction":[{"@type":"SearchAction","target":{"@type":"EntryPoint","urlTemplate":"https:\/\/www.etoilesportivemontoise.fr\/football\/?s={search_term_string}"},"query-input":{"@type":"PropertyValueSpecification","valueRequired":true,"valueName":"search_term_string"}}],"inLanguage":"fr-FR"},{"@type":"Person","@id":"https:\/\/www.etoilesportivemontoise.fr\/football\/#\/schema\/person\/dd02b702be97ed924801c88fb2142212","name":"ESM","image":{"@type":"ImageObject","inLanguage":"fr-FR","@id":"https:\/\/secure.gravatar.com\/avatar\/4d571ff55345efadfb90ca100df3e18eb3cdaa9eb0599415645d75cb8626ba49?s=96&d=mm&r=g","url":"https:\/\/secure.gravatar.com\/avatar\/4d571ff55345efadfb90ca100df3e18eb3cdaa9eb0599415645d75cb8626ba49?s=96&d=mm&r=g","contentUrl":"https:\/\/secure.gravatar.com\/avatar\/4d571ff55345efadfb90ca100df3e18eb3cdaa9eb0599415645d75cb8626ba49?s=96&d=mm&r=g","caption":"ESM"},"url":"https:\/\/www.etoilesportivemontoise.fr\/football\/aka\/9af3b8c1915118cbc5cf7cdecb87fa13c2abf1c4\/"}]}},"_links":{"self":[{"href":"https:\/\/www.etoilesportivemontoise.fr\/football\/wp-json\/wp\/v2\/posts\/3553","targetHints":{"allow":["GET"]}}],"collection":[{"href":"https:\/\/www.etoilesportivemontoise.fr\/football\/wp-json\/wp\/v2\/posts"}],"about":[{"href":"https:\/\/www.etoilesportivemontoise.fr\/football\/wp-json\/wp\/v2\/types\/post"}],"author":[{"embeddable":true,"href":"https:\/\/www.etoilesportivemontoise.fr\/football\/wp-json\/wp\/v2\/users\/1"}],"replies":[{"embeddable":true,"href":"https:\/\/www.etoilesportivemontoise.fr\/football\/wp-json\/wp\/v2\/comments?post=3553"}],"version-history":[{"count":1,"href":"https:\/\/www.etoilesportivemontoise.fr\/football\/wp-json\/wp\/v2\/posts\/3553\/revisions"}],"predecessor-version":[{"id":4333,"href":"https:\/\/www.etoilesportivemontoise.fr\/football\/wp-json\/wp\/v2\/posts\/3553\/revisions\/4333"}],"wp:attachment":[{"href":"https:\/\/www.etoilesportivemontoise.fr\/football\/wp-json\/wp\/v2\/media?parent=3553"}],"wp:term":[{"taxonomy":"category","embeddable":true,"href":"https:\/\/www.etoilesportivemontoise.fr\/football\/wp-json\/wp\/v2\/categories?post=3553"},{"taxonomy":"post_tag","embeddable":true,"href":"https:\/\/www.etoilesportivemontoise.fr\/football\/wp-json\/wp\/v2\/tags?post=3553"}],"curies":[{"name":"wp","href":"https:\/\/api.w.org\/{rel}","templated":true}]}}