{"id":3555,"date":"2013-08-26T11:46:00","date_gmt":"2013-08-26T10:46:00","guid":{"rendered":"http:\/\/www.etoilesportivemontoise.fr\/football\/coupe-de-france-lesm-montoise-soffre-un-deuxieme-tour\/"},"modified":"2024-03-24T18:16:10","modified_gmt":"2024-03-24T17:16:10","slug":"coupe-de-france-lesm-fixee","status":"publish","type":"post","link":"https:\/\/www.etoilesportivemontoise.fr\/football\/2013\/08\/coupe-de-france-lesm-fixee\/","title":{"rendered":"Coupe de France : l\u2019Esm Montoise s\u2019offre un deuxi\u00e8me tour \u2026"},"content":{"rendered":"<div style=\"clear: both;text-align: center\"><a href=\"http:\/\/4.bp.blogspot.com\/-XyzxL_36ZD8\/UhswqIXKEsI\/AAAAAAAABgc\/-NH2T2V5BFM\/s1600\/IMG_6203.JPG\" style=\"margin-left: 1em;margin-right: 1em\"><img loading=\"lazy\" decoding=\"async\" border=\"0\" height=\"319\" src=\"http:\/\/4.bp.blogspot.com\/-XyzxL_36ZD8\/UhswqIXKEsI\/AAAAAAAABgc\/-NH2T2V5BFM\/s320\/IMG_6203.JPG\" width=\"320\" \/><\/a><\/div>\n<p><b><span style=\"color: #0b5394\">Juran\u00e7on<\/span><\/b> reste un nom qui compte dans le football aquitain : on a pu s\u2019en rendre compte samedi soir\u2026 <\/p>\n<div>Rapide et joueuse, cette \u00e9quipe a donn\u00e9 du fil \u00e0 retordre \u00e0 nos gar\u00e7ons, qui, malgr\u00e9 les retournements, ont su garder leur sang froid.<\/p>\n<p><b><span style=\"color: #0b5394\">Pour lire le compte rendu du match et voir les vid\u00e9os, cliquez sur le lien ci-dessous :<\/span><\/b><br \/><a name='more'><\/a>Apr\u00e8s un d\u00e9part compliqu\u00e9, les stellistes ont redress\u00e9 la barre. D\u00e8s la vingti\u00e8me minute, ce temps fort devait se concr\u00e9tiser par un coup franc bien plac\u00e9, \u00e0 droite des cages. J\u00e9remy est \u00e0 la baguette et c\u2019est Paulin qui la met au fond d\u2019une belle reprise&#8230;<\/p>\n<p>Malheureusement, les b\u00e9arnais revenaient \u00e0 hauteur moins de 10 minutes plus tard, et les deux \u00e9quipes devaient se s\u00e9parer \u00e0 la mi-temps sur ce score de parit\u00e9.<\/p>\n<p>Au retour des vestiaires, le rythme \u00e9tait toujours soutenu, les duels tranchants, et \u00e0 la demi-heure de jeu, Paulin, cette fois-ci charg\u00e9 d\u2019ex\u00e9cuter un coup franc \u00e0 gauche des cages, pouvait rendre la politesse \u00e0 J\u00e9r\u00e9my : celui-ci, en renard des surfaces, devait redonner l\u2019avantage aux noirs, ce qui lui permis de nous gratifier d\u2019une belle chor\u00e9graphie \u00e0 la \u00ab Marama Vahirua \u00bb\u2026<\/p>\n<p>Comme en 1\u00e8re mi-temps, Juran\u00e7on devait \u00e9galiser 10 minutes plus tard gr\u00e2ce \u00e0 une frappe venue d\u2019ailleurs. Ca sentait les prolongations\u2026<\/p>\n<p>D\u00e8s la 1\u00e8re mi-temps de la prolongation, Piou devait faire parler sa vitesse pour ex\u00e9cuter le gardien, et moins de 5 minutes plus tard, c\u2019est Xavier, qui, d\u2019un lob magistral, devait d\u00e9finitivement lui faire regretter une sortie hasardeuse.<\/p>\n<p>Malgr\u00e9 ce double coup sur la t\u00eate, les sang et or, ne s\u2019avouaient toujours pas vaincus. Chaque \u00e9quipe fut ensuite gratifi\u00e9e d\u2019un p\u00e9nalty, et Cedric transforma celui de l\u2019\u00e9toile.<\/p>\n<p>La soir\u00e9e aurait \u00e9t\u00e9 somme toute id\u00e9ale, s\u2019il n\u2019y avait eu la blessure de Steve, \u00e0 qui nous souhaitons un prompt r\u00e9tablissement\u2026<\/p>\n<p>Score final 5-3, l\u2019Es Montoise confirme sa bonne entame de saison, bravo \u00e0 tous nos joueurs \u2026<\/p>\n<div><\/div>\n<p><\/div>\n<div><\/div>\n","protected":false},"excerpt":{"rendered":"<p>Juran\u00e7on reste un nom qui compte dans le football aquitain : on a pu s\u2019en rendre compte samedi soir\u2026 Rapide et joueuse, cette \u00e9quipe a donn\u00e9 du fil \u00e0 retordre \u00e0 nos gar\u00e7ons, qui, malgr\u00e9 les retournements, ont su garder leur sang froid. Pour lire&#8230;<\/p>\n","protected":false},"author":1,"featured_media":0,"comment_status":"closed","ping_status":"closed","sticky":false,"template":"","format":"standard","meta":{"footnotes":""},"categories":[28],"tags":[],"class_list":["post-3555","post","type-post","status-publish","format-standard","hentry","category-old"],"yoast_head":"<!-- This site is optimized with the Yoast SEO plugin v27.3 - https:\/\/yoast.com\/product\/yoast-seo-wordpress\/ -->\n<title>Coupe de France : l\u2019Esm Montoise s\u2019offre un deuxi\u00e8me tour \u2026 - ESM Foot<\/title>\n<meta name=\"robots\" content=\"index, follow, max-snippet:-1, max-image-preview:large, max-video-preview:-1\" \/>\n<link rel=\"canonical\" href=\"https:\/\/www.etoilesportivemontoise.fr\/football\/2013\/08\/coupe-de-france-lesm-fixee\/\" \/>\n<meta property=\"og:locale\" content=\"fr_FR\" \/>\n<meta property=\"og:type\" content=\"article\" \/>\n<meta property=\"og:title\" content=\"Coupe de France : l\u2019Esm Montoise s\u2019offre un deuxi\u00e8me tour \u2026 - ESM Foot\" \/>\n<meta property=\"og:description\" content=\"Juran\u00e7on reste un nom qui compte dans le football aquitain : on a pu s\u2019en rendre compte samedi soir\u2026 Rapide et joueuse, cette \u00e9quipe a donn\u00e9 du fil \u00e0 retordre \u00e0 nos gar\u00e7ons, qui, malgr\u00e9 les retournements, ont su garder leur sang froid. Pour lire...\" \/>\n<meta property=\"og:url\" content=\"https:\/\/www.etoilesportivemontoise.fr\/football\/2013\/08\/coupe-de-france-lesm-fixee\/\" \/>\n<meta property=\"og:site_name\" content=\"ESM Foot\" \/>\n<meta property=\"article:published_time\" content=\"2013-08-26T10:46:00+00:00\" \/>\n<meta property=\"article:modified_time\" content=\"2024-03-24T17:16:10+00:00\" \/>\n<meta property=\"og:image\" content=\"http:\/\/4.bp.blogspot.com\/-XyzxL_36ZD8\/UhswqIXKEsI\/AAAAAAAABgc\/-NH2T2V5BFM\/s320\/IMG_6203.JPG\" \/>\n<meta name=\"author\" content=\"ESM\" \/>\n<meta name=\"twitter:label1\" content=\"\u00c9crit par\" \/>\n\t<meta name=\"twitter:data1\" content=\"ESM\" \/>\n\t<meta name=\"twitter:label2\" content=\"Dur\u00e9e de lecture estim\u00e9e\" \/>\n\t<meta name=\"twitter:data2\" content=\"2 minutes\" \/>\n<script type=\"application\/ld+json\" class=\"yoast-schema-graph\">{\"@context\":\"https:\\\/\\\/schema.org\",\"@graph\":[{\"@type\":\"Article\",\"@id\":\"https:\\\/\\\/www.etoilesportivemontoise.fr\\\/football\\\/2013\\\/08\\\/coupe-de-france-lesm-fixee\\\/#article\",\"isPartOf\":{\"@id\":\"https:\\\/\\\/www.etoilesportivemontoise.fr\\\/football\\\/2013\\\/08\\\/coupe-de-france-lesm-fixee\\\/\"},\"author\":{\"name\":\"ESM\",\"@id\":\"https:\\\/\\\/www.etoilesportivemontoise.fr\\\/football\\\/#\\\/schema\\\/person\\\/dd02b702be97ed924801c88fb2142212\"},\"headline\":\"Coupe de France : l\u2019Esm Montoise s\u2019offre un deuxi\u00e8me tour \u2026\",\"datePublished\":\"2013-08-26T10:46:00+00:00\",\"dateModified\":\"2024-03-24T17:16:10+00:00\",\"mainEntityOfPage\":{\"@id\":\"https:\\\/\\\/www.etoilesportivemontoise.fr\\\/football\\\/2013\\\/08\\\/coupe-de-france-lesm-fixee\\\/\"},\"wordCount\":354,\"image\":{\"@id\":\"https:\\\/\\\/www.etoilesportivemontoise.fr\\\/football\\\/2013\\\/08\\\/coupe-de-france-lesm-fixee\\\/#primaryimage\"},\"thumbnailUrl\":\"http:\\\/\\\/4.bp.blogspot.com\\\/-XyzxL_36ZD8\\\/UhswqIXKEsI\\\/AAAAAAAABgc\\\/-NH2T2V5BFM\\\/s320\\\/IMG_6203.JPG\",\"articleSection\":[\"Archives\"],\"inLanguage\":\"fr-FR\"},{\"@type\":\"WebPage\",\"@id\":\"https:\\\/\\\/www.etoilesportivemontoise.fr\\\/football\\\/2013\\\/08\\\/coupe-de-france-lesm-fixee\\\/\",\"url\":\"https:\\\/\\\/www.etoilesportivemontoise.fr\\\/football\\\/2013\\\/08\\\/coupe-de-france-lesm-fixee\\\/\",\"name\":\"Coupe de France : l\u2019Esm Montoise s\u2019offre un deuxi\u00e8me tour \u2026 - ESM Foot\",\"isPartOf\":{\"@id\":\"https:\\\/\\\/www.etoilesportivemontoise.fr\\\/football\\\/#website\"},\"primaryImageOfPage\":{\"@id\":\"https:\\\/\\\/www.etoilesportivemontoise.fr\\\/football\\\/2013\\\/08\\\/coupe-de-france-lesm-fixee\\\/#primaryimage\"},\"image\":{\"@id\":\"https:\\\/\\\/www.etoilesportivemontoise.fr\\\/football\\\/2013\\\/08\\\/coupe-de-france-lesm-fixee\\\/#primaryimage\"},\"thumbnailUrl\":\"http:\\\/\\\/4.bp.blogspot.com\\\/-XyzxL_36ZD8\\\/UhswqIXKEsI\\\/AAAAAAAABgc\\\/-NH2T2V5BFM\\\/s320\\\/IMG_6203.JPG\",\"datePublished\":\"2013-08-26T10:46:00+00:00\",\"dateModified\":\"2024-03-24T17:16:10+00:00\",\"author\":{\"@id\":\"https:\\\/\\\/www.etoilesportivemontoise.fr\\\/football\\\/#\\\/schema\\\/person\\\/dd02b702be97ed924801c88fb2142212\"},\"breadcrumb\":{\"@id\":\"https:\\\/\\\/www.etoilesportivemontoise.fr\\\/football\\\/2013\\\/08\\\/coupe-de-france-lesm-fixee\\\/#breadcrumb\"},\"inLanguage\":\"fr-FR\",\"potentialAction\":[{\"@type\":\"ReadAction\",\"target\":[\"https:\\\/\\\/www.etoilesportivemontoise.fr\\\/football\\\/2013\\\/08\\\/coupe-de-france-lesm-fixee\\\/\"]}]},{\"@type\":\"ImageObject\",\"inLanguage\":\"fr-FR\",\"@id\":\"https:\\\/\\\/www.etoilesportivemontoise.fr\\\/football\\\/2013\\\/08\\\/coupe-de-france-lesm-fixee\\\/#primaryimage\",\"url\":\"http:\\\/\\\/4.bp.blogspot.com\\\/-XyzxL_36ZD8\\\/UhswqIXKEsI\\\/AAAAAAAABgc\\\/-NH2T2V5BFM\\\/s320\\\/IMG_6203.JPG\",\"contentUrl\":\"http:\\\/\\\/4.bp.blogspot.com\\\/-XyzxL_36ZD8\\\/UhswqIXKEsI\\\/AAAAAAAABgc\\\/-NH2T2V5BFM\\\/s320\\\/IMG_6203.JPG\"},{\"@type\":\"BreadcrumbList\",\"@id\":\"https:\\\/\\\/www.etoilesportivemontoise.fr\\\/football\\\/2013\\\/08\\\/coupe-de-france-lesm-fixee\\\/#breadcrumb\",\"itemListElement\":[{\"@type\":\"ListItem\",\"position\":1,\"name\":\"Accueil\",\"item\":\"https:\\\/\\\/www.etoilesportivemontoise.fr\\\/football\\\/\"},{\"@type\":\"ListItem\",\"position\":2,\"name\":\"Coupe de France : l\u2019Esm Montoise s\u2019offre un deuxi\u00e8me tour \u2026\"}]},{\"@type\":\"WebSite\",\"@id\":\"https:\\\/\\\/www.etoilesportivemontoise.fr\\\/football\\\/#website\",\"url\":\"https:\\\/\\\/www.etoilesportivemontoise.fr\\\/football\\\/\",\"name\":\"ESM Foot\",\"description\":\"Club Football Mont de Marsan\",\"potentialAction\":[{\"@type\":\"SearchAction\",\"target\":{\"@type\":\"EntryPoint\",\"urlTemplate\":\"https:\\\/\\\/www.etoilesportivemontoise.fr\\\/football\\\/?s={search_term_string}\"},\"query-input\":{\"@type\":\"PropertyValueSpecification\",\"valueRequired\":true,\"valueName\":\"search_term_string\"}}],\"inLanguage\":\"fr-FR\"},{\"@type\":\"Person\",\"@id\":\"https:\\\/\\\/www.etoilesportivemontoise.fr\\\/football\\\/#\\\/schema\\\/person\\\/dd02b702be97ed924801c88fb2142212\",\"name\":\"ESM\",\"image\":{\"@type\":\"ImageObject\",\"inLanguage\":\"fr-FR\",\"@id\":\"https:\\\/\\\/secure.gravatar.com\\\/avatar\\\/4d571ff55345efadfb90ca100df3e18eb3cdaa9eb0599415645d75cb8626ba49?s=96&d=mm&r=g\",\"url\":\"https:\\\/\\\/secure.gravatar.com\\\/avatar\\\/4d571ff55345efadfb90ca100df3e18eb3cdaa9eb0599415645d75cb8626ba49?s=96&d=mm&r=g\",\"contentUrl\":\"https:\\\/\\\/secure.gravatar.com\\\/avatar\\\/4d571ff55345efadfb90ca100df3e18eb3cdaa9eb0599415645d75cb8626ba49?s=96&d=mm&r=g\",\"caption\":\"ESM\"},\"url\":\"https:\\\/\\\/www.etoilesportivemontoise.fr\\\/football\\\/aka\\\/9af3b8c1915118cbc5cf7cdecb87fa13c2abf1c4\\\/\"}]}<\/script>\n<!-- \/ Yoast SEO plugin. -->","yoast_head_json":{"title":"Coupe de France : l\u2019Esm Montoise s\u2019offre un deuxi\u00e8me tour \u2026 - ESM Foot","robots":{"index":"index","follow":"follow","max-snippet":"max-snippet:-1","max-image-preview":"max-image-preview:large","max-video-preview":"max-video-preview:-1"},"canonical":"https:\/\/www.etoilesportivemontoise.fr\/football\/2013\/08\/coupe-de-france-lesm-fixee\/","og_locale":"fr_FR","og_type":"article","og_title":"Coupe de France : l\u2019Esm Montoise s\u2019offre un deuxi\u00e8me tour \u2026 - ESM Foot","og_description":"Juran\u00e7on reste un nom qui compte dans le football aquitain : on a pu s\u2019en rendre compte samedi soir\u2026 Rapide et joueuse, cette \u00e9quipe a donn\u00e9 du fil \u00e0 retordre \u00e0 nos gar\u00e7ons, qui, malgr\u00e9 les retournements, ont su garder leur sang froid. Pour lire...","og_url":"https:\/\/www.etoilesportivemontoise.fr\/football\/2013\/08\/coupe-de-france-lesm-fixee\/","og_site_name":"ESM Foot","article_published_time":"2013-08-26T10:46:00+00:00","article_modified_time":"2024-03-24T17:16:10+00:00","og_image":[{"url":"http:\/\/4.bp.blogspot.com\/-XyzxL_36ZD8\/UhswqIXKEsI\/AAAAAAAABgc\/-NH2T2V5BFM\/s320\/IMG_6203.JPG","type":"","width":"","height":""}],"author":"ESM","twitter_misc":{"\u00c9crit par":"ESM","Dur\u00e9e de lecture estim\u00e9e":"2 minutes"},"schema":{"@context":"https:\/\/schema.org","@graph":[{"@type":"Article","@id":"https:\/\/www.etoilesportivemontoise.fr\/football\/2013\/08\/coupe-de-france-lesm-fixee\/#article","isPartOf":{"@id":"https:\/\/www.etoilesportivemontoise.fr\/football\/2013\/08\/coupe-de-france-lesm-fixee\/"},"author":{"name":"ESM","@id":"https:\/\/www.etoilesportivemontoise.fr\/football\/#\/schema\/person\/dd02b702be97ed924801c88fb2142212"},"headline":"Coupe de France : l\u2019Esm Montoise s\u2019offre un deuxi\u00e8me tour \u2026","datePublished":"2013-08-26T10:46:00+00:00","dateModified":"2024-03-24T17:16:10+00:00","mainEntityOfPage":{"@id":"https:\/\/www.etoilesportivemontoise.fr\/football\/2013\/08\/coupe-de-france-lesm-fixee\/"},"wordCount":354,"image":{"@id":"https:\/\/www.etoilesportivemontoise.fr\/football\/2013\/08\/coupe-de-france-lesm-fixee\/#primaryimage"},"thumbnailUrl":"http:\/\/4.bp.blogspot.com\/-XyzxL_36ZD8\/UhswqIXKEsI\/AAAAAAAABgc\/-NH2T2V5BFM\/s320\/IMG_6203.JPG","articleSection":["Archives"],"inLanguage":"fr-FR"},{"@type":"WebPage","@id":"https:\/\/www.etoilesportivemontoise.fr\/football\/2013\/08\/coupe-de-france-lesm-fixee\/","url":"https:\/\/www.etoilesportivemontoise.fr\/football\/2013\/08\/coupe-de-france-lesm-fixee\/","name":"Coupe de France : l\u2019Esm Montoise s\u2019offre un deuxi\u00e8me tour \u2026 - ESM Foot","isPartOf":{"@id":"https:\/\/www.etoilesportivemontoise.fr\/football\/#website"},"primaryImageOfPage":{"@id":"https:\/\/www.etoilesportivemontoise.fr\/football\/2013\/08\/coupe-de-france-lesm-fixee\/#primaryimage"},"image":{"@id":"https:\/\/www.etoilesportivemontoise.fr\/football\/2013\/08\/coupe-de-france-lesm-fixee\/#primaryimage"},"thumbnailUrl":"http:\/\/4.bp.blogspot.com\/-XyzxL_36ZD8\/UhswqIXKEsI\/AAAAAAAABgc\/-NH2T2V5BFM\/s320\/IMG_6203.JPG","datePublished":"2013-08-26T10:46:00+00:00","dateModified":"2024-03-24T17:16:10+00:00","author":{"@id":"https:\/\/www.etoilesportivemontoise.fr\/football\/#\/schema\/person\/dd02b702be97ed924801c88fb2142212"},"breadcrumb":{"@id":"https:\/\/www.etoilesportivemontoise.fr\/football\/2013\/08\/coupe-de-france-lesm-fixee\/#breadcrumb"},"inLanguage":"fr-FR","potentialAction":[{"@type":"ReadAction","target":["https:\/\/www.etoilesportivemontoise.fr\/football\/2013\/08\/coupe-de-france-lesm-fixee\/"]}]},{"@type":"ImageObject","inLanguage":"fr-FR","@id":"https:\/\/www.etoilesportivemontoise.fr\/football\/2013\/08\/coupe-de-france-lesm-fixee\/#primaryimage","url":"http:\/\/4.bp.blogspot.com\/-XyzxL_36ZD8\/UhswqIXKEsI\/AAAAAAAABgc\/-NH2T2V5BFM\/s320\/IMG_6203.JPG","contentUrl":"http:\/\/4.bp.blogspot.com\/-XyzxL_36ZD8\/UhswqIXKEsI\/AAAAAAAABgc\/-NH2T2V5BFM\/s320\/IMG_6203.JPG"},{"@type":"BreadcrumbList","@id":"https:\/\/www.etoilesportivemontoise.fr\/football\/2013\/08\/coupe-de-france-lesm-fixee\/#breadcrumb","itemListElement":[{"@type":"ListItem","position":1,"name":"Accueil","item":"https:\/\/www.etoilesportivemontoise.fr\/football\/"},{"@type":"ListItem","position":2,"name":"Coupe de France : l\u2019Esm Montoise s\u2019offre un deuxi\u00e8me tour \u2026"}]},{"@type":"WebSite","@id":"https:\/\/www.etoilesportivemontoise.fr\/football\/#website","url":"https:\/\/www.etoilesportivemontoise.fr\/football\/","name":"ESM Foot","description":"Club Football Mont de Marsan","potentialAction":[{"@type":"SearchAction","target":{"@type":"EntryPoint","urlTemplate":"https:\/\/www.etoilesportivemontoise.fr\/football\/?s={search_term_string}"},"query-input":{"@type":"PropertyValueSpecification","valueRequired":true,"valueName":"search_term_string"}}],"inLanguage":"fr-FR"},{"@type":"Person","@id":"https:\/\/www.etoilesportivemontoise.fr\/football\/#\/schema\/person\/dd02b702be97ed924801c88fb2142212","name":"ESM","image":{"@type":"ImageObject","inLanguage":"fr-FR","@id":"https:\/\/secure.gravatar.com\/avatar\/4d571ff55345efadfb90ca100df3e18eb3cdaa9eb0599415645d75cb8626ba49?s=96&d=mm&r=g","url":"https:\/\/secure.gravatar.com\/avatar\/4d571ff55345efadfb90ca100df3e18eb3cdaa9eb0599415645d75cb8626ba49?s=96&d=mm&r=g","contentUrl":"https:\/\/secure.gravatar.com\/avatar\/4d571ff55345efadfb90ca100df3e18eb3cdaa9eb0599415645d75cb8626ba49?s=96&d=mm&r=g","caption":"ESM"},"url":"https:\/\/www.etoilesportivemontoise.fr\/football\/aka\/9af3b8c1915118cbc5cf7cdecb87fa13c2abf1c4\/"}]}},"_links":{"self":[{"href":"https:\/\/www.etoilesportivemontoise.fr\/football\/wp-json\/wp\/v2\/posts\/3555","targetHints":{"allow":["GET"]}}],"collection":[{"href":"https:\/\/www.etoilesportivemontoise.fr\/football\/wp-json\/wp\/v2\/posts"}],"about":[{"href":"https:\/\/www.etoilesportivemontoise.fr\/football\/wp-json\/wp\/v2\/types\/post"}],"author":[{"embeddable":true,"href":"https:\/\/www.etoilesportivemontoise.fr\/football\/wp-json\/wp\/v2\/users\/1"}],"replies":[{"embeddable":true,"href":"https:\/\/www.etoilesportivemontoise.fr\/football\/wp-json\/wp\/v2\/comments?post=3555"}],"version-history":[{"count":1,"href":"https:\/\/www.etoilesportivemontoise.fr\/football\/wp-json\/wp\/v2\/posts\/3555\/revisions"}],"predecessor-version":[{"id":4311,"href":"https:\/\/www.etoilesportivemontoise.fr\/football\/wp-json\/wp\/v2\/posts\/3555\/revisions\/4311"}],"wp:attachment":[{"href":"https:\/\/www.etoilesportivemontoise.fr\/football\/wp-json\/wp\/v2\/media?parent=3555"}],"wp:term":[{"taxonomy":"category","embeddable":true,"href":"https:\/\/www.etoilesportivemontoise.fr\/football\/wp-json\/wp\/v2\/categories?post=3555"},{"taxonomy":"post_tag","embeddable":true,"href":"https:\/\/www.etoilesportivemontoise.fr\/football\/wp-json\/wp\/v2\/tags?post=3555"}],"curies":[{"name":"wp","href":"https:\/\/api.w.org\/{rel}","templated":true}]}}