{"id":3557,"date":"2013-08-18T19:59:00","date_gmt":"2013-08-18T18:59:00","guid":{"rendered":"http:\/\/www.etoilesportivemontoise.fr\/football\/matches-amicaux-les-photos\/"},"modified":"2024-03-24T18:16:11","modified_gmt":"2024-03-24T17:16:11","slug":"matches-amicaux-les-photos","status":"publish","type":"post","link":"https:\/\/www.etoilesportivemontoise.fr\/football\/2013\/08\/matches-amicaux-les-photos\/","title":{"rendered":"Matches amicaux : les photos"},"content":{"rendered":"<div style=\"clear: both;text-align: center\"><a href=\"https:\/\/plus.google.com\/u\/0\/photos\/103714954216275648745\/albums\/5913562541846643601\" target=\"_blank\" rel=\"noopener\"><img loading=\"lazy\" decoding=\"async\" border=\"0\" height=\"235\" src=\"http:\/\/4.bp.blogspot.com\/-naHokXJmz4I\/UhE7v4VZibI\/AAAAAAAABcE\/FnvgMHY-W9Y\/s320\/Amical_doazit.JPG\" width=\"320\" \/><\/a><\/div>\n<div style=\"clear: both;text-align: justify\">Le match du 16 ao\u00fbt cl\u00f4turait en beaut\u00e9 la campagne de rencontres amicales de l&rsquo;\u00e9quipe premi\u00e8re, puisque cette derni\u00e8re s&rsquo;est impos\u00e9e contre Doazit (PL) sur le score de 2 \u00e0 1&#8230;&nbsp;<\/div>\n<div style=\"clear: both;text-align: justify\">Au m\u00eame moment, la r\u00e9serve \u00e9trillait l&rsquo;\u00e9quipe d&rsquo;Hontanx 7 \u00e0 1. Bravo \u00e0 tous !<\/div>\n<div>Retrouvez les photos des matches Amicaux contre&nbsp;<span style=\"color: #0b5394\"><b>Doazit&nbsp;<\/b><\/span>et&nbsp;<b style=\"color: #0b5394\">Hontanx<\/b>,&nbsp;<b>en cliquant sur l&rsquo;image<\/b>&#8230;<\/p>\n<ul>\n<li>Retrouvez les photos du match Amical contre&nbsp;<span style=\"color: #0b5394\"><b>Le Houga<\/b><\/span>,&nbsp;<a href=\"https:\/\/plus.google.com\/photos\/103714954216275648745\/albums\/5910583074312071841\" target=\"_blank\" rel=\"noopener\">en cliquant ici<\/a>&#8230;<\/li>\n<li>Retrouvez les photos du match Amical contre&nbsp;<span style=\"color: #0b5394\"><b>Tartas<\/b><\/span>,&nbsp;<a href=\"https:\/\/plus.google.com\/photos\/103714954216275648745\/albums\/5909690302463871585\" target=\"_blank\" rel=\"noopener\">en cliquant ici<\/a>&#8230;<\/li>\n<li>Retrouvez les photos du match Amical contre&nbsp;<span style=\"color: #0b5394\"><b>Estang<\/b><\/span>, <a href=\"https:\/\/plus.google.com\/photos\/103714954216275648745\/albums\/5908330062558383617\" target=\"_blank\" rel=\"noopener\">en cliquant ici<\/a>&#8230;<\/li>\n<\/ul>\n<\/div>\n","protected":false},"excerpt":{"rendered":"<p>Le match du 16 ao\u00fbt cl\u00f4turait en beaut\u00e9 la campagne de rencontres amicales de l&rsquo;\u00e9quipe premi\u00e8re, puisque cette derni\u00e8re s&rsquo;est impos\u00e9e contre Doazit (PL) sur le score de 2 \u00e0 1&#8230;&nbsp; Au m\u00eame moment, la r\u00e9serve \u00e9trillait l&rsquo;\u00e9quipe d&rsquo;Hontanx 7 \u00e0 1. Bravo \u00e0 tous&#8230;<\/p>\n","protected":false},"author":1,"featured_media":0,"comment_status":"closed","ping_status":"closed","sticky":false,"template":"","format":"standard","meta":{"footnotes":""},"categories":[28],"tags":[],"class_list":["post-3557","post","type-post","status-publish","format-standard","hentry","category-old"],"yoast_head":"<!-- This site is optimized with the Yoast SEO plugin v27.3 - https:\/\/yoast.com\/product\/yoast-seo-wordpress\/ -->\n<title>Matches amicaux : les photos - ESM Foot<\/title>\n<meta name=\"robots\" content=\"index, follow, max-snippet:-1, max-image-preview:large, max-video-preview:-1\" \/>\n<link rel=\"canonical\" href=\"https:\/\/www.etoilesportivemontoise.fr\/football\/2013\/08\/matches-amicaux-les-photos\/\" \/>\n<meta property=\"og:locale\" content=\"fr_FR\" \/>\n<meta property=\"og:type\" content=\"article\" \/>\n<meta property=\"og:title\" content=\"Matches amicaux : les photos - ESM Foot\" \/>\n<meta property=\"og:description\" content=\"Le match du 16 ao\u00fbt cl\u00f4turait en beaut\u00e9 la campagne de rencontres amicales de l&rsquo;\u00e9quipe premi\u00e8re, puisque cette derni\u00e8re s&rsquo;est impos\u00e9e contre Doazit (PL) sur le score de 2 \u00e0 1&#8230;&nbsp; Au m\u00eame moment, la r\u00e9serve \u00e9trillait l&rsquo;\u00e9quipe d&rsquo;Hontanx 7 \u00e0 1. Bravo \u00e0 tous...\" \/>\n<meta property=\"og:url\" content=\"https:\/\/www.etoilesportivemontoise.fr\/football\/2013\/08\/matches-amicaux-les-photos\/\" \/>\n<meta property=\"og:site_name\" content=\"ESM Foot\" \/>\n<meta property=\"article:published_time\" content=\"2013-08-18T18:59:00+00:00\" \/>\n<meta property=\"article:modified_time\" content=\"2024-03-24T17:16:11+00:00\" \/>\n<meta property=\"og:image\" content=\"http:\/\/4.bp.blogspot.com\/-naHokXJmz4I\/UhE7v4VZibI\/AAAAAAAABcE\/FnvgMHY-W9Y\/s320\/Amical_doazit.JPG\" \/>\n<meta name=\"author\" content=\"ESM\" \/>\n<meta name=\"twitter:label1\" content=\"\u00c9crit par\" \/>\n\t<meta name=\"twitter:data1\" content=\"ESM\" \/>\n\t<meta name=\"twitter:label2\" content=\"Dur\u00e9e de lecture estim\u00e9e\" \/>\n\t<meta name=\"twitter:data2\" content=\"1 minute\" \/>\n<script type=\"application\/ld+json\" class=\"yoast-schema-graph\">{\"@context\":\"https:\\\/\\\/schema.org\",\"@graph\":[{\"@type\":\"Article\",\"@id\":\"https:\\\/\\\/www.etoilesportivemontoise.fr\\\/football\\\/2013\\\/08\\\/matches-amicaux-les-photos\\\/#article\",\"isPartOf\":{\"@id\":\"https:\\\/\\\/www.etoilesportivemontoise.fr\\\/football\\\/2013\\\/08\\\/matches-amicaux-les-photos\\\/\"},\"author\":{\"name\":\"ESM\",\"@id\":\"https:\\\/\\\/www.etoilesportivemontoise.fr\\\/football\\\/#\\\/schema\\\/person\\\/dd02b702be97ed924801c88fb2142212\"},\"headline\":\"Matches amicaux : les photos\",\"datePublished\":\"2013-08-18T18:59:00+00:00\",\"dateModified\":\"2024-03-24T17:16:11+00:00\",\"mainEntityOfPage\":{\"@id\":\"https:\\\/\\\/www.etoilesportivemontoise.fr\\\/football\\\/2013\\\/08\\\/matches-amicaux-les-photos\\\/\"},\"wordCount\":111,\"image\":{\"@id\":\"https:\\\/\\\/www.etoilesportivemontoise.fr\\\/football\\\/2013\\\/08\\\/matches-amicaux-les-photos\\\/#primaryimage\"},\"thumbnailUrl\":\"http:\\\/\\\/4.bp.blogspot.com\\\/-naHokXJmz4I\\\/UhE7v4VZibI\\\/AAAAAAAABcE\\\/FnvgMHY-W9Y\\\/s320\\\/Amical_doazit.JPG\",\"articleSection\":[\"Archives\"],\"inLanguage\":\"fr-FR\"},{\"@type\":\"WebPage\",\"@id\":\"https:\\\/\\\/www.etoilesportivemontoise.fr\\\/football\\\/2013\\\/08\\\/matches-amicaux-les-photos\\\/\",\"url\":\"https:\\\/\\\/www.etoilesportivemontoise.fr\\\/football\\\/2013\\\/08\\\/matches-amicaux-les-photos\\\/\",\"name\":\"Matches amicaux : les photos - ESM Foot\",\"isPartOf\":{\"@id\":\"https:\\\/\\\/www.etoilesportivemontoise.fr\\\/football\\\/#website\"},\"primaryImageOfPage\":{\"@id\":\"https:\\\/\\\/www.etoilesportivemontoise.fr\\\/football\\\/2013\\\/08\\\/matches-amicaux-les-photos\\\/#primaryimage\"},\"image\":{\"@id\":\"https:\\\/\\\/www.etoilesportivemontoise.fr\\\/football\\\/2013\\\/08\\\/matches-amicaux-les-photos\\\/#primaryimage\"},\"thumbnailUrl\":\"http:\\\/\\\/4.bp.blogspot.com\\\/-naHokXJmz4I\\\/UhE7v4VZibI\\\/AAAAAAAABcE\\\/FnvgMHY-W9Y\\\/s320\\\/Amical_doazit.JPG\",\"datePublished\":\"2013-08-18T18:59:00+00:00\",\"dateModified\":\"2024-03-24T17:16:11+00:00\",\"author\":{\"@id\":\"https:\\\/\\\/www.etoilesportivemontoise.fr\\\/football\\\/#\\\/schema\\\/person\\\/dd02b702be97ed924801c88fb2142212\"},\"breadcrumb\":{\"@id\":\"https:\\\/\\\/www.etoilesportivemontoise.fr\\\/football\\\/2013\\\/08\\\/matches-amicaux-les-photos\\\/#breadcrumb\"},\"inLanguage\":\"fr-FR\",\"potentialAction\":[{\"@type\":\"ReadAction\",\"target\":[\"https:\\\/\\\/www.etoilesportivemontoise.fr\\\/football\\\/2013\\\/08\\\/matches-amicaux-les-photos\\\/\"]}]},{\"@type\":\"ImageObject\",\"inLanguage\":\"fr-FR\",\"@id\":\"https:\\\/\\\/www.etoilesportivemontoise.fr\\\/football\\\/2013\\\/08\\\/matches-amicaux-les-photos\\\/#primaryimage\",\"url\":\"http:\\\/\\\/4.bp.blogspot.com\\\/-naHokXJmz4I\\\/UhE7v4VZibI\\\/AAAAAAAABcE\\\/FnvgMHY-W9Y\\\/s320\\\/Amical_doazit.JPG\",\"contentUrl\":\"http:\\\/\\\/4.bp.blogspot.com\\\/-naHokXJmz4I\\\/UhE7v4VZibI\\\/AAAAAAAABcE\\\/FnvgMHY-W9Y\\\/s320\\\/Amical_doazit.JPG\"},{\"@type\":\"BreadcrumbList\",\"@id\":\"https:\\\/\\\/www.etoilesportivemontoise.fr\\\/football\\\/2013\\\/08\\\/matches-amicaux-les-photos\\\/#breadcrumb\",\"itemListElement\":[{\"@type\":\"ListItem\",\"position\":1,\"name\":\"Accueil\",\"item\":\"https:\\\/\\\/www.etoilesportivemontoise.fr\\\/football\\\/\"},{\"@type\":\"ListItem\",\"position\":2,\"name\":\"Matches amicaux : les photos\"}]},{\"@type\":\"WebSite\",\"@id\":\"https:\\\/\\\/www.etoilesportivemontoise.fr\\\/football\\\/#website\",\"url\":\"https:\\\/\\\/www.etoilesportivemontoise.fr\\\/football\\\/\",\"name\":\"ESM Foot\",\"description\":\"Club Football Mont de Marsan\",\"potentialAction\":[{\"@type\":\"SearchAction\",\"target\":{\"@type\":\"EntryPoint\",\"urlTemplate\":\"https:\\\/\\\/www.etoilesportivemontoise.fr\\\/football\\\/?s={search_term_string}\"},\"query-input\":{\"@type\":\"PropertyValueSpecification\",\"valueRequired\":true,\"valueName\":\"search_term_string\"}}],\"inLanguage\":\"fr-FR\"},{\"@type\":\"Person\",\"@id\":\"https:\\\/\\\/www.etoilesportivemontoise.fr\\\/football\\\/#\\\/schema\\\/person\\\/dd02b702be97ed924801c88fb2142212\",\"name\":\"ESM\",\"image\":{\"@type\":\"ImageObject\",\"inLanguage\":\"fr-FR\",\"@id\":\"https:\\\/\\\/secure.gravatar.com\\\/avatar\\\/4d571ff55345efadfb90ca100df3e18eb3cdaa9eb0599415645d75cb8626ba49?s=96&d=mm&r=g\",\"url\":\"https:\\\/\\\/secure.gravatar.com\\\/avatar\\\/4d571ff55345efadfb90ca100df3e18eb3cdaa9eb0599415645d75cb8626ba49?s=96&d=mm&r=g\",\"contentUrl\":\"https:\\\/\\\/secure.gravatar.com\\\/avatar\\\/4d571ff55345efadfb90ca100df3e18eb3cdaa9eb0599415645d75cb8626ba49?s=96&d=mm&r=g\",\"caption\":\"ESM\"},\"url\":\"https:\\\/\\\/www.etoilesportivemontoise.fr\\\/football\\\/aka\\\/9af3b8c1915118cbc5cf7cdecb87fa13c2abf1c4\\\/\"}]}<\/script>\n<!-- \/ Yoast SEO plugin. -->","yoast_head_json":{"title":"Matches amicaux : les photos - ESM Foot","robots":{"index":"index","follow":"follow","max-snippet":"max-snippet:-1","max-image-preview":"max-image-preview:large","max-video-preview":"max-video-preview:-1"},"canonical":"https:\/\/www.etoilesportivemontoise.fr\/football\/2013\/08\/matches-amicaux-les-photos\/","og_locale":"fr_FR","og_type":"article","og_title":"Matches amicaux : les photos - ESM Foot","og_description":"Le match du 16 ao\u00fbt cl\u00f4turait en beaut\u00e9 la campagne de rencontres amicales de l&rsquo;\u00e9quipe premi\u00e8re, puisque cette derni\u00e8re s&rsquo;est impos\u00e9e contre Doazit (PL) sur le score de 2 \u00e0 1&#8230;&nbsp; Au m\u00eame moment, la r\u00e9serve \u00e9trillait l&rsquo;\u00e9quipe d&rsquo;Hontanx 7 \u00e0 1. Bravo \u00e0 tous...","og_url":"https:\/\/www.etoilesportivemontoise.fr\/football\/2013\/08\/matches-amicaux-les-photos\/","og_site_name":"ESM Foot","article_published_time":"2013-08-18T18:59:00+00:00","article_modified_time":"2024-03-24T17:16:11+00:00","og_image":[{"url":"http:\/\/4.bp.blogspot.com\/-naHokXJmz4I\/UhE7v4VZibI\/AAAAAAAABcE\/FnvgMHY-W9Y\/s320\/Amical_doazit.JPG","type":"","width":"","height":""}],"author":"ESM","twitter_misc":{"\u00c9crit par":"ESM","Dur\u00e9e de lecture estim\u00e9e":"1 minute"},"schema":{"@context":"https:\/\/schema.org","@graph":[{"@type":"Article","@id":"https:\/\/www.etoilesportivemontoise.fr\/football\/2013\/08\/matches-amicaux-les-photos\/#article","isPartOf":{"@id":"https:\/\/www.etoilesportivemontoise.fr\/football\/2013\/08\/matches-amicaux-les-photos\/"},"author":{"name":"ESM","@id":"https:\/\/www.etoilesportivemontoise.fr\/football\/#\/schema\/person\/dd02b702be97ed924801c88fb2142212"},"headline":"Matches amicaux : les photos","datePublished":"2013-08-18T18:59:00+00:00","dateModified":"2024-03-24T17:16:11+00:00","mainEntityOfPage":{"@id":"https:\/\/www.etoilesportivemontoise.fr\/football\/2013\/08\/matches-amicaux-les-photos\/"},"wordCount":111,"image":{"@id":"https:\/\/www.etoilesportivemontoise.fr\/football\/2013\/08\/matches-amicaux-les-photos\/#primaryimage"},"thumbnailUrl":"http:\/\/4.bp.blogspot.com\/-naHokXJmz4I\/UhE7v4VZibI\/AAAAAAAABcE\/FnvgMHY-W9Y\/s320\/Amical_doazit.JPG","articleSection":["Archives"],"inLanguage":"fr-FR"},{"@type":"WebPage","@id":"https:\/\/www.etoilesportivemontoise.fr\/football\/2013\/08\/matches-amicaux-les-photos\/","url":"https:\/\/www.etoilesportivemontoise.fr\/football\/2013\/08\/matches-amicaux-les-photos\/","name":"Matches amicaux : les photos - ESM Foot","isPartOf":{"@id":"https:\/\/www.etoilesportivemontoise.fr\/football\/#website"},"primaryImageOfPage":{"@id":"https:\/\/www.etoilesportivemontoise.fr\/football\/2013\/08\/matches-amicaux-les-photos\/#primaryimage"},"image":{"@id":"https:\/\/www.etoilesportivemontoise.fr\/football\/2013\/08\/matches-amicaux-les-photos\/#primaryimage"},"thumbnailUrl":"http:\/\/4.bp.blogspot.com\/-naHokXJmz4I\/UhE7v4VZibI\/AAAAAAAABcE\/FnvgMHY-W9Y\/s320\/Amical_doazit.JPG","datePublished":"2013-08-18T18:59:00+00:00","dateModified":"2024-03-24T17:16:11+00:00","author":{"@id":"https:\/\/www.etoilesportivemontoise.fr\/football\/#\/schema\/person\/dd02b702be97ed924801c88fb2142212"},"breadcrumb":{"@id":"https:\/\/www.etoilesportivemontoise.fr\/football\/2013\/08\/matches-amicaux-les-photos\/#breadcrumb"},"inLanguage":"fr-FR","potentialAction":[{"@type":"ReadAction","target":["https:\/\/www.etoilesportivemontoise.fr\/football\/2013\/08\/matches-amicaux-les-photos\/"]}]},{"@type":"ImageObject","inLanguage":"fr-FR","@id":"https:\/\/www.etoilesportivemontoise.fr\/football\/2013\/08\/matches-amicaux-les-photos\/#primaryimage","url":"http:\/\/4.bp.blogspot.com\/-naHokXJmz4I\/UhE7v4VZibI\/AAAAAAAABcE\/FnvgMHY-W9Y\/s320\/Amical_doazit.JPG","contentUrl":"http:\/\/4.bp.blogspot.com\/-naHokXJmz4I\/UhE7v4VZibI\/AAAAAAAABcE\/FnvgMHY-W9Y\/s320\/Amical_doazit.JPG"},{"@type":"BreadcrumbList","@id":"https:\/\/www.etoilesportivemontoise.fr\/football\/2013\/08\/matches-amicaux-les-photos\/#breadcrumb","itemListElement":[{"@type":"ListItem","position":1,"name":"Accueil","item":"https:\/\/www.etoilesportivemontoise.fr\/football\/"},{"@type":"ListItem","position":2,"name":"Matches amicaux : les photos"}]},{"@type":"WebSite","@id":"https:\/\/www.etoilesportivemontoise.fr\/football\/#website","url":"https:\/\/www.etoilesportivemontoise.fr\/football\/","name":"ESM Foot","description":"Club Football Mont de Marsan","potentialAction":[{"@type":"SearchAction","target":{"@type":"EntryPoint","urlTemplate":"https:\/\/www.etoilesportivemontoise.fr\/football\/?s={search_term_string}"},"query-input":{"@type":"PropertyValueSpecification","valueRequired":true,"valueName":"search_term_string"}}],"inLanguage":"fr-FR"},{"@type":"Person","@id":"https:\/\/www.etoilesportivemontoise.fr\/football\/#\/schema\/person\/dd02b702be97ed924801c88fb2142212","name":"ESM","image":{"@type":"ImageObject","inLanguage":"fr-FR","@id":"https:\/\/secure.gravatar.com\/avatar\/4d571ff55345efadfb90ca100df3e18eb3cdaa9eb0599415645d75cb8626ba49?s=96&d=mm&r=g","url":"https:\/\/secure.gravatar.com\/avatar\/4d571ff55345efadfb90ca100df3e18eb3cdaa9eb0599415645d75cb8626ba49?s=96&d=mm&r=g","contentUrl":"https:\/\/secure.gravatar.com\/avatar\/4d571ff55345efadfb90ca100df3e18eb3cdaa9eb0599415645d75cb8626ba49?s=96&d=mm&r=g","caption":"ESM"},"url":"https:\/\/www.etoilesportivemontoise.fr\/football\/aka\/9af3b8c1915118cbc5cf7cdecb87fa13c2abf1c4\/"}]}},"_links":{"self":[{"href":"https:\/\/www.etoilesportivemontoise.fr\/football\/wp-json\/wp\/v2\/posts\/3557","targetHints":{"allow":["GET"]}}],"collection":[{"href":"https:\/\/www.etoilesportivemontoise.fr\/football\/wp-json\/wp\/v2\/posts"}],"about":[{"href":"https:\/\/www.etoilesportivemontoise.fr\/football\/wp-json\/wp\/v2\/types\/post"}],"author":[{"embeddable":true,"href":"https:\/\/www.etoilesportivemontoise.fr\/football\/wp-json\/wp\/v2\/users\/1"}],"replies":[{"embeddable":true,"href":"https:\/\/www.etoilesportivemontoise.fr\/football\/wp-json\/wp\/v2\/comments?post=3557"}],"version-history":[{"count":2,"href":"https:\/\/www.etoilesportivemontoise.fr\/football\/wp-json\/wp\/v2\/posts\/3557\/revisions"}],"predecessor-version":[{"id":5194,"href":"https:\/\/www.etoilesportivemontoise.fr\/football\/wp-json\/wp\/v2\/posts\/3557\/revisions\/5194"}],"wp:attachment":[{"href":"https:\/\/www.etoilesportivemontoise.fr\/football\/wp-json\/wp\/v2\/media?parent=3557"}],"wp:term":[{"taxonomy":"category","embeddable":true,"href":"https:\/\/www.etoilesportivemontoise.fr\/football\/wp-json\/wp\/v2\/categories?post=3557"},{"taxonomy":"post_tag","embeddable":true,"href":"https:\/\/www.etoilesportivemontoise.fr\/football\/wp-json\/wp\/v2\/tags?post=3557"}],"curies":[{"name":"wp","href":"https:\/\/api.w.org\/{rel}","templated":true}]}}