{"id":3568,"date":"2012-12-17T16:13:00","date_gmt":"2012-12-17T15:13:00","guid":{"rendered":"http:\/\/www.etoilesportivemontoise.fr\/football\/u18-1-esm-saint-medard-le-derby\/"},"modified":"2024-03-24T18:16:19","modified_gmt":"2024-03-24T17:16:19","slug":"u18-1-esm-saint-medard-le-derby","status":"publish","type":"post","link":"https:\/\/www.etoilesportivemontoise.fr\/football\/2012\/12\/u18-1-esm-saint-medard-le-derby\/","title":{"rendered":"U18 -1 : ESM \/ Saint M\u00e9dard : le DERBY"},"content":{"rendered":"<p>Apr\u00e8s une d\u00e9faite la semaine derni\u00e8re 1 \u00e0 0 face \u00e0 Escources, les U18 voulaient renouer le plus rapidement possible avec la victoire.<br \/>Seulement voil\u00e0, ce week end le derby \u00e9tait annonc\u00e9 ESM \/ Saint M\u00e9dard.<br \/>Pour ces jeunes qui sont \u00e0 l&rsquo;\u00e9cole ensemble, aucun des 2 groupes ne voulaient l\u00e2ch\u00e9s l&rsquo;affaire.<br \/>Les joueurs de Saint M\u00e9dard ont \u00e9t\u00e9 vaillant mais cela n&rsquo;a pas suffit car les gar\u00e7ons se sont inpos\u00e9s 3 \u00e0 1.<\/p>\n<p>Dans la s\u00e9rie qui a marqu\u00e9 :<\/p>\n<table align=\"center\" cellpadding=\"0\" cellspacing=\"0\" style=\"margin-left: auto;margin-right: auto;text-align: center\">\n<tbody>\n<tr>\n<td style=\"text-align: center\"><a href=\"http:\/\/www.etoilesportivemontoise.fr\/content\/uploads\/sites\/2\/2012\/12\/P1040163.jpg\" style=\"margin-left: auto;margin-right: auto\"><img loading=\"lazy\" decoding=\"async\" border=\"0\" height=\"112\" src=\"http:\/\/www.etoilesportivemontoise.fr\/content\/uploads\/sites\/2\/2012\/12\/P1040163-300x169.jpg\" width=\"200\" \/><\/a><\/td>\n<\/tr>\n<tr>\n<td style=\"text-align: center\">Baptiste Graff : 1 but<\/td>\n<\/tr>\n<\/tbody>\n<\/table>\n<p><\/p>\n<table align=\"center\" cellpadding=\"0\" cellspacing=\"0\" style=\"margin-left: auto;margin-right: auto;text-align: center\">\n<tbody>\n<tr>\n<td style=\"text-align: center\"><a href=\"http:\/\/www.etoilesportivemontoise.fr\/content\/uploads\/sites\/2\/2012\/12\/P1040166.jpg\" style=\"margin-left: auto;margin-right: auto\"><img loading=\"lazy\" decoding=\"async\" border=\"0\" height=\"112\" src=\"http:\/\/www.etoilesportivemontoise.fr\/content\/uploads\/sites\/2\/2012\/12\/P1040166-300x169.jpg\" width=\"200\" \/><\/a><\/td>\n<\/tr>\n<tr>\n<td style=\"text-align: center\">Antony Tauzia : 2 buts<\/p>\n<\/td>\n<\/tr>\n<\/tbody>\n<\/table>\n<p>Bon courage \u00e0 la Maman de Lukas qui est de lavage de maillots.<\/p>\n<p>PS : merci aux supportrices pour m&rsquo;avoir aider pour les stats de ce week end.<\/p>\n","protected":false},"excerpt":{"rendered":"<p>Apr\u00e8s une d\u00e9faite la semaine derni\u00e8re 1 \u00e0 0 face \u00e0 Escources, les U18 voulaient renouer le plus rapidement possible avec la victoire.Seulement voil\u00e0, ce week end le derby \u00e9tait annonc\u00e9 ESM \/ Saint M\u00e9dard.Pour ces jeunes qui sont \u00e0 l&rsquo;\u00e9cole ensemble, aucun des 2&#8230;<\/p>\n","protected":false},"author":1,"featured_media":3814,"comment_status":"closed","ping_status":"closed","sticky":false,"template":"","format":"standard","meta":{"footnotes":""},"categories":[28],"tags":[],"class_list":["post-3568","post","type-post","status-publish","format-standard","has-post-thumbnail","hentry","category-old"],"yoast_head":"<!-- This site is optimized with the Yoast SEO plugin v27.3 - https:\/\/yoast.com\/product\/yoast-seo-wordpress\/ -->\n<title>U18 -1 : ESM \/ Saint M\u00e9dard : le DERBY - ESM Foot<\/title>\n<meta name=\"robots\" content=\"index, follow, max-snippet:-1, max-image-preview:large, max-video-preview:-1\" \/>\n<link rel=\"canonical\" href=\"https:\/\/www.etoilesportivemontoise.fr\/football\/2012\/12\/u18-1-esm-saint-medard-le-derby\/\" \/>\n<meta property=\"og:locale\" content=\"fr_FR\" \/>\n<meta property=\"og:type\" content=\"article\" \/>\n<meta property=\"og:title\" content=\"U18 -1 : ESM \/ Saint M\u00e9dard : le DERBY - ESM Foot\" \/>\n<meta property=\"og:description\" content=\"Apr\u00e8s une d\u00e9faite la semaine derni\u00e8re 1 \u00e0 0 face \u00e0 Escources, les U18 voulaient renouer le plus rapidement possible avec la victoire.Seulement voil\u00e0, ce week end le derby \u00e9tait annonc\u00e9 ESM \/ Saint M\u00e9dard.Pour ces jeunes qui sont \u00e0 l&rsquo;\u00e9cole ensemble, aucun des 2...\" \/>\n<meta property=\"og:url\" content=\"https:\/\/www.etoilesportivemontoise.fr\/football\/2012\/12\/u18-1-esm-saint-medard-le-derby\/\" \/>\n<meta property=\"og:site_name\" content=\"ESM Foot\" \/>\n<meta property=\"article:published_time\" content=\"2012-12-17T15:13:00+00:00\" \/>\n<meta property=\"article:modified_time\" content=\"2024-03-24T17:16:19+00:00\" \/>\n<meta property=\"og:image\" content=\"https:\/\/www.etoilesportivemontoise.fr\/content\/uploads\/sites\/2\/2012\/12\/P1040163.jpg\" \/>\n\t<meta property=\"og:image:width\" content=\"1024\" \/>\n\t<meta property=\"og:image:height\" content=\"577\" \/>\n\t<meta property=\"og:image:type\" content=\"image\/jpeg\" \/>\n<meta name=\"author\" content=\"ESM\" \/>\n<meta name=\"twitter:label1\" content=\"\u00c9crit par\" \/>\n\t<meta name=\"twitter:data1\" content=\"ESM\" \/>\n\t<meta name=\"twitter:label2\" content=\"Dur\u00e9e de lecture estim\u00e9e\" \/>\n\t<meta name=\"twitter:data2\" content=\"1 minute\" \/>\n<script type=\"application\/ld+json\" class=\"yoast-schema-graph\">{\"@context\":\"https:\\\/\\\/schema.org\",\"@graph\":[{\"@type\":\"Article\",\"@id\":\"https:\\\/\\\/www.etoilesportivemontoise.fr\\\/football\\\/2012\\\/12\\\/u18-1-esm-saint-medard-le-derby\\\/#article\",\"isPartOf\":{\"@id\":\"https:\\\/\\\/www.etoilesportivemontoise.fr\\\/football\\\/2012\\\/12\\\/u18-1-esm-saint-medard-le-derby\\\/\"},\"author\":{\"name\":\"ESM\",\"@id\":\"https:\\\/\\\/www.etoilesportivemontoise.fr\\\/football\\\/#\\\/schema\\\/person\\\/dd02b702be97ed924801c88fb2142212\"},\"headline\":\"U18 -1 : ESM \\\/ Saint M\u00e9dard : le DERBY\",\"datePublished\":\"2012-12-17T15:13:00+00:00\",\"dateModified\":\"2024-03-24T17:16:19+00:00\",\"mainEntityOfPage\":{\"@id\":\"https:\\\/\\\/www.etoilesportivemontoise.fr\\\/football\\\/2012\\\/12\\\/u18-1-esm-saint-medard-le-derby\\\/\"},\"wordCount\":124,\"image\":{\"@id\":\"https:\\\/\\\/www.etoilesportivemontoise.fr\\\/football\\\/2012\\\/12\\\/u18-1-esm-saint-medard-le-derby\\\/#primaryimage\"},\"thumbnailUrl\":\"https:\\\/\\\/www.etoilesportivemontoise.fr\\\/content\\\/uploads\\\/sites\\\/2\\\/2012\\\/12\\\/P1040163.jpg\",\"articleSection\":[\"Archives\"],\"inLanguage\":\"fr-FR\"},{\"@type\":\"WebPage\",\"@id\":\"https:\\\/\\\/www.etoilesportivemontoise.fr\\\/football\\\/2012\\\/12\\\/u18-1-esm-saint-medard-le-derby\\\/\",\"url\":\"https:\\\/\\\/www.etoilesportivemontoise.fr\\\/football\\\/2012\\\/12\\\/u18-1-esm-saint-medard-le-derby\\\/\",\"name\":\"U18 -1 : ESM \\\/ Saint M\u00e9dard : le DERBY - ESM Foot\",\"isPartOf\":{\"@id\":\"https:\\\/\\\/www.etoilesportivemontoise.fr\\\/football\\\/#website\"},\"primaryImageOfPage\":{\"@id\":\"https:\\\/\\\/www.etoilesportivemontoise.fr\\\/football\\\/2012\\\/12\\\/u18-1-esm-saint-medard-le-derby\\\/#primaryimage\"},\"image\":{\"@id\":\"https:\\\/\\\/www.etoilesportivemontoise.fr\\\/football\\\/2012\\\/12\\\/u18-1-esm-saint-medard-le-derby\\\/#primaryimage\"},\"thumbnailUrl\":\"https:\\\/\\\/www.etoilesportivemontoise.fr\\\/content\\\/uploads\\\/sites\\\/2\\\/2012\\\/12\\\/P1040163.jpg\",\"datePublished\":\"2012-12-17T15:13:00+00:00\",\"dateModified\":\"2024-03-24T17:16:19+00:00\",\"author\":{\"@id\":\"https:\\\/\\\/www.etoilesportivemontoise.fr\\\/football\\\/#\\\/schema\\\/person\\\/dd02b702be97ed924801c88fb2142212\"},\"breadcrumb\":{\"@id\":\"https:\\\/\\\/www.etoilesportivemontoise.fr\\\/football\\\/2012\\\/12\\\/u18-1-esm-saint-medard-le-derby\\\/#breadcrumb\"},\"inLanguage\":\"fr-FR\",\"potentialAction\":[{\"@type\":\"ReadAction\",\"target\":[\"https:\\\/\\\/www.etoilesportivemontoise.fr\\\/football\\\/2012\\\/12\\\/u18-1-esm-saint-medard-le-derby\\\/\"]}]},{\"@type\":\"ImageObject\",\"inLanguage\":\"fr-FR\",\"@id\":\"https:\\\/\\\/www.etoilesportivemontoise.fr\\\/football\\\/2012\\\/12\\\/u18-1-esm-saint-medard-le-derby\\\/#primaryimage\",\"url\":\"https:\\\/\\\/www.etoilesportivemontoise.fr\\\/content\\\/uploads\\\/sites\\\/2\\\/2012\\\/12\\\/P1040163.jpg\",\"contentUrl\":\"https:\\\/\\\/www.etoilesportivemontoise.fr\\\/content\\\/uploads\\\/sites\\\/2\\\/2012\\\/12\\\/P1040163.jpg\",\"width\":1024,\"height\":577},{\"@type\":\"BreadcrumbList\",\"@id\":\"https:\\\/\\\/www.etoilesportivemontoise.fr\\\/football\\\/2012\\\/12\\\/u18-1-esm-saint-medard-le-derby\\\/#breadcrumb\",\"itemListElement\":[{\"@type\":\"ListItem\",\"position\":1,\"name\":\"Accueil\",\"item\":\"https:\\\/\\\/www.etoilesportivemontoise.fr\\\/football\\\/\"},{\"@type\":\"ListItem\",\"position\":2,\"name\":\"U18 -1 : ESM \\\/ Saint M\u00e9dard : le DERBY\"}]},{\"@type\":\"WebSite\",\"@id\":\"https:\\\/\\\/www.etoilesportivemontoise.fr\\\/football\\\/#website\",\"url\":\"https:\\\/\\\/www.etoilesportivemontoise.fr\\\/football\\\/\",\"name\":\"ESM Foot\",\"description\":\"Club Football Mont de Marsan\",\"potentialAction\":[{\"@type\":\"SearchAction\",\"target\":{\"@type\":\"EntryPoint\",\"urlTemplate\":\"https:\\\/\\\/www.etoilesportivemontoise.fr\\\/football\\\/?s={search_term_string}\"},\"query-input\":{\"@type\":\"PropertyValueSpecification\",\"valueRequired\":true,\"valueName\":\"search_term_string\"}}],\"inLanguage\":\"fr-FR\"},{\"@type\":\"Person\",\"@id\":\"https:\\\/\\\/www.etoilesportivemontoise.fr\\\/football\\\/#\\\/schema\\\/person\\\/dd02b702be97ed924801c88fb2142212\",\"name\":\"ESM\",\"image\":{\"@type\":\"ImageObject\",\"inLanguage\":\"fr-FR\",\"@id\":\"https:\\\/\\\/secure.gravatar.com\\\/avatar\\\/4d571ff55345efadfb90ca100df3e18eb3cdaa9eb0599415645d75cb8626ba49?s=96&d=mm&r=g\",\"url\":\"https:\\\/\\\/secure.gravatar.com\\\/avatar\\\/4d571ff55345efadfb90ca100df3e18eb3cdaa9eb0599415645d75cb8626ba49?s=96&d=mm&r=g\",\"contentUrl\":\"https:\\\/\\\/secure.gravatar.com\\\/avatar\\\/4d571ff55345efadfb90ca100df3e18eb3cdaa9eb0599415645d75cb8626ba49?s=96&d=mm&r=g\",\"caption\":\"ESM\"},\"url\":\"https:\\\/\\\/www.etoilesportivemontoise.fr\\\/football\\\/aka\\\/9af3b8c1915118cbc5cf7cdecb87fa13c2abf1c4\\\/\"}]}<\/script>\n<!-- \/ Yoast SEO plugin. -->","yoast_head_json":{"title":"U18 -1 : ESM \/ Saint M\u00e9dard : le DERBY - ESM Foot","robots":{"index":"index","follow":"follow","max-snippet":"max-snippet:-1","max-image-preview":"max-image-preview:large","max-video-preview":"max-video-preview:-1"},"canonical":"https:\/\/www.etoilesportivemontoise.fr\/football\/2012\/12\/u18-1-esm-saint-medard-le-derby\/","og_locale":"fr_FR","og_type":"article","og_title":"U18 -1 : ESM \/ Saint M\u00e9dard : le DERBY - ESM Foot","og_description":"Apr\u00e8s une d\u00e9faite la semaine derni\u00e8re 1 \u00e0 0 face \u00e0 Escources, les U18 voulaient renouer le plus rapidement possible avec la victoire.Seulement voil\u00e0, ce week end le derby \u00e9tait annonc\u00e9 ESM \/ Saint M\u00e9dard.Pour ces jeunes qui sont \u00e0 l&rsquo;\u00e9cole ensemble, aucun des 2...","og_url":"https:\/\/www.etoilesportivemontoise.fr\/football\/2012\/12\/u18-1-esm-saint-medard-le-derby\/","og_site_name":"ESM Foot","article_published_time":"2012-12-17T15:13:00+00:00","article_modified_time":"2024-03-24T17:16:19+00:00","og_image":[{"width":1024,"height":577,"url":"https:\/\/www.etoilesportivemontoise.fr\/content\/uploads\/sites\/2\/2012\/12\/P1040163.jpg","type":"image\/jpeg"}],"author":"ESM","twitter_misc":{"\u00c9crit par":"ESM","Dur\u00e9e de lecture estim\u00e9e":"1 minute"},"schema":{"@context":"https:\/\/schema.org","@graph":[{"@type":"Article","@id":"https:\/\/www.etoilesportivemontoise.fr\/football\/2012\/12\/u18-1-esm-saint-medard-le-derby\/#article","isPartOf":{"@id":"https:\/\/www.etoilesportivemontoise.fr\/football\/2012\/12\/u18-1-esm-saint-medard-le-derby\/"},"author":{"name":"ESM","@id":"https:\/\/www.etoilesportivemontoise.fr\/football\/#\/schema\/person\/dd02b702be97ed924801c88fb2142212"},"headline":"U18 -1 : ESM \/ Saint M\u00e9dard : le DERBY","datePublished":"2012-12-17T15:13:00+00:00","dateModified":"2024-03-24T17:16:19+00:00","mainEntityOfPage":{"@id":"https:\/\/www.etoilesportivemontoise.fr\/football\/2012\/12\/u18-1-esm-saint-medard-le-derby\/"},"wordCount":124,"image":{"@id":"https:\/\/www.etoilesportivemontoise.fr\/football\/2012\/12\/u18-1-esm-saint-medard-le-derby\/#primaryimage"},"thumbnailUrl":"https:\/\/www.etoilesportivemontoise.fr\/content\/uploads\/sites\/2\/2012\/12\/P1040163.jpg","articleSection":["Archives"],"inLanguage":"fr-FR"},{"@type":"WebPage","@id":"https:\/\/www.etoilesportivemontoise.fr\/football\/2012\/12\/u18-1-esm-saint-medard-le-derby\/","url":"https:\/\/www.etoilesportivemontoise.fr\/football\/2012\/12\/u18-1-esm-saint-medard-le-derby\/","name":"U18 -1 : ESM \/ Saint M\u00e9dard : le DERBY - ESM Foot","isPartOf":{"@id":"https:\/\/www.etoilesportivemontoise.fr\/football\/#website"},"primaryImageOfPage":{"@id":"https:\/\/www.etoilesportivemontoise.fr\/football\/2012\/12\/u18-1-esm-saint-medard-le-derby\/#primaryimage"},"image":{"@id":"https:\/\/www.etoilesportivemontoise.fr\/football\/2012\/12\/u18-1-esm-saint-medard-le-derby\/#primaryimage"},"thumbnailUrl":"https:\/\/www.etoilesportivemontoise.fr\/content\/uploads\/sites\/2\/2012\/12\/P1040163.jpg","datePublished":"2012-12-17T15:13:00+00:00","dateModified":"2024-03-24T17:16:19+00:00","author":{"@id":"https:\/\/www.etoilesportivemontoise.fr\/football\/#\/schema\/person\/dd02b702be97ed924801c88fb2142212"},"breadcrumb":{"@id":"https:\/\/www.etoilesportivemontoise.fr\/football\/2012\/12\/u18-1-esm-saint-medard-le-derby\/#breadcrumb"},"inLanguage":"fr-FR","potentialAction":[{"@type":"ReadAction","target":["https:\/\/www.etoilesportivemontoise.fr\/football\/2012\/12\/u18-1-esm-saint-medard-le-derby\/"]}]},{"@type":"ImageObject","inLanguage":"fr-FR","@id":"https:\/\/www.etoilesportivemontoise.fr\/football\/2012\/12\/u18-1-esm-saint-medard-le-derby\/#primaryimage","url":"https:\/\/www.etoilesportivemontoise.fr\/content\/uploads\/sites\/2\/2012\/12\/P1040163.jpg","contentUrl":"https:\/\/www.etoilesportivemontoise.fr\/content\/uploads\/sites\/2\/2012\/12\/P1040163.jpg","width":1024,"height":577},{"@type":"BreadcrumbList","@id":"https:\/\/www.etoilesportivemontoise.fr\/football\/2012\/12\/u18-1-esm-saint-medard-le-derby\/#breadcrumb","itemListElement":[{"@type":"ListItem","position":1,"name":"Accueil","item":"https:\/\/www.etoilesportivemontoise.fr\/football\/"},{"@type":"ListItem","position":2,"name":"U18 -1 : ESM \/ Saint M\u00e9dard : le DERBY"}]},{"@type":"WebSite","@id":"https:\/\/www.etoilesportivemontoise.fr\/football\/#website","url":"https:\/\/www.etoilesportivemontoise.fr\/football\/","name":"ESM Foot","description":"Club Football Mont de Marsan","potentialAction":[{"@type":"SearchAction","target":{"@type":"EntryPoint","urlTemplate":"https:\/\/www.etoilesportivemontoise.fr\/football\/?s={search_term_string}"},"query-input":{"@type":"PropertyValueSpecification","valueRequired":true,"valueName":"search_term_string"}}],"inLanguage":"fr-FR"},{"@type":"Person","@id":"https:\/\/www.etoilesportivemontoise.fr\/football\/#\/schema\/person\/dd02b702be97ed924801c88fb2142212","name":"ESM","image":{"@type":"ImageObject","inLanguage":"fr-FR","@id":"https:\/\/secure.gravatar.com\/avatar\/4d571ff55345efadfb90ca100df3e18eb3cdaa9eb0599415645d75cb8626ba49?s=96&d=mm&r=g","url":"https:\/\/secure.gravatar.com\/avatar\/4d571ff55345efadfb90ca100df3e18eb3cdaa9eb0599415645d75cb8626ba49?s=96&d=mm&r=g","contentUrl":"https:\/\/secure.gravatar.com\/avatar\/4d571ff55345efadfb90ca100df3e18eb3cdaa9eb0599415645d75cb8626ba49?s=96&d=mm&r=g","caption":"ESM"},"url":"https:\/\/www.etoilesportivemontoise.fr\/football\/aka\/9af3b8c1915118cbc5cf7cdecb87fa13c2abf1c4\/"}]}},"_links":{"self":[{"href":"https:\/\/www.etoilesportivemontoise.fr\/football\/wp-json\/wp\/v2\/posts\/3568","targetHints":{"allow":["GET"]}}],"collection":[{"href":"https:\/\/www.etoilesportivemontoise.fr\/football\/wp-json\/wp\/v2\/posts"}],"about":[{"href":"https:\/\/www.etoilesportivemontoise.fr\/football\/wp-json\/wp\/v2\/types\/post"}],"author":[{"embeddable":true,"href":"https:\/\/www.etoilesportivemontoise.fr\/football\/wp-json\/wp\/v2\/users\/1"}],"replies":[{"embeddable":true,"href":"https:\/\/www.etoilesportivemontoise.fr\/football\/wp-json\/wp\/v2\/comments?post=3568"}],"version-history":[{"count":1,"href":"https:\/\/www.etoilesportivemontoise.fr\/football\/wp-json\/wp\/v2\/posts\/3568\/revisions"}],"predecessor-version":[{"id":4329,"href":"https:\/\/www.etoilesportivemontoise.fr\/football\/wp-json\/wp\/v2\/posts\/3568\/revisions\/4329"}],"wp:featuredmedia":[{"embeddable":true,"href":"https:\/\/www.etoilesportivemontoise.fr\/football\/wp-json\/wp\/v2\/media\/3814"}],"wp:attachment":[{"href":"https:\/\/www.etoilesportivemontoise.fr\/football\/wp-json\/wp\/v2\/media?parent=3568"}],"wp:term":[{"taxonomy":"category","embeddable":true,"href":"https:\/\/www.etoilesportivemontoise.fr\/football\/wp-json\/wp\/v2\/categories?post=3568"},{"taxonomy":"post_tag","embeddable":true,"href":"https:\/\/www.etoilesportivemontoise.fr\/football\/wp-json\/wp\/v2\/tags?post=3568"}],"curies":[{"name":"wp","href":"https:\/\/api.w.org\/{rel}","templated":true}]}}