{"id":3581,"date":"2012-09-24T20:43:00","date_gmt":"2012-09-24T19:43:00","guid":{"rendered":"http:\/\/www.etoilesportivemontoise.fr\/football\/journee-de-rassemblement-des-u11-a-letoile\/"},"modified":"2024-03-24T18:16:26","modified_gmt":"2024-03-24T17:16:26","slug":"journee-de-rassemblement-des-u11-letoile","status":"publish","type":"post","link":"https:\/\/www.etoilesportivemontoise.fr\/football\/2012\/09\/journee-de-rassemblement-des-u11-letoile\/","title":{"rendered":"journ\u00e9e de rassemblement des U11 \u00e0 l&rsquo;\u00e9toile"},"content":{"rendered":"<p>Samedi 22\/09, l&rsquo;ESM a accueillit comme elle sait faire la journ\u00e9e de rentr\u00e9e des U11. Le matin apr\u00e8s un petit caf\u00e9, 68 \u00e9ducateurs ont bu les paroles de Ludovic Martin avant d&rsquo;aller voir des exercices sur les terrains.<br \/>Pendant ce temps l\u00e0, l&rsquo;\u00e9quipe dynamique des dirigeants du club mettaient tout en oeuvre pour concocter un petit repas \u00e0 tous ces \u00e9ducateurs.<br \/><a name='more'><\/a><\/p>\n<div style=\"clear: both;text-align: center\"><a href=\"http:\/\/www.etoilesportivemontoise.fr\/content\/uploads\/sites\/2\/2012\/09\/journ-C3-A9e-u11-4.jpg\" style=\"margin-left: 1em;margin-right: 1em\"><img loading=\"lazy\" decoding=\"async\" border=\"0\" height=\"240\" src=\"http:\/\/www.etoilesportivemontoise.fr\/content\/uploads\/sites\/2\/2012\/09\/journ-C3-A9e-u11-4-300x225.jpg\" width=\"320\" \/><\/a><\/div>\n<p><\/p>\n<div style=\"clear: both;text-align: center\"><a href=\"http:\/\/www.etoilesportivemontoise.fr\/content\/uploads\/sites\/2\/2012\/09\/rjournee-u-11.jpg\" style=\"margin-left: 1em;margin-right: 1em\"><img decoding=\"async\" border=\"0\" src=\"http:\/\/www.etoilesportivemontoise.fr\/content\/uploads\/sites\/2\/2012\/09\/rjournee-u-11.jpg\" \/><\/a><\/div>\n<p>Apr\u00e8s un verre de l&rsquo;amiti\u00e9, les \u00e9ducateurs ont appr\u00e9ci\u00e9 le repas servi \u00e0 table avant d&rsquo;accueillir 55 \u00e9quipes de petits U11 venus de tout le d\u00e9partement.<\/p>\n<div style=\"clear: both;text-align: center\"><a href=\"http:\/\/www.etoilesportivemontoise.fr\/content\/uploads\/sites\/2\/2012\/09\/journee-u11.jpg\" style=\"margin-left: 1em;margin-right: 1em\"><img loading=\"lazy\" decoding=\"async\" border=\"0\" height=\"240\" src=\"http:\/\/www.etoilesportivemontoise.fr\/content\/uploads\/sites\/2\/2012\/09\/journee-u11-300x225.jpg\" width=\"320\" \/><\/a><\/div>\n<p><\/p>\n<div style=\"clear: both;text-align: center\"><a href=\"http:\/\/www.etoilesportivemontoise.fr\/content\/uploads\/sites\/2\/2012\/09\/journee-u11-2.jpg\" style=\"margin-left: 1em;margin-right: 1em\"><img loading=\"lazy\" decoding=\"async\" border=\"0\" height=\"240\" src=\"http:\/\/www.etoilesportivemontoise.fr\/content\/uploads\/sites\/2\/2012\/09\/journee-u11-2-300x225.jpg\" width=\"320\" \/><\/a><\/div>\n<p><\/p>\n<div style=\"clear: both;text-align: center\"><a href=\"http:\/\/www.etoilesportivemontoise.fr\/content\/uploads\/sites\/2\/2012\/09\/journee-u11-3.jpg\" style=\"margin-left: 1em;margin-right: 1em\"><img loading=\"lazy\" decoding=\"async\" border=\"0\" height=\"240\" src=\"http:\/\/www.etoilesportivemontoise.fr\/content\/uploads\/sites\/2\/2012\/09\/journee-u11-3-300x225.jpg\" width=\"320\" \/><\/a><\/div>\n<div style=\"clear: both;text-align: center\"><\/div>\n<p><\/p>\n<div style=\"clear: both;text-align: center\"><\/div>\n<p><\/p>\n<div style=\"clear: both;text-align: center\"><\/div>\n<p><\/p>\n<div style=\"clear: both;text-align: center\"><\/div>\n<p>A la fin des plateaux et apr\u00e8s une chaude apr\u00e8s-midi, les 500 enfants se sont retrouv\u00e9s autour d&rsquo;un gouter g\u00e9ant!!!<br \/>Merci aux dirigeants pour cette organisation et \u00e0 cette belle journ\u00e9e r\u00e9ussie!!<\/p>\n","protected":false},"excerpt":{"rendered":"<p>Samedi 22\/09, l&rsquo;ESM a accueillit comme elle sait faire la journ\u00e9e de rentr\u00e9e des U11. Le matin apr\u00e8s un petit caf\u00e9, 68 \u00e9ducateurs ont bu les paroles de Ludovic Martin avant d&rsquo;aller voir des exercices sur les terrains.Pendant ce temps l\u00e0, l&rsquo;\u00e9quipe dynamique des dirigeants&#8230;<\/p>\n","protected":false},"author":1,"featured_media":3828,"comment_status":"closed","ping_status":"closed","sticky":false,"template":"","format":"standard","meta":{"footnotes":""},"categories":[28],"tags":[],"class_list":["post-3581","post","type-post","status-publish","format-standard","has-post-thumbnail","hentry","category-old"],"yoast_head":"<!-- This site is optimized with the Yoast SEO plugin v27.3 - https:\/\/yoast.com\/product\/yoast-seo-wordpress\/ -->\n<title>journ\u00e9e de rassemblement des U11 \u00e0 l&#039;\u00e9toile - ESM Foot<\/title>\n<meta name=\"robots\" content=\"index, follow, max-snippet:-1, max-image-preview:large, max-video-preview:-1\" \/>\n<link rel=\"canonical\" href=\"https:\/\/www.etoilesportivemontoise.fr\/football\/2012\/09\/journee-de-rassemblement-des-u11-letoile\/\" \/>\n<meta property=\"og:locale\" content=\"fr_FR\" \/>\n<meta property=\"og:type\" content=\"article\" \/>\n<meta property=\"og:title\" content=\"journ\u00e9e de rassemblement des U11 \u00e0 l&#039;\u00e9toile - ESM Foot\" \/>\n<meta property=\"og:description\" content=\"Samedi 22\/09, l&rsquo;ESM a accueillit comme elle sait faire la journ\u00e9e de rentr\u00e9e des U11. Le matin apr\u00e8s un petit caf\u00e9, 68 \u00e9ducateurs ont bu les paroles de Ludovic Martin avant d&rsquo;aller voir des exercices sur les terrains.Pendant ce temps l\u00e0, l&rsquo;\u00e9quipe dynamique des dirigeants...\" \/>\n<meta property=\"og:url\" content=\"https:\/\/www.etoilesportivemontoise.fr\/football\/2012\/09\/journee-de-rassemblement-des-u11-letoile\/\" \/>\n<meta property=\"og:site_name\" content=\"ESM Foot\" \/>\n<meta property=\"article:published_time\" content=\"2012-09-24T19:43:00+00:00\" \/>\n<meta property=\"article:modified_time\" content=\"2024-03-24T17:16:26+00:00\" \/>\n<meta property=\"og:image\" content=\"https:\/\/www.etoilesportivemontoise.fr\/content\/uploads\/sites\/2\/2012\/09\/journ-C3-A9e-u11-4.jpg\" \/>\n\t<meta property=\"og:image:width\" content=\"1024\" \/>\n\t<meta property=\"og:image:height\" content=\"768\" \/>\n\t<meta property=\"og:image:type\" content=\"image\/jpeg\" \/>\n<meta name=\"author\" content=\"ESM\" \/>\n<meta name=\"twitter:label1\" content=\"\u00c9crit par\" \/>\n\t<meta name=\"twitter:data1\" content=\"ESM\" \/>\n\t<meta name=\"twitter:label2\" content=\"Dur\u00e9e de lecture estim\u00e9e\" \/>\n\t<meta name=\"twitter:data2\" content=\"1 minute\" \/>\n<script type=\"application\/ld+json\" class=\"yoast-schema-graph\">{\"@context\":\"https:\\\/\\\/schema.org\",\"@graph\":[{\"@type\":\"Article\",\"@id\":\"https:\\\/\\\/www.etoilesportivemontoise.fr\\\/football\\\/2012\\\/09\\\/journee-de-rassemblement-des-u11-letoile\\\/#article\",\"isPartOf\":{\"@id\":\"https:\\\/\\\/www.etoilesportivemontoise.fr\\\/football\\\/2012\\\/09\\\/journee-de-rassemblement-des-u11-letoile\\\/\"},\"author\":{\"name\":\"ESM\",\"@id\":\"https:\\\/\\\/www.etoilesportivemontoise.fr\\\/football\\\/#\\\/schema\\\/person\\\/dd02b702be97ed924801c88fb2142212\"},\"headline\":\"journ\u00e9e de rassemblement des U11 \u00e0 l&rsquo;\u00e9toile\",\"datePublished\":\"2012-09-24T19:43:00+00:00\",\"dateModified\":\"2024-03-24T17:16:26+00:00\",\"mainEntityOfPage\":{\"@id\":\"https:\\\/\\\/www.etoilesportivemontoise.fr\\\/football\\\/2012\\\/09\\\/journee-de-rassemblement-des-u11-letoile\\\/\"},\"wordCount\":138,\"image\":{\"@id\":\"https:\\\/\\\/www.etoilesportivemontoise.fr\\\/football\\\/2012\\\/09\\\/journee-de-rassemblement-des-u11-letoile\\\/#primaryimage\"},\"thumbnailUrl\":\"https:\\\/\\\/www.etoilesportivemontoise.fr\\\/content\\\/uploads\\\/sites\\\/2\\\/2012\\\/09\\\/journ-C3-A9e-u11-4.jpg\",\"articleSection\":[\"Archives\"],\"inLanguage\":\"fr-FR\"},{\"@type\":\"WebPage\",\"@id\":\"https:\\\/\\\/www.etoilesportivemontoise.fr\\\/football\\\/2012\\\/09\\\/journee-de-rassemblement-des-u11-letoile\\\/\",\"url\":\"https:\\\/\\\/www.etoilesportivemontoise.fr\\\/football\\\/2012\\\/09\\\/journee-de-rassemblement-des-u11-letoile\\\/\",\"name\":\"journ\u00e9e de rassemblement des U11 \u00e0 l'\u00e9toile - ESM Foot\",\"isPartOf\":{\"@id\":\"https:\\\/\\\/www.etoilesportivemontoise.fr\\\/football\\\/#website\"},\"primaryImageOfPage\":{\"@id\":\"https:\\\/\\\/www.etoilesportivemontoise.fr\\\/football\\\/2012\\\/09\\\/journee-de-rassemblement-des-u11-letoile\\\/#primaryimage\"},\"image\":{\"@id\":\"https:\\\/\\\/www.etoilesportivemontoise.fr\\\/football\\\/2012\\\/09\\\/journee-de-rassemblement-des-u11-letoile\\\/#primaryimage\"},\"thumbnailUrl\":\"https:\\\/\\\/www.etoilesportivemontoise.fr\\\/content\\\/uploads\\\/sites\\\/2\\\/2012\\\/09\\\/journ-C3-A9e-u11-4.jpg\",\"datePublished\":\"2012-09-24T19:43:00+00:00\",\"dateModified\":\"2024-03-24T17:16:26+00:00\",\"author\":{\"@id\":\"https:\\\/\\\/www.etoilesportivemontoise.fr\\\/football\\\/#\\\/schema\\\/person\\\/dd02b702be97ed924801c88fb2142212\"},\"breadcrumb\":{\"@id\":\"https:\\\/\\\/www.etoilesportivemontoise.fr\\\/football\\\/2012\\\/09\\\/journee-de-rassemblement-des-u11-letoile\\\/#breadcrumb\"},\"inLanguage\":\"fr-FR\",\"potentialAction\":[{\"@type\":\"ReadAction\",\"target\":[\"https:\\\/\\\/www.etoilesportivemontoise.fr\\\/football\\\/2012\\\/09\\\/journee-de-rassemblement-des-u11-letoile\\\/\"]}]},{\"@type\":\"ImageObject\",\"inLanguage\":\"fr-FR\",\"@id\":\"https:\\\/\\\/www.etoilesportivemontoise.fr\\\/football\\\/2012\\\/09\\\/journee-de-rassemblement-des-u11-letoile\\\/#primaryimage\",\"url\":\"https:\\\/\\\/www.etoilesportivemontoise.fr\\\/content\\\/uploads\\\/sites\\\/2\\\/2012\\\/09\\\/journ-C3-A9e-u11-4.jpg\",\"contentUrl\":\"https:\\\/\\\/www.etoilesportivemontoise.fr\\\/content\\\/uploads\\\/sites\\\/2\\\/2012\\\/09\\\/journ-C3-A9e-u11-4.jpg\",\"width\":1024,\"height\":768},{\"@type\":\"BreadcrumbList\",\"@id\":\"https:\\\/\\\/www.etoilesportivemontoise.fr\\\/football\\\/2012\\\/09\\\/journee-de-rassemblement-des-u11-letoile\\\/#breadcrumb\",\"itemListElement\":[{\"@type\":\"ListItem\",\"position\":1,\"name\":\"Accueil\",\"item\":\"https:\\\/\\\/www.etoilesportivemontoise.fr\\\/football\\\/\"},{\"@type\":\"ListItem\",\"position\":2,\"name\":\"journ\u00e9e de rassemblement des U11 \u00e0 l&rsquo;\u00e9toile\"}]},{\"@type\":\"WebSite\",\"@id\":\"https:\\\/\\\/www.etoilesportivemontoise.fr\\\/football\\\/#website\",\"url\":\"https:\\\/\\\/www.etoilesportivemontoise.fr\\\/football\\\/\",\"name\":\"ESM Foot\",\"description\":\"Club Football Mont de Marsan\",\"potentialAction\":[{\"@type\":\"SearchAction\",\"target\":{\"@type\":\"EntryPoint\",\"urlTemplate\":\"https:\\\/\\\/www.etoilesportivemontoise.fr\\\/football\\\/?s={search_term_string}\"},\"query-input\":{\"@type\":\"PropertyValueSpecification\",\"valueRequired\":true,\"valueName\":\"search_term_string\"}}],\"inLanguage\":\"fr-FR\"},{\"@type\":\"Person\",\"@id\":\"https:\\\/\\\/www.etoilesportivemontoise.fr\\\/football\\\/#\\\/schema\\\/person\\\/dd02b702be97ed924801c88fb2142212\",\"name\":\"ESM\",\"image\":{\"@type\":\"ImageObject\",\"inLanguage\":\"fr-FR\",\"@id\":\"https:\\\/\\\/secure.gravatar.com\\\/avatar\\\/4d571ff55345efadfb90ca100df3e18eb3cdaa9eb0599415645d75cb8626ba49?s=96&d=mm&r=g\",\"url\":\"https:\\\/\\\/secure.gravatar.com\\\/avatar\\\/4d571ff55345efadfb90ca100df3e18eb3cdaa9eb0599415645d75cb8626ba49?s=96&d=mm&r=g\",\"contentUrl\":\"https:\\\/\\\/secure.gravatar.com\\\/avatar\\\/4d571ff55345efadfb90ca100df3e18eb3cdaa9eb0599415645d75cb8626ba49?s=96&d=mm&r=g\",\"caption\":\"ESM\"},\"url\":\"https:\\\/\\\/www.etoilesportivemontoise.fr\\\/football\\\/aka\\\/9af3b8c1915118cbc5cf7cdecb87fa13c2abf1c4\\\/\"}]}<\/script>\n<!-- \/ Yoast SEO plugin. -->","yoast_head_json":{"title":"journ\u00e9e de rassemblement des U11 \u00e0 l'\u00e9toile - ESM Foot","robots":{"index":"index","follow":"follow","max-snippet":"max-snippet:-1","max-image-preview":"max-image-preview:large","max-video-preview":"max-video-preview:-1"},"canonical":"https:\/\/www.etoilesportivemontoise.fr\/football\/2012\/09\/journee-de-rassemblement-des-u11-letoile\/","og_locale":"fr_FR","og_type":"article","og_title":"journ\u00e9e de rassemblement des U11 \u00e0 l'\u00e9toile - ESM Foot","og_description":"Samedi 22\/09, l&rsquo;ESM a accueillit comme elle sait faire la journ\u00e9e de rentr\u00e9e des U11. Le matin apr\u00e8s un petit caf\u00e9, 68 \u00e9ducateurs ont bu les paroles de Ludovic Martin avant d&rsquo;aller voir des exercices sur les terrains.Pendant ce temps l\u00e0, l&rsquo;\u00e9quipe dynamique des dirigeants...","og_url":"https:\/\/www.etoilesportivemontoise.fr\/football\/2012\/09\/journee-de-rassemblement-des-u11-letoile\/","og_site_name":"ESM Foot","article_published_time":"2012-09-24T19:43:00+00:00","article_modified_time":"2024-03-24T17:16:26+00:00","og_image":[{"width":1024,"height":768,"url":"https:\/\/www.etoilesportivemontoise.fr\/content\/uploads\/sites\/2\/2012\/09\/journ-C3-A9e-u11-4.jpg","type":"image\/jpeg"}],"author":"ESM","twitter_misc":{"\u00c9crit par":"ESM","Dur\u00e9e de lecture estim\u00e9e":"1 minute"},"schema":{"@context":"https:\/\/schema.org","@graph":[{"@type":"Article","@id":"https:\/\/www.etoilesportivemontoise.fr\/football\/2012\/09\/journee-de-rassemblement-des-u11-letoile\/#article","isPartOf":{"@id":"https:\/\/www.etoilesportivemontoise.fr\/football\/2012\/09\/journee-de-rassemblement-des-u11-letoile\/"},"author":{"name":"ESM","@id":"https:\/\/www.etoilesportivemontoise.fr\/football\/#\/schema\/person\/dd02b702be97ed924801c88fb2142212"},"headline":"journ\u00e9e de rassemblement des U11 \u00e0 l&rsquo;\u00e9toile","datePublished":"2012-09-24T19:43:00+00:00","dateModified":"2024-03-24T17:16:26+00:00","mainEntityOfPage":{"@id":"https:\/\/www.etoilesportivemontoise.fr\/football\/2012\/09\/journee-de-rassemblement-des-u11-letoile\/"},"wordCount":138,"image":{"@id":"https:\/\/www.etoilesportivemontoise.fr\/football\/2012\/09\/journee-de-rassemblement-des-u11-letoile\/#primaryimage"},"thumbnailUrl":"https:\/\/www.etoilesportivemontoise.fr\/content\/uploads\/sites\/2\/2012\/09\/journ-C3-A9e-u11-4.jpg","articleSection":["Archives"],"inLanguage":"fr-FR"},{"@type":"WebPage","@id":"https:\/\/www.etoilesportivemontoise.fr\/football\/2012\/09\/journee-de-rassemblement-des-u11-letoile\/","url":"https:\/\/www.etoilesportivemontoise.fr\/football\/2012\/09\/journee-de-rassemblement-des-u11-letoile\/","name":"journ\u00e9e de rassemblement des U11 \u00e0 l'\u00e9toile - ESM Foot","isPartOf":{"@id":"https:\/\/www.etoilesportivemontoise.fr\/football\/#website"},"primaryImageOfPage":{"@id":"https:\/\/www.etoilesportivemontoise.fr\/football\/2012\/09\/journee-de-rassemblement-des-u11-letoile\/#primaryimage"},"image":{"@id":"https:\/\/www.etoilesportivemontoise.fr\/football\/2012\/09\/journee-de-rassemblement-des-u11-letoile\/#primaryimage"},"thumbnailUrl":"https:\/\/www.etoilesportivemontoise.fr\/content\/uploads\/sites\/2\/2012\/09\/journ-C3-A9e-u11-4.jpg","datePublished":"2012-09-24T19:43:00+00:00","dateModified":"2024-03-24T17:16:26+00:00","author":{"@id":"https:\/\/www.etoilesportivemontoise.fr\/football\/#\/schema\/person\/dd02b702be97ed924801c88fb2142212"},"breadcrumb":{"@id":"https:\/\/www.etoilesportivemontoise.fr\/football\/2012\/09\/journee-de-rassemblement-des-u11-letoile\/#breadcrumb"},"inLanguage":"fr-FR","potentialAction":[{"@type":"ReadAction","target":["https:\/\/www.etoilesportivemontoise.fr\/football\/2012\/09\/journee-de-rassemblement-des-u11-letoile\/"]}]},{"@type":"ImageObject","inLanguage":"fr-FR","@id":"https:\/\/www.etoilesportivemontoise.fr\/football\/2012\/09\/journee-de-rassemblement-des-u11-letoile\/#primaryimage","url":"https:\/\/www.etoilesportivemontoise.fr\/content\/uploads\/sites\/2\/2012\/09\/journ-C3-A9e-u11-4.jpg","contentUrl":"https:\/\/www.etoilesportivemontoise.fr\/content\/uploads\/sites\/2\/2012\/09\/journ-C3-A9e-u11-4.jpg","width":1024,"height":768},{"@type":"BreadcrumbList","@id":"https:\/\/www.etoilesportivemontoise.fr\/football\/2012\/09\/journee-de-rassemblement-des-u11-letoile\/#breadcrumb","itemListElement":[{"@type":"ListItem","position":1,"name":"Accueil","item":"https:\/\/www.etoilesportivemontoise.fr\/football\/"},{"@type":"ListItem","position":2,"name":"journ\u00e9e de rassemblement des U11 \u00e0 l&rsquo;\u00e9toile"}]},{"@type":"WebSite","@id":"https:\/\/www.etoilesportivemontoise.fr\/football\/#website","url":"https:\/\/www.etoilesportivemontoise.fr\/football\/","name":"ESM Foot","description":"Club Football Mont de Marsan","potentialAction":[{"@type":"SearchAction","target":{"@type":"EntryPoint","urlTemplate":"https:\/\/www.etoilesportivemontoise.fr\/football\/?s={search_term_string}"},"query-input":{"@type":"PropertyValueSpecification","valueRequired":true,"valueName":"search_term_string"}}],"inLanguage":"fr-FR"},{"@type":"Person","@id":"https:\/\/www.etoilesportivemontoise.fr\/football\/#\/schema\/person\/dd02b702be97ed924801c88fb2142212","name":"ESM","image":{"@type":"ImageObject","inLanguage":"fr-FR","@id":"https:\/\/secure.gravatar.com\/avatar\/4d571ff55345efadfb90ca100df3e18eb3cdaa9eb0599415645d75cb8626ba49?s=96&d=mm&r=g","url":"https:\/\/secure.gravatar.com\/avatar\/4d571ff55345efadfb90ca100df3e18eb3cdaa9eb0599415645d75cb8626ba49?s=96&d=mm&r=g","contentUrl":"https:\/\/secure.gravatar.com\/avatar\/4d571ff55345efadfb90ca100df3e18eb3cdaa9eb0599415645d75cb8626ba49?s=96&d=mm&r=g","caption":"ESM"},"url":"https:\/\/www.etoilesportivemontoise.fr\/football\/aka\/9af3b8c1915118cbc5cf7cdecb87fa13c2abf1c4\/"}]}},"_links":{"self":[{"href":"https:\/\/www.etoilesportivemontoise.fr\/football\/wp-json\/wp\/v2\/posts\/3581","targetHints":{"allow":["GET"]}}],"collection":[{"href":"https:\/\/www.etoilesportivemontoise.fr\/football\/wp-json\/wp\/v2\/posts"}],"about":[{"href":"https:\/\/www.etoilesportivemontoise.fr\/football\/wp-json\/wp\/v2\/types\/post"}],"author":[{"embeddable":true,"href":"https:\/\/www.etoilesportivemontoise.fr\/football\/wp-json\/wp\/v2\/users\/1"}],"replies":[{"embeddable":true,"href":"https:\/\/www.etoilesportivemontoise.fr\/football\/wp-json\/wp\/v2\/comments?post=3581"}],"version-history":[{"count":1,"href":"https:\/\/www.etoilesportivemontoise.fr\/football\/wp-json\/wp\/v2\/posts\/3581\/revisions"}],"predecessor-version":[{"id":4100,"href":"https:\/\/www.etoilesportivemontoise.fr\/football\/wp-json\/wp\/v2\/posts\/3581\/revisions\/4100"}],"wp:featuredmedia":[{"embeddable":true,"href":"https:\/\/www.etoilesportivemontoise.fr\/football\/wp-json\/wp\/v2\/media\/3828"}],"wp:attachment":[{"href":"https:\/\/www.etoilesportivemontoise.fr\/football\/wp-json\/wp\/v2\/media?parent=3581"}],"wp:term":[{"taxonomy":"category","embeddable":true,"href":"https:\/\/www.etoilesportivemontoise.fr\/football\/wp-json\/wp\/v2\/categories?post=3581"},{"taxonomy":"post_tag","embeddable":true,"href":"https:\/\/www.etoilesportivemontoise.fr\/football\/wp-json\/wp\/v2\/tags?post=3581"}],"curies":[{"name":"wp","href":"https:\/\/api.w.org\/{rel}","templated":true}]}}