{"id":3584,"date":"2012-09-10T21:23:00","date_gmt":"2012-09-10T20:23:00","guid":{"rendered":"http:\/\/www.etoilesportivemontoise.fr\/football\/lesm-na-pas-demeritee\/"},"modified":"2024-03-24T18:16:27","modified_gmt":"2024-03-24T17:16:27","slug":"lesm-na-pas-demeritee","status":"publish","type":"post","link":"https:\/\/www.etoilesportivemontoise.fr\/football\/2012\/09\/lesm-na-pas-demeritee\/","title":{"rendered":"L&rsquo;ESM n&rsquo;a pas d\u00e9m\u00e9rit\u00e9e"},"content":{"rendered":"<p>Pour le 2eme tour de la Coupe de France, les blancs et noirs recevaient Bourbaki de Pau \u00e9voluant 3 divisions au dessus.<br \/>Apr\u00e8s une entame de match d\u00e9licate, Pau ouvre la marque sur un contre. Les stellistes essaient alors de mettre leur jeu en place mais sur un nouveau contre Pau double la mise.<br \/>Une fois cet orage pass\u00e9, les noirs et blancs commencent \u00e0 pratiquer un jeu agr\u00e9able \u00e0 regarder et apr\u00e8s plusieurs occasions franches voient leurs efforts r\u00e9compens\u00e9s.Steve marque: 1\/2 \u00e0 la pause.<br \/>Au retour des vestiaires, l&rsquo;ESM pousse pour \u00e9galiser mais coup dur: Thierry G. se blesse : fracture du p\u00e9ron\u00e9 et luxation de la cheville&#8230;.<br \/>Egalisation \u00e0 la 85eme sur un coup franc de Harut. Pau arrache la victoire&nbsp; 3 buts \u00e0 2 dans le temps additionnel.<br \/>Tr\u00e8s gros match de l&rsquo;ensemble du groupe&nbsp;stelliste \u00e0 confirme rlors des prochaines \u00e9ch\u00e9ances.<\/p>\n<p>Bon r\u00e9tablissement \u00e0 Thierry, op\u00e9r\u00e9 dimanche matin!<br \/><img loading=\"lazy\" decoding=\"async\" alt=\"\" class=\"spotlight\" height=\"320\" src=\"https:\/\/fbcdn-sphotos-a-a.akamaihd.net\/hphotos-ak-snc7\/429799_4280105678393_1658616623_n.jpg\" style=\"height: 520px;width: 390px\" width=\"240\" \/><\/p>\n","protected":false},"excerpt":{"rendered":"<p>Pour le 2eme tour de la Coupe de France, les blancs et noirs recevaient Bourbaki de Pau \u00e9voluant 3 divisions au dessus.Apr\u00e8s une entame de match d\u00e9licate, Pau ouvre la marque sur un contre. Les stellistes essaient alors de mettre leur jeu en place mais&#8230;<\/p>\n","protected":false},"author":1,"featured_media":0,"comment_status":"closed","ping_status":"closed","sticky":false,"template":"","format":"standard","meta":{"footnotes":""},"categories":[28],"tags":[],"class_list":["post-3584","post","type-post","status-publish","format-standard","hentry","category-old"],"yoast_head":"<!-- This site is optimized with the Yoast SEO plugin v27.3 - https:\/\/yoast.com\/product\/yoast-seo-wordpress\/ -->\n<title>L&#039;ESM n&#039;a pas d\u00e9m\u00e9rit\u00e9e - ESM Foot<\/title>\n<meta name=\"robots\" content=\"index, follow, max-snippet:-1, max-image-preview:large, max-video-preview:-1\" \/>\n<link rel=\"canonical\" href=\"https:\/\/www.etoilesportivemontoise.fr\/football\/2012\/09\/lesm-na-pas-demeritee\/\" \/>\n<meta property=\"og:locale\" content=\"fr_FR\" \/>\n<meta property=\"og:type\" content=\"article\" \/>\n<meta property=\"og:title\" content=\"L&#039;ESM n&#039;a pas d\u00e9m\u00e9rit\u00e9e - ESM Foot\" \/>\n<meta property=\"og:description\" content=\"Pour le 2eme tour de la Coupe de France, les blancs et noirs recevaient Bourbaki de Pau \u00e9voluant 3 divisions au dessus.Apr\u00e8s une entame de match d\u00e9licate, Pau ouvre la marque sur un contre. Les stellistes essaient alors de mettre leur jeu en place mais...\" \/>\n<meta property=\"og:url\" content=\"https:\/\/www.etoilesportivemontoise.fr\/football\/2012\/09\/lesm-na-pas-demeritee\/\" \/>\n<meta property=\"og:site_name\" content=\"ESM Foot\" \/>\n<meta property=\"article:published_time\" content=\"2012-09-10T20:23:00+00:00\" \/>\n<meta property=\"article:modified_time\" content=\"2024-03-24T17:16:27+00:00\" \/>\n<meta property=\"og:image\" content=\"https:\/\/fbcdn-sphotos-a-a.akamaihd.net\/hphotos-ak-snc7\/429799_4280105678393_1658616623_n.jpg\" \/>\n<meta name=\"author\" content=\"ESM\" \/>\n<meta name=\"twitter:label1\" content=\"\u00c9crit par\" \/>\n\t<meta name=\"twitter:data1\" content=\"ESM\" \/>\n\t<meta name=\"twitter:label2\" content=\"Dur\u00e9e de lecture estim\u00e9e\" \/>\n\t<meta name=\"twitter:data2\" content=\"1 minute\" \/>\n<script type=\"application\/ld+json\" class=\"yoast-schema-graph\">{\"@context\":\"https:\\\/\\\/schema.org\",\"@graph\":[{\"@type\":\"Article\",\"@id\":\"https:\\\/\\\/www.etoilesportivemontoise.fr\\\/football\\\/2012\\\/09\\\/lesm-na-pas-demeritee\\\/#article\",\"isPartOf\":{\"@id\":\"https:\\\/\\\/www.etoilesportivemontoise.fr\\\/football\\\/2012\\\/09\\\/lesm-na-pas-demeritee\\\/\"},\"author\":{\"name\":\"ESM\",\"@id\":\"https:\\\/\\\/www.etoilesportivemontoise.fr\\\/football\\\/#\\\/schema\\\/person\\\/dd02b702be97ed924801c88fb2142212\"},\"headline\":\"L&rsquo;ESM n&rsquo;a pas d\u00e9m\u00e9rit\u00e9e\",\"datePublished\":\"2012-09-10T20:23:00+00:00\",\"dateModified\":\"2024-03-24T17:16:27+00:00\",\"mainEntityOfPage\":{\"@id\":\"https:\\\/\\\/www.etoilesportivemontoise.fr\\\/football\\\/2012\\\/09\\\/lesm-na-pas-demeritee\\\/\"},\"wordCount\":165,\"image\":{\"@id\":\"https:\\\/\\\/www.etoilesportivemontoise.fr\\\/football\\\/2012\\\/09\\\/lesm-na-pas-demeritee\\\/#primaryimage\"},\"thumbnailUrl\":\"https:\\\/\\\/fbcdn-sphotos-a-a.akamaihd.net\\\/hphotos-ak-snc7\\\/429799_4280105678393_1658616623_n.jpg\",\"articleSection\":[\"Archives\"],\"inLanguage\":\"fr-FR\"},{\"@type\":\"WebPage\",\"@id\":\"https:\\\/\\\/www.etoilesportivemontoise.fr\\\/football\\\/2012\\\/09\\\/lesm-na-pas-demeritee\\\/\",\"url\":\"https:\\\/\\\/www.etoilesportivemontoise.fr\\\/football\\\/2012\\\/09\\\/lesm-na-pas-demeritee\\\/\",\"name\":\"L'ESM n'a pas d\u00e9m\u00e9rit\u00e9e - ESM Foot\",\"isPartOf\":{\"@id\":\"https:\\\/\\\/www.etoilesportivemontoise.fr\\\/football\\\/#website\"},\"primaryImageOfPage\":{\"@id\":\"https:\\\/\\\/www.etoilesportivemontoise.fr\\\/football\\\/2012\\\/09\\\/lesm-na-pas-demeritee\\\/#primaryimage\"},\"image\":{\"@id\":\"https:\\\/\\\/www.etoilesportivemontoise.fr\\\/football\\\/2012\\\/09\\\/lesm-na-pas-demeritee\\\/#primaryimage\"},\"thumbnailUrl\":\"https:\\\/\\\/fbcdn-sphotos-a-a.akamaihd.net\\\/hphotos-ak-snc7\\\/429799_4280105678393_1658616623_n.jpg\",\"datePublished\":\"2012-09-10T20:23:00+00:00\",\"dateModified\":\"2024-03-24T17:16:27+00:00\",\"author\":{\"@id\":\"https:\\\/\\\/www.etoilesportivemontoise.fr\\\/football\\\/#\\\/schema\\\/person\\\/dd02b702be97ed924801c88fb2142212\"},\"breadcrumb\":{\"@id\":\"https:\\\/\\\/www.etoilesportivemontoise.fr\\\/football\\\/2012\\\/09\\\/lesm-na-pas-demeritee\\\/#breadcrumb\"},\"inLanguage\":\"fr-FR\",\"potentialAction\":[{\"@type\":\"ReadAction\",\"target\":[\"https:\\\/\\\/www.etoilesportivemontoise.fr\\\/football\\\/2012\\\/09\\\/lesm-na-pas-demeritee\\\/\"]}]},{\"@type\":\"ImageObject\",\"inLanguage\":\"fr-FR\",\"@id\":\"https:\\\/\\\/www.etoilesportivemontoise.fr\\\/football\\\/2012\\\/09\\\/lesm-na-pas-demeritee\\\/#primaryimage\",\"url\":\"https:\\\/\\\/fbcdn-sphotos-a-a.akamaihd.net\\\/hphotos-ak-snc7\\\/429799_4280105678393_1658616623_n.jpg\",\"contentUrl\":\"https:\\\/\\\/fbcdn-sphotos-a-a.akamaihd.net\\\/hphotos-ak-snc7\\\/429799_4280105678393_1658616623_n.jpg\"},{\"@type\":\"BreadcrumbList\",\"@id\":\"https:\\\/\\\/www.etoilesportivemontoise.fr\\\/football\\\/2012\\\/09\\\/lesm-na-pas-demeritee\\\/#breadcrumb\",\"itemListElement\":[{\"@type\":\"ListItem\",\"position\":1,\"name\":\"Accueil\",\"item\":\"https:\\\/\\\/www.etoilesportivemontoise.fr\\\/football\\\/\"},{\"@type\":\"ListItem\",\"position\":2,\"name\":\"L&rsquo;ESM n&rsquo;a pas d\u00e9m\u00e9rit\u00e9e\"}]},{\"@type\":\"WebSite\",\"@id\":\"https:\\\/\\\/www.etoilesportivemontoise.fr\\\/football\\\/#website\",\"url\":\"https:\\\/\\\/www.etoilesportivemontoise.fr\\\/football\\\/\",\"name\":\"ESM Foot\",\"description\":\"Club Football Mont de Marsan\",\"potentialAction\":[{\"@type\":\"SearchAction\",\"target\":{\"@type\":\"EntryPoint\",\"urlTemplate\":\"https:\\\/\\\/www.etoilesportivemontoise.fr\\\/football\\\/?s={search_term_string}\"},\"query-input\":{\"@type\":\"PropertyValueSpecification\",\"valueRequired\":true,\"valueName\":\"search_term_string\"}}],\"inLanguage\":\"fr-FR\"},{\"@type\":\"Person\",\"@id\":\"https:\\\/\\\/www.etoilesportivemontoise.fr\\\/football\\\/#\\\/schema\\\/person\\\/dd02b702be97ed924801c88fb2142212\",\"name\":\"ESM\",\"image\":{\"@type\":\"ImageObject\",\"inLanguage\":\"fr-FR\",\"@id\":\"https:\\\/\\\/secure.gravatar.com\\\/avatar\\\/4d571ff55345efadfb90ca100df3e18eb3cdaa9eb0599415645d75cb8626ba49?s=96&d=mm&r=g\",\"url\":\"https:\\\/\\\/secure.gravatar.com\\\/avatar\\\/4d571ff55345efadfb90ca100df3e18eb3cdaa9eb0599415645d75cb8626ba49?s=96&d=mm&r=g\",\"contentUrl\":\"https:\\\/\\\/secure.gravatar.com\\\/avatar\\\/4d571ff55345efadfb90ca100df3e18eb3cdaa9eb0599415645d75cb8626ba49?s=96&d=mm&r=g\",\"caption\":\"ESM\"},\"url\":\"https:\\\/\\\/www.etoilesportivemontoise.fr\\\/football\\\/aka\\\/9af3b8c1915118cbc5cf7cdecb87fa13c2abf1c4\\\/\"}]}<\/script>\n<!-- \/ Yoast SEO plugin. -->","yoast_head_json":{"title":"L'ESM n'a pas d\u00e9m\u00e9rit\u00e9e - ESM Foot","robots":{"index":"index","follow":"follow","max-snippet":"max-snippet:-1","max-image-preview":"max-image-preview:large","max-video-preview":"max-video-preview:-1"},"canonical":"https:\/\/www.etoilesportivemontoise.fr\/football\/2012\/09\/lesm-na-pas-demeritee\/","og_locale":"fr_FR","og_type":"article","og_title":"L'ESM n'a pas d\u00e9m\u00e9rit\u00e9e - ESM Foot","og_description":"Pour le 2eme tour de la Coupe de France, les blancs et noirs recevaient Bourbaki de Pau \u00e9voluant 3 divisions au dessus.Apr\u00e8s une entame de match d\u00e9licate, Pau ouvre la marque sur un contre. Les stellistes essaient alors de mettre leur jeu en place mais...","og_url":"https:\/\/www.etoilesportivemontoise.fr\/football\/2012\/09\/lesm-na-pas-demeritee\/","og_site_name":"ESM Foot","article_published_time":"2012-09-10T20:23:00+00:00","article_modified_time":"2024-03-24T17:16:27+00:00","og_image":[{"url":"https:\/\/fbcdn-sphotos-a-a.akamaihd.net\/hphotos-ak-snc7\/429799_4280105678393_1658616623_n.jpg","type":"","width":"","height":""}],"author":"ESM","twitter_misc":{"\u00c9crit par":"ESM","Dur\u00e9e de lecture estim\u00e9e":"1 minute"},"schema":{"@context":"https:\/\/schema.org","@graph":[{"@type":"Article","@id":"https:\/\/www.etoilesportivemontoise.fr\/football\/2012\/09\/lesm-na-pas-demeritee\/#article","isPartOf":{"@id":"https:\/\/www.etoilesportivemontoise.fr\/football\/2012\/09\/lesm-na-pas-demeritee\/"},"author":{"name":"ESM","@id":"https:\/\/www.etoilesportivemontoise.fr\/football\/#\/schema\/person\/dd02b702be97ed924801c88fb2142212"},"headline":"L&rsquo;ESM n&rsquo;a pas d\u00e9m\u00e9rit\u00e9e","datePublished":"2012-09-10T20:23:00+00:00","dateModified":"2024-03-24T17:16:27+00:00","mainEntityOfPage":{"@id":"https:\/\/www.etoilesportivemontoise.fr\/football\/2012\/09\/lesm-na-pas-demeritee\/"},"wordCount":165,"image":{"@id":"https:\/\/www.etoilesportivemontoise.fr\/football\/2012\/09\/lesm-na-pas-demeritee\/#primaryimage"},"thumbnailUrl":"https:\/\/fbcdn-sphotos-a-a.akamaihd.net\/hphotos-ak-snc7\/429799_4280105678393_1658616623_n.jpg","articleSection":["Archives"],"inLanguage":"fr-FR"},{"@type":"WebPage","@id":"https:\/\/www.etoilesportivemontoise.fr\/football\/2012\/09\/lesm-na-pas-demeritee\/","url":"https:\/\/www.etoilesportivemontoise.fr\/football\/2012\/09\/lesm-na-pas-demeritee\/","name":"L'ESM n'a pas d\u00e9m\u00e9rit\u00e9e - ESM Foot","isPartOf":{"@id":"https:\/\/www.etoilesportivemontoise.fr\/football\/#website"},"primaryImageOfPage":{"@id":"https:\/\/www.etoilesportivemontoise.fr\/football\/2012\/09\/lesm-na-pas-demeritee\/#primaryimage"},"image":{"@id":"https:\/\/www.etoilesportivemontoise.fr\/football\/2012\/09\/lesm-na-pas-demeritee\/#primaryimage"},"thumbnailUrl":"https:\/\/fbcdn-sphotos-a-a.akamaihd.net\/hphotos-ak-snc7\/429799_4280105678393_1658616623_n.jpg","datePublished":"2012-09-10T20:23:00+00:00","dateModified":"2024-03-24T17:16:27+00:00","author":{"@id":"https:\/\/www.etoilesportivemontoise.fr\/football\/#\/schema\/person\/dd02b702be97ed924801c88fb2142212"},"breadcrumb":{"@id":"https:\/\/www.etoilesportivemontoise.fr\/football\/2012\/09\/lesm-na-pas-demeritee\/#breadcrumb"},"inLanguage":"fr-FR","potentialAction":[{"@type":"ReadAction","target":["https:\/\/www.etoilesportivemontoise.fr\/football\/2012\/09\/lesm-na-pas-demeritee\/"]}]},{"@type":"ImageObject","inLanguage":"fr-FR","@id":"https:\/\/www.etoilesportivemontoise.fr\/football\/2012\/09\/lesm-na-pas-demeritee\/#primaryimage","url":"https:\/\/fbcdn-sphotos-a-a.akamaihd.net\/hphotos-ak-snc7\/429799_4280105678393_1658616623_n.jpg","contentUrl":"https:\/\/fbcdn-sphotos-a-a.akamaihd.net\/hphotos-ak-snc7\/429799_4280105678393_1658616623_n.jpg"},{"@type":"BreadcrumbList","@id":"https:\/\/www.etoilesportivemontoise.fr\/football\/2012\/09\/lesm-na-pas-demeritee\/#breadcrumb","itemListElement":[{"@type":"ListItem","position":1,"name":"Accueil","item":"https:\/\/www.etoilesportivemontoise.fr\/football\/"},{"@type":"ListItem","position":2,"name":"L&rsquo;ESM n&rsquo;a pas d\u00e9m\u00e9rit\u00e9e"}]},{"@type":"WebSite","@id":"https:\/\/www.etoilesportivemontoise.fr\/football\/#website","url":"https:\/\/www.etoilesportivemontoise.fr\/football\/","name":"ESM Foot","description":"Club Football Mont de Marsan","potentialAction":[{"@type":"SearchAction","target":{"@type":"EntryPoint","urlTemplate":"https:\/\/www.etoilesportivemontoise.fr\/football\/?s={search_term_string}"},"query-input":{"@type":"PropertyValueSpecification","valueRequired":true,"valueName":"search_term_string"}}],"inLanguage":"fr-FR"},{"@type":"Person","@id":"https:\/\/www.etoilesportivemontoise.fr\/football\/#\/schema\/person\/dd02b702be97ed924801c88fb2142212","name":"ESM","image":{"@type":"ImageObject","inLanguage":"fr-FR","@id":"https:\/\/secure.gravatar.com\/avatar\/4d571ff55345efadfb90ca100df3e18eb3cdaa9eb0599415645d75cb8626ba49?s=96&d=mm&r=g","url":"https:\/\/secure.gravatar.com\/avatar\/4d571ff55345efadfb90ca100df3e18eb3cdaa9eb0599415645d75cb8626ba49?s=96&d=mm&r=g","contentUrl":"https:\/\/secure.gravatar.com\/avatar\/4d571ff55345efadfb90ca100df3e18eb3cdaa9eb0599415645d75cb8626ba49?s=96&d=mm&r=g","caption":"ESM"},"url":"https:\/\/www.etoilesportivemontoise.fr\/football\/aka\/9af3b8c1915118cbc5cf7cdecb87fa13c2abf1c4\/"}]}},"_links":{"self":[{"href":"https:\/\/www.etoilesportivemontoise.fr\/football\/wp-json\/wp\/v2\/posts\/3584","targetHints":{"allow":["GET"]}}],"collection":[{"href":"https:\/\/www.etoilesportivemontoise.fr\/football\/wp-json\/wp\/v2\/posts"}],"about":[{"href":"https:\/\/www.etoilesportivemontoise.fr\/football\/wp-json\/wp\/v2\/types\/post"}],"author":[{"embeddable":true,"href":"https:\/\/www.etoilesportivemontoise.fr\/football\/wp-json\/wp\/v2\/users\/1"}],"replies":[{"embeddable":true,"href":"https:\/\/www.etoilesportivemontoise.fr\/football\/wp-json\/wp\/v2\/comments?post=3584"}],"version-history":[{"count":1,"href":"https:\/\/www.etoilesportivemontoise.fr\/football\/wp-json\/wp\/v2\/posts\/3584\/revisions"}],"predecessor-version":[{"id":4296,"href":"https:\/\/www.etoilesportivemontoise.fr\/football\/wp-json\/wp\/v2\/posts\/3584\/revisions\/4296"}],"wp:attachment":[{"href":"https:\/\/www.etoilesportivemontoise.fr\/football\/wp-json\/wp\/v2\/media?parent=3584"}],"wp:term":[{"taxonomy":"category","embeddable":true,"href":"https:\/\/www.etoilesportivemontoise.fr\/football\/wp-json\/wp\/v2\/categories?post=3584"},{"taxonomy":"post_tag","embeddable":true,"href":"https:\/\/www.etoilesportivemontoise.fr\/football\/wp-json\/wp\/v2\/tags?post=3584"}],"curies":[{"name":"wp","href":"https:\/\/api.w.org\/{rel}","templated":true}]}}