{"id":3988,"date":"2015-03-10T11:19:01","date_gmt":"2015-03-10T10:19:01","guid":{"rendered":"http:\/\/www.etoilesportivemontoise.fr\/football\/?p=3988"},"modified":"2024-03-24T18:13:28","modified_gmt":"2024-03-24T17:13:28","slug":"detections-des-joueurs-nes-en-2000-felicitations-aux-joueurs-retenus","status":"publish","type":"post","link":"https:\/\/www.etoilesportivemontoise.fr\/football\/2015\/03\/detections-des-joueurs-nes-en-2000-felicitations-aux-joueurs-retenus\/","title":{"rendered":"D\u00e9tections des joueurs n\u00e9s en 2000 : F\u00e9licitations aux joueurs retenus !"},"content":{"rendered":"<h1>D\u00e9tections des joueurs n\u00e9s en 2000<\/h1>\n<p><strong>L&rsquo;Equipe Technique D\u00e9partementale communique la suite du programme de la d\u00e9tection des joueurs n\u00e9s en 2000\u00a0(U15) et U16 n\u00e9s \u00e0 partir du 01 Juillet 1999. Cette nouvelle d\u00e9tection aura lieu\u00a0sur les installations sportives de\u00a0Tartas\u00a0le Mercredi 11 Mars 2015.\u00a0<\/strong><\/p>\n<p><strong>D\u00e9couvrez la liste des joueurs retenus..<\/strong><\/p>\n<p><strong>Les joueurs se pr\u00e9senteront \u00e0 14h et\u00a0se muniront\u00a0de leur \u00e9quipement complet de footballeur,\u00a0et d&rsquo;un n\u00e9cessaire en cas de pluie. La fin du rassemblement est pr\u00e9vue pour\u00a017h.<\/strong><\/p>\n<p><strong>L&rsquo;encadrement sera assur\u00e9 par St\u00e9phane ADAMIETZ, Conseiller Technique R\u00e9gional Landes\/Pyr\u00e9n\u00e9es-Atlantiques, assist\u00e9 de Laurent JOULET, membre de la Commission Technique du District.<\/strong><\/p>\n<p>&nbsp;<\/p>\n<p><span style=\"text-decoration: underline\"><strong>Article District des Landes de Football.<\/strong><\/span><\/p>\n<p><span style=\"text-decoration: underline;color: #0000ff\"><strong>L&rsquo;Etoile Sportive Montoise Football tient \u00e0 f\u00e9liciter Axel, Thomas et Jonas ainsi que leurs \u00e9ducateurs Jean-Claude Danne et Eric Lafargue qui oeuvre au quotidien dans la formation de ces jeunes joueurs.<\/strong><\/span><\/p>\n<p>&nbsp;<br \/>\n<span class=\"boldred\">Liste des joueurs retenus :\u00a0<\/span><\/p>\n<p>&nbsp;<\/p>\n<ul>\n<ul>\n<li>AUDION\u00a0Axel (ES\u00a0Montoise)<\/li>\n<\/ul>\n<\/ul>\n<p>&nbsp;<\/p>\n<ul>\n<ul>\n<li>VIEL\u00a0Thomas (ES\u00a0Montoise)<\/li>\n<\/ul>\n<\/ul>\n<p>&nbsp;<\/p>\n<ul>\n<ul>\n<li>PITON\u00a0Jonas (ES\u00a0Montoise)<\/li>\n<\/ul>\n<\/ul>\n<p>&nbsp;<\/p>\n<div class=\"cb20\">\u00a0<a href=\"http:\/\/www.etoilesportivemontoise.fr\/content\/uploads\/sites\/2\/2015\/03\/U18.jpg\"><img loading=\"lazy\" decoding=\"async\" class=\" size-medium wp-image-3989 aligncenter\" src=\"http:\/\/www.etoilesportivemontoise.fr\/content\/uploads\/sites\/2\/2015\/03\/U18-300x211.jpg\" alt=\"U18\" width=\"300\" height=\"211\" srcset=\"https:\/\/www.etoilesportivemontoise.fr\/content\/uploads\/sites\/2\/2015\/03\/U18-300x211.jpg 300w, https:\/\/www.etoilesportivemontoise.fr\/content\/uploads\/sites\/2\/2015\/03\/U18.jpg 960w\" sizes=\"auto, (max-width: 300px) 100vw, 300px\" \/><\/a> <a href=\"http:\/\/www.etoilesportivemontoise.fr\/content\/uploads\/sites\/2\/2015\/03\/U15.jpg\"><img loading=\"lazy\" decoding=\"async\" class=\" size-medium wp-image-3990 aligncenter\" src=\"http:\/\/www.etoilesportivemontoise.fr\/content\/uploads\/sites\/2\/2015\/03\/U15-300x213.jpg\" alt=\"U15\" width=\"300\" height=\"213\" srcset=\"https:\/\/www.etoilesportivemontoise.fr\/content\/uploads\/sites\/2\/2015\/03\/U15-300x213.jpg 300w, https:\/\/www.etoilesportivemontoise.fr\/content\/uploads\/sites\/2\/2015\/03\/U15.jpg 960w\" sizes=\"auto, (max-width: 300px) 100vw, 300px\" \/><\/a><\/div>\n","protected":false},"excerpt":{"rendered":"<p>D\u00e9tections des joueurs n\u00e9s en 2000 L&rsquo;Equipe Technique D\u00e9partementale communique la suite du programme de la d\u00e9tection des joueurs n\u00e9s en 2000\u00a0(U15) et U16 n\u00e9s \u00e0 partir du 01 Juillet 1999. Cette nouvelle d\u00e9tection aura lieu\u00a0sur les installations sportives de\u00a0Tartas\u00a0le Mercredi 11 Mars 2015.\u00a0 D\u00e9couvrez&#8230;<\/p>\n","protected":false},"author":26,"featured_media":3734,"comment_status":"closed","ping_status":"closed","sticky":false,"template":"","format":"standard","meta":{"footnotes":""},"categories":[28],"tags":[],"class_list":["post-3988","post","type-post","status-publish","format-standard","has-post-thumbnail","hentry","category-old"],"yoast_head":"<!-- This site is optimized with the Yoast SEO plugin v27.3 - https:\/\/yoast.com\/product\/yoast-seo-wordpress\/ -->\n<title>D\u00e9tections des joueurs n\u00e9s en 2000 : F\u00e9licitations aux joueurs retenus ! - ESM Foot<\/title>\n<meta name=\"robots\" content=\"index, follow, max-snippet:-1, max-image-preview:large, max-video-preview:-1\" \/>\n<link rel=\"canonical\" href=\"https:\/\/www.etoilesportivemontoise.fr\/football\/2015\/03\/detections-des-joueurs-nes-en-2000-felicitations-aux-joueurs-retenus\/\" \/>\n<meta property=\"og:locale\" content=\"fr_FR\" \/>\n<meta property=\"og:type\" content=\"article\" \/>\n<meta property=\"og:title\" content=\"D\u00e9tections des joueurs n\u00e9s en 2000 : F\u00e9licitations aux joueurs retenus ! - ESM Foot\" \/>\n<meta property=\"og:description\" content=\"D\u00e9tections des joueurs n\u00e9s en 2000 L&rsquo;Equipe Technique D\u00e9partementale communique la suite du programme de la d\u00e9tection des joueurs n\u00e9s en 2000\u00a0(U15) et U16 n\u00e9s \u00e0 partir du 01 Juillet 1999. Cette nouvelle d\u00e9tection aura lieu\u00a0sur les installations sportives de\u00a0Tartas\u00a0le Mercredi 11 Mars 2015.\u00a0 D\u00e9couvrez...\" \/>\n<meta property=\"og:url\" content=\"https:\/\/www.etoilesportivemontoise.fr\/football\/2015\/03\/detections-des-joueurs-nes-en-2000-felicitations-aux-joueurs-retenus\/\" \/>\n<meta property=\"og:site_name\" content=\"ESM Foot\" \/>\n<meta property=\"article:published_time\" content=\"2015-03-10T10:19:01+00:00\" \/>\n<meta property=\"article:modified_time\" content=\"2024-03-24T17:13:28+00:00\" \/>\n<meta property=\"og:image\" content=\"https:\/\/www.etoilesportivemontoise.fr\/content\/uploads\/sites\/2\/2014\/09\/ESM_FOOT_logo_didier_petit.png\" \/>\n\t<meta property=\"og:image:width\" content=\"314\" \/>\n\t<meta property=\"og:image:height\" content=\"297\" \/>\n\t<meta property=\"og:image:type\" content=\"image\/png\" \/>\n<meta name=\"author\" content=\"Etoile Sportive Montoise\" \/>\n<meta name=\"twitter:label1\" content=\"\u00c9crit par\" \/>\n\t<meta name=\"twitter:data1\" content=\"Etoile Sportive Montoise\" \/>\n\t<meta name=\"twitter:label2\" content=\"Dur\u00e9e de lecture estim\u00e9e\" \/>\n\t<meta name=\"twitter:data2\" content=\"1 minute\" \/>\n<script type=\"application\/ld+json\" class=\"yoast-schema-graph\">{\"@context\":\"https:\\\/\\\/schema.org\",\"@graph\":[{\"@type\":\"Article\",\"@id\":\"https:\\\/\\\/www.etoilesportivemontoise.fr\\\/football\\\/2015\\\/03\\\/detections-des-joueurs-nes-en-2000-felicitations-aux-joueurs-retenus\\\/#article\",\"isPartOf\":{\"@id\":\"https:\\\/\\\/www.etoilesportivemontoise.fr\\\/football\\\/2015\\\/03\\\/detections-des-joueurs-nes-en-2000-felicitations-aux-joueurs-retenus\\\/\"},\"author\":{\"name\":\"Etoile Sportive Montoise\",\"@id\":\"https:\\\/\\\/www.etoilesportivemontoise.fr\\\/football\\\/#\\\/schema\\\/person\\\/086018f55be7afba6497239267808ac7\"},\"headline\":\"D\u00e9tections des joueurs n\u00e9s en 2000 : F\u00e9licitations aux joueurs retenus !\",\"datePublished\":\"2015-03-10T10:19:01+00:00\",\"dateModified\":\"2024-03-24T17:13:28+00:00\",\"mainEntityOfPage\":{\"@id\":\"https:\\\/\\\/www.etoilesportivemontoise.fr\\\/football\\\/2015\\\/03\\\/detections-des-joueurs-nes-en-2000-felicitations-aux-joueurs-retenus\\\/\"},\"wordCount\":188,\"image\":{\"@id\":\"https:\\\/\\\/www.etoilesportivemontoise.fr\\\/football\\\/2015\\\/03\\\/detections-des-joueurs-nes-en-2000-felicitations-aux-joueurs-retenus\\\/#primaryimage\"},\"thumbnailUrl\":\"https:\\\/\\\/www.etoilesportivemontoise.fr\\\/content\\\/uploads\\\/sites\\\/2\\\/2014\\\/09\\\/ESM_FOOT_logo_didier_petit.png\",\"articleSection\":[\"Archives\"],\"inLanguage\":\"fr-FR\"},{\"@type\":\"WebPage\",\"@id\":\"https:\\\/\\\/www.etoilesportivemontoise.fr\\\/football\\\/2015\\\/03\\\/detections-des-joueurs-nes-en-2000-felicitations-aux-joueurs-retenus\\\/\",\"url\":\"https:\\\/\\\/www.etoilesportivemontoise.fr\\\/football\\\/2015\\\/03\\\/detections-des-joueurs-nes-en-2000-felicitations-aux-joueurs-retenus\\\/\",\"name\":\"D\u00e9tections des joueurs n\u00e9s en 2000 : F\u00e9licitations aux joueurs retenus ! - ESM Foot\",\"isPartOf\":{\"@id\":\"https:\\\/\\\/www.etoilesportivemontoise.fr\\\/football\\\/#website\"},\"primaryImageOfPage\":{\"@id\":\"https:\\\/\\\/www.etoilesportivemontoise.fr\\\/football\\\/2015\\\/03\\\/detections-des-joueurs-nes-en-2000-felicitations-aux-joueurs-retenus\\\/#primaryimage\"},\"image\":{\"@id\":\"https:\\\/\\\/www.etoilesportivemontoise.fr\\\/football\\\/2015\\\/03\\\/detections-des-joueurs-nes-en-2000-felicitations-aux-joueurs-retenus\\\/#primaryimage\"},\"thumbnailUrl\":\"https:\\\/\\\/www.etoilesportivemontoise.fr\\\/content\\\/uploads\\\/sites\\\/2\\\/2014\\\/09\\\/ESM_FOOT_logo_didier_petit.png\",\"datePublished\":\"2015-03-10T10:19:01+00:00\",\"dateModified\":\"2024-03-24T17:13:28+00:00\",\"author\":{\"@id\":\"https:\\\/\\\/www.etoilesportivemontoise.fr\\\/football\\\/#\\\/schema\\\/person\\\/086018f55be7afba6497239267808ac7\"},\"breadcrumb\":{\"@id\":\"https:\\\/\\\/www.etoilesportivemontoise.fr\\\/football\\\/2015\\\/03\\\/detections-des-joueurs-nes-en-2000-felicitations-aux-joueurs-retenus\\\/#breadcrumb\"},\"inLanguage\":\"fr-FR\",\"potentialAction\":[{\"@type\":\"ReadAction\",\"target\":[\"https:\\\/\\\/www.etoilesportivemontoise.fr\\\/football\\\/2015\\\/03\\\/detections-des-joueurs-nes-en-2000-felicitations-aux-joueurs-retenus\\\/\"]}]},{\"@type\":\"ImageObject\",\"inLanguage\":\"fr-FR\",\"@id\":\"https:\\\/\\\/www.etoilesportivemontoise.fr\\\/football\\\/2015\\\/03\\\/detections-des-joueurs-nes-en-2000-felicitations-aux-joueurs-retenus\\\/#primaryimage\",\"url\":\"https:\\\/\\\/www.etoilesportivemontoise.fr\\\/content\\\/uploads\\\/sites\\\/2\\\/2014\\\/09\\\/ESM_FOOT_logo_didier_petit.png\",\"contentUrl\":\"https:\\\/\\\/www.etoilesportivemontoise.fr\\\/content\\\/uploads\\\/sites\\\/2\\\/2014\\\/09\\\/ESM_FOOT_logo_didier_petit.png\",\"width\":314,\"height\":297},{\"@type\":\"BreadcrumbList\",\"@id\":\"https:\\\/\\\/www.etoilesportivemontoise.fr\\\/football\\\/2015\\\/03\\\/detections-des-joueurs-nes-en-2000-felicitations-aux-joueurs-retenus\\\/#breadcrumb\",\"itemListElement\":[{\"@type\":\"ListItem\",\"position\":1,\"name\":\"Accueil\",\"item\":\"https:\\\/\\\/www.etoilesportivemontoise.fr\\\/football\\\/\"},{\"@type\":\"ListItem\",\"position\":2,\"name\":\"D\u00e9tections des joueurs n\u00e9s en 2000 : F\u00e9licitations aux joueurs retenus !\"}]},{\"@type\":\"WebSite\",\"@id\":\"https:\\\/\\\/www.etoilesportivemontoise.fr\\\/football\\\/#website\",\"url\":\"https:\\\/\\\/www.etoilesportivemontoise.fr\\\/football\\\/\",\"name\":\"ESM Foot\",\"description\":\"Club Football Mont de Marsan\",\"potentialAction\":[{\"@type\":\"SearchAction\",\"target\":{\"@type\":\"EntryPoint\",\"urlTemplate\":\"https:\\\/\\\/www.etoilesportivemontoise.fr\\\/football\\\/?s={search_term_string}\"},\"query-input\":{\"@type\":\"PropertyValueSpecification\",\"valueRequired\":true,\"valueName\":\"search_term_string\"}}],\"inLanguage\":\"fr-FR\"},{\"@type\":\"Person\",\"@id\":\"https:\\\/\\\/www.etoilesportivemontoise.fr\\\/football\\\/#\\\/schema\\\/person\\\/086018f55be7afba6497239267808ac7\",\"name\":\"Etoile Sportive Montoise\",\"image\":{\"@type\":\"ImageObject\",\"inLanguage\":\"fr-FR\",\"@id\":\"https:\\\/\\\/secure.gravatar.com\\\/avatar\\\/d8bc9e65811140f45b582330fd33b5b51b3271be8ec53b6731b9baa947fd2274?s=96&d=mm&r=g\",\"url\":\"https:\\\/\\\/secure.gravatar.com\\\/avatar\\\/d8bc9e65811140f45b582330fd33b5b51b3271be8ec53b6731b9baa947fd2274?s=96&d=mm&r=g\",\"contentUrl\":\"https:\\\/\\\/secure.gravatar.com\\\/avatar\\\/d8bc9e65811140f45b582330fd33b5b51b3271be8ec53b6731b9baa947fd2274?s=96&d=mm&r=g\",\"caption\":\"Etoile Sportive Montoise\"},\"url\":\"https:\\\/\\\/www.etoilesportivemontoise.fr\\\/football\\\/aka\\\/f187ac93935e960922bc7af0b852b8ae6fd33f67\\\/\"}]}<\/script>\n<!-- \/ Yoast SEO plugin. -->","yoast_head_json":{"title":"D\u00e9tections des joueurs n\u00e9s en 2000 : F\u00e9licitations aux joueurs retenus ! - ESM Foot","robots":{"index":"index","follow":"follow","max-snippet":"max-snippet:-1","max-image-preview":"max-image-preview:large","max-video-preview":"max-video-preview:-1"},"canonical":"https:\/\/www.etoilesportivemontoise.fr\/football\/2015\/03\/detections-des-joueurs-nes-en-2000-felicitations-aux-joueurs-retenus\/","og_locale":"fr_FR","og_type":"article","og_title":"D\u00e9tections des joueurs n\u00e9s en 2000 : F\u00e9licitations aux joueurs retenus ! - ESM Foot","og_description":"D\u00e9tections des joueurs n\u00e9s en 2000 L&rsquo;Equipe Technique D\u00e9partementale communique la suite du programme de la d\u00e9tection des joueurs n\u00e9s en 2000\u00a0(U15) et U16 n\u00e9s \u00e0 partir du 01 Juillet 1999. Cette nouvelle d\u00e9tection aura lieu\u00a0sur les installations sportives de\u00a0Tartas\u00a0le Mercredi 11 Mars 2015.\u00a0 D\u00e9couvrez...","og_url":"https:\/\/www.etoilesportivemontoise.fr\/football\/2015\/03\/detections-des-joueurs-nes-en-2000-felicitations-aux-joueurs-retenus\/","og_site_name":"ESM Foot","article_published_time":"2015-03-10T10:19:01+00:00","article_modified_time":"2024-03-24T17:13:28+00:00","og_image":[{"width":314,"height":297,"url":"https:\/\/www.etoilesportivemontoise.fr\/content\/uploads\/sites\/2\/2014\/09\/ESM_FOOT_logo_didier_petit.png","type":"image\/png"}],"author":"Etoile Sportive Montoise","twitter_misc":{"\u00c9crit par":"Etoile Sportive Montoise","Dur\u00e9e de lecture estim\u00e9e":"1 minute"},"schema":{"@context":"https:\/\/schema.org","@graph":[{"@type":"Article","@id":"https:\/\/www.etoilesportivemontoise.fr\/football\/2015\/03\/detections-des-joueurs-nes-en-2000-felicitations-aux-joueurs-retenus\/#article","isPartOf":{"@id":"https:\/\/www.etoilesportivemontoise.fr\/football\/2015\/03\/detections-des-joueurs-nes-en-2000-felicitations-aux-joueurs-retenus\/"},"author":{"name":"Etoile Sportive Montoise","@id":"https:\/\/www.etoilesportivemontoise.fr\/football\/#\/schema\/person\/086018f55be7afba6497239267808ac7"},"headline":"D\u00e9tections des joueurs n\u00e9s en 2000 : F\u00e9licitations aux joueurs retenus !","datePublished":"2015-03-10T10:19:01+00:00","dateModified":"2024-03-24T17:13:28+00:00","mainEntityOfPage":{"@id":"https:\/\/www.etoilesportivemontoise.fr\/football\/2015\/03\/detections-des-joueurs-nes-en-2000-felicitations-aux-joueurs-retenus\/"},"wordCount":188,"image":{"@id":"https:\/\/www.etoilesportivemontoise.fr\/football\/2015\/03\/detections-des-joueurs-nes-en-2000-felicitations-aux-joueurs-retenus\/#primaryimage"},"thumbnailUrl":"https:\/\/www.etoilesportivemontoise.fr\/content\/uploads\/sites\/2\/2014\/09\/ESM_FOOT_logo_didier_petit.png","articleSection":["Archives"],"inLanguage":"fr-FR"},{"@type":"WebPage","@id":"https:\/\/www.etoilesportivemontoise.fr\/football\/2015\/03\/detections-des-joueurs-nes-en-2000-felicitations-aux-joueurs-retenus\/","url":"https:\/\/www.etoilesportivemontoise.fr\/football\/2015\/03\/detections-des-joueurs-nes-en-2000-felicitations-aux-joueurs-retenus\/","name":"D\u00e9tections des joueurs n\u00e9s en 2000 : F\u00e9licitations aux joueurs retenus ! - ESM Foot","isPartOf":{"@id":"https:\/\/www.etoilesportivemontoise.fr\/football\/#website"},"primaryImageOfPage":{"@id":"https:\/\/www.etoilesportivemontoise.fr\/football\/2015\/03\/detections-des-joueurs-nes-en-2000-felicitations-aux-joueurs-retenus\/#primaryimage"},"image":{"@id":"https:\/\/www.etoilesportivemontoise.fr\/football\/2015\/03\/detections-des-joueurs-nes-en-2000-felicitations-aux-joueurs-retenus\/#primaryimage"},"thumbnailUrl":"https:\/\/www.etoilesportivemontoise.fr\/content\/uploads\/sites\/2\/2014\/09\/ESM_FOOT_logo_didier_petit.png","datePublished":"2015-03-10T10:19:01+00:00","dateModified":"2024-03-24T17:13:28+00:00","author":{"@id":"https:\/\/www.etoilesportivemontoise.fr\/football\/#\/schema\/person\/086018f55be7afba6497239267808ac7"},"breadcrumb":{"@id":"https:\/\/www.etoilesportivemontoise.fr\/football\/2015\/03\/detections-des-joueurs-nes-en-2000-felicitations-aux-joueurs-retenus\/#breadcrumb"},"inLanguage":"fr-FR","potentialAction":[{"@type":"ReadAction","target":["https:\/\/www.etoilesportivemontoise.fr\/football\/2015\/03\/detections-des-joueurs-nes-en-2000-felicitations-aux-joueurs-retenus\/"]}]},{"@type":"ImageObject","inLanguage":"fr-FR","@id":"https:\/\/www.etoilesportivemontoise.fr\/football\/2015\/03\/detections-des-joueurs-nes-en-2000-felicitations-aux-joueurs-retenus\/#primaryimage","url":"https:\/\/www.etoilesportivemontoise.fr\/content\/uploads\/sites\/2\/2014\/09\/ESM_FOOT_logo_didier_petit.png","contentUrl":"https:\/\/www.etoilesportivemontoise.fr\/content\/uploads\/sites\/2\/2014\/09\/ESM_FOOT_logo_didier_petit.png","width":314,"height":297},{"@type":"BreadcrumbList","@id":"https:\/\/www.etoilesportivemontoise.fr\/football\/2015\/03\/detections-des-joueurs-nes-en-2000-felicitations-aux-joueurs-retenus\/#breadcrumb","itemListElement":[{"@type":"ListItem","position":1,"name":"Accueil","item":"https:\/\/www.etoilesportivemontoise.fr\/football\/"},{"@type":"ListItem","position":2,"name":"D\u00e9tections des joueurs n\u00e9s en 2000 : F\u00e9licitations aux joueurs retenus !"}]},{"@type":"WebSite","@id":"https:\/\/www.etoilesportivemontoise.fr\/football\/#website","url":"https:\/\/www.etoilesportivemontoise.fr\/football\/","name":"ESM Foot","description":"Club Football Mont de Marsan","potentialAction":[{"@type":"SearchAction","target":{"@type":"EntryPoint","urlTemplate":"https:\/\/www.etoilesportivemontoise.fr\/football\/?s={search_term_string}"},"query-input":{"@type":"PropertyValueSpecification","valueRequired":true,"valueName":"search_term_string"}}],"inLanguage":"fr-FR"},{"@type":"Person","@id":"https:\/\/www.etoilesportivemontoise.fr\/football\/#\/schema\/person\/086018f55be7afba6497239267808ac7","name":"Etoile Sportive Montoise","image":{"@type":"ImageObject","inLanguage":"fr-FR","@id":"https:\/\/secure.gravatar.com\/avatar\/d8bc9e65811140f45b582330fd33b5b51b3271be8ec53b6731b9baa947fd2274?s=96&d=mm&r=g","url":"https:\/\/secure.gravatar.com\/avatar\/d8bc9e65811140f45b582330fd33b5b51b3271be8ec53b6731b9baa947fd2274?s=96&d=mm&r=g","contentUrl":"https:\/\/secure.gravatar.com\/avatar\/d8bc9e65811140f45b582330fd33b5b51b3271be8ec53b6731b9baa947fd2274?s=96&d=mm&r=g","caption":"Etoile Sportive Montoise"},"url":"https:\/\/www.etoilesportivemontoise.fr\/football\/aka\/f187ac93935e960922bc7af0b852b8ae6fd33f67\/"}]}},"_links":{"self":[{"href":"https:\/\/www.etoilesportivemontoise.fr\/football\/wp-json\/wp\/v2\/posts\/3988","targetHints":{"allow":["GET"]}}],"collection":[{"href":"https:\/\/www.etoilesportivemontoise.fr\/football\/wp-json\/wp\/v2\/posts"}],"about":[{"href":"https:\/\/www.etoilesportivemontoise.fr\/football\/wp-json\/wp\/v2\/types\/post"}],"author":[{"embeddable":true,"href":"https:\/\/www.etoilesportivemontoise.fr\/football\/wp-json\/wp\/v2\/users\/26"}],"replies":[{"embeddable":true,"href":"https:\/\/www.etoilesportivemontoise.fr\/football\/wp-json\/wp\/v2\/comments?post=3988"}],"version-history":[{"count":1,"href":"https:\/\/www.etoilesportivemontoise.fr\/football\/wp-json\/wp\/v2\/posts\/3988\/revisions"}],"predecessor-version":[{"id":3991,"href":"https:\/\/www.etoilesportivemontoise.fr\/football\/wp-json\/wp\/v2\/posts\/3988\/revisions\/3991"}],"wp:featuredmedia":[{"embeddable":true,"href":"https:\/\/www.etoilesportivemontoise.fr\/football\/wp-json\/wp\/v2\/media\/3734"}],"wp:attachment":[{"href":"https:\/\/www.etoilesportivemontoise.fr\/football\/wp-json\/wp\/v2\/media?parent=3988"}],"wp:term":[{"taxonomy":"category","embeddable":true,"href":"https:\/\/www.etoilesportivemontoise.fr\/football\/wp-json\/wp\/v2\/categories?post=3988"},{"taxonomy":"post_tag","embeddable":true,"href":"https:\/\/www.etoilesportivemontoise.fr\/football\/wp-json\/wp\/v2\/tags?post=3988"}],"curies":[{"name":"wp","href":"https:\/\/api.w.org\/{rel}","templated":true}]}}