{"id":4006,"date":"2015-03-31T13:05:37","date_gmt":"2015-03-31T12:05:37","guid":{"rendered":"http:\/\/www.etoilesportivemontoise.fr\/football\/?p=4006"},"modified":"2024-03-24T18:13:27","modified_gmt":"2024-03-24T17:13:27","slug":"selection-u14f-u15f-etoile-sportive-montoise-football","status":"publish","type":"post","link":"https:\/\/www.etoilesportivemontoise.fr\/football\/2015\/03\/selection-u14f-u15f-etoile-sportive-montoise-football\/","title":{"rendered":"S\u00e9lection U14F \/ U15F : Etoile Sportive Montoise Football"},"content":{"rendered":"<p class=\"date\"><span style=\"text-decoration: underline\"><strong>Mardi 31 mars 2015 &#8211; 09h33<\/strong><\/span><\/p>\n<p class=\"cat\"><span style=\"text-decoration: underline\"><strong>District des Landes : Football f\u00e9minin<\/strong><\/span><\/p>\n<h1><span style=\"color: #0000ff\">La s\u00e9lection r\u00e9gionale U14F\/U15F \u00e0 Mont de Marsan<\/span><\/h1>\n<div class=\"waaps_tab1\">Sylvie Rousseau, CTRF,\u00a0accompagnera\u00a0la s\u00e9lection U14\/U15 F\u00a0demain,\u00a0Mercredi\u00a01er Avril 2015 \u00e0 15h\u00a0au complexe Jacques Foix de Mont de Marsan pour une rencontre de pr\u00e9paration face \u00e0 l&rsquo;\u00e9quipe U14 de l&rsquo;Etoile Montoise. Cette opposition est la derni\u00e8re avant l&rsquo;annonce du groupe officiel qui participera \u00e0 la Coupe Nationale U15 F sous les couleurs de la Ligue de Football d&rsquo;Aquitaine !<\/div>\n<div class=\"waaps_tab1\"><\/div>\n<div class=\"waaps_tab1\">Source : District des Landes de Football.<\/div>\n<div class=\"waaps_tab1\"><\/div>\n<div class=\"waaps_tab1\"><a href=\"http:\/\/www.etoilesportivemontoise.fr\/content\/uploads\/sites\/2\/2015\/03\/U15.jpg\"><img loading=\"lazy\" decoding=\"async\" class=\" size-medium wp-image-3990 aligncenter\" src=\"http:\/\/www.etoilesportivemontoise.fr\/content\/uploads\/sites\/2\/2015\/03\/U15-300x213.jpg\" alt=\"U15\" width=\"300\" height=\"213\" srcset=\"https:\/\/www.etoilesportivemontoise.fr\/content\/uploads\/sites\/2\/2015\/03\/U15-300x213.jpg 300w, https:\/\/www.etoilesportivemontoise.fr\/content\/uploads\/sites\/2\/2015\/03\/U15.jpg 960w\" sizes=\"auto, (max-width: 300px) 100vw, 300px\" \/><\/a><\/div>\n<div class=\"waaps_tab1\"><\/div>\n<p>Les U 14 \/ U 15 de Eric Laffargue et Jocelyn Larrieu effectueront un match amical \u00e0 16 h sur le complexe Jacques Foix de l&rsquo;Etoile Sportive Montoise Football.<br \/>\nUne jolie affiche pour un club ayant pour ambition de d\u00e9velopper le football F\u00e9minin.<\/p>\n<p>Venez nombreux sur le complexe de l&rsquo;ES Montoise demain apr\u00e8s-midi ! coup d&rsquo;envoi \u00e0 16 h.<\/p>\n","protected":false},"excerpt":{"rendered":"<p>Mardi 31 mars 2015 &#8211; 09h33 District des Landes : Football f\u00e9minin La s\u00e9lection r\u00e9gionale U14F\/U15F \u00e0 Mont de Marsan Sylvie Rousseau, CTRF,\u00a0accompagnera\u00a0la s\u00e9lection U14\/U15 F\u00a0demain,\u00a0Mercredi\u00a01er Avril 2015 \u00e0 15h\u00a0au complexe Jacques Foix de Mont de Marsan pour une rencontre de pr\u00e9paration face \u00e0 l&rsquo;\u00e9quipe&#8230;<\/p>\n","protected":false},"author":26,"featured_media":3986,"comment_status":"closed","ping_status":"closed","sticky":false,"template":"","format":"standard","meta":{"footnotes":""},"categories":[28],"tags":[],"class_list":["post-4006","post","type-post","status-publish","format-standard","has-post-thumbnail","hentry","category-old"],"yoast_head":"<!-- This site is optimized with the Yoast SEO plugin v27.3 - https:\/\/yoast.com\/product\/yoast-seo-wordpress\/ -->\n<title>S\u00e9lection U14F \/ U15F : Etoile Sportive Montoise Football - ESM Foot<\/title>\n<meta name=\"robots\" content=\"index, follow, max-snippet:-1, max-image-preview:large, max-video-preview:-1\" \/>\n<link rel=\"canonical\" href=\"https:\/\/www.etoilesportivemontoise.fr\/football\/2015\/03\/selection-u14f-u15f-etoile-sportive-montoise-football\/\" \/>\n<meta property=\"og:locale\" content=\"fr_FR\" \/>\n<meta property=\"og:type\" content=\"article\" \/>\n<meta property=\"og:title\" content=\"S\u00e9lection U14F \/ U15F : Etoile Sportive Montoise Football - ESM Foot\" \/>\n<meta property=\"og:description\" content=\"Mardi 31 mars 2015 &#8211; 09h33 District des Landes : Football f\u00e9minin La s\u00e9lection r\u00e9gionale U14F\/U15F \u00e0 Mont de Marsan Sylvie Rousseau, CTRF,\u00a0accompagnera\u00a0la s\u00e9lection U14\/U15 F\u00a0demain,\u00a0Mercredi\u00a01er Avril 2015 \u00e0 15h\u00a0au complexe Jacques Foix de Mont de Marsan pour une rencontre de pr\u00e9paration face \u00e0 l&rsquo;\u00e9quipe...\" \/>\n<meta property=\"og:url\" content=\"https:\/\/www.etoilesportivemontoise.fr\/football\/2015\/03\/selection-u14f-u15f-etoile-sportive-montoise-football\/\" \/>\n<meta property=\"og:site_name\" content=\"ESM Foot\" \/>\n<meta property=\"article:published_time\" content=\"2015-03-31T12:05:37+00:00\" \/>\n<meta property=\"article:modified_time\" content=\"2024-03-24T17:13:27+00:00\" \/>\n<meta property=\"og:image\" content=\"https:\/\/www.etoilesportivemontoise.fr\/content\/uploads\/sites\/2\/2015\/03\/LogoV2_pole_fem.png\" \/>\n\t<meta property=\"og:image:width\" content=\"3631\" \/>\n\t<meta property=\"og:image:height\" content=\"2921\" \/>\n\t<meta property=\"og:image:type\" content=\"image\/png\" \/>\n<meta name=\"author\" content=\"Etoile Sportive Montoise\" \/>\n<meta name=\"twitter:label1\" content=\"\u00c9crit par\" \/>\n\t<meta name=\"twitter:data1\" content=\"Etoile Sportive Montoise\" \/>\n\t<meta name=\"twitter:label2\" content=\"Dur\u00e9e de lecture estim\u00e9e\" \/>\n\t<meta name=\"twitter:data2\" content=\"1 minute\" \/>\n<script type=\"application\/ld+json\" class=\"yoast-schema-graph\">{\"@context\":\"https:\\\/\\\/schema.org\",\"@graph\":[{\"@type\":\"Article\",\"@id\":\"https:\\\/\\\/www.etoilesportivemontoise.fr\\\/football\\\/2015\\\/03\\\/selection-u14f-u15f-etoile-sportive-montoise-football\\\/#article\",\"isPartOf\":{\"@id\":\"https:\\\/\\\/www.etoilesportivemontoise.fr\\\/football\\\/2015\\\/03\\\/selection-u14f-u15f-etoile-sportive-montoise-football\\\/\"},\"author\":{\"name\":\"Etoile Sportive Montoise\",\"@id\":\"https:\\\/\\\/www.etoilesportivemontoise.fr\\\/football\\\/#\\\/schema\\\/person\\\/086018f55be7afba6497239267808ac7\"},\"headline\":\"S\u00e9lection U14F \\\/ U15F : Etoile Sportive Montoise Football\",\"datePublished\":\"2015-03-31T12:05:37+00:00\",\"dateModified\":\"2024-03-24T17:13:27+00:00\",\"mainEntityOfPage\":{\"@id\":\"https:\\\/\\\/www.etoilesportivemontoise.fr\\\/football\\\/2015\\\/03\\\/selection-u14f-u15f-etoile-sportive-montoise-football\\\/\"},\"wordCount\":161,\"image\":{\"@id\":\"https:\\\/\\\/www.etoilesportivemontoise.fr\\\/football\\\/2015\\\/03\\\/selection-u14f-u15f-etoile-sportive-montoise-football\\\/#primaryimage\"},\"thumbnailUrl\":\"https:\\\/\\\/www.etoilesportivemontoise.fr\\\/content\\\/uploads\\\/sites\\\/2\\\/2015\\\/03\\\/LogoV2_pole_fem.png\",\"articleSection\":[\"Archives\"],\"inLanguage\":\"fr-FR\"},{\"@type\":\"WebPage\",\"@id\":\"https:\\\/\\\/www.etoilesportivemontoise.fr\\\/football\\\/2015\\\/03\\\/selection-u14f-u15f-etoile-sportive-montoise-football\\\/\",\"url\":\"https:\\\/\\\/www.etoilesportivemontoise.fr\\\/football\\\/2015\\\/03\\\/selection-u14f-u15f-etoile-sportive-montoise-football\\\/\",\"name\":\"S\u00e9lection U14F \\\/ U15F : Etoile Sportive Montoise Football - ESM Foot\",\"isPartOf\":{\"@id\":\"https:\\\/\\\/www.etoilesportivemontoise.fr\\\/football\\\/#website\"},\"primaryImageOfPage\":{\"@id\":\"https:\\\/\\\/www.etoilesportivemontoise.fr\\\/football\\\/2015\\\/03\\\/selection-u14f-u15f-etoile-sportive-montoise-football\\\/#primaryimage\"},\"image\":{\"@id\":\"https:\\\/\\\/www.etoilesportivemontoise.fr\\\/football\\\/2015\\\/03\\\/selection-u14f-u15f-etoile-sportive-montoise-football\\\/#primaryimage\"},\"thumbnailUrl\":\"https:\\\/\\\/www.etoilesportivemontoise.fr\\\/content\\\/uploads\\\/sites\\\/2\\\/2015\\\/03\\\/LogoV2_pole_fem.png\",\"datePublished\":\"2015-03-31T12:05:37+00:00\",\"dateModified\":\"2024-03-24T17:13:27+00:00\",\"author\":{\"@id\":\"https:\\\/\\\/www.etoilesportivemontoise.fr\\\/football\\\/#\\\/schema\\\/person\\\/086018f55be7afba6497239267808ac7\"},\"breadcrumb\":{\"@id\":\"https:\\\/\\\/www.etoilesportivemontoise.fr\\\/football\\\/2015\\\/03\\\/selection-u14f-u15f-etoile-sportive-montoise-football\\\/#breadcrumb\"},\"inLanguage\":\"fr-FR\",\"potentialAction\":[{\"@type\":\"ReadAction\",\"target\":[\"https:\\\/\\\/www.etoilesportivemontoise.fr\\\/football\\\/2015\\\/03\\\/selection-u14f-u15f-etoile-sportive-montoise-football\\\/\"]}]},{\"@type\":\"ImageObject\",\"inLanguage\":\"fr-FR\",\"@id\":\"https:\\\/\\\/www.etoilesportivemontoise.fr\\\/football\\\/2015\\\/03\\\/selection-u14f-u15f-etoile-sportive-montoise-football\\\/#primaryimage\",\"url\":\"https:\\\/\\\/www.etoilesportivemontoise.fr\\\/content\\\/uploads\\\/sites\\\/2\\\/2015\\\/03\\\/LogoV2_pole_fem.png\",\"contentUrl\":\"https:\\\/\\\/www.etoilesportivemontoise.fr\\\/content\\\/uploads\\\/sites\\\/2\\\/2015\\\/03\\\/LogoV2_pole_fem.png\",\"width\":3631,\"height\":2921},{\"@type\":\"BreadcrumbList\",\"@id\":\"https:\\\/\\\/www.etoilesportivemontoise.fr\\\/football\\\/2015\\\/03\\\/selection-u14f-u15f-etoile-sportive-montoise-football\\\/#breadcrumb\",\"itemListElement\":[{\"@type\":\"ListItem\",\"position\":1,\"name\":\"Accueil\",\"item\":\"https:\\\/\\\/www.etoilesportivemontoise.fr\\\/football\\\/\"},{\"@type\":\"ListItem\",\"position\":2,\"name\":\"S\u00e9lection U14F \\\/ U15F : Etoile Sportive Montoise Football\"}]},{\"@type\":\"WebSite\",\"@id\":\"https:\\\/\\\/www.etoilesportivemontoise.fr\\\/football\\\/#website\",\"url\":\"https:\\\/\\\/www.etoilesportivemontoise.fr\\\/football\\\/\",\"name\":\"ESM Foot\",\"description\":\"Club Football Mont de Marsan\",\"potentialAction\":[{\"@type\":\"SearchAction\",\"target\":{\"@type\":\"EntryPoint\",\"urlTemplate\":\"https:\\\/\\\/www.etoilesportivemontoise.fr\\\/football\\\/?s={search_term_string}\"},\"query-input\":{\"@type\":\"PropertyValueSpecification\",\"valueRequired\":true,\"valueName\":\"search_term_string\"}}],\"inLanguage\":\"fr-FR\"},{\"@type\":\"Person\",\"@id\":\"https:\\\/\\\/www.etoilesportivemontoise.fr\\\/football\\\/#\\\/schema\\\/person\\\/086018f55be7afba6497239267808ac7\",\"name\":\"Etoile Sportive Montoise\",\"image\":{\"@type\":\"ImageObject\",\"inLanguage\":\"fr-FR\",\"@id\":\"https:\\\/\\\/secure.gravatar.com\\\/avatar\\\/d8bc9e65811140f45b582330fd33b5b51b3271be8ec53b6731b9baa947fd2274?s=96&d=mm&r=g\",\"url\":\"https:\\\/\\\/secure.gravatar.com\\\/avatar\\\/d8bc9e65811140f45b582330fd33b5b51b3271be8ec53b6731b9baa947fd2274?s=96&d=mm&r=g\",\"contentUrl\":\"https:\\\/\\\/secure.gravatar.com\\\/avatar\\\/d8bc9e65811140f45b582330fd33b5b51b3271be8ec53b6731b9baa947fd2274?s=96&d=mm&r=g\",\"caption\":\"Etoile Sportive Montoise\"},\"url\":\"https:\\\/\\\/www.etoilesportivemontoise.fr\\\/football\\\/aka\\\/f187ac93935e960922bc7af0b852b8ae6fd33f67\\\/\"}]}<\/script>\n<!-- \/ Yoast SEO plugin. -->","yoast_head_json":{"title":"S\u00e9lection U14F \/ U15F : Etoile Sportive Montoise Football - ESM Foot","robots":{"index":"index","follow":"follow","max-snippet":"max-snippet:-1","max-image-preview":"max-image-preview:large","max-video-preview":"max-video-preview:-1"},"canonical":"https:\/\/www.etoilesportivemontoise.fr\/football\/2015\/03\/selection-u14f-u15f-etoile-sportive-montoise-football\/","og_locale":"fr_FR","og_type":"article","og_title":"S\u00e9lection U14F \/ U15F : Etoile Sportive Montoise Football - ESM Foot","og_description":"Mardi 31 mars 2015 &#8211; 09h33 District des Landes : Football f\u00e9minin La s\u00e9lection r\u00e9gionale U14F\/U15F \u00e0 Mont de Marsan Sylvie Rousseau, CTRF,\u00a0accompagnera\u00a0la s\u00e9lection U14\/U15 F\u00a0demain,\u00a0Mercredi\u00a01er Avril 2015 \u00e0 15h\u00a0au complexe Jacques Foix de Mont de Marsan pour une rencontre de pr\u00e9paration face \u00e0 l&rsquo;\u00e9quipe...","og_url":"https:\/\/www.etoilesportivemontoise.fr\/football\/2015\/03\/selection-u14f-u15f-etoile-sportive-montoise-football\/","og_site_name":"ESM Foot","article_published_time":"2015-03-31T12:05:37+00:00","article_modified_time":"2024-03-24T17:13:27+00:00","og_image":[{"width":3631,"height":2921,"url":"https:\/\/www.etoilesportivemontoise.fr\/content\/uploads\/sites\/2\/2015\/03\/LogoV2_pole_fem.png","type":"image\/png"}],"author":"Etoile Sportive Montoise","twitter_misc":{"\u00c9crit par":"Etoile Sportive Montoise","Dur\u00e9e de lecture estim\u00e9e":"1 minute"},"schema":{"@context":"https:\/\/schema.org","@graph":[{"@type":"Article","@id":"https:\/\/www.etoilesportivemontoise.fr\/football\/2015\/03\/selection-u14f-u15f-etoile-sportive-montoise-football\/#article","isPartOf":{"@id":"https:\/\/www.etoilesportivemontoise.fr\/football\/2015\/03\/selection-u14f-u15f-etoile-sportive-montoise-football\/"},"author":{"name":"Etoile Sportive Montoise","@id":"https:\/\/www.etoilesportivemontoise.fr\/football\/#\/schema\/person\/086018f55be7afba6497239267808ac7"},"headline":"S\u00e9lection U14F \/ U15F : Etoile Sportive Montoise Football","datePublished":"2015-03-31T12:05:37+00:00","dateModified":"2024-03-24T17:13:27+00:00","mainEntityOfPage":{"@id":"https:\/\/www.etoilesportivemontoise.fr\/football\/2015\/03\/selection-u14f-u15f-etoile-sportive-montoise-football\/"},"wordCount":161,"image":{"@id":"https:\/\/www.etoilesportivemontoise.fr\/football\/2015\/03\/selection-u14f-u15f-etoile-sportive-montoise-football\/#primaryimage"},"thumbnailUrl":"https:\/\/www.etoilesportivemontoise.fr\/content\/uploads\/sites\/2\/2015\/03\/LogoV2_pole_fem.png","articleSection":["Archives"],"inLanguage":"fr-FR"},{"@type":"WebPage","@id":"https:\/\/www.etoilesportivemontoise.fr\/football\/2015\/03\/selection-u14f-u15f-etoile-sportive-montoise-football\/","url":"https:\/\/www.etoilesportivemontoise.fr\/football\/2015\/03\/selection-u14f-u15f-etoile-sportive-montoise-football\/","name":"S\u00e9lection U14F \/ U15F : Etoile Sportive Montoise Football - ESM Foot","isPartOf":{"@id":"https:\/\/www.etoilesportivemontoise.fr\/football\/#website"},"primaryImageOfPage":{"@id":"https:\/\/www.etoilesportivemontoise.fr\/football\/2015\/03\/selection-u14f-u15f-etoile-sportive-montoise-football\/#primaryimage"},"image":{"@id":"https:\/\/www.etoilesportivemontoise.fr\/football\/2015\/03\/selection-u14f-u15f-etoile-sportive-montoise-football\/#primaryimage"},"thumbnailUrl":"https:\/\/www.etoilesportivemontoise.fr\/content\/uploads\/sites\/2\/2015\/03\/LogoV2_pole_fem.png","datePublished":"2015-03-31T12:05:37+00:00","dateModified":"2024-03-24T17:13:27+00:00","author":{"@id":"https:\/\/www.etoilesportivemontoise.fr\/football\/#\/schema\/person\/086018f55be7afba6497239267808ac7"},"breadcrumb":{"@id":"https:\/\/www.etoilesportivemontoise.fr\/football\/2015\/03\/selection-u14f-u15f-etoile-sportive-montoise-football\/#breadcrumb"},"inLanguage":"fr-FR","potentialAction":[{"@type":"ReadAction","target":["https:\/\/www.etoilesportivemontoise.fr\/football\/2015\/03\/selection-u14f-u15f-etoile-sportive-montoise-football\/"]}]},{"@type":"ImageObject","inLanguage":"fr-FR","@id":"https:\/\/www.etoilesportivemontoise.fr\/football\/2015\/03\/selection-u14f-u15f-etoile-sportive-montoise-football\/#primaryimage","url":"https:\/\/www.etoilesportivemontoise.fr\/content\/uploads\/sites\/2\/2015\/03\/LogoV2_pole_fem.png","contentUrl":"https:\/\/www.etoilesportivemontoise.fr\/content\/uploads\/sites\/2\/2015\/03\/LogoV2_pole_fem.png","width":3631,"height":2921},{"@type":"BreadcrumbList","@id":"https:\/\/www.etoilesportivemontoise.fr\/football\/2015\/03\/selection-u14f-u15f-etoile-sportive-montoise-football\/#breadcrumb","itemListElement":[{"@type":"ListItem","position":1,"name":"Accueil","item":"https:\/\/www.etoilesportivemontoise.fr\/football\/"},{"@type":"ListItem","position":2,"name":"S\u00e9lection U14F \/ U15F : Etoile Sportive Montoise Football"}]},{"@type":"WebSite","@id":"https:\/\/www.etoilesportivemontoise.fr\/football\/#website","url":"https:\/\/www.etoilesportivemontoise.fr\/football\/","name":"ESM Foot","description":"Club Football Mont de Marsan","potentialAction":[{"@type":"SearchAction","target":{"@type":"EntryPoint","urlTemplate":"https:\/\/www.etoilesportivemontoise.fr\/football\/?s={search_term_string}"},"query-input":{"@type":"PropertyValueSpecification","valueRequired":true,"valueName":"search_term_string"}}],"inLanguage":"fr-FR"},{"@type":"Person","@id":"https:\/\/www.etoilesportivemontoise.fr\/football\/#\/schema\/person\/086018f55be7afba6497239267808ac7","name":"Etoile Sportive Montoise","image":{"@type":"ImageObject","inLanguage":"fr-FR","@id":"https:\/\/secure.gravatar.com\/avatar\/d8bc9e65811140f45b582330fd33b5b51b3271be8ec53b6731b9baa947fd2274?s=96&d=mm&r=g","url":"https:\/\/secure.gravatar.com\/avatar\/d8bc9e65811140f45b582330fd33b5b51b3271be8ec53b6731b9baa947fd2274?s=96&d=mm&r=g","contentUrl":"https:\/\/secure.gravatar.com\/avatar\/d8bc9e65811140f45b582330fd33b5b51b3271be8ec53b6731b9baa947fd2274?s=96&d=mm&r=g","caption":"Etoile Sportive Montoise"},"url":"https:\/\/www.etoilesportivemontoise.fr\/football\/aka\/f187ac93935e960922bc7af0b852b8ae6fd33f67\/"}]}},"_links":{"self":[{"href":"https:\/\/www.etoilesportivemontoise.fr\/football\/wp-json\/wp\/v2\/posts\/4006","targetHints":{"allow":["GET"]}}],"collection":[{"href":"https:\/\/www.etoilesportivemontoise.fr\/football\/wp-json\/wp\/v2\/posts"}],"about":[{"href":"https:\/\/www.etoilesportivemontoise.fr\/football\/wp-json\/wp\/v2\/types\/post"}],"author":[{"embeddable":true,"href":"https:\/\/www.etoilesportivemontoise.fr\/football\/wp-json\/wp\/v2\/users\/26"}],"replies":[{"embeddable":true,"href":"https:\/\/www.etoilesportivemontoise.fr\/football\/wp-json\/wp\/v2\/comments?post=4006"}],"version-history":[{"count":1,"href":"https:\/\/www.etoilesportivemontoise.fr\/football\/wp-json\/wp\/v2\/posts\/4006\/revisions"}],"predecessor-version":[{"id":4007,"href":"https:\/\/www.etoilesportivemontoise.fr\/football\/wp-json\/wp\/v2\/posts\/4006\/revisions\/4007"}],"wp:featuredmedia":[{"embeddable":true,"href":"https:\/\/www.etoilesportivemontoise.fr\/football\/wp-json\/wp\/v2\/media\/3986"}],"wp:attachment":[{"href":"https:\/\/www.etoilesportivemontoise.fr\/football\/wp-json\/wp\/v2\/media?parent=4006"}],"wp:term":[{"taxonomy":"category","embeddable":true,"href":"https:\/\/www.etoilesportivemontoise.fr\/football\/wp-json\/wp\/v2\/categories?post=4006"},{"taxonomy":"post_tag","embeddable":true,"href":"https:\/\/www.etoilesportivemontoise.fr\/football\/wp-json\/wp\/v2\/tags?post=4006"}],"curies":[{"name":"wp","href":"https:\/\/api.w.org\/{rel}","templated":true}]}}