{"id":4472,"date":"2019-05-16T21:25:03","date_gmt":"2019-05-16T20:25:03","guid":{"rendered":"http:\/\/www.etoilesportivemontoise.fr\/football\/?p=4472"},"modified":"2024-03-24T18:13:25","modified_gmt":"2024-03-24T17:13:25","slug":"hommage-plus-merite","status":"publish","type":"post","link":"https:\/\/www.etoilesportivemontoise.fr\/football\/2019\/05\/hommage-plus-merite\/","title":{"rendered":"Un hommage plus que m\u00e9rit\u00e9 !"},"content":{"rendered":"<p>Le samedi 11 mai 2019, Maxime GUICHARD a coach\u00e9 pour la derni\u00e8re fois \u00e0 domicile notre \u00e9quipe premi\u00e8re, l\u2019occasion pour tous les stellistes de le remercier pour son apport essentiel \u00e0 notre club\u2026<\/p>\n<p>&nbsp;<\/p>\n<p>En effet, durant ces 6 derni\u00e8res ann\u00e9es, Maxime a rempli avec brio les missions qui lui \u00e9taient confi\u00e9es, puisqu\u2019en plus d\u2019\u00eatre l\u2019entra\u00eeneur de talent que l\u2019on conna\u00eet, il assumait bien d\u2019autres fonctions, particuli\u00e8rement celle de responsable technique.<\/p>\n<p>&nbsp;<\/p>\n<p>C\u2019est donc avec un petit pincement au c\u0153ur que nous avons tous souhait\u00e9 organiser une petite r\u00e9ception en son honneur. Ce fut notamment l\u2019occasion de se rem\u00e9morer tous les \u00e9v\u00e8nements marquants que Maxime et son fr\u00e8re jumeau Peyo ont v\u00e9cus au club (notamment en tant que joueurs), retrac\u00e9s dans une petite vid\u00e9o r\u00e9trospective.<\/p>\n<p>&nbsp;<\/p>\n<p>Rassurez-vous toutefois, si Maxime prend un nouvel envol professionnel, pour lequel nous lui souhaitons la grande r\u00e9ussite qu\u2019il m\u00e9rite, il conserve sa place dans l\u2019effectif senior, pour notre grand bonheur \u00e0 tous\u00a0!&#8230;<\/p>\n","protected":false},"excerpt":{"rendered":"<p>Le samedi 11 mai 2019, Maxime GUICHARD a coach\u00e9 pour la derni\u00e8re fois \u00e0 domicile notre \u00e9quipe premi\u00e8re, l\u2019occasion pour tous les stellistes de le remercier pour son apport essentiel \u00e0 notre club\u2026 &nbsp; En effet, durant ces 6 derni\u00e8res ann\u00e9es, Maxime a rempli avec&#8230;<\/p>\n","protected":false},"author":26,"featured_media":4474,"comment_status":"closed","ping_status":"closed","sticky":false,"template":"","format":"video","meta":{"footnotes":""},"categories":[27],"tags":[],"class_list":["post-4472","post","type-post","status-publish","format-video","has-post-thumbnail","hentry","category-actualites","post_format-post-format-video"],"yoast_head":"<!-- This site is optimized with the Yoast SEO plugin v27.3 - https:\/\/yoast.com\/product\/yoast-seo-wordpress\/ -->\n<title>Un hommage plus que m\u00e9rit\u00e9 ! - ESM Foot<\/title>\n<meta name=\"robots\" content=\"index, follow, max-snippet:-1, max-image-preview:large, max-video-preview:-1\" \/>\n<link rel=\"canonical\" href=\"https:\/\/www.etoilesportivemontoise.fr\/football\/2019\/05\/hommage-plus-merite\/\" \/>\n<meta property=\"og:locale\" content=\"fr_FR\" \/>\n<meta property=\"og:type\" content=\"article\" \/>\n<meta property=\"og:title\" content=\"Un hommage plus que m\u00e9rit\u00e9 ! - ESM Foot\" \/>\n<meta property=\"og:description\" content=\"Le samedi 11 mai 2019, Maxime GUICHARD a coach\u00e9 pour la derni\u00e8re fois \u00e0 domicile notre \u00e9quipe premi\u00e8re, l\u2019occasion pour tous les stellistes de le remercier pour son apport essentiel \u00e0 notre club\u2026 &nbsp; En effet, durant ces 6 derni\u00e8res ann\u00e9es, Maxime a rempli avec...\" \/>\n<meta property=\"og:url\" content=\"https:\/\/www.etoilesportivemontoise.fr\/football\/2019\/05\/hommage-plus-merite\/\" \/>\n<meta property=\"og:site_name\" content=\"ESM Foot\" \/>\n<meta property=\"article:published_time\" content=\"2019-05-16T20:25:03+00:00\" \/>\n<meta property=\"article:modified_time\" content=\"2024-03-24T17:13:25+00:00\" \/>\n<meta property=\"og:image\" content=\"https:\/\/www.etoilesportivemontoise.fr\/content\/uploads\/sites\/2\/2019\/05\/0.png\" \/>\n\t<meta property=\"og:image:width\" content=\"1280\" \/>\n\t<meta property=\"og:image:height\" content=\"720\" \/>\n\t<meta property=\"og:image:type\" content=\"image\/png\" \/>\n<meta name=\"author\" content=\"Etoile Sportive Montoise\" \/>\n<meta name=\"twitter:label1\" content=\"\u00c9crit par\" \/>\n\t<meta name=\"twitter:data1\" content=\"Etoile Sportive Montoise\" \/>\n\t<meta name=\"twitter:label2\" content=\"Dur\u00e9e de lecture estim\u00e9e\" \/>\n\t<meta name=\"twitter:data2\" content=\"1 minute\" \/>\n<script type=\"application\/ld+json\" class=\"yoast-schema-graph\">{\"@context\":\"https:\\\/\\\/schema.org\",\"@graph\":[{\"@type\":\"Article\",\"@id\":\"https:\\\/\\\/www.etoilesportivemontoise.fr\\\/football\\\/2019\\\/05\\\/hommage-plus-merite\\\/#article\",\"isPartOf\":{\"@id\":\"https:\\\/\\\/www.etoilesportivemontoise.fr\\\/football\\\/2019\\\/05\\\/hommage-plus-merite\\\/\"},\"author\":{\"name\":\"Etoile Sportive Montoise\",\"@id\":\"https:\\\/\\\/www.etoilesportivemontoise.fr\\\/football\\\/#\\\/schema\\\/person\\\/086018f55be7afba6497239267808ac7\"},\"headline\":\"Un hommage plus que m\u00e9rit\u00e9 !\",\"datePublished\":\"2019-05-16T20:25:03+00:00\",\"dateModified\":\"2024-03-24T17:13:25+00:00\",\"mainEntityOfPage\":{\"@id\":\"https:\\\/\\\/www.etoilesportivemontoise.fr\\\/football\\\/2019\\\/05\\\/hommage-plus-merite\\\/\"},\"wordCount\":187,\"image\":{\"@id\":\"https:\\\/\\\/www.etoilesportivemontoise.fr\\\/football\\\/2019\\\/05\\\/hommage-plus-merite\\\/#primaryimage\"},\"thumbnailUrl\":\"https:\\\/\\\/www.etoilesportivemontoise.fr\\\/content\\\/uploads\\\/sites\\\/2\\\/2019\\\/05\\\/0.png\",\"articleSection\":[\"Actualit\u00e9s\"],\"inLanguage\":\"fr-FR\"},{\"@type\":\"WebPage\",\"@id\":\"https:\\\/\\\/www.etoilesportivemontoise.fr\\\/football\\\/2019\\\/05\\\/hommage-plus-merite\\\/\",\"url\":\"https:\\\/\\\/www.etoilesportivemontoise.fr\\\/football\\\/2019\\\/05\\\/hommage-plus-merite\\\/\",\"name\":\"Un hommage plus que m\u00e9rit\u00e9 ! - ESM Foot\",\"isPartOf\":{\"@id\":\"https:\\\/\\\/www.etoilesportivemontoise.fr\\\/football\\\/#website\"},\"primaryImageOfPage\":{\"@id\":\"https:\\\/\\\/www.etoilesportivemontoise.fr\\\/football\\\/2019\\\/05\\\/hommage-plus-merite\\\/#primaryimage\"},\"image\":{\"@id\":\"https:\\\/\\\/www.etoilesportivemontoise.fr\\\/football\\\/2019\\\/05\\\/hommage-plus-merite\\\/#primaryimage\"},\"thumbnailUrl\":\"https:\\\/\\\/www.etoilesportivemontoise.fr\\\/content\\\/uploads\\\/sites\\\/2\\\/2019\\\/05\\\/0.png\",\"datePublished\":\"2019-05-16T20:25:03+00:00\",\"dateModified\":\"2024-03-24T17:13:25+00:00\",\"author\":{\"@id\":\"https:\\\/\\\/www.etoilesportivemontoise.fr\\\/football\\\/#\\\/schema\\\/person\\\/086018f55be7afba6497239267808ac7\"},\"breadcrumb\":{\"@id\":\"https:\\\/\\\/www.etoilesportivemontoise.fr\\\/football\\\/2019\\\/05\\\/hommage-plus-merite\\\/#breadcrumb\"},\"inLanguage\":\"fr-FR\",\"potentialAction\":[{\"@type\":\"ReadAction\",\"target\":[\"https:\\\/\\\/www.etoilesportivemontoise.fr\\\/football\\\/2019\\\/05\\\/hommage-plus-merite\\\/\"]}]},{\"@type\":\"ImageObject\",\"inLanguage\":\"fr-FR\",\"@id\":\"https:\\\/\\\/www.etoilesportivemontoise.fr\\\/football\\\/2019\\\/05\\\/hommage-plus-merite\\\/#primaryimage\",\"url\":\"https:\\\/\\\/www.etoilesportivemontoise.fr\\\/content\\\/uploads\\\/sites\\\/2\\\/2019\\\/05\\\/0.png\",\"contentUrl\":\"https:\\\/\\\/www.etoilesportivemontoise.fr\\\/content\\\/uploads\\\/sites\\\/2\\\/2019\\\/05\\\/0.png\",\"width\":1280,\"height\":720},{\"@type\":\"BreadcrumbList\",\"@id\":\"https:\\\/\\\/www.etoilesportivemontoise.fr\\\/football\\\/2019\\\/05\\\/hommage-plus-merite\\\/#breadcrumb\",\"itemListElement\":[{\"@type\":\"ListItem\",\"position\":1,\"name\":\"Accueil\",\"item\":\"https:\\\/\\\/www.etoilesportivemontoise.fr\\\/football\\\/\"},{\"@type\":\"ListItem\",\"position\":2,\"name\":\"Un hommage plus que m\u00e9rit\u00e9 !\"}]},{\"@type\":\"WebSite\",\"@id\":\"https:\\\/\\\/www.etoilesportivemontoise.fr\\\/football\\\/#website\",\"url\":\"https:\\\/\\\/www.etoilesportivemontoise.fr\\\/football\\\/\",\"name\":\"ESM Foot\",\"description\":\"Club Football Mont de Marsan\",\"potentialAction\":[{\"@type\":\"SearchAction\",\"target\":{\"@type\":\"EntryPoint\",\"urlTemplate\":\"https:\\\/\\\/www.etoilesportivemontoise.fr\\\/football\\\/?s={search_term_string}\"},\"query-input\":{\"@type\":\"PropertyValueSpecification\",\"valueRequired\":true,\"valueName\":\"search_term_string\"}}],\"inLanguage\":\"fr-FR\"},{\"@type\":\"Person\",\"@id\":\"https:\\\/\\\/www.etoilesportivemontoise.fr\\\/football\\\/#\\\/schema\\\/person\\\/086018f55be7afba6497239267808ac7\",\"name\":\"Etoile Sportive Montoise\",\"image\":{\"@type\":\"ImageObject\",\"inLanguage\":\"fr-FR\",\"@id\":\"https:\\\/\\\/secure.gravatar.com\\\/avatar\\\/d8bc9e65811140f45b582330fd33b5b51b3271be8ec53b6731b9baa947fd2274?s=96&d=mm&r=g\",\"url\":\"https:\\\/\\\/secure.gravatar.com\\\/avatar\\\/d8bc9e65811140f45b582330fd33b5b51b3271be8ec53b6731b9baa947fd2274?s=96&d=mm&r=g\",\"contentUrl\":\"https:\\\/\\\/secure.gravatar.com\\\/avatar\\\/d8bc9e65811140f45b582330fd33b5b51b3271be8ec53b6731b9baa947fd2274?s=96&d=mm&r=g\",\"caption\":\"Etoile Sportive Montoise\"},\"url\":\"https:\\\/\\\/www.etoilesportivemontoise.fr\\\/football\\\/aka\\\/f187ac93935e960922bc7af0b852b8ae6fd33f67\\\/\"}]}<\/script>\n<!-- \/ Yoast SEO plugin. -->","yoast_head_json":{"title":"Un hommage plus que m\u00e9rit\u00e9 ! - ESM Foot","robots":{"index":"index","follow":"follow","max-snippet":"max-snippet:-1","max-image-preview":"max-image-preview:large","max-video-preview":"max-video-preview:-1"},"canonical":"https:\/\/www.etoilesportivemontoise.fr\/football\/2019\/05\/hommage-plus-merite\/","og_locale":"fr_FR","og_type":"article","og_title":"Un hommage plus que m\u00e9rit\u00e9 ! - ESM Foot","og_description":"Le samedi 11 mai 2019, Maxime GUICHARD a coach\u00e9 pour la derni\u00e8re fois \u00e0 domicile notre \u00e9quipe premi\u00e8re, l\u2019occasion pour tous les stellistes de le remercier pour son apport essentiel \u00e0 notre club\u2026 &nbsp; En effet, durant ces 6 derni\u00e8res ann\u00e9es, Maxime a rempli avec...","og_url":"https:\/\/www.etoilesportivemontoise.fr\/football\/2019\/05\/hommage-plus-merite\/","og_site_name":"ESM Foot","article_published_time":"2019-05-16T20:25:03+00:00","article_modified_time":"2024-03-24T17:13:25+00:00","og_image":[{"width":1280,"height":720,"url":"https:\/\/www.etoilesportivemontoise.fr\/content\/uploads\/sites\/2\/2019\/05\/0.png","type":"image\/png"}],"author":"Etoile Sportive Montoise","twitter_misc":{"\u00c9crit par":"Etoile Sportive Montoise","Dur\u00e9e de lecture estim\u00e9e":"1 minute"},"schema":{"@context":"https:\/\/schema.org","@graph":[{"@type":"Article","@id":"https:\/\/www.etoilesportivemontoise.fr\/football\/2019\/05\/hommage-plus-merite\/#article","isPartOf":{"@id":"https:\/\/www.etoilesportivemontoise.fr\/football\/2019\/05\/hommage-plus-merite\/"},"author":{"name":"Etoile Sportive Montoise","@id":"https:\/\/www.etoilesportivemontoise.fr\/football\/#\/schema\/person\/086018f55be7afba6497239267808ac7"},"headline":"Un hommage plus que m\u00e9rit\u00e9 !","datePublished":"2019-05-16T20:25:03+00:00","dateModified":"2024-03-24T17:13:25+00:00","mainEntityOfPage":{"@id":"https:\/\/www.etoilesportivemontoise.fr\/football\/2019\/05\/hommage-plus-merite\/"},"wordCount":187,"image":{"@id":"https:\/\/www.etoilesportivemontoise.fr\/football\/2019\/05\/hommage-plus-merite\/#primaryimage"},"thumbnailUrl":"https:\/\/www.etoilesportivemontoise.fr\/content\/uploads\/sites\/2\/2019\/05\/0.png","articleSection":["Actualit\u00e9s"],"inLanguage":"fr-FR"},{"@type":"WebPage","@id":"https:\/\/www.etoilesportivemontoise.fr\/football\/2019\/05\/hommage-plus-merite\/","url":"https:\/\/www.etoilesportivemontoise.fr\/football\/2019\/05\/hommage-plus-merite\/","name":"Un hommage plus que m\u00e9rit\u00e9 ! - ESM Foot","isPartOf":{"@id":"https:\/\/www.etoilesportivemontoise.fr\/football\/#website"},"primaryImageOfPage":{"@id":"https:\/\/www.etoilesportivemontoise.fr\/football\/2019\/05\/hommage-plus-merite\/#primaryimage"},"image":{"@id":"https:\/\/www.etoilesportivemontoise.fr\/football\/2019\/05\/hommage-plus-merite\/#primaryimage"},"thumbnailUrl":"https:\/\/www.etoilesportivemontoise.fr\/content\/uploads\/sites\/2\/2019\/05\/0.png","datePublished":"2019-05-16T20:25:03+00:00","dateModified":"2024-03-24T17:13:25+00:00","author":{"@id":"https:\/\/www.etoilesportivemontoise.fr\/football\/#\/schema\/person\/086018f55be7afba6497239267808ac7"},"breadcrumb":{"@id":"https:\/\/www.etoilesportivemontoise.fr\/football\/2019\/05\/hommage-plus-merite\/#breadcrumb"},"inLanguage":"fr-FR","potentialAction":[{"@type":"ReadAction","target":["https:\/\/www.etoilesportivemontoise.fr\/football\/2019\/05\/hommage-plus-merite\/"]}]},{"@type":"ImageObject","inLanguage":"fr-FR","@id":"https:\/\/www.etoilesportivemontoise.fr\/football\/2019\/05\/hommage-plus-merite\/#primaryimage","url":"https:\/\/www.etoilesportivemontoise.fr\/content\/uploads\/sites\/2\/2019\/05\/0.png","contentUrl":"https:\/\/www.etoilesportivemontoise.fr\/content\/uploads\/sites\/2\/2019\/05\/0.png","width":1280,"height":720},{"@type":"BreadcrumbList","@id":"https:\/\/www.etoilesportivemontoise.fr\/football\/2019\/05\/hommage-plus-merite\/#breadcrumb","itemListElement":[{"@type":"ListItem","position":1,"name":"Accueil","item":"https:\/\/www.etoilesportivemontoise.fr\/football\/"},{"@type":"ListItem","position":2,"name":"Un hommage plus que m\u00e9rit\u00e9 !"}]},{"@type":"WebSite","@id":"https:\/\/www.etoilesportivemontoise.fr\/football\/#website","url":"https:\/\/www.etoilesportivemontoise.fr\/football\/","name":"ESM Foot","description":"Club Football Mont de Marsan","potentialAction":[{"@type":"SearchAction","target":{"@type":"EntryPoint","urlTemplate":"https:\/\/www.etoilesportivemontoise.fr\/football\/?s={search_term_string}"},"query-input":{"@type":"PropertyValueSpecification","valueRequired":true,"valueName":"search_term_string"}}],"inLanguage":"fr-FR"},{"@type":"Person","@id":"https:\/\/www.etoilesportivemontoise.fr\/football\/#\/schema\/person\/086018f55be7afba6497239267808ac7","name":"Etoile Sportive Montoise","image":{"@type":"ImageObject","inLanguage":"fr-FR","@id":"https:\/\/secure.gravatar.com\/avatar\/d8bc9e65811140f45b582330fd33b5b51b3271be8ec53b6731b9baa947fd2274?s=96&d=mm&r=g","url":"https:\/\/secure.gravatar.com\/avatar\/d8bc9e65811140f45b582330fd33b5b51b3271be8ec53b6731b9baa947fd2274?s=96&d=mm&r=g","contentUrl":"https:\/\/secure.gravatar.com\/avatar\/d8bc9e65811140f45b582330fd33b5b51b3271be8ec53b6731b9baa947fd2274?s=96&d=mm&r=g","caption":"Etoile Sportive Montoise"},"url":"https:\/\/www.etoilesportivemontoise.fr\/football\/aka\/f187ac93935e960922bc7af0b852b8ae6fd33f67\/"}]}},"_links":{"self":[{"href":"https:\/\/www.etoilesportivemontoise.fr\/football\/wp-json\/wp\/v2\/posts\/4472","targetHints":{"allow":["GET"]}}],"collection":[{"href":"https:\/\/www.etoilesportivemontoise.fr\/football\/wp-json\/wp\/v2\/posts"}],"about":[{"href":"https:\/\/www.etoilesportivemontoise.fr\/football\/wp-json\/wp\/v2\/types\/post"}],"author":[{"embeddable":true,"href":"https:\/\/www.etoilesportivemontoise.fr\/football\/wp-json\/wp\/v2\/users\/26"}],"replies":[{"embeddable":true,"href":"https:\/\/www.etoilesportivemontoise.fr\/football\/wp-json\/wp\/v2\/comments?post=4472"}],"version-history":[{"count":3,"href":"https:\/\/www.etoilesportivemontoise.fr\/football\/wp-json\/wp\/v2\/posts\/4472\/revisions"}],"predecessor-version":[{"id":4476,"href":"https:\/\/www.etoilesportivemontoise.fr\/football\/wp-json\/wp\/v2\/posts\/4472\/revisions\/4476"}],"wp:featuredmedia":[{"embeddable":true,"href":"https:\/\/www.etoilesportivemontoise.fr\/football\/wp-json\/wp\/v2\/media\/4474"}],"wp:attachment":[{"href":"https:\/\/www.etoilesportivemontoise.fr\/football\/wp-json\/wp\/v2\/media?parent=4472"}],"wp:term":[{"taxonomy":"category","embeddable":true,"href":"https:\/\/www.etoilesportivemontoise.fr\/football\/wp-json\/wp\/v2\/categories?post=4472"},{"taxonomy":"post_tag","embeddable":true,"href":"https:\/\/www.etoilesportivemontoise.fr\/football\/wp-json\/wp\/v2\/tags?post=4472"}],"curies":[{"name":"wp","href":"https:\/\/api.w.org\/{rel}","templated":true}]}}