{"id":4500,"date":"2019-09-26T16:51:18","date_gmt":"2019-09-26T15:51:18","guid":{"rendered":"http:\/\/www.etoilesportivemontoise.fr\/football\/?p=4500"},"modified":"2024-03-24T18:13:24","modified_gmt":"2024-03-24T17:13:24","slug":"club-honore-chere-katia","status":"publish","type":"post","link":"https:\/\/www.etoilesportivemontoise.fr\/football\/2019\/09\/club-honore-chere-katia\/","title":{"rendered":"Le club honore notre ch\u00e8re Katia"},"content":{"rendered":"<p>Le club souhaitait marquer un hommage particulier \u00e0 notre d\u00e9vou\u00e9e b\u00e9n\u00e9vole KATIA DUMAS-BADET disparue trop t\u00f4t&#8230;<\/p>\n<p>&nbsp;<\/p>\n<p>C&rsquo;est d\u00e9sormais chose faite, puisqu&rsquo;en accord avec la ville de Mont de Marsan, le terrain d&rsquo;honneur du complexe Jacques Foix portera d\u00e9sormais son nom.<\/p>\n<p>&nbsp;<\/p>\n<p>Une modeste c\u00e9r\u00e9monie, \u00e0 laquelle nous ont fait le plaisir de participer Charles Dayot, maire de la ville, ainsi que son adjoint charg\u00e9 des sports Farid Heba, accompagn\u00e9s de Chantal Planchenault, conseill\u00e8re municipale,\u00a0sans oublier Philippe Camiade, Pr\u00e9sident de l&rsquo;Etoile Omnisport, a permis de d\u00e9voiler, en pr\u00e9sence de sa famille, le panneau qui d\u00e9sormais marquera l&rsquo;entr\u00e9e du terrain si cher\u00a0au c\u0153ur de\u00a0notre amie&#8230;<\/p>\n<p>&nbsp;<\/p>\n<script type=\"text\/javascript\">jQuery(function() { _initLayerSlider( '#layerslider_3_1j2wyvruit9yz', {sliderVersion: '', responsiveUnder: 0, layersContainer: 0, hideUnder: 0, hideOver: 100000, skin: 'v5', sliderFadeInDuration: 350, thumbnailNavigation: 'disabled', useSrcset: true, skinsPath: 'https:\/\/www.etoilesportivemontoise.fr\/content\/plugins\/LayerSlider\/assets\/static\/layerslider\/skins\/', type: 'responsive', showCircleTimer: false, performanceMode: true}); });<\/script><div id=\"layerslider_3_1j2wyvruit9yz\" class=\"ls-wp-container fitvidsignore\" style=\"width:600px;height:300px;margin:0 auto;margin-bottom: 0px;\"><div class=\"ls-slide\" data-ls=\"duration:4000;\"><img loading=\"lazy\" decoding=\"async\" width=\"600\" height=\"300\" src=\"https:\/\/www.etoilesportivemontoise.fr\/content\/uploads\/sites\/2\/2019\/09\/IMG_3158-1.jpg\" class=\"ls-l ls-img-layer\" alt=\"\" srcset=\"https:\/\/www.etoilesportivemontoise.fr\/content\/uploads\/sites\/2\/2019\/09\/IMG_3158-1.jpg 600w, https:\/\/www.etoilesportivemontoise.fr\/content\/uploads\/sites\/2\/2019\/09\/IMG_3158-1-300x150.jpg 300w\" sizes=\"auto, (max-width: 600px) 100vw, 600px\" style=\"width:;height:;padding-top:;padding-right:;padding-bottom:;padding-left:;border-top:;border-right:;border-bottom:;border-left:;font-family:;font-size:;line-height:;color:;background:;border-radius:;top:0px;left:0px;\" data-ls=\"offsetxin:80;offsetxout:-80;durationout:400;parallaxlevel:0;\"><\/div><div class=\"ls-slide\" data-ls=\"duration:4000;\"><img loading=\"lazy\" decoding=\"async\" width=\"600\" height=\"300\" src=\"https:\/\/www.etoilesportivemontoise.fr\/content\/uploads\/sites\/2\/2019\/09\/IMG_3188-2.jpg\" class=\"ls-l ls-img-layer\" alt=\"\" srcset=\"https:\/\/www.etoilesportivemontoise.fr\/content\/uploads\/sites\/2\/2019\/09\/IMG_3188-2.jpg 600w, https:\/\/www.etoilesportivemontoise.fr\/content\/uploads\/sites\/2\/2019\/09\/IMG_3188-2-300x150.jpg 300w\" sizes=\"auto, (max-width: 600px) 100vw, 600px\" style=\"width:;height:;padding-top:;padding-right:;padding-bottom:;padding-left:;border-top:;border-right:;border-bottom:;border-left:;font-family:;font-size:;line-height:;color:;background:;border-radius:;top:0px;left:0px;\" data-ls=\"offsetxin:80;offsetxout:-80;durationout:400;parallaxlevel:0;\"><\/div><div class=\"ls-slide\" data-ls=\"duration:4000;\"><img loading=\"lazy\" decoding=\"async\" width=\"600\" height=\"300\" src=\"https:\/\/www.etoilesportivemontoise.fr\/content\/uploads\/sites\/2\/2019\/09\/IMG_3196-1.jpg\" class=\"ls-l ls-img-layer\" alt=\"\" srcset=\"https:\/\/www.etoilesportivemontoise.fr\/content\/uploads\/sites\/2\/2019\/09\/IMG_3196-1.jpg 600w, https:\/\/www.etoilesportivemontoise.fr\/content\/uploads\/sites\/2\/2019\/09\/IMG_3196-1-300x150.jpg 300w\" sizes=\"auto, (max-width: 600px) 100vw, 600px\" style=\"width:;height:;padding-top:;padding-right:;padding-bottom:;padding-left:;border-top:;border-right:;border-bottom:;border-left:;font-family:;font-size:;line-height:;color:;background:;border-radius:;top:0px;left:0px;\" data-ls=\"offsetxin:80;offsetxout:-80;durationout:400;parallaxlevel:0;\"><\/div><div class=\"ls-slide\" data-ls=\"duration:4000;\"><img loading=\"lazy\" decoding=\"async\" width=\"600\" height=\"300\" src=\"https:\/\/www.etoilesportivemontoise.fr\/content\/uploads\/sites\/2\/2019\/09\/IMG_3178-2.jpg\" class=\"ls-l ls-img-layer\" alt=\"\" srcset=\"https:\/\/www.etoilesportivemontoise.fr\/content\/uploads\/sites\/2\/2019\/09\/IMG_3178-2.jpg 600w, https:\/\/www.etoilesportivemontoise.fr\/content\/uploads\/sites\/2\/2019\/09\/IMG_3178-2-300x150.jpg 300w\" sizes=\"auto, (max-width: 600px) 100vw, 600px\" style=\"width:;height:;padding-top:;padding-right:;padding-bottom:;padding-left:;border-top:;border-right:;border-bottom:;border-left:;font-family:;font-size:;line-height:;color:;background:;border-radius:;top:0px;left:0px;\" data-ls=\"offsetxin:80;offsetxout:-80;durationout:400;parallaxlevel:0;\"><\/div><div class=\"ls-slide\" data-ls=\"duration:4000;\"><img loading=\"lazy\" decoding=\"async\" width=\"600\" height=\"300\" src=\"https:\/\/www.etoilesportivemontoise.fr\/content\/uploads\/sites\/2\/2019\/09\/IMG_3178-3.jpg\" class=\"ls-l ls-img-layer\" alt=\"\" srcset=\"https:\/\/www.etoilesportivemontoise.fr\/content\/uploads\/sites\/2\/2019\/09\/IMG_3178-3.jpg 600w, https:\/\/www.etoilesportivemontoise.fr\/content\/uploads\/sites\/2\/2019\/09\/IMG_3178-3-300x150.jpg 300w\" sizes=\"auto, (max-width: 600px) 100vw, 600px\" style=\"width:;height:;padding-top:;padding-right:;padding-bottom:;padding-left:;border-top:;border-right:;border-bottom:;border-left:;font-family:;font-size:;line-height:;color:;background:;border-radius:;top:0px;left:0px;\" data-ls=\"offsetxin:80;offsetxout:-80;durationout:400;parallaxlevel:0;\"><\/div><div class=\"ls-slide\" data-ls=\"duration:4000;\"><img loading=\"lazy\" decoding=\"async\" width=\"600\" height=\"300\" src=\"https:\/\/www.etoilesportivemontoise.fr\/content\/uploads\/sites\/2\/2019\/09\/IMG_3196-2.jpg\" class=\"ls-l ls-img-layer\" alt=\"\" srcset=\"https:\/\/www.etoilesportivemontoise.fr\/content\/uploads\/sites\/2\/2019\/09\/IMG_3196-2.jpg 600w, https:\/\/www.etoilesportivemontoise.fr\/content\/uploads\/sites\/2\/2019\/09\/IMG_3196-2-300x150.jpg 300w\" sizes=\"auto, (max-width: 600px) 100vw, 600px\" style=\"width:;height:;padding-top:;padding-right:;padding-bottom:;padding-left:;border-top:;border-right:;border-bottom:;border-left:;font-family:;font-size:;line-height:;color:;background:;border-radius:;top:0px;left:0px;\" data-ls=\"offsetxin:80;offsetxout:-80;durationout:400;parallaxlevel:0;\"><\/div><div class=\"ls-slide\" data-ls=\"duration:4000;\"><img loading=\"lazy\" decoding=\"async\" width=\"600\" height=\"300\" src=\"https:\/\/www.etoilesportivemontoise.fr\/content\/uploads\/sites\/2\/2019\/09\/20190921_183555-1.jpg\" class=\"ls-l ls-img-layer\" alt=\"\" srcset=\"https:\/\/www.etoilesportivemontoise.fr\/content\/uploads\/sites\/2\/2019\/09\/20190921_183555-1.jpg 600w, https:\/\/www.etoilesportivemontoise.fr\/content\/uploads\/sites\/2\/2019\/09\/20190921_183555-1-300x150.jpg 300w\" sizes=\"auto, (max-width: 600px) 100vw, 600px\" style=\"width:;height:;padding-top:;padding-right:;padding-bottom:;padding-left:;border-top:;border-right:;border-bottom:;border-left:;font-family:;font-size:;line-height:;color:;background:;border-radius:;top:0px;left:0px;\" data-ls=\"offsetxin:80;offsetxout:-80;durationout:400;parallaxlevel:0;\"><\/div><div class=\"ls-slide\" data-ls=\"duration:4000;\"><img loading=\"lazy\" decoding=\"async\" width=\"600\" height=\"300\" src=\"https:\/\/www.etoilesportivemontoise.fr\/content\/uploads\/sites\/2\/2019\/09\/IMG_3236-3.jpg\" class=\"ls-l ls-img-layer\" alt=\"\" srcset=\"https:\/\/www.etoilesportivemontoise.fr\/content\/uploads\/sites\/2\/2019\/09\/IMG_3236-3.jpg 600w, https:\/\/www.etoilesportivemontoise.fr\/content\/uploads\/sites\/2\/2019\/09\/IMG_3236-3-300x150.jpg 300w\" sizes=\"auto, (max-width: 600px) 100vw, 600px\" style=\"width:;height:;padding-top:;padding-right:;padding-bottom:;padding-left:;border-top:;border-right:;border-bottom:;border-left:;font-family:;font-size:;line-height:;color:;background:;border-radius:;top:0px;left:0px;\" data-ls=\"offsetxin:80;offsetxout:-80;durationout:400;parallaxlevel:0;\"><\/div><\/div>\n","protected":false},"excerpt":{"rendered":"<p>Le club souhaitait marquer un hommage particulier \u00e0 notre d\u00e9vou\u00e9e b\u00e9n\u00e9vole KATIA DUMAS-BADET disparue trop t\u00f4t&#8230; &nbsp; C&rsquo;est d\u00e9sormais chose faite, puisqu&rsquo;en accord avec la ville de Mont de Marsan, le terrain d&rsquo;honneur du complexe Jacques Foix portera d\u00e9sormais son nom. &nbsp; Une modeste c\u00e9r\u00e9monie,&#8230;<\/p>\n","protected":false},"author":26,"featured_media":4529,"comment_status":"closed","ping_status":"closed","sticky":false,"template":"","format":"standard","meta":{"footnotes":""},"categories":[27],"tags":[],"class_list":["post-4500","post","type-post","status-publish","format-standard","has-post-thumbnail","hentry","category-actualites"],"yoast_head":"<!-- This site is optimized with the Yoast SEO plugin v27.3 - https:\/\/yoast.com\/product\/yoast-seo-wordpress\/ -->\n<title>Le club honore notre ch\u00e8re Katia - ESM Foot<\/title>\n<meta name=\"robots\" content=\"index, follow, max-snippet:-1, max-image-preview:large, max-video-preview:-1\" \/>\n<link rel=\"canonical\" href=\"https:\/\/www.etoilesportivemontoise.fr\/football\/2019\/09\/club-honore-chere-katia\/\" \/>\n<meta property=\"og:locale\" content=\"fr_FR\" \/>\n<meta property=\"og:type\" content=\"article\" \/>\n<meta property=\"og:title\" content=\"Le club honore notre ch\u00e8re Katia - ESM Foot\" \/>\n<meta property=\"og:description\" content=\"Le club souhaitait marquer un hommage particulier \u00e0 notre d\u00e9vou\u00e9e b\u00e9n\u00e9vole KATIA DUMAS-BADET disparue trop t\u00f4t&#8230; &nbsp; C&rsquo;est d\u00e9sormais chose faite, puisqu&rsquo;en accord avec la ville de Mont de Marsan, le terrain d&rsquo;honneur du complexe Jacques Foix portera d\u00e9sormais son nom. &nbsp; Une modeste c\u00e9r\u00e9monie,...\" \/>\n<meta property=\"og:url\" content=\"https:\/\/www.etoilesportivemontoise.fr\/football\/2019\/09\/club-honore-chere-katia\/\" \/>\n<meta property=\"og:site_name\" content=\"ESM Foot\" \/>\n<meta property=\"article:published_time\" content=\"2019-09-26T15:51:18+00:00\" \/>\n<meta property=\"article:modified_time\" content=\"2024-03-24T17:13:24+00:00\" \/>\n<meta property=\"og:image\" content=\"https:\/\/www.etoilesportivemontoise.fr\/content\/uploads\/sites\/2\/2019\/09\/20190921_185419.jpg\" \/>\n\t<meta property=\"og:image:width\" content=\"2801\" \/>\n\t<meta property=\"og:image:height\" content=\"1873\" \/>\n\t<meta property=\"og:image:type\" content=\"image\/jpeg\" \/>\n<meta name=\"author\" content=\"Etoile Sportive Montoise\" \/>\n<meta name=\"twitter:label1\" content=\"\u00c9crit par\" \/>\n\t<meta name=\"twitter:data1\" content=\"Etoile Sportive Montoise\" \/>\n\t<meta name=\"twitter:label2\" content=\"Dur\u00e9e de lecture estim\u00e9e\" \/>\n\t<meta name=\"twitter:data2\" content=\"1 minute\" \/>\n<script type=\"application\/ld+json\" class=\"yoast-schema-graph\">{\"@context\":\"https:\\\/\\\/schema.org\",\"@graph\":[{\"@type\":\"Article\",\"@id\":\"https:\\\/\\\/www.etoilesportivemontoise.fr\\\/football\\\/2019\\\/09\\\/club-honore-chere-katia\\\/#article\",\"isPartOf\":{\"@id\":\"https:\\\/\\\/www.etoilesportivemontoise.fr\\\/football\\\/2019\\\/09\\\/club-honore-chere-katia\\\/\"},\"author\":{\"name\":\"Etoile Sportive Montoise\",\"@id\":\"https:\\\/\\\/www.etoilesportivemontoise.fr\\\/football\\\/#\\\/schema\\\/person\\\/086018f55be7afba6497239267808ac7\"},\"headline\":\"Le club honore notre ch\u00e8re Katia\",\"datePublished\":\"2019-09-26T15:51:18+00:00\",\"dateModified\":\"2024-03-24T17:13:24+00:00\",\"mainEntityOfPage\":{\"@id\":\"https:\\\/\\\/www.etoilesportivemontoise.fr\\\/football\\\/2019\\\/09\\\/club-honore-chere-katia\\\/\"},\"wordCount\":137,\"image\":{\"@id\":\"https:\\\/\\\/www.etoilesportivemontoise.fr\\\/football\\\/2019\\\/09\\\/club-honore-chere-katia\\\/#primaryimage\"},\"thumbnailUrl\":\"https:\\\/\\\/www.etoilesportivemontoise.fr\\\/content\\\/uploads\\\/sites\\\/2\\\/2019\\\/09\\\/20190921_185419.jpg\",\"articleSection\":[\"Actualit\u00e9s\"],\"inLanguage\":\"fr-FR\"},{\"@type\":\"WebPage\",\"@id\":\"https:\\\/\\\/www.etoilesportivemontoise.fr\\\/football\\\/2019\\\/09\\\/club-honore-chere-katia\\\/\",\"url\":\"https:\\\/\\\/www.etoilesportivemontoise.fr\\\/football\\\/2019\\\/09\\\/club-honore-chere-katia\\\/\",\"name\":\"Le club honore notre ch\u00e8re Katia - ESM Foot\",\"isPartOf\":{\"@id\":\"https:\\\/\\\/www.etoilesportivemontoise.fr\\\/football\\\/#website\"},\"primaryImageOfPage\":{\"@id\":\"https:\\\/\\\/www.etoilesportivemontoise.fr\\\/football\\\/2019\\\/09\\\/club-honore-chere-katia\\\/#primaryimage\"},\"image\":{\"@id\":\"https:\\\/\\\/www.etoilesportivemontoise.fr\\\/football\\\/2019\\\/09\\\/club-honore-chere-katia\\\/#primaryimage\"},\"thumbnailUrl\":\"https:\\\/\\\/www.etoilesportivemontoise.fr\\\/content\\\/uploads\\\/sites\\\/2\\\/2019\\\/09\\\/20190921_185419.jpg\",\"datePublished\":\"2019-09-26T15:51:18+00:00\",\"dateModified\":\"2024-03-24T17:13:24+00:00\",\"author\":{\"@id\":\"https:\\\/\\\/www.etoilesportivemontoise.fr\\\/football\\\/#\\\/schema\\\/person\\\/086018f55be7afba6497239267808ac7\"},\"breadcrumb\":{\"@id\":\"https:\\\/\\\/www.etoilesportivemontoise.fr\\\/football\\\/2019\\\/09\\\/club-honore-chere-katia\\\/#breadcrumb\"},\"inLanguage\":\"fr-FR\",\"potentialAction\":[{\"@type\":\"ReadAction\",\"target\":[\"https:\\\/\\\/www.etoilesportivemontoise.fr\\\/football\\\/2019\\\/09\\\/club-honore-chere-katia\\\/\"]}]},{\"@type\":\"ImageObject\",\"inLanguage\":\"fr-FR\",\"@id\":\"https:\\\/\\\/www.etoilesportivemontoise.fr\\\/football\\\/2019\\\/09\\\/club-honore-chere-katia\\\/#primaryimage\",\"url\":\"https:\\\/\\\/www.etoilesportivemontoise.fr\\\/content\\\/uploads\\\/sites\\\/2\\\/2019\\\/09\\\/20190921_185419.jpg\",\"contentUrl\":\"https:\\\/\\\/www.etoilesportivemontoise.fr\\\/content\\\/uploads\\\/sites\\\/2\\\/2019\\\/09\\\/20190921_185419.jpg\",\"width\":2801,\"height\":1873},{\"@type\":\"BreadcrumbList\",\"@id\":\"https:\\\/\\\/www.etoilesportivemontoise.fr\\\/football\\\/2019\\\/09\\\/club-honore-chere-katia\\\/#breadcrumb\",\"itemListElement\":[{\"@type\":\"ListItem\",\"position\":1,\"name\":\"Accueil\",\"item\":\"https:\\\/\\\/www.etoilesportivemontoise.fr\\\/football\\\/\"},{\"@type\":\"ListItem\",\"position\":2,\"name\":\"Le club honore notre ch\u00e8re Katia\"}]},{\"@type\":\"WebSite\",\"@id\":\"https:\\\/\\\/www.etoilesportivemontoise.fr\\\/football\\\/#website\",\"url\":\"https:\\\/\\\/www.etoilesportivemontoise.fr\\\/football\\\/\",\"name\":\"ESM Foot\",\"description\":\"Club Football Mont de Marsan\",\"potentialAction\":[{\"@type\":\"SearchAction\",\"target\":{\"@type\":\"EntryPoint\",\"urlTemplate\":\"https:\\\/\\\/www.etoilesportivemontoise.fr\\\/football\\\/?s={search_term_string}\"},\"query-input\":{\"@type\":\"PropertyValueSpecification\",\"valueRequired\":true,\"valueName\":\"search_term_string\"}}],\"inLanguage\":\"fr-FR\"},{\"@type\":\"Person\",\"@id\":\"https:\\\/\\\/www.etoilesportivemontoise.fr\\\/football\\\/#\\\/schema\\\/person\\\/086018f55be7afba6497239267808ac7\",\"name\":\"Etoile Sportive Montoise\",\"image\":{\"@type\":\"ImageObject\",\"inLanguage\":\"fr-FR\",\"@id\":\"https:\\\/\\\/secure.gravatar.com\\\/avatar\\\/d8bc9e65811140f45b582330fd33b5b51b3271be8ec53b6731b9baa947fd2274?s=96&d=mm&r=g\",\"url\":\"https:\\\/\\\/secure.gravatar.com\\\/avatar\\\/d8bc9e65811140f45b582330fd33b5b51b3271be8ec53b6731b9baa947fd2274?s=96&d=mm&r=g\",\"contentUrl\":\"https:\\\/\\\/secure.gravatar.com\\\/avatar\\\/d8bc9e65811140f45b582330fd33b5b51b3271be8ec53b6731b9baa947fd2274?s=96&d=mm&r=g\",\"caption\":\"Etoile Sportive Montoise\"},\"url\":\"https:\\\/\\\/www.etoilesportivemontoise.fr\\\/football\\\/aka\\\/f187ac93935e960922bc7af0b852b8ae6fd33f67\\\/\"}]}<\/script>\n<!-- \/ Yoast SEO plugin. -->","yoast_head_json":{"title":"Le club honore notre ch\u00e8re Katia - ESM Foot","robots":{"index":"index","follow":"follow","max-snippet":"max-snippet:-1","max-image-preview":"max-image-preview:large","max-video-preview":"max-video-preview:-1"},"canonical":"https:\/\/www.etoilesportivemontoise.fr\/football\/2019\/09\/club-honore-chere-katia\/","og_locale":"fr_FR","og_type":"article","og_title":"Le club honore notre ch\u00e8re Katia - ESM Foot","og_description":"Le club souhaitait marquer un hommage particulier \u00e0 notre d\u00e9vou\u00e9e b\u00e9n\u00e9vole KATIA DUMAS-BADET disparue trop t\u00f4t&#8230; &nbsp; C&rsquo;est d\u00e9sormais chose faite, puisqu&rsquo;en accord avec la ville de Mont de Marsan, le terrain d&rsquo;honneur du complexe Jacques Foix portera d\u00e9sormais son nom. &nbsp; Une modeste c\u00e9r\u00e9monie,...","og_url":"https:\/\/www.etoilesportivemontoise.fr\/football\/2019\/09\/club-honore-chere-katia\/","og_site_name":"ESM Foot","article_published_time":"2019-09-26T15:51:18+00:00","article_modified_time":"2024-03-24T17:13:24+00:00","og_image":[{"width":2801,"height":1873,"url":"https:\/\/www.etoilesportivemontoise.fr\/content\/uploads\/sites\/2\/2019\/09\/20190921_185419.jpg","type":"image\/jpeg"}],"author":"Etoile Sportive Montoise","twitter_misc":{"\u00c9crit par":"Etoile Sportive Montoise","Dur\u00e9e de lecture estim\u00e9e":"1 minute"},"schema":{"@context":"https:\/\/schema.org","@graph":[{"@type":"Article","@id":"https:\/\/www.etoilesportivemontoise.fr\/football\/2019\/09\/club-honore-chere-katia\/#article","isPartOf":{"@id":"https:\/\/www.etoilesportivemontoise.fr\/football\/2019\/09\/club-honore-chere-katia\/"},"author":{"name":"Etoile Sportive Montoise","@id":"https:\/\/www.etoilesportivemontoise.fr\/football\/#\/schema\/person\/086018f55be7afba6497239267808ac7"},"headline":"Le club honore notre ch\u00e8re Katia","datePublished":"2019-09-26T15:51:18+00:00","dateModified":"2024-03-24T17:13:24+00:00","mainEntityOfPage":{"@id":"https:\/\/www.etoilesportivemontoise.fr\/football\/2019\/09\/club-honore-chere-katia\/"},"wordCount":137,"image":{"@id":"https:\/\/www.etoilesportivemontoise.fr\/football\/2019\/09\/club-honore-chere-katia\/#primaryimage"},"thumbnailUrl":"https:\/\/www.etoilesportivemontoise.fr\/content\/uploads\/sites\/2\/2019\/09\/20190921_185419.jpg","articleSection":["Actualit\u00e9s"],"inLanguage":"fr-FR"},{"@type":"WebPage","@id":"https:\/\/www.etoilesportivemontoise.fr\/football\/2019\/09\/club-honore-chere-katia\/","url":"https:\/\/www.etoilesportivemontoise.fr\/football\/2019\/09\/club-honore-chere-katia\/","name":"Le club honore notre ch\u00e8re Katia - ESM Foot","isPartOf":{"@id":"https:\/\/www.etoilesportivemontoise.fr\/football\/#website"},"primaryImageOfPage":{"@id":"https:\/\/www.etoilesportivemontoise.fr\/football\/2019\/09\/club-honore-chere-katia\/#primaryimage"},"image":{"@id":"https:\/\/www.etoilesportivemontoise.fr\/football\/2019\/09\/club-honore-chere-katia\/#primaryimage"},"thumbnailUrl":"https:\/\/www.etoilesportivemontoise.fr\/content\/uploads\/sites\/2\/2019\/09\/20190921_185419.jpg","datePublished":"2019-09-26T15:51:18+00:00","dateModified":"2024-03-24T17:13:24+00:00","author":{"@id":"https:\/\/www.etoilesportivemontoise.fr\/football\/#\/schema\/person\/086018f55be7afba6497239267808ac7"},"breadcrumb":{"@id":"https:\/\/www.etoilesportivemontoise.fr\/football\/2019\/09\/club-honore-chere-katia\/#breadcrumb"},"inLanguage":"fr-FR","potentialAction":[{"@type":"ReadAction","target":["https:\/\/www.etoilesportivemontoise.fr\/football\/2019\/09\/club-honore-chere-katia\/"]}]},{"@type":"ImageObject","inLanguage":"fr-FR","@id":"https:\/\/www.etoilesportivemontoise.fr\/football\/2019\/09\/club-honore-chere-katia\/#primaryimage","url":"https:\/\/www.etoilesportivemontoise.fr\/content\/uploads\/sites\/2\/2019\/09\/20190921_185419.jpg","contentUrl":"https:\/\/www.etoilesportivemontoise.fr\/content\/uploads\/sites\/2\/2019\/09\/20190921_185419.jpg","width":2801,"height":1873},{"@type":"BreadcrumbList","@id":"https:\/\/www.etoilesportivemontoise.fr\/football\/2019\/09\/club-honore-chere-katia\/#breadcrumb","itemListElement":[{"@type":"ListItem","position":1,"name":"Accueil","item":"https:\/\/www.etoilesportivemontoise.fr\/football\/"},{"@type":"ListItem","position":2,"name":"Le club honore notre ch\u00e8re Katia"}]},{"@type":"WebSite","@id":"https:\/\/www.etoilesportivemontoise.fr\/football\/#website","url":"https:\/\/www.etoilesportivemontoise.fr\/football\/","name":"ESM Foot","description":"Club Football Mont de Marsan","potentialAction":[{"@type":"SearchAction","target":{"@type":"EntryPoint","urlTemplate":"https:\/\/www.etoilesportivemontoise.fr\/football\/?s={search_term_string}"},"query-input":{"@type":"PropertyValueSpecification","valueRequired":true,"valueName":"search_term_string"}}],"inLanguage":"fr-FR"},{"@type":"Person","@id":"https:\/\/www.etoilesportivemontoise.fr\/football\/#\/schema\/person\/086018f55be7afba6497239267808ac7","name":"Etoile Sportive Montoise","image":{"@type":"ImageObject","inLanguage":"fr-FR","@id":"https:\/\/secure.gravatar.com\/avatar\/d8bc9e65811140f45b582330fd33b5b51b3271be8ec53b6731b9baa947fd2274?s=96&d=mm&r=g","url":"https:\/\/secure.gravatar.com\/avatar\/d8bc9e65811140f45b582330fd33b5b51b3271be8ec53b6731b9baa947fd2274?s=96&d=mm&r=g","contentUrl":"https:\/\/secure.gravatar.com\/avatar\/d8bc9e65811140f45b582330fd33b5b51b3271be8ec53b6731b9baa947fd2274?s=96&d=mm&r=g","caption":"Etoile Sportive Montoise"},"url":"https:\/\/www.etoilesportivemontoise.fr\/football\/aka\/f187ac93935e960922bc7af0b852b8ae6fd33f67\/"}]}},"_links":{"self":[{"href":"https:\/\/www.etoilesportivemontoise.fr\/football\/wp-json\/wp\/v2\/posts\/4500","targetHints":{"allow":["GET"]}}],"collection":[{"href":"https:\/\/www.etoilesportivemontoise.fr\/football\/wp-json\/wp\/v2\/posts"}],"about":[{"href":"https:\/\/www.etoilesportivemontoise.fr\/football\/wp-json\/wp\/v2\/types\/post"}],"author":[{"embeddable":true,"href":"https:\/\/www.etoilesportivemontoise.fr\/football\/wp-json\/wp\/v2\/users\/26"}],"replies":[{"embeddable":true,"href":"https:\/\/www.etoilesportivemontoise.fr\/football\/wp-json\/wp\/v2\/comments?post=4500"}],"version-history":[{"count":5,"href":"https:\/\/www.etoilesportivemontoise.fr\/football\/wp-json\/wp\/v2\/posts\/4500\/revisions"}],"predecessor-version":[{"id":4538,"href":"https:\/\/www.etoilesportivemontoise.fr\/football\/wp-json\/wp\/v2\/posts\/4500\/revisions\/4538"}],"wp:featuredmedia":[{"embeddable":true,"href":"https:\/\/www.etoilesportivemontoise.fr\/football\/wp-json\/wp\/v2\/media\/4529"}],"wp:attachment":[{"href":"https:\/\/www.etoilesportivemontoise.fr\/football\/wp-json\/wp\/v2\/media?parent=4500"}],"wp:term":[{"taxonomy":"category","embeddable":true,"href":"https:\/\/www.etoilesportivemontoise.fr\/football\/wp-json\/wp\/v2\/categories?post=4500"},{"taxonomy":"post_tag","embeddable":true,"href":"https:\/\/www.etoilesportivemontoise.fr\/football\/wp-json\/wp\/v2\/tags?post=4500"}],"curies":[{"name":"wp","href":"https:\/\/api.w.org\/{rel}","templated":true}]}}