{"id":4623,"date":"2020-05-04T20:09:00","date_gmt":"2020-05-04T19:09:00","guid":{"rendered":"https:\/\/www.etoilesportivemontoise.fr\/football\/?p=4623"},"modified":"2024-03-24T18:13:24","modified_gmt":"2024-03-24T17:13:24","slug":"le-staff-technique-de-lesm-se-renforce","status":"publish","type":"post","link":"https:\/\/www.etoilesportivemontoise.fr\/football\/2020\/05\/le-staff-technique-de-lesm-se-renforce\/","title":{"rendered":"Le staff technique de l\u2019ESM se renforce !"},"content":{"rendered":"<p>Apr\u00e8s le go\u00fbt d\u2019inachev\u00e9 de cette fin de saison, perturb\u00e9e par la situation sanitaire, nous sommes heureux de vous confirmer que l\u2019\u00e9quipe technique de l\u2019Etoile sportive montoise football entend poursuivre sur sa bonne dynamique pour l\u2019ann\u00e9e prochaine.<!--more--><\/p>\n<p>Le comit\u00e9 directeur a le plaisir de vous annoncer la venue du technicien Maxime Guichard qui viendra apporter son exp\u00e9rience dans l\u2019encadrement du groupe seniors.<\/p>\n<p>Il reviendra en qualit\u00e9 de responsable seniors et co-entra\u00eeneur de l\u2019\u00e9quipe fanion avec Lolo Anies qui assumera aussi la fonction de responsable technique du club.<\/p>\n<p>La volont\u00e9 de renforcer l\u2019encadrement de notre \u00e9quipe r\u00e9serve pr\u00e9sente, c\u2019est tout naturellement que Vincent Auguchon et Jos\u00e9 DE SA CORREIA ont accept\u00e9s de co-entra\u00eener accompagn\u00e9 de Franck Lagonnelle.<\/p>\n<p>On n\u2019oublie pas notre Christian \u00ab Finda \u00bb LETOURNEUX toujours fid\u00e8le au poste d\u2019entra\u00eeneur gardiens, et pour la saison prochaine coach-adjoint senior 1 !<\/p>\n<p>Gr\u00e2ce \u00e0 la conjugaison de la comp\u00e9tence et de l\u2019exp\u00e9rience de ce collectif, soud\u00e9 et complice, nous avons la volont\u00e9 de renforcer l\u2019attractivit\u00e9 du club et le faire encore grandir sur le plan technique.<\/p>\n<p>En esp\u00e9rant que la saison \u00e0 venir tienne toutes ces promesses, nous souhaitons bonne chance \u00e0 tous nos techniciens !<\/p>\n","protected":false},"excerpt":{"rendered":"<p>Apr\u00e8s le go\u00fbt d\u2019inachev\u00e9 de cette fin de saison, perturb\u00e9e par la situation sanitaire, nous sommes heureux de vous confirmer que l\u2019\u00e9quipe technique de l\u2019Etoile sportive montoise football entend poursuivre sur sa bonne dynamique pour l\u2019ann\u00e9e prochaine.<\/p>\n","protected":false},"author":29,"featured_media":4624,"comment_status":"closed","ping_status":"closed","sticky":false,"template":"","format":"standard","meta":{"footnotes":""},"categories":[27],"tags":[],"class_list":["post-4623","post","type-post","status-publish","format-standard","has-post-thumbnail","hentry","category-actualites"],"yoast_head":"<!-- This site is optimized with the Yoast SEO plugin v27.3 - https:\/\/yoast.com\/product\/yoast-seo-wordpress\/ -->\n<title>Le staff technique de l\u2019ESM se renforce ! - ESM Foot<\/title>\n<meta name=\"robots\" content=\"index, follow, max-snippet:-1, max-image-preview:large, max-video-preview:-1\" \/>\n<link rel=\"canonical\" href=\"https:\/\/www.etoilesportivemontoise.fr\/football\/2020\/05\/le-staff-technique-de-lesm-se-renforce\/\" \/>\n<meta property=\"og:locale\" content=\"fr_FR\" \/>\n<meta property=\"og:type\" content=\"article\" \/>\n<meta property=\"og:title\" content=\"Le staff technique de l\u2019ESM se renforce ! - ESM Foot\" \/>\n<meta property=\"og:description\" content=\"Apr\u00e8s le go\u00fbt d\u2019inachev\u00e9 de cette fin de saison, perturb\u00e9e par la situation sanitaire, nous sommes heureux de vous confirmer que l\u2019\u00e9quipe technique de l\u2019Etoile sportive montoise football entend poursuivre sur sa bonne dynamique pour l\u2019ann\u00e9e prochaine.\" \/>\n<meta property=\"og:url\" content=\"https:\/\/www.etoilesportivemontoise.fr\/football\/2020\/05\/le-staff-technique-de-lesm-se-renforce\/\" \/>\n<meta property=\"og:site_name\" content=\"ESM Foot\" \/>\n<meta property=\"article:published_time\" content=\"2020-05-04T19:09:00+00:00\" \/>\n<meta property=\"article:modified_time\" content=\"2024-03-24T17:13:24+00:00\" \/>\n<meta property=\"og:image\" content=\"https:\/\/www.etoilesportivemontoise.fr\/content\/uploads\/sites\/2\/2020\/05\/Lolomax.jpg\" \/>\n\t<meta property=\"og:image:width\" content=\"1149\" \/>\n\t<meta property=\"og:image:height\" content=\"736\" \/>\n\t<meta property=\"og:image:type\" content=\"image\/jpeg\" \/>\n<meta name=\"author\" content=\"drobino\" \/>\n<meta name=\"twitter:label1\" content=\"\u00c9crit par\" \/>\n\t<meta name=\"twitter:data1\" content=\"drobino\" \/>\n\t<meta name=\"twitter:label2\" content=\"Dur\u00e9e de lecture estim\u00e9e\" \/>\n\t<meta name=\"twitter:data2\" content=\"1 minute\" \/>\n<script type=\"application\/ld+json\" class=\"yoast-schema-graph\">{\"@context\":\"https:\\\/\\\/schema.org\",\"@graph\":[{\"@type\":\"Article\",\"@id\":\"https:\\\/\\\/www.etoilesportivemontoise.fr\\\/football\\\/2020\\\/05\\\/le-staff-technique-de-lesm-se-renforce\\\/#article\",\"isPartOf\":{\"@id\":\"https:\\\/\\\/www.etoilesportivemontoise.fr\\\/football\\\/2020\\\/05\\\/le-staff-technique-de-lesm-se-renforce\\\/\"},\"author\":{\"name\":\"drobino\",\"@id\":\"https:\\\/\\\/www.etoilesportivemontoise.fr\\\/football\\\/#\\\/schema\\\/person\\\/32b149c0a4568e3b2372eeffb84980d7\"},\"headline\":\"Le staff technique de l\u2019ESM se renforce !\",\"datePublished\":\"2020-05-04T19:09:00+00:00\",\"dateModified\":\"2024-03-24T17:13:24+00:00\",\"mainEntityOfPage\":{\"@id\":\"https:\\\/\\\/www.etoilesportivemontoise.fr\\\/football\\\/2020\\\/05\\\/le-staff-technique-de-lesm-se-renforce\\\/\"},\"wordCount\":222,\"image\":{\"@id\":\"https:\\\/\\\/www.etoilesportivemontoise.fr\\\/football\\\/2020\\\/05\\\/le-staff-technique-de-lesm-se-renforce\\\/#primaryimage\"},\"thumbnailUrl\":\"https:\\\/\\\/www.etoilesportivemontoise.fr\\\/content\\\/uploads\\\/sites\\\/2\\\/2020\\\/05\\\/Lolomax.jpg\",\"articleSection\":[\"Actualit\u00e9s\"],\"inLanguage\":\"fr-FR\"},{\"@type\":\"WebPage\",\"@id\":\"https:\\\/\\\/www.etoilesportivemontoise.fr\\\/football\\\/2020\\\/05\\\/le-staff-technique-de-lesm-se-renforce\\\/\",\"url\":\"https:\\\/\\\/www.etoilesportivemontoise.fr\\\/football\\\/2020\\\/05\\\/le-staff-technique-de-lesm-se-renforce\\\/\",\"name\":\"Le staff technique de l\u2019ESM se renforce ! - ESM Foot\",\"isPartOf\":{\"@id\":\"https:\\\/\\\/www.etoilesportivemontoise.fr\\\/football\\\/#website\"},\"primaryImageOfPage\":{\"@id\":\"https:\\\/\\\/www.etoilesportivemontoise.fr\\\/football\\\/2020\\\/05\\\/le-staff-technique-de-lesm-se-renforce\\\/#primaryimage\"},\"image\":{\"@id\":\"https:\\\/\\\/www.etoilesportivemontoise.fr\\\/football\\\/2020\\\/05\\\/le-staff-technique-de-lesm-se-renforce\\\/#primaryimage\"},\"thumbnailUrl\":\"https:\\\/\\\/www.etoilesportivemontoise.fr\\\/content\\\/uploads\\\/sites\\\/2\\\/2020\\\/05\\\/Lolomax.jpg\",\"datePublished\":\"2020-05-04T19:09:00+00:00\",\"dateModified\":\"2024-03-24T17:13:24+00:00\",\"author\":{\"@id\":\"https:\\\/\\\/www.etoilesportivemontoise.fr\\\/football\\\/#\\\/schema\\\/person\\\/32b149c0a4568e3b2372eeffb84980d7\"},\"breadcrumb\":{\"@id\":\"https:\\\/\\\/www.etoilesportivemontoise.fr\\\/football\\\/2020\\\/05\\\/le-staff-technique-de-lesm-se-renforce\\\/#breadcrumb\"},\"inLanguage\":\"fr-FR\",\"potentialAction\":[{\"@type\":\"ReadAction\",\"target\":[\"https:\\\/\\\/www.etoilesportivemontoise.fr\\\/football\\\/2020\\\/05\\\/le-staff-technique-de-lesm-se-renforce\\\/\"]}]},{\"@type\":\"ImageObject\",\"inLanguage\":\"fr-FR\",\"@id\":\"https:\\\/\\\/www.etoilesportivemontoise.fr\\\/football\\\/2020\\\/05\\\/le-staff-technique-de-lesm-se-renforce\\\/#primaryimage\",\"url\":\"https:\\\/\\\/www.etoilesportivemontoise.fr\\\/content\\\/uploads\\\/sites\\\/2\\\/2020\\\/05\\\/Lolomax.jpg\",\"contentUrl\":\"https:\\\/\\\/www.etoilesportivemontoise.fr\\\/content\\\/uploads\\\/sites\\\/2\\\/2020\\\/05\\\/Lolomax.jpg\",\"width\":1149,\"height\":736},{\"@type\":\"BreadcrumbList\",\"@id\":\"https:\\\/\\\/www.etoilesportivemontoise.fr\\\/football\\\/2020\\\/05\\\/le-staff-technique-de-lesm-se-renforce\\\/#breadcrumb\",\"itemListElement\":[{\"@type\":\"ListItem\",\"position\":1,\"name\":\"Accueil\",\"item\":\"https:\\\/\\\/www.etoilesportivemontoise.fr\\\/football\\\/\"},{\"@type\":\"ListItem\",\"position\":2,\"name\":\"Le staff technique de l\u2019ESM se renforce !\"}]},{\"@type\":\"WebSite\",\"@id\":\"https:\\\/\\\/www.etoilesportivemontoise.fr\\\/football\\\/#website\",\"url\":\"https:\\\/\\\/www.etoilesportivemontoise.fr\\\/football\\\/\",\"name\":\"ESM Foot\",\"description\":\"Club Football Mont de Marsan\",\"potentialAction\":[{\"@type\":\"SearchAction\",\"target\":{\"@type\":\"EntryPoint\",\"urlTemplate\":\"https:\\\/\\\/www.etoilesportivemontoise.fr\\\/football\\\/?s={search_term_string}\"},\"query-input\":{\"@type\":\"PropertyValueSpecification\",\"valueRequired\":true,\"valueName\":\"search_term_string\"}}],\"inLanguage\":\"fr-FR\"},{\"@type\":\"Person\",\"@id\":\"https:\\\/\\\/www.etoilesportivemontoise.fr\\\/football\\\/#\\\/schema\\\/person\\\/32b149c0a4568e3b2372eeffb84980d7\",\"name\":\"drobino\",\"image\":{\"@type\":\"ImageObject\",\"inLanguage\":\"fr-FR\",\"@id\":\"https:\\\/\\\/secure.gravatar.com\\\/avatar\\\/4c4ebb0107d2a7b7a74ac6c303483321a0538c2c71043c62672ca1885182b093?s=96&d=mm&r=g\",\"url\":\"https:\\\/\\\/secure.gravatar.com\\\/avatar\\\/4c4ebb0107d2a7b7a74ac6c303483321a0538c2c71043c62672ca1885182b093?s=96&d=mm&r=g\",\"contentUrl\":\"https:\\\/\\\/secure.gravatar.com\\\/avatar\\\/4c4ebb0107d2a7b7a74ac6c303483321a0538c2c71043c62672ca1885182b093?s=96&d=mm&r=g\",\"caption\":\"drobino\"},\"url\":\"https:\\\/\\\/www.etoilesportivemontoise.fr\\\/football\\\/aka\\\/4e43f598fc1377a04021956cdf391a6471bff660\\\/\"}]}<\/script>\n<!-- \/ Yoast SEO plugin. -->","yoast_head_json":{"title":"Le staff technique de l\u2019ESM se renforce ! - ESM Foot","robots":{"index":"index","follow":"follow","max-snippet":"max-snippet:-1","max-image-preview":"max-image-preview:large","max-video-preview":"max-video-preview:-1"},"canonical":"https:\/\/www.etoilesportivemontoise.fr\/football\/2020\/05\/le-staff-technique-de-lesm-se-renforce\/","og_locale":"fr_FR","og_type":"article","og_title":"Le staff technique de l\u2019ESM se renforce ! - ESM Foot","og_description":"Apr\u00e8s le go\u00fbt d\u2019inachev\u00e9 de cette fin de saison, perturb\u00e9e par la situation sanitaire, nous sommes heureux de vous confirmer que l\u2019\u00e9quipe technique de l\u2019Etoile sportive montoise football entend poursuivre sur sa bonne dynamique pour l\u2019ann\u00e9e prochaine.","og_url":"https:\/\/www.etoilesportivemontoise.fr\/football\/2020\/05\/le-staff-technique-de-lesm-se-renforce\/","og_site_name":"ESM Foot","article_published_time":"2020-05-04T19:09:00+00:00","article_modified_time":"2024-03-24T17:13:24+00:00","og_image":[{"width":1149,"height":736,"url":"https:\/\/www.etoilesportivemontoise.fr\/content\/uploads\/sites\/2\/2020\/05\/Lolomax.jpg","type":"image\/jpeg"}],"author":"drobino","twitter_misc":{"\u00c9crit par":"drobino","Dur\u00e9e de lecture estim\u00e9e":"1 minute"},"schema":{"@context":"https:\/\/schema.org","@graph":[{"@type":"Article","@id":"https:\/\/www.etoilesportivemontoise.fr\/football\/2020\/05\/le-staff-technique-de-lesm-se-renforce\/#article","isPartOf":{"@id":"https:\/\/www.etoilesportivemontoise.fr\/football\/2020\/05\/le-staff-technique-de-lesm-se-renforce\/"},"author":{"name":"drobino","@id":"https:\/\/www.etoilesportivemontoise.fr\/football\/#\/schema\/person\/32b149c0a4568e3b2372eeffb84980d7"},"headline":"Le staff technique de l\u2019ESM se renforce !","datePublished":"2020-05-04T19:09:00+00:00","dateModified":"2024-03-24T17:13:24+00:00","mainEntityOfPage":{"@id":"https:\/\/www.etoilesportivemontoise.fr\/football\/2020\/05\/le-staff-technique-de-lesm-se-renforce\/"},"wordCount":222,"image":{"@id":"https:\/\/www.etoilesportivemontoise.fr\/football\/2020\/05\/le-staff-technique-de-lesm-se-renforce\/#primaryimage"},"thumbnailUrl":"https:\/\/www.etoilesportivemontoise.fr\/content\/uploads\/sites\/2\/2020\/05\/Lolomax.jpg","articleSection":["Actualit\u00e9s"],"inLanguage":"fr-FR"},{"@type":"WebPage","@id":"https:\/\/www.etoilesportivemontoise.fr\/football\/2020\/05\/le-staff-technique-de-lesm-se-renforce\/","url":"https:\/\/www.etoilesportivemontoise.fr\/football\/2020\/05\/le-staff-technique-de-lesm-se-renforce\/","name":"Le staff technique de l\u2019ESM se renforce ! - ESM Foot","isPartOf":{"@id":"https:\/\/www.etoilesportivemontoise.fr\/football\/#website"},"primaryImageOfPage":{"@id":"https:\/\/www.etoilesportivemontoise.fr\/football\/2020\/05\/le-staff-technique-de-lesm-se-renforce\/#primaryimage"},"image":{"@id":"https:\/\/www.etoilesportivemontoise.fr\/football\/2020\/05\/le-staff-technique-de-lesm-se-renforce\/#primaryimage"},"thumbnailUrl":"https:\/\/www.etoilesportivemontoise.fr\/content\/uploads\/sites\/2\/2020\/05\/Lolomax.jpg","datePublished":"2020-05-04T19:09:00+00:00","dateModified":"2024-03-24T17:13:24+00:00","author":{"@id":"https:\/\/www.etoilesportivemontoise.fr\/football\/#\/schema\/person\/32b149c0a4568e3b2372eeffb84980d7"},"breadcrumb":{"@id":"https:\/\/www.etoilesportivemontoise.fr\/football\/2020\/05\/le-staff-technique-de-lesm-se-renforce\/#breadcrumb"},"inLanguage":"fr-FR","potentialAction":[{"@type":"ReadAction","target":["https:\/\/www.etoilesportivemontoise.fr\/football\/2020\/05\/le-staff-technique-de-lesm-se-renforce\/"]}]},{"@type":"ImageObject","inLanguage":"fr-FR","@id":"https:\/\/www.etoilesportivemontoise.fr\/football\/2020\/05\/le-staff-technique-de-lesm-se-renforce\/#primaryimage","url":"https:\/\/www.etoilesportivemontoise.fr\/content\/uploads\/sites\/2\/2020\/05\/Lolomax.jpg","contentUrl":"https:\/\/www.etoilesportivemontoise.fr\/content\/uploads\/sites\/2\/2020\/05\/Lolomax.jpg","width":1149,"height":736},{"@type":"BreadcrumbList","@id":"https:\/\/www.etoilesportivemontoise.fr\/football\/2020\/05\/le-staff-technique-de-lesm-se-renforce\/#breadcrumb","itemListElement":[{"@type":"ListItem","position":1,"name":"Accueil","item":"https:\/\/www.etoilesportivemontoise.fr\/football\/"},{"@type":"ListItem","position":2,"name":"Le staff technique de l\u2019ESM se renforce !"}]},{"@type":"WebSite","@id":"https:\/\/www.etoilesportivemontoise.fr\/football\/#website","url":"https:\/\/www.etoilesportivemontoise.fr\/football\/","name":"ESM Foot","description":"Club Football Mont de Marsan","potentialAction":[{"@type":"SearchAction","target":{"@type":"EntryPoint","urlTemplate":"https:\/\/www.etoilesportivemontoise.fr\/football\/?s={search_term_string}"},"query-input":{"@type":"PropertyValueSpecification","valueRequired":true,"valueName":"search_term_string"}}],"inLanguage":"fr-FR"},{"@type":"Person","@id":"https:\/\/www.etoilesportivemontoise.fr\/football\/#\/schema\/person\/32b149c0a4568e3b2372eeffb84980d7","name":"drobino","image":{"@type":"ImageObject","inLanguage":"fr-FR","@id":"https:\/\/secure.gravatar.com\/avatar\/4c4ebb0107d2a7b7a74ac6c303483321a0538c2c71043c62672ca1885182b093?s=96&d=mm&r=g","url":"https:\/\/secure.gravatar.com\/avatar\/4c4ebb0107d2a7b7a74ac6c303483321a0538c2c71043c62672ca1885182b093?s=96&d=mm&r=g","contentUrl":"https:\/\/secure.gravatar.com\/avatar\/4c4ebb0107d2a7b7a74ac6c303483321a0538c2c71043c62672ca1885182b093?s=96&d=mm&r=g","caption":"drobino"},"url":"https:\/\/www.etoilesportivemontoise.fr\/football\/aka\/4e43f598fc1377a04021956cdf391a6471bff660\/"}]}},"_links":{"self":[{"href":"https:\/\/www.etoilesportivemontoise.fr\/football\/wp-json\/wp\/v2\/posts\/4623","targetHints":{"allow":["GET"]}}],"collection":[{"href":"https:\/\/www.etoilesportivemontoise.fr\/football\/wp-json\/wp\/v2\/posts"}],"about":[{"href":"https:\/\/www.etoilesportivemontoise.fr\/football\/wp-json\/wp\/v2\/types\/post"}],"author":[{"embeddable":true,"href":"https:\/\/www.etoilesportivemontoise.fr\/football\/wp-json\/wp\/v2\/users\/29"}],"replies":[{"embeddable":true,"href":"https:\/\/www.etoilesportivemontoise.fr\/football\/wp-json\/wp\/v2\/comments?post=4623"}],"version-history":[{"count":1,"href":"https:\/\/www.etoilesportivemontoise.fr\/football\/wp-json\/wp\/v2\/posts\/4623\/revisions"}],"predecessor-version":[{"id":4625,"href":"https:\/\/www.etoilesportivemontoise.fr\/football\/wp-json\/wp\/v2\/posts\/4623\/revisions\/4625"}],"wp:featuredmedia":[{"embeddable":true,"href":"https:\/\/www.etoilesportivemontoise.fr\/football\/wp-json\/wp\/v2\/media\/4624"}],"wp:attachment":[{"href":"https:\/\/www.etoilesportivemontoise.fr\/football\/wp-json\/wp\/v2\/media?parent=4623"}],"wp:term":[{"taxonomy":"category","embeddable":true,"href":"https:\/\/www.etoilesportivemontoise.fr\/football\/wp-json\/wp\/v2\/categories?post=4623"},{"taxonomy":"post_tag","embeddable":true,"href":"https:\/\/www.etoilesportivemontoise.fr\/football\/wp-json\/wp\/v2\/tags?post=4623"}],"curies":[{"name":"wp","href":"https:\/\/api.w.org\/{rel}","templated":true}]}}