{"id":4627,"date":"2020-05-08T10:03:55","date_gmt":"2020-05-08T09:03:55","guid":{"rendered":"https:\/\/www.etoilesportivemontoise.fr\/football\/?p=4627"},"modified":"2024-03-24T18:13:24","modified_gmt":"2024-03-24T17:13:24","slug":"le-pole-feminin-recrute","status":"publish","type":"post","link":"https:\/\/www.etoilesportivemontoise.fr\/football\/2020\/05\/le-pole-feminin-recrute\/","title":{"rendered":"Le p\u00f4le f\u00e9minin recrute !"},"content":{"rendered":"<p>Venez rejoindre cette superbe \u00e9quipe : vous ne serez pas d\u00e9\u00e7ue !<\/p>\n","protected":false},"excerpt":{"rendered":"<p>Venez rejoindre cette superbe \u00e9quipe : vous ne serez pas d\u00e9\u00e7ue !<\/p>\n","protected":false},"author":29,"featured_media":4628,"comment_status":"closed","ping_status":"closed","sticky":false,"template":"","format":"standard","meta":{"footnotes":""},"categories":[27],"tags":[],"class_list":["post-4627","post","type-post","status-publish","format-standard","has-post-thumbnail","hentry","category-actualites"],"yoast_head":"<!-- This site is optimized with the Yoast SEO plugin v27.3 - https:\/\/yoast.com\/product\/yoast-seo-wordpress\/ -->\n<title>Le p\u00f4le f\u00e9minin recrute ! - ESM Foot<\/title>\n<meta name=\"robots\" content=\"index, follow, max-snippet:-1, max-image-preview:large, max-video-preview:-1\" \/>\n<link rel=\"canonical\" href=\"https:\/\/www.etoilesportivemontoise.fr\/football\/2020\/05\/le-pole-feminin-recrute\/\" \/>\n<meta property=\"og:locale\" content=\"fr_FR\" \/>\n<meta property=\"og:type\" content=\"article\" \/>\n<meta property=\"og:title\" content=\"Le p\u00f4le f\u00e9minin recrute ! - ESM Foot\" \/>\n<meta property=\"og:description\" content=\"Venez rejoindre cette superbe \u00e9quipe : vous ne serez pas d\u00e9\u00e7ue !\" \/>\n<meta property=\"og:url\" content=\"https:\/\/www.etoilesportivemontoise.fr\/football\/2020\/05\/le-pole-feminin-recrute\/\" \/>\n<meta property=\"og:site_name\" content=\"ESM Foot\" \/>\n<meta property=\"article:published_time\" content=\"2020-05-08T09:03:55+00:00\" \/>\n<meta property=\"article:modified_time\" content=\"2024-03-24T17:13:24+00:00\" \/>\n<meta property=\"og:image\" content=\"https:\/\/www.etoilesportivemontoise.fr\/content\/uploads\/sites\/2\/2020\/05\/fly_recrut_new20-21-scaled.jpg\" \/>\n\t<meta property=\"og:image:width\" content=\"1863\" \/>\n\t<meta property=\"og:image:height\" content=\"2560\" \/>\n\t<meta property=\"og:image:type\" content=\"image\/jpeg\" \/>\n<meta name=\"author\" content=\"drobino\" \/>\n<meta name=\"twitter:label1\" content=\"\u00c9crit par\" \/>\n\t<meta name=\"twitter:data1\" content=\"drobino\" \/>\n<script type=\"application\/ld+json\" class=\"yoast-schema-graph\">{\"@context\":\"https:\\\/\\\/schema.org\",\"@graph\":[{\"@type\":\"Article\",\"@id\":\"https:\\\/\\\/www.etoilesportivemontoise.fr\\\/football\\\/2020\\\/05\\\/le-pole-feminin-recrute\\\/#article\",\"isPartOf\":{\"@id\":\"https:\\\/\\\/www.etoilesportivemontoise.fr\\\/football\\\/2020\\\/05\\\/le-pole-feminin-recrute\\\/\"},\"author\":{\"name\":\"drobino\",\"@id\":\"https:\\\/\\\/www.etoilesportivemontoise.fr\\\/football\\\/#\\\/schema\\\/person\\\/32b149c0a4568e3b2372eeffb84980d7\"},\"headline\":\"Le p\u00f4le f\u00e9minin recrute !\",\"datePublished\":\"2020-05-08T09:03:55+00:00\",\"dateModified\":\"2024-03-24T17:13:24+00:00\",\"mainEntityOfPage\":{\"@id\":\"https:\\\/\\\/www.etoilesportivemontoise.fr\\\/football\\\/2020\\\/05\\\/le-pole-feminin-recrute\\\/\"},\"wordCount\":17,\"image\":{\"@id\":\"https:\\\/\\\/www.etoilesportivemontoise.fr\\\/football\\\/2020\\\/05\\\/le-pole-feminin-recrute\\\/#primaryimage\"},\"thumbnailUrl\":\"https:\\\/\\\/www.etoilesportivemontoise.fr\\\/content\\\/uploads\\\/sites\\\/2\\\/2020\\\/05\\\/fly_recrut_new20-21-scaled.jpg\",\"articleSection\":[\"Actualit\u00e9s\"],\"inLanguage\":\"fr-FR\"},{\"@type\":\"WebPage\",\"@id\":\"https:\\\/\\\/www.etoilesportivemontoise.fr\\\/football\\\/2020\\\/05\\\/le-pole-feminin-recrute\\\/\",\"url\":\"https:\\\/\\\/www.etoilesportivemontoise.fr\\\/football\\\/2020\\\/05\\\/le-pole-feminin-recrute\\\/\",\"name\":\"Le p\u00f4le f\u00e9minin recrute ! - ESM Foot\",\"isPartOf\":{\"@id\":\"https:\\\/\\\/www.etoilesportivemontoise.fr\\\/football\\\/#website\"},\"primaryImageOfPage\":{\"@id\":\"https:\\\/\\\/www.etoilesportivemontoise.fr\\\/football\\\/2020\\\/05\\\/le-pole-feminin-recrute\\\/#primaryimage\"},\"image\":{\"@id\":\"https:\\\/\\\/www.etoilesportivemontoise.fr\\\/football\\\/2020\\\/05\\\/le-pole-feminin-recrute\\\/#primaryimage\"},\"thumbnailUrl\":\"https:\\\/\\\/www.etoilesportivemontoise.fr\\\/content\\\/uploads\\\/sites\\\/2\\\/2020\\\/05\\\/fly_recrut_new20-21-scaled.jpg\",\"datePublished\":\"2020-05-08T09:03:55+00:00\",\"dateModified\":\"2024-03-24T17:13:24+00:00\",\"author\":{\"@id\":\"https:\\\/\\\/www.etoilesportivemontoise.fr\\\/football\\\/#\\\/schema\\\/person\\\/32b149c0a4568e3b2372eeffb84980d7\"},\"breadcrumb\":{\"@id\":\"https:\\\/\\\/www.etoilesportivemontoise.fr\\\/football\\\/2020\\\/05\\\/le-pole-feminin-recrute\\\/#breadcrumb\"},\"inLanguage\":\"fr-FR\",\"potentialAction\":[{\"@type\":\"ReadAction\",\"target\":[\"https:\\\/\\\/www.etoilesportivemontoise.fr\\\/football\\\/2020\\\/05\\\/le-pole-feminin-recrute\\\/\"]}]},{\"@type\":\"ImageObject\",\"inLanguage\":\"fr-FR\",\"@id\":\"https:\\\/\\\/www.etoilesportivemontoise.fr\\\/football\\\/2020\\\/05\\\/le-pole-feminin-recrute\\\/#primaryimage\",\"url\":\"https:\\\/\\\/www.etoilesportivemontoise.fr\\\/content\\\/uploads\\\/sites\\\/2\\\/2020\\\/05\\\/fly_recrut_new20-21-scaled.jpg\",\"contentUrl\":\"https:\\\/\\\/www.etoilesportivemontoise.fr\\\/content\\\/uploads\\\/sites\\\/2\\\/2020\\\/05\\\/fly_recrut_new20-21-scaled.jpg\",\"width\":1863,\"height\":2560},{\"@type\":\"BreadcrumbList\",\"@id\":\"https:\\\/\\\/www.etoilesportivemontoise.fr\\\/football\\\/2020\\\/05\\\/le-pole-feminin-recrute\\\/#breadcrumb\",\"itemListElement\":[{\"@type\":\"ListItem\",\"position\":1,\"name\":\"Accueil\",\"item\":\"https:\\\/\\\/www.etoilesportivemontoise.fr\\\/football\\\/\"},{\"@type\":\"ListItem\",\"position\":2,\"name\":\"Le p\u00f4le f\u00e9minin recrute !\"}]},{\"@type\":\"WebSite\",\"@id\":\"https:\\\/\\\/www.etoilesportivemontoise.fr\\\/football\\\/#website\",\"url\":\"https:\\\/\\\/www.etoilesportivemontoise.fr\\\/football\\\/\",\"name\":\"ESM Foot\",\"description\":\"Club Football Mont de Marsan\",\"potentialAction\":[{\"@type\":\"SearchAction\",\"target\":{\"@type\":\"EntryPoint\",\"urlTemplate\":\"https:\\\/\\\/www.etoilesportivemontoise.fr\\\/football\\\/?s={search_term_string}\"},\"query-input\":{\"@type\":\"PropertyValueSpecification\",\"valueRequired\":true,\"valueName\":\"search_term_string\"}}],\"inLanguage\":\"fr-FR\"},{\"@type\":\"Person\",\"@id\":\"https:\\\/\\\/www.etoilesportivemontoise.fr\\\/football\\\/#\\\/schema\\\/person\\\/32b149c0a4568e3b2372eeffb84980d7\",\"name\":\"drobino\",\"image\":{\"@type\":\"ImageObject\",\"inLanguage\":\"fr-FR\",\"@id\":\"https:\\\/\\\/secure.gravatar.com\\\/avatar\\\/4c4ebb0107d2a7b7a74ac6c303483321a0538c2c71043c62672ca1885182b093?s=96&d=mm&r=g\",\"url\":\"https:\\\/\\\/secure.gravatar.com\\\/avatar\\\/4c4ebb0107d2a7b7a74ac6c303483321a0538c2c71043c62672ca1885182b093?s=96&d=mm&r=g\",\"contentUrl\":\"https:\\\/\\\/secure.gravatar.com\\\/avatar\\\/4c4ebb0107d2a7b7a74ac6c303483321a0538c2c71043c62672ca1885182b093?s=96&d=mm&r=g\",\"caption\":\"drobino\"},\"url\":\"https:\\\/\\\/www.etoilesportivemontoise.fr\\\/football\\\/aka\\\/4e43f598fc1377a04021956cdf391a6471bff660\\\/\"}]}<\/script>\n<!-- \/ Yoast SEO plugin. -->","yoast_head_json":{"title":"Le p\u00f4le f\u00e9minin recrute ! - ESM Foot","robots":{"index":"index","follow":"follow","max-snippet":"max-snippet:-1","max-image-preview":"max-image-preview:large","max-video-preview":"max-video-preview:-1"},"canonical":"https:\/\/www.etoilesportivemontoise.fr\/football\/2020\/05\/le-pole-feminin-recrute\/","og_locale":"fr_FR","og_type":"article","og_title":"Le p\u00f4le f\u00e9minin recrute ! - ESM Foot","og_description":"Venez rejoindre cette superbe \u00e9quipe : vous ne serez pas d\u00e9\u00e7ue !","og_url":"https:\/\/www.etoilesportivemontoise.fr\/football\/2020\/05\/le-pole-feminin-recrute\/","og_site_name":"ESM Foot","article_published_time":"2020-05-08T09:03:55+00:00","article_modified_time":"2024-03-24T17:13:24+00:00","og_image":[{"width":1863,"height":2560,"url":"https:\/\/www.etoilesportivemontoise.fr\/content\/uploads\/sites\/2\/2020\/05\/fly_recrut_new20-21-scaled.jpg","type":"image\/jpeg"}],"author":"drobino","twitter_misc":{"\u00c9crit par":"drobino"},"schema":{"@context":"https:\/\/schema.org","@graph":[{"@type":"Article","@id":"https:\/\/www.etoilesportivemontoise.fr\/football\/2020\/05\/le-pole-feminin-recrute\/#article","isPartOf":{"@id":"https:\/\/www.etoilesportivemontoise.fr\/football\/2020\/05\/le-pole-feminin-recrute\/"},"author":{"name":"drobino","@id":"https:\/\/www.etoilesportivemontoise.fr\/football\/#\/schema\/person\/32b149c0a4568e3b2372eeffb84980d7"},"headline":"Le p\u00f4le f\u00e9minin recrute !","datePublished":"2020-05-08T09:03:55+00:00","dateModified":"2024-03-24T17:13:24+00:00","mainEntityOfPage":{"@id":"https:\/\/www.etoilesportivemontoise.fr\/football\/2020\/05\/le-pole-feminin-recrute\/"},"wordCount":17,"image":{"@id":"https:\/\/www.etoilesportivemontoise.fr\/football\/2020\/05\/le-pole-feminin-recrute\/#primaryimage"},"thumbnailUrl":"https:\/\/www.etoilesportivemontoise.fr\/content\/uploads\/sites\/2\/2020\/05\/fly_recrut_new20-21-scaled.jpg","articleSection":["Actualit\u00e9s"],"inLanguage":"fr-FR"},{"@type":"WebPage","@id":"https:\/\/www.etoilesportivemontoise.fr\/football\/2020\/05\/le-pole-feminin-recrute\/","url":"https:\/\/www.etoilesportivemontoise.fr\/football\/2020\/05\/le-pole-feminin-recrute\/","name":"Le p\u00f4le f\u00e9minin recrute ! - ESM Foot","isPartOf":{"@id":"https:\/\/www.etoilesportivemontoise.fr\/football\/#website"},"primaryImageOfPage":{"@id":"https:\/\/www.etoilesportivemontoise.fr\/football\/2020\/05\/le-pole-feminin-recrute\/#primaryimage"},"image":{"@id":"https:\/\/www.etoilesportivemontoise.fr\/football\/2020\/05\/le-pole-feminin-recrute\/#primaryimage"},"thumbnailUrl":"https:\/\/www.etoilesportivemontoise.fr\/content\/uploads\/sites\/2\/2020\/05\/fly_recrut_new20-21-scaled.jpg","datePublished":"2020-05-08T09:03:55+00:00","dateModified":"2024-03-24T17:13:24+00:00","author":{"@id":"https:\/\/www.etoilesportivemontoise.fr\/football\/#\/schema\/person\/32b149c0a4568e3b2372eeffb84980d7"},"breadcrumb":{"@id":"https:\/\/www.etoilesportivemontoise.fr\/football\/2020\/05\/le-pole-feminin-recrute\/#breadcrumb"},"inLanguage":"fr-FR","potentialAction":[{"@type":"ReadAction","target":["https:\/\/www.etoilesportivemontoise.fr\/football\/2020\/05\/le-pole-feminin-recrute\/"]}]},{"@type":"ImageObject","inLanguage":"fr-FR","@id":"https:\/\/www.etoilesportivemontoise.fr\/football\/2020\/05\/le-pole-feminin-recrute\/#primaryimage","url":"https:\/\/www.etoilesportivemontoise.fr\/content\/uploads\/sites\/2\/2020\/05\/fly_recrut_new20-21-scaled.jpg","contentUrl":"https:\/\/www.etoilesportivemontoise.fr\/content\/uploads\/sites\/2\/2020\/05\/fly_recrut_new20-21-scaled.jpg","width":1863,"height":2560},{"@type":"BreadcrumbList","@id":"https:\/\/www.etoilesportivemontoise.fr\/football\/2020\/05\/le-pole-feminin-recrute\/#breadcrumb","itemListElement":[{"@type":"ListItem","position":1,"name":"Accueil","item":"https:\/\/www.etoilesportivemontoise.fr\/football\/"},{"@type":"ListItem","position":2,"name":"Le p\u00f4le f\u00e9minin recrute !"}]},{"@type":"WebSite","@id":"https:\/\/www.etoilesportivemontoise.fr\/football\/#website","url":"https:\/\/www.etoilesportivemontoise.fr\/football\/","name":"ESM Foot","description":"Club Football Mont de Marsan","potentialAction":[{"@type":"SearchAction","target":{"@type":"EntryPoint","urlTemplate":"https:\/\/www.etoilesportivemontoise.fr\/football\/?s={search_term_string}"},"query-input":{"@type":"PropertyValueSpecification","valueRequired":true,"valueName":"search_term_string"}}],"inLanguage":"fr-FR"},{"@type":"Person","@id":"https:\/\/www.etoilesportivemontoise.fr\/football\/#\/schema\/person\/32b149c0a4568e3b2372eeffb84980d7","name":"drobino","image":{"@type":"ImageObject","inLanguage":"fr-FR","@id":"https:\/\/secure.gravatar.com\/avatar\/4c4ebb0107d2a7b7a74ac6c303483321a0538c2c71043c62672ca1885182b093?s=96&d=mm&r=g","url":"https:\/\/secure.gravatar.com\/avatar\/4c4ebb0107d2a7b7a74ac6c303483321a0538c2c71043c62672ca1885182b093?s=96&d=mm&r=g","contentUrl":"https:\/\/secure.gravatar.com\/avatar\/4c4ebb0107d2a7b7a74ac6c303483321a0538c2c71043c62672ca1885182b093?s=96&d=mm&r=g","caption":"drobino"},"url":"https:\/\/www.etoilesportivemontoise.fr\/football\/aka\/4e43f598fc1377a04021956cdf391a6471bff660\/"}]}},"_links":{"self":[{"href":"https:\/\/www.etoilesportivemontoise.fr\/football\/wp-json\/wp\/v2\/posts\/4627","targetHints":{"allow":["GET"]}}],"collection":[{"href":"https:\/\/www.etoilesportivemontoise.fr\/football\/wp-json\/wp\/v2\/posts"}],"about":[{"href":"https:\/\/www.etoilesportivemontoise.fr\/football\/wp-json\/wp\/v2\/types\/post"}],"author":[{"embeddable":true,"href":"https:\/\/www.etoilesportivemontoise.fr\/football\/wp-json\/wp\/v2\/users\/29"}],"replies":[{"embeddable":true,"href":"https:\/\/www.etoilesportivemontoise.fr\/football\/wp-json\/wp\/v2\/comments?post=4627"}],"version-history":[{"count":1,"href":"https:\/\/www.etoilesportivemontoise.fr\/football\/wp-json\/wp\/v2\/posts\/4627\/revisions"}],"predecessor-version":[{"id":4629,"href":"https:\/\/www.etoilesportivemontoise.fr\/football\/wp-json\/wp\/v2\/posts\/4627\/revisions\/4629"}],"wp:featuredmedia":[{"embeddable":true,"href":"https:\/\/www.etoilesportivemontoise.fr\/football\/wp-json\/wp\/v2\/media\/4628"}],"wp:attachment":[{"href":"https:\/\/www.etoilesportivemontoise.fr\/football\/wp-json\/wp\/v2\/media?parent=4627"}],"wp:term":[{"taxonomy":"category","embeddable":true,"href":"https:\/\/www.etoilesportivemontoise.fr\/football\/wp-json\/wp\/v2\/categories?post=4627"},{"taxonomy":"post_tag","embeddable":true,"href":"https:\/\/www.etoilesportivemontoise.fr\/football\/wp-json\/wp\/v2\/tags?post=4627"}],"curies":[{"name":"wp","href":"https:\/\/api.w.org\/{rel}","templated":true}]}}