{"id":4975,"date":"2021-09-03T10:50:14","date_gmt":"2021-09-03T09:50:14","guid":{"rendered":"https:\/\/www.etoilesportivemontoise.fr\/football\/?p=4975"},"modified":"2024-03-24T18:13:22","modified_gmt":"2024-03-24T17:13:22","slug":"cest-la-rentree-pour-lecole-de-foot-aussi","status":"publish","type":"post","link":"https:\/\/www.etoilesportivemontoise.fr\/football\/2021\/09\/cest-la-rentree-pour-lecole-de-foot-aussi\/","title":{"rendered":"C\u2019EST LA RENTREE POUR L\u2019ECOLE DE FOOT AUSSI !"},"content":{"rendered":"<section class=\"wpb-content-wrapper\">[vc_row row_type=\u00a0\u00bbrow\u00a0\u00bb text_align=\u00a0\u00bbleft\u00a0\u00bb css_animation=\u00a0\u00bb\u00a0\u00bb][vc_column][vc_column_text]\n<div class=\"\" data-block=\"true\" data-editor=\"cdui5\" data-offset-key=\"esjav-0-0\">\n<div class=\"_1mf _1mj\" data-offset-key=\"esjav-0-0\">\u26bdLes entra\u00eenements reprennent pour tous nos jeunes, \u00e0 partir de 4 ans (babies) ! \u26bd<\/div>\n<\/div>\n<div class=\"\" data-block=\"true\" data-editor=\"cdui5\" data-offset-key=\"f7vu4-0-0\">\n<div class=\"_1mf _1mj\" data-offset-key=\"f7vu4-0-0\"><span data-offset-key=\"f7vu4-0-0\">\u00a0<\/span><\/div>\n<\/div>\n<div class=\"\" data-block=\"true\" data-editor=\"cdui5\" data-offset-key=\"63egh-0-0\">\n<div class=\"_1mf _1mj\" data-offset-key=\"63egh-0-0\"><span data-offset-key=\"63egh-0-0\">N\u2019h\u00e9sitez pas \u00e0 vous renseigner aupr\u00e8s de Franck, notre Responsable Technique Jeunes, au 0677775042 \ud83d\udcf1<\/span><\/div>\n<div data-offset-key=\"63egh-0-0\"><\/div>\n<\/div>\n<div class=\"\" data-block=\"true\" data-editor=\"cdui5\" data-offset-key=\"20np2-0-0\">\n<div class=\"_1mf _1mj\" data-offset-key=\"20np2-0-0\">\ud83d\udda4\ud83e\udd0d<\/div>\n<\/div>\n[\/vc_column_text][\/vc_column][\/vc_row]\n<\/section>","protected":false},"excerpt":{"rendered":"<p>[vc_row row_type=\u00a0\u00bbrow\u00a0\u00bb text_align=\u00a0\u00bbleft\u00a0\u00bb css_animation=\u00a0\u00bb\u00a0\u00bb][vc_column][vc_column_text] \u26bdLes entra\u00eenements reprennent pour tous nos jeunes, \u00e0 partir de 4 ans (babies) ! \u26bd \u00a0 N\u2019h\u00e9sitez pas \u00e0 vous renseigner aupr\u00e8s de Franck, notre Responsable Technique Jeunes, au 0677775042 \ud83d\udcf1 \ud83d\udda4\ud83e\udd0d [\/vc_column_text][\/vc_column][\/vc_row]<\/p>\n","protected":false},"author":29,"featured_media":4976,"comment_status":"closed","ping_status":"closed","sticky":false,"template":"","format":"standard","meta":{"footnotes":""},"categories":[27],"tags":[],"class_list":["post-4975","post","type-post","status-publish","format-standard","has-post-thumbnail","hentry","category-actualites"],"yoast_head":"<!-- This site is optimized with the Yoast SEO plugin v27.3 - https:\/\/yoast.com\/product\/yoast-seo-wordpress\/ -->\n<title>C\u2019EST LA RENTREE POUR L\u2019ECOLE DE FOOT AUSSI ! - ESM Foot<\/title>\n<meta name=\"robots\" content=\"index, follow, max-snippet:-1, max-image-preview:large, max-video-preview:-1\" \/>\n<link rel=\"canonical\" href=\"https:\/\/www.etoilesportivemontoise.fr\/football\/2021\/09\/cest-la-rentree-pour-lecole-de-foot-aussi\/\" \/>\n<meta property=\"og:locale\" content=\"fr_FR\" \/>\n<meta property=\"og:type\" content=\"article\" \/>\n<meta property=\"og:title\" content=\"C\u2019EST LA RENTREE POUR L\u2019ECOLE DE FOOT AUSSI ! - ESM Foot\" \/>\n<meta property=\"og:description\" content=\"[vc_row row_type=\u00a0\u00bbrow\u00a0\u00bb text_align=\u00a0\u00bbleft\u00a0\u00bb css_animation=\u00a0\u00bb\u00a0\u00bb][vc_column][vc_column_text] \u26bdLes entra\u00eenements reprennent pour tous nos jeunes, \u00e0 partir de 4 ans (babies) ! \u26bd \u00a0 N\u2019h\u00e9sitez pas \u00e0 vous renseigner aupr\u00e8s de Franck, notre Responsable Technique Jeunes, au 0677775042 \ud83d\udcf1 \ud83d\udda4\ud83e\udd0d [\/vc_column_text][\/vc_column][\/vc_row]\" \/>\n<meta property=\"og:url\" content=\"https:\/\/www.etoilesportivemontoise.fr\/football\/2021\/09\/cest-la-rentree-pour-lecole-de-foot-aussi\/\" \/>\n<meta property=\"og:site_name\" content=\"ESM Foot\" \/>\n<meta property=\"article:published_time\" content=\"2021-09-03T09:50:14+00:00\" \/>\n<meta property=\"article:modified_time\" content=\"2024-03-24T17:13:22+00:00\" \/>\n<meta property=\"og:image\" content=\"https:\/\/www.etoilesportivemontoise.fr\/content\/uploads\/sites\/2\/2021\/09\/flyer_recrut2021-scaled.jpg\" \/>\n\t<meta property=\"og:image:width\" content=\"2560\" \/>\n\t<meta property=\"og:image:height\" content=\"1707\" \/>\n\t<meta property=\"og:image:type\" content=\"image\/jpeg\" \/>\n<meta name=\"author\" content=\"drobino\" \/>\n<meta name=\"twitter:label1\" content=\"\u00c9crit par\" \/>\n\t<meta name=\"twitter:data1\" content=\"drobino\" \/>\n<script type=\"application\/ld+json\" class=\"yoast-schema-graph\">{\"@context\":\"https:\\\/\\\/schema.org\",\"@graph\":[{\"@type\":\"Article\",\"@id\":\"https:\\\/\\\/www.etoilesportivemontoise.fr\\\/football\\\/2021\\\/09\\\/cest-la-rentree-pour-lecole-de-foot-aussi\\\/#article\",\"isPartOf\":{\"@id\":\"https:\\\/\\\/www.etoilesportivemontoise.fr\\\/football\\\/2021\\\/09\\\/cest-la-rentree-pour-lecole-de-foot-aussi\\\/\"},\"author\":{\"name\":\"drobino\",\"@id\":\"https:\\\/\\\/www.etoilesportivemontoise.fr\\\/football\\\/#\\\/schema\\\/person\\\/32b149c0a4568e3b2372eeffb84980d7\"},\"headline\":\"C\u2019EST LA RENTREE POUR L\u2019ECOLE DE FOOT AUSSI !\",\"datePublished\":\"2021-09-03T09:50:14+00:00\",\"dateModified\":\"2024-03-24T17:13:22+00:00\",\"mainEntityOfPage\":{\"@id\":\"https:\\\/\\\/www.etoilesportivemontoise.fr\\\/football\\\/2021\\\/09\\\/cest-la-rentree-pour-lecole-de-foot-aussi\\\/\"},\"wordCount\":59,\"image\":{\"@id\":\"https:\\\/\\\/www.etoilesportivemontoise.fr\\\/football\\\/2021\\\/09\\\/cest-la-rentree-pour-lecole-de-foot-aussi\\\/#primaryimage\"},\"thumbnailUrl\":\"https:\\\/\\\/www.etoilesportivemontoise.fr\\\/content\\\/uploads\\\/sites\\\/2\\\/2021\\\/09\\\/flyer_recrut2021-scaled.jpg\",\"articleSection\":[\"Actualit\u00e9s\"],\"inLanguage\":\"fr-FR\"},{\"@type\":\"WebPage\",\"@id\":\"https:\\\/\\\/www.etoilesportivemontoise.fr\\\/football\\\/2021\\\/09\\\/cest-la-rentree-pour-lecole-de-foot-aussi\\\/\",\"url\":\"https:\\\/\\\/www.etoilesportivemontoise.fr\\\/football\\\/2021\\\/09\\\/cest-la-rentree-pour-lecole-de-foot-aussi\\\/\",\"name\":\"C\u2019EST LA RENTREE POUR L\u2019ECOLE DE FOOT AUSSI ! - ESM Foot\",\"isPartOf\":{\"@id\":\"https:\\\/\\\/www.etoilesportivemontoise.fr\\\/football\\\/#website\"},\"primaryImageOfPage\":{\"@id\":\"https:\\\/\\\/www.etoilesportivemontoise.fr\\\/football\\\/2021\\\/09\\\/cest-la-rentree-pour-lecole-de-foot-aussi\\\/#primaryimage\"},\"image\":{\"@id\":\"https:\\\/\\\/www.etoilesportivemontoise.fr\\\/football\\\/2021\\\/09\\\/cest-la-rentree-pour-lecole-de-foot-aussi\\\/#primaryimage\"},\"thumbnailUrl\":\"https:\\\/\\\/www.etoilesportivemontoise.fr\\\/content\\\/uploads\\\/sites\\\/2\\\/2021\\\/09\\\/flyer_recrut2021-scaled.jpg\",\"datePublished\":\"2021-09-03T09:50:14+00:00\",\"dateModified\":\"2024-03-24T17:13:22+00:00\",\"author\":{\"@id\":\"https:\\\/\\\/www.etoilesportivemontoise.fr\\\/football\\\/#\\\/schema\\\/person\\\/32b149c0a4568e3b2372eeffb84980d7\"},\"breadcrumb\":{\"@id\":\"https:\\\/\\\/www.etoilesportivemontoise.fr\\\/football\\\/2021\\\/09\\\/cest-la-rentree-pour-lecole-de-foot-aussi\\\/#breadcrumb\"},\"inLanguage\":\"fr-FR\",\"potentialAction\":[{\"@type\":\"ReadAction\",\"target\":[\"https:\\\/\\\/www.etoilesportivemontoise.fr\\\/football\\\/2021\\\/09\\\/cest-la-rentree-pour-lecole-de-foot-aussi\\\/\"]}]},{\"@type\":\"ImageObject\",\"inLanguage\":\"fr-FR\",\"@id\":\"https:\\\/\\\/www.etoilesportivemontoise.fr\\\/football\\\/2021\\\/09\\\/cest-la-rentree-pour-lecole-de-foot-aussi\\\/#primaryimage\",\"url\":\"https:\\\/\\\/www.etoilesportivemontoise.fr\\\/content\\\/uploads\\\/sites\\\/2\\\/2021\\\/09\\\/flyer_recrut2021-scaled.jpg\",\"contentUrl\":\"https:\\\/\\\/www.etoilesportivemontoise.fr\\\/content\\\/uploads\\\/sites\\\/2\\\/2021\\\/09\\\/flyer_recrut2021-scaled.jpg\",\"width\":2560,\"height\":1707},{\"@type\":\"BreadcrumbList\",\"@id\":\"https:\\\/\\\/www.etoilesportivemontoise.fr\\\/football\\\/2021\\\/09\\\/cest-la-rentree-pour-lecole-de-foot-aussi\\\/#breadcrumb\",\"itemListElement\":[{\"@type\":\"ListItem\",\"position\":1,\"name\":\"Accueil\",\"item\":\"https:\\\/\\\/www.etoilesportivemontoise.fr\\\/football\\\/\"},{\"@type\":\"ListItem\",\"position\":2,\"name\":\"C\u2019EST LA RENTREE POUR L\u2019ECOLE DE FOOT AUSSI !\"}]},{\"@type\":\"WebSite\",\"@id\":\"https:\\\/\\\/www.etoilesportivemontoise.fr\\\/football\\\/#website\",\"url\":\"https:\\\/\\\/www.etoilesportivemontoise.fr\\\/football\\\/\",\"name\":\"ESM Foot\",\"description\":\"Club Football Mont de Marsan\",\"potentialAction\":[{\"@type\":\"SearchAction\",\"target\":{\"@type\":\"EntryPoint\",\"urlTemplate\":\"https:\\\/\\\/www.etoilesportivemontoise.fr\\\/football\\\/?s={search_term_string}\"},\"query-input\":{\"@type\":\"PropertyValueSpecification\",\"valueRequired\":true,\"valueName\":\"search_term_string\"}}],\"inLanguage\":\"fr-FR\"},{\"@type\":\"Person\",\"@id\":\"https:\\\/\\\/www.etoilesportivemontoise.fr\\\/football\\\/#\\\/schema\\\/person\\\/32b149c0a4568e3b2372eeffb84980d7\",\"name\":\"drobino\",\"image\":{\"@type\":\"ImageObject\",\"inLanguage\":\"fr-FR\",\"@id\":\"https:\\\/\\\/secure.gravatar.com\\\/avatar\\\/4c4ebb0107d2a7b7a74ac6c303483321a0538c2c71043c62672ca1885182b093?s=96&d=mm&r=g\",\"url\":\"https:\\\/\\\/secure.gravatar.com\\\/avatar\\\/4c4ebb0107d2a7b7a74ac6c303483321a0538c2c71043c62672ca1885182b093?s=96&d=mm&r=g\",\"contentUrl\":\"https:\\\/\\\/secure.gravatar.com\\\/avatar\\\/4c4ebb0107d2a7b7a74ac6c303483321a0538c2c71043c62672ca1885182b093?s=96&d=mm&r=g\",\"caption\":\"drobino\"},\"url\":\"https:\\\/\\\/www.etoilesportivemontoise.fr\\\/football\\\/aka\\\/4e43f598fc1377a04021956cdf391a6471bff660\\\/\"}]}<\/script>\n<!-- \/ Yoast SEO plugin. -->","yoast_head_json":{"title":"C\u2019EST LA RENTREE POUR L\u2019ECOLE DE FOOT AUSSI ! - ESM Foot","robots":{"index":"index","follow":"follow","max-snippet":"max-snippet:-1","max-image-preview":"max-image-preview:large","max-video-preview":"max-video-preview:-1"},"canonical":"https:\/\/www.etoilesportivemontoise.fr\/football\/2021\/09\/cest-la-rentree-pour-lecole-de-foot-aussi\/","og_locale":"fr_FR","og_type":"article","og_title":"C\u2019EST LA RENTREE POUR L\u2019ECOLE DE FOOT AUSSI ! - ESM Foot","og_description":"[vc_row row_type=\u00a0\u00bbrow\u00a0\u00bb text_align=\u00a0\u00bbleft\u00a0\u00bb css_animation=\u00a0\u00bb\u00a0\u00bb][vc_column][vc_column_text] \u26bdLes entra\u00eenements reprennent pour tous nos jeunes, \u00e0 partir de 4 ans (babies) ! \u26bd \u00a0 N\u2019h\u00e9sitez pas \u00e0 vous renseigner aupr\u00e8s de Franck, notre Responsable Technique Jeunes, au 0677775042 \ud83d\udcf1 \ud83d\udda4\ud83e\udd0d [\/vc_column_text][\/vc_column][\/vc_row]","og_url":"https:\/\/www.etoilesportivemontoise.fr\/football\/2021\/09\/cest-la-rentree-pour-lecole-de-foot-aussi\/","og_site_name":"ESM Foot","article_published_time":"2021-09-03T09:50:14+00:00","article_modified_time":"2024-03-24T17:13:22+00:00","og_image":[{"width":2560,"height":1707,"url":"https:\/\/www.etoilesportivemontoise.fr\/content\/uploads\/sites\/2\/2021\/09\/flyer_recrut2021-scaled.jpg","type":"image\/jpeg"}],"author":"drobino","twitter_misc":{"\u00c9crit par":"drobino"},"schema":{"@context":"https:\/\/schema.org","@graph":[{"@type":"Article","@id":"https:\/\/www.etoilesportivemontoise.fr\/football\/2021\/09\/cest-la-rentree-pour-lecole-de-foot-aussi\/#article","isPartOf":{"@id":"https:\/\/www.etoilesportivemontoise.fr\/football\/2021\/09\/cest-la-rentree-pour-lecole-de-foot-aussi\/"},"author":{"name":"drobino","@id":"https:\/\/www.etoilesportivemontoise.fr\/football\/#\/schema\/person\/32b149c0a4568e3b2372eeffb84980d7"},"headline":"C\u2019EST LA RENTREE POUR L\u2019ECOLE DE FOOT AUSSI !","datePublished":"2021-09-03T09:50:14+00:00","dateModified":"2024-03-24T17:13:22+00:00","mainEntityOfPage":{"@id":"https:\/\/www.etoilesportivemontoise.fr\/football\/2021\/09\/cest-la-rentree-pour-lecole-de-foot-aussi\/"},"wordCount":59,"image":{"@id":"https:\/\/www.etoilesportivemontoise.fr\/football\/2021\/09\/cest-la-rentree-pour-lecole-de-foot-aussi\/#primaryimage"},"thumbnailUrl":"https:\/\/www.etoilesportivemontoise.fr\/content\/uploads\/sites\/2\/2021\/09\/flyer_recrut2021-scaled.jpg","articleSection":["Actualit\u00e9s"],"inLanguage":"fr-FR"},{"@type":"WebPage","@id":"https:\/\/www.etoilesportivemontoise.fr\/football\/2021\/09\/cest-la-rentree-pour-lecole-de-foot-aussi\/","url":"https:\/\/www.etoilesportivemontoise.fr\/football\/2021\/09\/cest-la-rentree-pour-lecole-de-foot-aussi\/","name":"C\u2019EST LA RENTREE POUR L\u2019ECOLE DE FOOT AUSSI ! - ESM Foot","isPartOf":{"@id":"https:\/\/www.etoilesportivemontoise.fr\/football\/#website"},"primaryImageOfPage":{"@id":"https:\/\/www.etoilesportivemontoise.fr\/football\/2021\/09\/cest-la-rentree-pour-lecole-de-foot-aussi\/#primaryimage"},"image":{"@id":"https:\/\/www.etoilesportivemontoise.fr\/football\/2021\/09\/cest-la-rentree-pour-lecole-de-foot-aussi\/#primaryimage"},"thumbnailUrl":"https:\/\/www.etoilesportivemontoise.fr\/content\/uploads\/sites\/2\/2021\/09\/flyer_recrut2021-scaled.jpg","datePublished":"2021-09-03T09:50:14+00:00","dateModified":"2024-03-24T17:13:22+00:00","author":{"@id":"https:\/\/www.etoilesportivemontoise.fr\/football\/#\/schema\/person\/32b149c0a4568e3b2372eeffb84980d7"},"breadcrumb":{"@id":"https:\/\/www.etoilesportivemontoise.fr\/football\/2021\/09\/cest-la-rentree-pour-lecole-de-foot-aussi\/#breadcrumb"},"inLanguage":"fr-FR","potentialAction":[{"@type":"ReadAction","target":["https:\/\/www.etoilesportivemontoise.fr\/football\/2021\/09\/cest-la-rentree-pour-lecole-de-foot-aussi\/"]}]},{"@type":"ImageObject","inLanguage":"fr-FR","@id":"https:\/\/www.etoilesportivemontoise.fr\/football\/2021\/09\/cest-la-rentree-pour-lecole-de-foot-aussi\/#primaryimage","url":"https:\/\/www.etoilesportivemontoise.fr\/content\/uploads\/sites\/2\/2021\/09\/flyer_recrut2021-scaled.jpg","contentUrl":"https:\/\/www.etoilesportivemontoise.fr\/content\/uploads\/sites\/2\/2021\/09\/flyer_recrut2021-scaled.jpg","width":2560,"height":1707},{"@type":"BreadcrumbList","@id":"https:\/\/www.etoilesportivemontoise.fr\/football\/2021\/09\/cest-la-rentree-pour-lecole-de-foot-aussi\/#breadcrumb","itemListElement":[{"@type":"ListItem","position":1,"name":"Accueil","item":"https:\/\/www.etoilesportivemontoise.fr\/football\/"},{"@type":"ListItem","position":2,"name":"C\u2019EST LA RENTREE POUR L\u2019ECOLE DE FOOT AUSSI !"}]},{"@type":"WebSite","@id":"https:\/\/www.etoilesportivemontoise.fr\/football\/#website","url":"https:\/\/www.etoilesportivemontoise.fr\/football\/","name":"ESM Foot","description":"Club Football Mont de Marsan","potentialAction":[{"@type":"SearchAction","target":{"@type":"EntryPoint","urlTemplate":"https:\/\/www.etoilesportivemontoise.fr\/football\/?s={search_term_string}"},"query-input":{"@type":"PropertyValueSpecification","valueRequired":true,"valueName":"search_term_string"}}],"inLanguage":"fr-FR"},{"@type":"Person","@id":"https:\/\/www.etoilesportivemontoise.fr\/football\/#\/schema\/person\/32b149c0a4568e3b2372eeffb84980d7","name":"drobino","image":{"@type":"ImageObject","inLanguage":"fr-FR","@id":"https:\/\/secure.gravatar.com\/avatar\/4c4ebb0107d2a7b7a74ac6c303483321a0538c2c71043c62672ca1885182b093?s=96&d=mm&r=g","url":"https:\/\/secure.gravatar.com\/avatar\/4c4ebb0107d2a7b7a74ac6c303483321a0538c2c71043c62672ca1885182b093?s=96&d=mm&r=g","contentUrl":"https:\/\/secure.gravatar.com\/avatar\/4c4ebb0107d2a7b7a74ac6c303483321a0538c2c71043c62672ca1885182b093?s=96&d=mm&r=g","caption":"drobino"},"url":"https:\/\/www.etoilesportivemontoise.fr\/football\/aka\/4e43f598fc1377a04021956cdf391a6471bff660\/"}]}},"_links":{"self":[{"href":"https:\/\/www.etoilesportivemontoise.fr\/football\/wp-json\/wp\/v2\/posts\/4975","targetHints":{"allow":["GET"]}}],"collection":[{"href":"https:\/\/www.etoilesportivemontoise.fr\/football\/wp-json\/wp\/v2\/posts"}],"about":[{"href":"https:\/\/www.etoilesportivemontoise.fr\/football\/wp-json\/wp\/v2\/types\/post"}],"author":[{"embeddable":true,"href":"https:\/\/www.etoilesportivemontoise.fr\/football\/wp-json\/wp\/v2\/users\/29"}],"replies":[{"embeddable":true,"href":"https:\/\/www.etoilesportivemontoise.fr\/football\/wp-json\/wp\/v2\/comments?post=4975"}],"version-history":[{"count":1,"href":"https:\/\/www.etoilesportivemontoise.fr\/football\/wp-json\/wp\/v2\/posts\/4975\/revisions"}],"predecessor-version":[{"id":4977,"href":"https:\/\/www.etoilesportivemontoise.fr\/football\/wp-json\/wp\/v2\/posts\/4975\/revisions\/4977"}],"wp:featuredmedia":[{"embeddable":true,"href":"https:\/\/www.etoilesportivemontoise.fr\/football\/wp-json\/wp\/v2\/media\/4976"}],"wp:attachment":[{"href":"https:\/\/www.etoilesportivemontoise.fr\/football\/wp-json\/wp\/v2\/media?parent=4975"}],"wp:term":[{"taxonomy":"category","embeddable":true,"href":"https:\/\/www.etoilesportivemontoise.fr\/football\/wp-json\/wp\/v2\/categories?post=4975"},{"taxonomy":"post_tag","embeddable":true,"href":"https:\/\/www.etoilesportivemontoise.fr\/football\/wp-json\/wp\/v2\/tags?post=4975"}],"curies":[{"name":"wp","href":"https:\/\/api.w.org\/{rel}","templated":true}]}}