{"id":5005,"date":"2021-11-04T14:11:30","date_gmt":"2021-11-04T13:11:30","guid":{"rendered":"https:\/\/www.etoilesportivemontoise.fr\/football\/?p=5005"},"modified":"2024-03-24T18:13:22","modified_gmt":"2024-03-24T17:13:22","slug":"cest-parti-pour-le-budget-participatif-landais-2e-edition","status":"publish","type":"post","link":"https:\/\/www.etoilesportivemontoise.fr\/football\/2021\/11\/cest-parti-pour-le-budget-participatif-landais-2e-edition\/","title":{"rendered":"C\u2019EST PARTI POUR LE \u00ab\u00a0BUDGET PARTICIPATIF LANDAIS\u00a0\u00bb 2e EDITION\u00a0!"},"content":{"rendered":"<section class=\"wpb-content-wrapper\">[vc_row row_type=\u00a0\u00bbrow\u00a0\u00bb text_align=\u00a0\u00bbleft\u00a0\u00bb css_animation=\u00a0\u00bb\u00a0\u00bb][vc_column][vc_column_text]\ud83d\ude90On compte sur vous pour voter pour notre projet \u00ab\u00a0<strong>Un minibus pour l\u2019Etoile Sportive Montoise\u00a0<\/strong>\u00bb qui permettra \u00e0 nos jeunes de se rendre plus facilement sur les diff\u00e9rents terrains du groupement <em>Agglo Marsan Foot<\/em>. Il facilitera en outre l\u2019organisation de sorties d\u2019animation, de projets \u00ab\u00a0Plan Educatif F\u00e9d\u00e9ral\u00a0\u00bb et stages organis\u00e9s durant les vacances\u00a0! \ud83d\ude90<\/p>\n<p>&nbsp;<\/p>\n<p>Pour participer, c\u2019est tr\u00e8s simple\u00a0:<\/p>\n<p>&nbsp;<\/p>\n<ul>\n<li>Tout le monde peut voter \u00e0 partir de 7 ans, m\u00eame en dehors du d\u00e9partement.<\/li>\n<li>Rendez-vous sur\u00a0: <a href=\"https:\/\/budgetparticipatif.landes.fr\/\">https:\/\/budgetparticipatif.landes.fr\/<\/a><\/li>\n<li>Cr\u00e9ez un compte (une simple adresse mail suffit)<\/li>\n<li><strong>S\u00e9lectionnez notre projet (n\u00b0 16370), ou rendez-vous directement sur la page correspondante\u00a0: <\/strong><a href=\"https:\/\/bit.ly\/3pYByCR\">https:\/\/bit.ly\/3pYByCR<\/a><\/li>\n<\/ul>\n<p>&nbsp;<\/p>\n<p><strong>Important<\/strong>\u00a0: vous devez s\u00e9lectionner <strong>2 projets en plus du n\u00f4tre<\/strong>. Voici quelques conseils, au cas o\u00f9 vous manqueriez d\u2019inspiration\u00a0:<\/p>\n<ul>\n<li>Un minibus et du mat\u00e9riel pour l&rsquo;\u00e9cole de football de Saint-Martin-d\u2019Oney\/Geloux Football (N\u00b0 16349)<\/li>\n<li>Un studio itin\u00e9rant pour Radio MdM (N\u00b016454)<\/li>\n<\/ul>\n<p>&nbsp;<\/p>\n<p><strong>\ud83d\udd0a Votez et faites voter\u00a0! Parlez-en autour de vous\u00a0: famille, amis, relations, coll\u00e8gues de travail, de sport, etc. <\/strong><strong>\ud83d\udc69\u200d<\/strong><strong>\ud83d\udc69\u200d<\/strong><strong>\ud83d\udc66\u200d<\/strong><strong>\ud83d\udc66<\/strong><\/p>\n<p>&nbsp;<\/p>\n<p><strong>ON COMPTE SUR VOUS\u00a0! <\/strong><strong>\ud83e\udd29<\/strong><\/p>\n<p>&nbsp;<\/p>\n<p><strong>Forza ESM <\/strong><strong>\ud83d\udda4<\/strong><strong>\ud83e\udd0d<\/strong>[\/vc_column_text][\/vc_column][\/vc_row]\n<\/section>","protected":false},"excerpt":{"rendered":"<p>[vc_row row_type=\u00a0\u00bbrow\u00a0\u00bb text_align=\u00a0\u00bbleft\u00a0\u00bb css_animation=\u00a0\u00bb\u00a0\u00bb][vc_column][vc_column_text]\ud83d\ude90On compte sur vous pour voter pour notre projet \u00ab\u00a0Un minibus pour l\u2019Etoile Sportive Montoise\u00a0\u00bb qui permettra \u00e0 nos jeunes de se rendre plus facilement sur les diff\u00e9rents terrains du groupement Agglo Marsan Foot. Il facilitera en outre l\u2019organisation de sorties d\u2019animation,&#8230;<\/p>\n","protected":false},"author":29,"featured_media":5006,"comment_status":"closed","ping_status":"closed","sticky":false,"template":"","format":"standard","meta":{"footnotes":""},"categories":[27],"tags":[],"class_list":["post-5005","post","type-post","status-publish","format-standard","has-post-thumbnail","hentry","category-actualites"],"yoast_head":"<!-- This site is optimized with the Yoast SEO plugin v27.3 - https:\/\/yoast.com\/product\/yoast-seo-wordpress\/ -->\n<title>C\u2019EST PARTI POUR LE \u00ab\u00a0BUDGET PARTICIPATIF LANDAIS\u00a0\u00bb 2e EDITION\u00a0! - ESM Foot<\/title>\n<meta name=\"robots\" content=\"index, follow, max-snippet:-1, max-image-preview:large, max-video-preview:-1\" \/>\n<link rel=\"canonical\" href=\"https:\/\/www.etoilesportivemontoise.fr\/football\/2021\/11\/cest-parti-pour-le-budget-participatif-landais-2e-edition\/\" \/>\n<meta property=\"og:locale\" content=\"fr_FR\" \/>\n<meta property=\"og:type\" content=\"article\" \/>\n<meta property=\"og:title\" content=\"C\u2019EST PARTI POUR LE \u00ab\u00a0BUDGET PARTICIPATIF LANDAIS\u00a0\u00bb 2e EDITION\u00a0! - ESM Foot\" \/>\n<meta property=\"og:description\" content=\"[vc_row row_type=\u00a0\u00bbrow\u00a0\u00bb text_align=\u00a0\u00bbleft\u00a0\u00bb css_animation=\u00a0\u00bb\u00a0\u00bb][vc_column][vc_column_text]\ud83d\ude90On compte sur vous pour voter pour notre projet \u00ab\u00a0Un minibus pour l\u2019Etoile Sportive Montoise\u00a0\u00bb qui permettra \u00e0 nos jeunes de se rendre plus facilement sur les diff\u00e9rents terrains du groupement Agglo Marsan Foot. Il facilitera en outre l\u2019organisation de sorties d\u2019animation,...\" \/>\n<meta property=\"og:url\" content=\"https:\/\/www.etoilesportivemontoise.fr\/football\/2021\/11\/cest-parti-pour-le-budget-participatif-landais-2e-edition\/\" \/>\n<meta property=\"og:site_name\" content=\"ESM Foot\" \/>\n<meta property=\"article:published_time\" content=\"2021-11-04T13:11:30+00:00\" \/>\n<meta property=\"article:modified_time\" content=\"2024-03-24T17:13:22+00:00\" \/>\n<meta property=\"og:image\" content=\"https:\/\/www.etoilesportivemontoise.fr\/content\/uploads\/sites\/2\/2021\/11\/Post_1200x630px_NEW-1024x538.png\" \/>\n\t<meta property=\"og:image:width\" content=\"1024\" \/>\n\t<meta property=\"og:image:height\" content=\"538\" \/>\n\t<meta property=\"og:image:type\" content=\"image\/png\" \/>\n<meta name=\"author\" content=\"drobino\" \/>\n<meta name=\"twitter:label1\" content=\"\u00c9crit par\" \/>\n\t<meta name=\"twitter:data1\" content=\"drobino\" \/>\n\t<meta name=\"twitter:label2\" content=\"Dur\u00e9e de lecture estim\u00e9e\" \/>\n\t<meta name=\"twitter:data2\" content=\"1 minute\" \/>\n<script type=\"application\/ld+json\" class=\"yoast-schema-graph\">{\"@context\":\"https:\\\/\\\/schema.org\",\"@graph\":[{\"@type\":\"Article\",\"@id\":\"https:\\\/\\\/www.etoilesportivemontoise.fr\\\/football\\\/2021\\\/11\\\/cest-parti-pour-le-budget-participatif-landais-2e-edition\\\/#article\",\"isPartOf\":{\"@id\":\"https:\\\/\\\/www.etoilesportivemontoise.fr\\\/football\\\/2021\\\/11\\\/cest-parti-pour-le-budget-participatif-landais-2e-edition\\\/\"},\"author\":{\"name\":\"drobino\",\"@id\":\"https:\\\/\\\/www.etoilesportivemontoise.fr\\\/football\\\/#\\\/schema\\\/person\\\/32b149c0a4568e3b2372eeffb84980d7\"},\"headline\":\"C\u2019EST PARTI POUR LE \u00ab\u00a0BUDGET PARTICIPATIF LANDAIS\u00a0\u00bb 2e EDITION\u00a0!\",\"datePublished\":\"2021-11-04T13:11:30+00:00\",\"dateModified\":\"2024-03-24T17:13:22+00:00\",\"mainEntityOfPage\":{\"@id\":\"https:\\\/\\\/www.etoilesportivemontoise.fr\\\/football\\\/2021\\\/11\\\/cest-parti-pour-le-budget-participatif-landais-2e-edition\\\/\"},\"wordCount\":220,\"image\":{\"@id\":\"https:\\\/\\\/www.etoilesportivemontoise.fr\\\/football\\\/2021\\\/11\\\/cest-parti-pour-le-budget-participatif-landais-2e-edition\\\/#primaryimage\"},\"thumbnailUrl\":\"https:\\\/\\\/www.etoilesportivemontoise.fr\\\/content\\\/uploads\\\/sites\\\/2\\\/2021\\\/11\\\/Post_1200x630px_NEW.png\",\"articleSection\":[\"Actualit\u00e9s\"],\"inLanguage\":\"fr-FR\"},{\"@type\":\"WebPage\",\"@id\":\"https:\\\/\\\/www.etoilesportivemontoise.fr\\\/football\\\/2021\\\/11\\\/cest-parti-pour-le-budget-participatif-landais-2e-edition\\\/\",\"url\":\"https:\\\/\\\/www.etoilesportivemontoise.fr\\\/football\\\/2021\\\/11\\\/cest-parti-pour-le-budget-participatif-landais-2e-edition\\\/\",\"name\":\"C\u2019EST PARTI POUR LE \u00ab\u00a0BUDGET PARTICIPATIF LANDAIS\u00a0\u00bb 2e EDITION\u00a0! - ESM Foot\",\"isPartOf\":{\"@id\":\"https:\\\/\\\/www.etoilesportivemontoise.fr\\\/football\\\/#website\"},\"primaryImageOfPage\":{\"@id\":\"https:\\\/\\\/www.etoilesportivemontoise.fr\\\/football\\\/2021\\\/11\\\/cest-parti-pour-le-budget-participatif-landais-2e-edition\\\/#primaryimage\"},\"image\":{\"@id\":\"https:\\\/\\\/www.etoilesportivemontoise.fr\\\/football\\\/2021\\\/11\\\/cest-parti-pour-le-budget-participatif-landais-2e-edition\\\/#primaryimage\"},\"thumbnailUrl\":\"https:\\\/\\\/www.etoilesportivemontoise.fr\\\/content\\\/uploads\\\/sites\\\/2\\\/2021\\\/11\\\/Post_1200x630px_NEW.png\",\"datePublished\":\"2021-11-04T13:11:30+00:00\",\"dateModified\":\"2024-03-24T17:13:22+00:00\",\"author\":{\"@id\":\"https:\\\/\\\/www.etoilesportivemontoise.fr\\\/football\\\/#\\\/schema\\\/person\\\/32b149c0a4568e3b2372eeffb84980d7\"},\"breadcrumb\":{\"@id\":\"https:\\\/\\\/www.etoilesportivemontoise.fr\\\/football\\\/2021\\\/11\\\/cest-parti-pour-le-budget-participatif-landais-2e-edition\\\/#breadcrumb\"},\"inLanguage\":\"fr-FR\",\"potentialAction\":[{\"@type\":\"ReadAction\",\"target\":[\"https:\\\/\\\/www.etoilesportivemontoise.fr\\\/football\\\/2021\\\/11\\\/cest-parti-pour-le-budget-participatif-landais-2e-edition\\\/\"]}]},{\"@type\":\"ImageObject\",\"inLanguage\":\"fr-FR\",\"@id\":\"https:\\\/\\\/www.etoilesportivemontoise.fr\\\/football\\\/2021\\\/11\\\/cest-parti-pour-le-budget-participatif-landais-2e-edition\\\/#primaryimage\",\"url\":\"https:\\\/\\\/www.etoilesportivemontoise.fr\\\/content\\\/uploads\\\/sites\\\/2\\\/2021\\\/11\\\/Post_1200x630px_NEW.png\",\"contentUrl\":\"https:\\\/\\\/www.etoilesportivemontoise.fr\\\/content\\\/uploads\\\/sites\\\/2\\\/2021\\\/11\\\/Post_1200x630px_NEW.png\",\"width\":5000,\"height\":2625},{\"@type\":\"BreadcrumbList\",\"@id\":\"https:\\\/\\\/www.etoilesportivemontoise.fr\\\/football\\\/2021\\\/11\\\/cest-parti-pour-le-budget-participatif-landais-2e-edition\\\/#breadcrumb\",\"itemListElement\":[{\"@type\":\"ListItem\",\"position\":1,\"name\":\"Accueil\",\"item\":\"https:\\\/\\\/www.etoilesportivemontoise.fr\\\/football\\\/\"},{\"@type\":\"ListItem\",\"position\":2,\"name\":\"C\u2019EST PARTI POUR LE \u00ab\u00a0BUDGET PARTICIPATIF LANDAIS\u00a0\u00bb 2e EDITION\u00a0!\"}]},{\"@type\":\"WebSite\",\"@id\":\"https:\\\/\\\/www.etoilesportivemontoise.fr\\\/football\\\/#website\",\"url\":\"https:\\\/\\\/www.etoilesportivemontoise.fr\\\/football\\\/\",\"name\":\"ESM Foot\",\"description\":\"Club Football Mont de Marsan\",\"potentialAction\":[{\"@type\":\"SearchAction\",\"target\":{\"@type\":\"EntryPoint\",\"urlTemplate\":\"https:\\\/\\\/www.etoilesportivemontoise.fr\\\/football\\\/?s={search_term_string}\"},\"query-input\":{\"@type\":\"PropertyValueSpecification\",\"valueRequired\":true,\"valueName\":\"search_term_string\"}}],\"inLanguage\":\"fr-FR\"},{\"@type\":\"Person\",\"@id\":\"https:\\\/\\\/www.etoilesportivemontoise.fr\\\/football\\\/#\\\/schema\\\/person\\\/32b149c0a4568e3b2372eeffb84980d7\",\"name\":\"drobino\",\"image\":{\"@type\":\"ImageObject\",\"inLanguage\":\"fr-FR\",\"@id\":\"https:\\\/\\\/secure.gravatar.com\\\/avatar\\\/4c4ebb0107d2a7b7a74ac6c303483321a0538c2c71043c62672ca1885182b093?s=96&d=mm&r=g\",\"url\":\"https:\\\/\\\/secure.gravatar.com\\\/avatar\\\/4c4ebb0107d2a7b7a74ac6c303483321a0538c2c71043c62672ca1885182b093?s=96&d=mm&r=g\",\"contentUrl\":\"https:\\\/\\\/secure.gravatar.com\\\/avatar\\\/4c4ebb0107d2a7b7a74ac6c303483321a0538c2c71043c62672ca1885182b093?s=96&d=mm&r=g\",\"caption\":\"drobino\"},\"url\":\"https:\\\/\\\/www.etoilesportivemontoise.fr\\\/football\\\/aka\\\/4e43f598fc1377a04021956cdf391a6471bff660\\\/\"}]}<\/script>\n<!-- \/ Yoast SEO plugin. -->","yoast_head_json":{"title":"C\u2019EST PARTI POUR LE \u00ab\u00a0BUDGET PARTICIPATIF LANDAIS\u00a0\u00bb 2e EDITION\u00a0! - ESM Foot","robots":{"index":"index","follow":"follow","max-snippet":"max-snippet:-1","max-image-preview":"max-image-preview:large","max-video-preview":"max-video-preview:-1"},"canonical":"https:\/\/www.etoilesportivemontoise.fr\/football\/2021\/11\/cest-parti-pour-le-budget-participatif-landais-2e-edition\/","og_locale":"fr_FR","og_type":"article","og_title":"C\u2019EST PARTI POUR LE \u00ab\u00a0BUDGET PARTICIPATIF LANDAIS\u00a0\u00bb 2e EDITION\u00a0! - ESM Foot","og_description":"[vc_row row_type=\u00a0\u00bbrow\u00a0\u00bb text_align=\u00a0\u00bbleft\u00a0\u00bb css_animation=\u00a0\u00bb\u00a0\u00bb][vc_column][vc_column_text]\ud83d\ude90On compte sur vous pour voter pour notre projet \u00ab\u00a0Un minibus pour l\u2019Etoile Sportive Montoise\u00a0\u00bb qui permettra \u00e0 nos jeunes de se rendre plus facilement sur les diff\u00e9rents terrains du groupement Agglo Marsan Foot. Il facilitera en outre l\u2019organisation de sorties d\u2019animation,...","og_url":"https:\/\/www.etoilesportivemontoise.fr\/football\/2021\/11\/cest-parti-pour-le-budget-participatif-landais-2e-edition\/","og_site_name":"ESM Foot","article_published_time":"2021-11-04T13:11:30+00:00","article_modified_time":"2024-03-24T17:13:22+00:00","og_image":[{"width":1024,"height":538,"url":"https:\/\/www.etoilesportivemontoise.fr\/content\/uploads\/sites\/2\/2021\/11\/Post_1200x630px_NEW-1024x538.png","type":"image\/png"}],"author":"drobino","twitter_misc":{"\u00c9crit par":"drobino","Dur\u00e9e de lecture estim\u00e9e":"1 minute"},"schema":{"@context":"https:\/\/schema.org","@graph":[{"@type":"Article","@id":"https:\/\/www.etoilesportivemontoise.fr\/football\/2021\/11\/cest-parti-pour-le-budget-participatif-landais-2e-edition\/#article","isPartOf":{"@id":"https:\/\/www.etoilesportivemontoise.fr\/football\/2021\/11\/cest-parti-pour-le-budget-participatif-landais-2e-edition\/"},"author":{"name":"drobino","@id":"https:\/\/www.etoilesportivemontoise.fr\/football\/#\/schema\/person\/32b149c0a4568e3b2372eeffb84980d7"},"headline":"C\u2019EST PARTI POUR LE \u00ab\u00a0BUDGET PARTICIPATIF LANDAIS\u00a0\u00bb 2e EDITION\u00a0!","datePublished":"2021-11-04T13:11:30+00:00","dateModified":"2024-03-24T17:13:22+00:00","mainEntityOfPage":{"@id":"https:\/\/www.etoilesportivemontoise.fr\/football\/2021\/11\/cest-parti-pour-le-budget-participatif-landais-2e-edition\/"},"wordCount":220,"image":{"@id":"https:\/\/www.etoilesportivemontoise.fr\/football\/2021\/11\/cest-parti-pour-le-budget-participatif-landais-2e-edition\/#primaryimage"},"thumbnailUrl":"https:\/\/www.etoilesportivemontoise.fr\/content\/uploads\/sites\/2\/2021\/11\/Post_1200x630px_NEW.png","articleSection":["Actualit\u00e9s"],"inLanguage":"fr-FR"},{"@type":"WebPage","@id":"https:\/\/www.etoilesportivemontoise.fr\/football\/2021\/11\/cest-parti-pour-le-budget-participatif-landais-2e-edition\/","url":"https:\/\/www.etoilesportivemontoise.fr\/football\/2021\/11\/cest-parti-pour-le-budget-participatif-landais-2e-edition\/","name":"C\u2019EST PARTI POUR LE \u00ab\u00a0BUDGET PARTICIPATIF LANDAIS\u00a0\u00bb 2e EDITION\u00a0! - ESM Foot","isPartOf":{"@id":"https:\/\/www.etoilesportivemontoise.fr\/football\/#website"},"primaryImageOfPage":{"@id":"https:\/\/www.etoilesportivemontoise.fr\/football\/2021\/11\/cest-parti-pour-le-budget-participatif-landais-2e-edition\/#primaryimage"},"image":{"@id":"https:\/\/www.etoilesportivemontoise.fr\/football\/2021\/11\/cest-parti-pour-le-budget-participatif-landais-2e-edition\/#primaryimage"},"thumbnailUrl":"https:\/\/www.etoilesportivemontoise.fr\/content\/uploads\/sites\/2\/2021\/11\/Post_1200x630px_NEW.png","datePublished":"2021-11-04T13:11:30+00:00","dateModified":"2024-03-24T17:13:22+00:00","author":{"@id":"https:\/\/www.etoilesportivemontoise.fr\/football\/#\/schema\/person\/32b149c0a4568e3b2372eeffb84980d7"},"breadcrumb":{"@id":"https:\/\/www.etoilesportivemontoise.fr\/football\/2021\/11\/cest-parti-pour-le-budget-participatif-landais-2e-edition\/#breadcrumb"},"inLanguage":"fr-FR","potentialAction":[{"@type":"ReadAction","target":["https:\/\/www.etoilesportivemontoise.fr\/football\/2021\/11\/cest-parti-pour-le-budget-participatif-landais-2e-edition\/"]}]},{"@type":"ImageObject","inLanguage":"fr-FR","@id":"https:\/\/www.etoilesportivemontoise.fr\/football\/2021\/11\/cest-parti-pour-le-budget-participatif-landais-2e-edition\/#primaryimage","url":"https:\/\/www.etoilesportivemontoise.fr\/content\/uploads\/sites\/2\/2021\/11\/Post_1200x630px_NEW.png","contentUrl":"https:\/\/www.etoilesportivemontoise.fr\/content\/uploads\/sites\/2\/2021\/11\/Post_1200x630px_NEW.png","width":5000,"height":2625},{"@type":"BreadcrumbList","@id":"https:\/\/www.etoilesportivemontoise.fr\/football\/2021\/11\/cest-parti-pour-le-budget-participatif-landais-2e-edition\/#breadcrumb","itemListElement":[{"@type":"ListItem","position":1,"name":"Accueil","item":"https:\/\/www.etoilesportivemontoise.fr\/football\/"},{"@type":"ListItem","position":2,"name":"C\u2019EST PARTI POUR LE \u00ab\u00a0BUDGET PARTICIPATIF LANDAIS\u00a0\u00bb 2e EDITION\u00a0!"}]},{"@type":"WebSite","@id":"https:\/\/www.etoilesportivemontoise.fr\/football\/#website","url":"https:\/\/www.etoilesportivemontoise.fr\/football\/","name":"ESM Foot","description":"Club Football Mont de Marsan","potentialAction":[{"@type":"SearchAction","target":{"@type":"EntryPoint","urlTemplate":"https:\/\/www.etoilesportivemontoise.fr\/football\/?s={search_term_string}"},"query-input":{"@type":"PropertyValueSpecification","valueRequired":true,"valueName":"search_term_string"}}],"inLanguage":"fr-FR"},{"@type":"Person","@id":"https:\/\/www.etoilesportivemontoise.fr\/football\/#\/schema\/person\/32b149c0a4568e3b2372eeffb84980d7","name":"drobino","image":{"@type":"ImageObject","inLanguage":"fr-FR","@id":"https:\/\/secure.gravatar.com\/avatar\/4c4ebb0107d2a7b7a74ac6c303483321a0538c2c71043c62672ca1885182b093?s=96&d=mm&r=g","url":"https:\/\/secure.gravatar.com\/avatar\/4c4ebb0107d2a7b7a74ac6c303483321a0538c2c71043c62672ca1885182b093?s=96&d=mm&r=g","contentUrl":"https:\/\/secure.gravatar.com\/avatar\/4c4ebb0107d2a7b7a74ac6c303483321a0538c2c71043c62672ca1885182b093?s=96&d=mm&r=g","caption":"drobino"},"url":"https:\/\/www.etoilesportivemontoise.fr\/football\/aka\/4e43f598fc1377a04021956cdf391a6471bff660\/"}]}},"_links":{"self":[{"href":"https:\/\/www.etoilesportivemontoise.fr\/football\/wp-json\/wp\/v2\/posts\/5005","targetHints":{"allow":["GET"]}}],"collection":[{"href":"https:\/\/www.etoilesportivemontoise.fr\/football\/wp-json\/wp\/v2\/posts"}],"about":[{"href":"https:\/\/www.etoilesportivemontoise.fr\/football\/wp-json\/wp\/v2\/types\/post"}],"author":[{"embeddable":true,"href":"https:\/\/www.etoilesportivemontoise.fr\/football\/wp-json\/wp\/v2\/users\/29"}],"replies":[{"embeddable":true,"href":"https:\/\/www.etoilesportivemontoise.fr\/football\/wp-json\/wp\/v2\/comments?post=5005"}],"version-history":[{"count":2,"href":"https:\/\/www.etoilesportivemontoise.fr\/football\/wp-json\/wp\/v2\/posts\/5005\/revisions"}],"predecessor-version":[{"id":5008,"href":"https:\/\/www.etoilesportivemontoise.fr\/football\/wp-json\/wp\/v2\/posts\/5005\/revisions\/5008"}],"wp:featuredmedia":[{"embeddable":true,"href":"https:\/\/www.etoilesportivemontoise.fr\/football\/wp-json\/wp\/v2\/media\/5006"}],"wp:attachment":[{"href":"https:\/\/www.etoilesportivemontoise.fr\/football\/wp-json\/wp\/v2\/media?parent=5005"}],"wp:term":[{"taxonomy":"category","embeddable":true,"href":"https:\/\/www.etoilesportivemontoise.fr\/football\/wp-json\/wp\/v2\/categories?post=5005"},{"taxonomy":"post_tag","embeddable":true,"href":"https:\/\/www.etoilesportivemontoise.fr\/football\/wp-json\/wp\/v2\/tags?post=5005"}],"curies":[{"name":"wp","href":"https:\/\/api.w.org\/{rel}","templated":true}]}}