{"id":5264,"date":"2024-11-13T10:13:29","date_gmt":"2024-11-13T09:13:29","guid":{"rendered":"https:\/\/www.etoilesportivemontoise.fr\/football\/?p=5264"},"modified":"2024-11-13T10:13:29","modified_gmt":"2024-11-13T09:13:29","slug":"ouverture-des-inscriptions-pour-notre-vide-greniers","status":"publish","type":"post","link":"https:\/\/www.etoilesportivemontoise.fr\/football\/2024\/11\/ouverture-des-inscriptions-pour-notre-vide-greniers\/","title":{"rendered":"Ouverture des inscriptions pour notre vide-greniers"},"content":{"rendered":"<section class=\"wpb-content-wrapper\">[vc_row row_type=\u00a0\u00bbrow\u00a0\u00bb text_align=\u00a0\u00bbleft\u00a0\u00bb css_animation=\u00a0\u00bb\u00a0\u00bb][vc_column][vc_column_text]\n<div class=\"xdj266r x11i5rnm xat24cr x1mh8g0r x1vvkbs x126k92a\">\n<div dir=\"auto\">Ne tardez pas pour vous positionner : premier arriv\u00e9, premier servi ! <span class=\"html-span xexx8yu x4uap5 x18d9i69 xkhd6sd x1hl2dhg x16tdsg8 x1vvkbs x3nfvp2 x1j61x8r x1fcty0u xdj266r xat24cr xgzva0m xhhsvwb xxymvpz xlup9mm x1kky2od\"><img loading=\"lazy\" decoding=\"async\" class=\"xz74otr\" src=\"https:\/\/static.xx.fbcdn.net\/images\/emoji.php\/v9\/t5d\/2\/16\/1f3c6.png\" alt=\"\ud83c\udfc6\" width=\"16\" height=\"16\" \/><\/span><\/div>\n<\/div>\n<div class=\"x11i5rnm xat24cr x1mh8g0r x1vvkbs xtlvy1s x126k92a\">\n<div dir=\"auto\">Consultez le plan de la salle \u00e0 l\u2019adresse suivante : <span class=\"html-span xdj266r x11i5rnm xat24cr x1mh8g0r xexx8yu x4uap5 x18d9i69 xkhd6sd x1hl2dhg x16tdsg8 x1vvkbs\"><a class=\"x1i10hfl xjbqb8w x1ejq31n xd10rxx x1sy0etr x17r0tee x972fbf xcfux6l x1qhh985 xm0m39n x9f619 x1ypdohk xt0psk2 xe8uvvx xdj266r x11i5rnm xat24cr x1mh8g0r xexx8yu x4uap5 x18d9i69 xkhd6sd x16tdsg8 x1hl2dhg xggy1nq x1a2a7pz x1sur9pj xkrqix3 x1fey0fg x1s688f\" role=\"link\" href=\"https:\/\/urlz.fr\/t1gC?fbclid=IwZXh0bgNhZW0CMTAAAR2bfFbv5I2JafGHPtixlysNc14L0a4-qbl7m4_mWDYTR5CUZw4KqO9VhjQ_aem_aw_QeNjhYFQ9Pd6bNMl1ow\" target=\"_blank\" rel=\"nofollow noopener noreferrer\">https:\/\/urlz.fr\/t1gC<\/a><\/span><\/div>\n<\/div>\n[\/vc_column_text][\/vc_column][\/vc_row]\n<\/section>","protected":false},"excerpt":{"rendered":"<p>[vc_row row_type=\u00a0\u00bbrow\u00a0\u00bb text_align=\u00a0\u00bbleft\u00a0\u00bb css_animation=\u00a0\u00bb\u00a0\u00bb][vc_column][vc_column_text] Ne tardez pas pour vous positionner : premier arriv\u00e9, premier servi ! Consultez le plan de la salle \u00e0 l\u2019adresse suivante : https:\/\/urlz.fr\/t1gC [\/vc_column_text][\/vc_column][\/vc_row]<\/p>\n","protected":false},"author":29,"featured_media":5265,"comment_status":"closed","ping_status":"closed","sticky":false,"template":"","format":"standard","meta":{"footnotes":""},"categories":[27],"tags":[],"class_list":["post-5264","post","type-post","status-publish","format-standard","has-post-thumbnail","hentry","category-actualites"],"yoast_head":"<!-- This site is optimized with the Yoast SEO plugin v27.3 - https:\/\/yoast.com\/product\/yoast-seo-wordpress\/ -->\n<title>Ouverture des inscriptions pour notre vide-greniers - ESM Foot<\/title>\n<meta name=\"robots\" content=\"index, follow, max-snippet:-1, max-image-preview:large, max-video-preview:-1\" \/>\n<link rel=\"canonical\" href=\"https:\/\/www.etoilesportivemontoise.fr\/football\/2024\/11\/ouverture-des-inscriptions-pour-notre-vide-greniers\/\" \/>\n<meta property=\"og:locale\" content=\"fr_FR\" \/>\n<meta property=\"og:type\" content=\"article\" \/>\n<meta property=\"og:title\" content=\"Ouverture des inscriptions pour notre vide-greniers - ESM Foot\" \/>\n<meta property=\"og:description\" content=\"[vc_row row_type=\u00a0\u00bbrow\u00a0\u00bb text_align=\u00a0\u00bbleft\u00a0\u00bb css_animation=\u00a0\u00bb\u00a0\u00bb][vc_column][vc_column_text] Ne tardez pas pour vous positionner : premier arriv\u00e9, premier servi ! Consultez le plan de la salle \u00e0 l\u2019adresse suivante : https:\/\/urlz.fr\/t1gC [\/vc_column_text][\/vc_column][\/vc_row]\" \/>\n<meta property=\"og:url\" content=\"https:\/\/www.etoilesportivemontoise.fr\/football\/2024\/11\/ouverture-des-inscriptions-pour-notre-vide-greniers\/\" \/>\n<meta property=\"og:site_name\" content=\"ESM Foot\" \/>\n<meta property=\"article:published_time\" content=\"2024-11-13T09:13:29+00:00\" \/>\n<meta property=\"og:image\" content=\"https:\/\/www.etoilesportivemontoise.fr\/content\/uploads\/sites\/2\/2024\/11\/Vide_grenier_2025-scaled.jpg\" \/>\n\t<meta property=\"og:image:width\" content=\"1997\" \/>\n\t<meta property=\"og:image:height\" content=\"2560\" \/>\n\t<meta property=\"og:image:type\" content=\"image\/jpeg\" \/>\n<meta name=\"author\" content=\"drobino\" \/>\n<meta name=\"twitter:label1\" content=\"\u00c9crit par\" \/>\n\t<meta name=\"twitter:data1\" content=\"drobino\" \/>\n\t<meta name=\"twitter:label2\" content=\"Dur\u00e9e de lecture estim\u00e9e\" \/>\n\t<meta name=\"twitter:data2\" content=\"1 minute\" \/>\n<script type=\"application\/ld+json\" class=\"yoast-schema-graph\">{\"@context\":\"https:\\\/\\\/schema.org\",\"@graph\":[{\"@type\":\"Article\",\"@id\":\"https:\\\/\\\/www.etoilesportivemontoise.fr\\\/football\\\/2024\\\/11\\\/ouverture-des-inscriptions-pour-notre-vide-greniers\\\/#article\",\"isPartOf\":{\"@id\":\"https:\\\/\\\/www.etoilesportivemontoise.fr\\\/football\\\/2024\\\/11\\\/ouverture-des-inscriptions-pour-notre-vide-greniers\\\/\"},\"author\":{\"name\":\"drobino\",\"@id\":\"https:\\\/\\\/www.etoilesportivemontoise.fr\\\/football\\\/#\\\/schema\\\/person\\\/32b149c0a4568e3b2372eeffb84980d7\"},\"headline\":\"Ouverture des inscriptions pour notre vide-greniers\",\"datePublished\":\"2024-11-13T09:13:29+00:00\",\"mainEntityOfPage\":{\"@id\":\"https:\\\/\\\/www.etoilesportivemontoise.fr\\\/football\\\/2024\\\/11\\\/ouverture-des-inscriptions-pour-notre-vide-greniers\\\/\"},\"wordCount\":52,\"image\":{\"@id\":\"https:\\\/\\\/www.etoilesportivemontoise.fr\\\/football\\\/2024\\\/11\\\/ouverture-des-inscriptions-pour-notre-vide-greniers\\\/#primaryimage\"},\"thumbnailUrl\":\"https:\\\/\\\/www.etoilesportivemontoise.fr\\\/content\\\/uploads\\\/sites\\\/2\\\/2024\\\/11\\\/Vide_grenier_2025-scaled.jpg\",\"articleSection\":[\"Actualit\u00e9s\"],\"inLanguage\":\"fr-FR\"},{\"@type\":\"WebPage\",\"@id\":\"https:\\\/\\\/www.etoilesportivemontoise.fr\\\/football\\\/2024\\\/11\\\/ouverture-des-inscriptions-pour-notre-vide-greniers\\\/\",\"url\":\"https:\\\/\\\/www.etoilesportivemontoise.fr\\\/football\\\/2024\\\/11\\\/ouverture-des-inscriptions-pour-notre-vide-greniers\\\/\",\"name\":\"Ouverture des inscriptions pour notre vide-greniers - ESM Foot\",\"isPartOf\":{\"@id\":\"https:\\\/\\\/www.etoilesportivemontoise.fr\\\/football\\\/#website\"},\"primaryImageOfPage\":{\"@id\":\"https:\\\/\\\/www.etoilesportivemontoise.fr\\\/football\\\/2024\\\/11\\\/ouverture-des-inscriptions-pour-notre-vide-greniers\\\/#primaryimage\"},\"image\":{\"@id\":\"https:\\\/\\\/www.etoilesportivemontoise.fr\\\/football\\\/2024\\\/11\\\/ouverture-des-inscriptions-pour-notre-vide-greniers\\\/#primaryimage\"},\"thumbnailUrl\":\"https:\\\/\\\/www.etoilesportivemontoise.fr\\\/content\\\/uploads\\\/sites\\\/2\\\/2024\\\/11\\\/Vide_grenier_2025-scaled.jpg\",\"datePublished\":\"2024-11-13T09:13:29+00:00\",\"author\":{\"@id\":\"https:\\\/\\\/www.etoilesportivemontoise.fr\\\/football\\\/#\\\/schema\\\/person\\\/32b149c0a4568e3b2372eeffb84980d7\"},\"breadcrumb\":{\"@id\":\"https:\\\/\\\/www.etoilesportivemontoise.fr\\\/football\\\/2024\\\/11\\\/ouverture-des-inscriptions-pour-notre-vide-greniers\\\/#breadcrumb\"},\"inLanguage\":\"fr-FR\",\"potentialAction\":[{\"@type\":\"ReadAction\",\"target\":[\"https:\\\/\\\/www.etoilesportivemontoise.fr\\\/football\\\/2024\\\/11\\\/ouverture-des-inscriptions-pour-notre-vide-greniers\\\/\"]}]},{\"@type\":\"ImageObject\",\"inLanguage\":\"fr-FR\",\"@id\":\"https:\\\/\\\/www.etoilesportivemontoise.fr\\\/football\\\/2024\\\/11\\\/ouverture-des-inscriptions-pour-notre-vide-greniers\\\/#primaryimage\",\"url\":\"https:\\\/\\\/www.etoilesportivemontoise.fr\\\/content\\\/uploads\\\/sites\\\/2\\\/2024\\\/11\\\/Vide_grenier_2025-scaled.jpg\",\"contentUrl\":\"https:\\\/\\\/www.etoilesportivemontoise.fr\\\/content\\\/uploads\\\/sites\\\/2\\\/2024\\\/11\\\/Vide_grenier_2025-scaled.jpg\",\"width\":1997,\"height\":2560},{\"@type\":\"BreadcrumbList\",\"@id\":\"https:\\\/\\\/www.etoilesportivemontoise.fr\\\/football\\\/2024\\\/11\\\/ouverture-des-inscriptions-pour-notre-vide-greniers\\\/#breadcrumb\",\"itemListElement\":[{\"@type\":\"ListItem\",\"position\":1,\"name\":\"Accueil\",\"item\":\"https:\\\/\\\/www.etoilesportivemontoise.fr\\\/football\\\/\"},{\"@type\":\"ListItem\",\"position\":2,\"name\":\"Ouverture des inscriptions pour notre vide-greniers\"}]},{\"@type\":\"WebSite\",\"@id\":\"https:\\\/\\\/www.etoilesportivemontoise.fr\\\/football\\\/#website\",\"url\":\"https:\\\/\\\/www.etoilesportivemontoise.fr\\\/football\\\/\",\"name\":\"ESM Foot\",\"description\":\"Club Football Mont de Marsan\",\"potentialAction\":[{\"@type\":\"SearchAction\",\"target\":{\"@type\":\"EntryPoint\",\"urlTemplate\":\"https:\\\/\\\/www.etoilesportivemontoise.fr\\\/football\\\/?s={search_term_string}\"},\"query-input\":{\"@type\":\"PropertyValueSpecification\",\"valueRequired\":true,\"valueName\":\"search_term_string\"}}],\"inLanguage\":\"fr-FR\"},{\"@type\":\"Person\",\"@id\":\"https:\\\/\\\/www.etoilesportivemontoise.fr\\\/football\\\/#\\\/schema\\\/person\\\/32b149c0a4568e3b2372eeffb84980d7\",\"name\":\"drobino\",\"image\":{\"@type\":\"ImageObject\",\"inLanguage\":\"fr-FR\",\"@id\":\"https:\\\/\\\/secure.gravatar.com\\\/avatar\\\/4c4ebb0107d2a7b7a74ac6c303483321a0538c2c71043c62672ca1885182b093?s=96&d=mm&r=g\",\"url\":\"https:\\\/\\\/secure.gravatar.com\\\/avatar\\\/4c4ebb0107d2a7b7a74ac6c303483321a0538c2c71043c62672ca1885182b093?s=96&d=mm&r=g\",\"contentUrl\":\"https:\\\/\\\/secure.gravatar.com\\\/avatar\\\/4c4ebb0107d2a7b7a74ac6c303483321a0538c2c71043c62672ca1885182b093?s=96&d=mm&r=g\",\"caption\":\"drobino\"},\"url\":\"https:\\\/\\\/www.etoilesportivemontoise.fr\\\/football\\\/aka\\\/4e43f598fc1377a04021956cdf391a6471bff660\\\/\"}]}<\/script>\n<!-- \/ Yoast SEO plugin. -->","yoast_head_json":{"title":"Ouverture des inscriptions pour notre vide-greniers - ESM Foot","robots":{"index":"index","follow":"follow","max-snippet":"max-snippet:-1","max-image-preview":"max-image-preview:large","max-video-preview":"max-video-preview:-1"},"canonical":"https:\/\/www.etoilesportivemontoise.fr\/football\/2024\/11\/ouverture-des-inscriptions-pour-notre-vide-greniers\/","og_locale":"fr_FR","og_type":"article","og_title":"Ouverture des inscriptions pour notre vide-greniers - ESM Foot","og_description":"[vc_row row_type=\u00a0\u00bbrow\u00a0\u00bb text_align=\u00a0\u00bbleft\u00a0\u00bb css_animation=\u00a0\u00bb\u00a0\u00bb][vc_column][vc_column_text] Ne tardez pas pour vous positionner : premier arriv\u00e9, premier servi ! Consultez le plan de la salle \u00e0 l\u2019adresse suivante : https:\/\/urlz.fr\/t1gC [\/vc_column_text][\/vc_column][\/vc_row]","og_url":"https:\/\/www.etoilesportivemontoise.fr\/football\/2024\/11\/ouverture-des-inscriptions-pour-notre-vide-greniers\/","og_site_name":"ESM Foot","article_published_time":"2024-11-13T09:13:29+00:00","og_image":[{"width":1997,"height":2560,"url":"https:\/\/www.etoilesportivemontoise.fr\/content\/uploads\/sites\/2\/2024\/11\/Vide_grenier_2025-scaled.jpg","type":"image\/jpeg"}],"author":"drobino","twitter_misc":{"\u00c9crit par":"drobino","Dur\u00e9e de lecture estim\u00e9e":"1 minute"},"schema":{"@context":"https:\/\/schema.org","@graph":[{"@type":"Article","@id":"https:\/\/www.etoilesportivemontoise.fr\/football\/2024\/11\/ouverture-des-inscriptions-pour-notre-vide-greniers\/#article","isPartOf":{"@id":"https:\/\/www.etoilesportivemontoise.fr\/football\/2024\/11\/ouverture-des-inscriptions-pour-notre-vide-greniers\/"},"author":{"name":"drobino","@id":"https:\/\/www.etoilesportivemontoise.fr\/football\/#\/schema\/person\/32b149c0a4568e3b2372eeffb84980d7"},"headline":"Ouverture des inscriptions pour notre vide-greniers","datePublished":"2024-11-13T09:13:29+00:00","mainEntityOfPage":{"@id":"https:\/\/www.etoilesportivemontoise.fr\/football\/2024\/11\/ouverture-des-inscriptions-pour-notre-vide-greniers\/"},"wordCount":52,"image":{"@id":"https:\/\/www.etoilesportivemontoise.fr\/football\/2024\/11\/ouverture-des-inscriptions-pour-notre-vide-greniers\/#primaryimage"},"thumbnailUrl":"https:\/\/www.etoilesportivemontoise.fr\/content\/uploads\/sites\/2\/2024\/11\/Vide_grenier_2025-scaled.jpg","articleSection":["Actualit\u00e9s"],"inLanguage":"fr-FR"},{"@type":"WebPage","@id":"https:\/\/www.etoilesportivemontoise.fr\/football\/2024\/11\/ouverture-des-inscriptions-pour-notre-vide-greniers\/","url":"https:\/\/www.etoilesportivemontoise.fr\/football\/2024\/11\/ouverture-des-inscriptions-pour-notre-vide-greniers\/","name":"Ouverture des inscriptions pour notre vide-greniers - ESM Foot","isPartOf":{"@id":"https:\/\/www.etoilesportivemontoise.fr\/football\/#website"},"primaryImageOfPage":{"@id":"https:\/\/www.etoilesportivemontoise.fr\/football\/2024\/11\/ouverture-des-inscriptions-pour-notre-vide-greniers\/#primaryimage"},"image":{"@id":"https:\/\/www.etoilesportivemontoise.fr\/football\/2024\/11\/ouverture-des-inscriptions-pour-notre-vide-greniers\/#primaryimage"},"thumbnailUrl":"https:\/\/www.etoilesportivemontoise.fr\/content\/uploads\/sites\/2\/2024\/11\/Vide_grenier_2025-scaled.jpg","datePublished":"2024-11-13T09:13:29+00:00","author":{"@id":"https:\/\/www.etoilesportivemontoise.fr\/football\/#\/schema\/person\/32b149c0a4568e3b2372eeffb84980d7"},"breadcrumb":{"@id":"https:\/\/www.etoilesportivemontoise.fr\/football\/2024\/11\/ouverture-des-inscriptions-pour-notre-vide-greniers\/#breadcrumb"},"inLanguage":"fr-FR","potentialAction":[{"@type":"ReadAction","target":["https:\/\/www.etoilesportivemontoise.fr\/football\/2024\/11\/ouverture-des-inscriptions-pour-notre-vide-greniers\/"]}]},{"@type":"ImageObject","inLanguage":"fr-FR","@id":"https:\/\/www.etoilesportivemontoise.fr\/football\/2024\/11\/ouverture-des-inscriptions-pour-notre-vide-greniers\/#primaryimage","url":"https:\/\/www.etoilesportivemontoise.fr\/content\/uploads\/sites\/2\/2024\/11\/Vide_grenier_2025-scaled.jpg","contentUrl":"https:\/\/www.etoilesportivemontoise.fr\/content\/uploads\/sites\/2\/2024\/11\/Vide_grenier_2025-scaled.jpg","width":1997,"height":2560},{"@type":"BreadcrumbList","@id":"https:\/\/www.etoilesportivemontoise.fr\/football\/2024\/11\/ouverture-des-inscriptions-pour-notre-vide-greniers\/#breadcrumb","itemListElement":[{"@type":"ListItem","position":1,"name":"Accueil","item":"https:\/\/www.etoilesportivemontoise.fr\/football\/"},{"@type":"ListItem","position":2,"name":"Ouverture des inscriptions pour notre vide-greniers"}]},{"@type":"WebSite","@id":"https:\/\/www.etoilesportivemontoise.fr\/football\/#website","url":"https:\/\/www.etoilesportivemontoise.fr\/football\/","name":"ESM Foot","description":"Club Football Mont de Marsan","potentialAction":[{"@type":"SearchAction","target":{"@type":"EntryPoint","urlTemplate":"https:\/\/www.etoilesportivemontoise.fr\/football\/?s={search_term_string}"},"query-input":{"@type":"PropertyValueSpecification","valueRequired":true,"valueName":"search_term_string"}}],"inLanguage":"fr-FR"},{"@type":"Person","@id":"https:\/\/www.etoilesportivemontoise.fr\/football\/#\/schema\/person\/32b149c0a4568e3b2372eeffb84980d7","name":"drobino","image":{"@type":"ImageObject","inLanguage":"fr-FR","@id":"https:\/\/secure.gravatar.com\/avatar\/4c4ebb0107d2a7b7a74ac6c303483321a0538c2c71043c62672ca1885182b093?s=96&d=mm&r=g","url":"https:\/\/secure.gravatar.com\/avatar\/4c4ebb0107d2a7b7a74ac6c303483321a0538c2c71043c62672ca1885182b093?s=96&d=mm&r=g","contentUrl":"https:\/\/secure.gravatar.com\/avatar\/4c4ebb0107d2a7b7a74ac6c303483321a0538c2c71043c62672ca1885182b093?s=96&d=mm&r=g","caption":"drobino"},"url":"https:\/\/www.etoilesportivemontoise.fr\/football\/aka\/4e43f598fc1377a04021956cdf391a6471bff660\/"}]}},"_links":{"self":[{"href":"https:\/\/www.etoilesportivemontoise.fr\/football\/wp-json\/wp\/v2\/posts\/5264","targetHints":{"allow":["GET"]}}],"collection":[{"href":"https:\/\/www.etoilesportivemontoise.fr\/football\/wp-json\/wp\/v2\/posts"}],"about":[{"href":"https:\/\/www.etoilesportivemontoise.fr\/football\/wp-json\/wp\/v2\/types\/post"}],"author":[{"embeddable":true,"href":"https:\/\/www.etoilesportivemontoise.fr\/football\/wp-json\/wp\/v2\/users\/29"}],"replies":[{"embeddable":true,"href":"https:\/\/www.etoilesportivemontoise.fr\/football\/wp-json\/wp\/v2\/comments?post=5264"}],"version-history":[{"count":1,"href":"https:\/\/www.etoilesportivemontoise.fr\/football\/wp-json\/wp\/v2\/posts\/5264\/revisions"}],"predecessor-version":[{"id":5266,"href":"https:\/\/www.etoilesportivemontoise.fr\/football\/wp-json\/wp\/v2\/posts\/5264\/revisions\/5266"}],"wp:featuredmedia":[{"embeddable":true,"href":"https:\/\/www.etoilesportivemontoise.fr\/football\/wp-json\/wp\/v2\/media\/5265"}],"wp:attachment":[{"href":"https:\/\/www.etoilesportivemontoise.fr\/football\/wp-json\/wp\/v2\/media?parent=5264"}],"wp:term":[{"taxonomy":"category","embeddable":true,"href":"https:\/\/www.etoilesportivemontoise.fr\/football\/wp-json\/wp\/v2\/categories?post=5264"},{"taxonomy":"post_tag","embeddable":true,"href":"https:\/\/www.etoilesportivemontoise.fr\/football\/wp-json\/wp\/v2\/tags?post=5264"}],"curies":[{"name":"wp","href":"https:\/\/api.w.org\/{rel}","templated":true}]}}