{"id":4442,"date":"2024-02-23T13:31:30","date_gmt":"2024-02-23T13:31:30","guid":{"rendered":"https:\/\/www.etoilesportivemontoise.fr\/gymnastique\/?p=4442"},"modified":"2024-03-24T17:21:31","modified_gmt":"2024-03-24T17:21:31","slug":"competition-gam-gaf-du-18","status":"publish","type":"post","link":"https:\/\/www.etoilesportivemontoise.fr\/gymnastique\/2024\/02\/23\/competition-gam-gaf-du-18\/","title":{"rendered":"Comp\u00e9tition GAM du 18.02.2024 \u00e0 Mont-de-marsan"},"content":{"rendered":"<section class=\"wpb-content-wrapper\">[vc_row row_type=\u00a0\u00bbrow\u00a0\u00bb text_align=\u00a0\u00bbleft\u00a0\u00bb css_animation=\u00a0\u00bb\u00a0\u00bb][vc_column][vc_column_text]<span style=\"color: #ff0000\">Pour changer d&rsquo;image, cliquer \u00e0 droite ou \u00e0 gauche du cadre.<\/span>[\/vc_column_text][vc_raw_html]JTNDZGl2JTIwc3R5bGUlM0QlMjJwb3NpdGlvbiUzQSUyMHJlbGF0aXZlJTNCJTIwd2lkdGglM0ElMjAxMDAlMjUlM0IlMjBoZWlnaHQlM0ElMjAwJTNCJTIwcGFkZGluZy10b3AlM0ElMjAxMDAuMDAwMCUyNSUzQiUwQSUyMHBhZGRpbmctYm90dG9tJTNBJTIwMCUzQiUyMGJveC1zaGFkb3clM0ElMjAwJTIwMnB4JTIwOHB4JTIwMCUyMHJnYmElMjg2MyUyQzY5JTJDODElMkMwLjE2JTI5JTNCJTIwbWFyZ2luLXRvcCUzQSUyMDEuNmVtJTNCJTIwbWFyZ2luLWJvdHRvbSUzQSUyMDAuOWVtJTNCJTIwb3ZlcmZsb3clM0ElMjBoaWRkZW4lM0IlMEElMjBib3JkZXItcmFkaXVzJTNBJTIwOHB4JTNCJTIwd2lsbC1jaGFuZ2UlM0ElMjB0cmFuc2Zvcm0lM0IlMjIlM0UlMEElMjAlMjAlM0NpZnJhbWUlMjBsb2FkaW5nJTNEJTIybGF6eSUyMiUyMHN0eWxlJTNEJTIycG9zaXRpb24lM0ElMjBhYnNvbHV0ZSUzQiUyMHdpZHRoJTNBJTIwMTAwJTI1JTNCJTIwaGVpZ2h0JTNBJTIwMTAwJTI1JTNCJTIwdG9wJTNBJTIwMCUzQiUyMGxlZnQlM0ElMjAwJTNCJTIwYm9yZGVyJTNBJTIwbm9uZSUzQiUyMHBhZGRpbmclM0ElMjAwJTNCbWFyZ2luJTNBJTIwMCUzQiUyMiUwQSUyMCUyMCUyMCUyMHNyYyUzRCUyMmh0dHBzJTNBJTI2JTIzeDJGJTNCJTI2JTIzeDJGJTNCd3d3LmNhbnZhLmNvbSUyNiUyM3gyRiUzQmRlc2lnbiUyNiUyM3gyRiUzQkRBRjluVnk3UDNVJTI2JTIzeDJGJTNCeXRPTWNqNzU5cGJTWm5tZThwRTBjdyUyNiUyM3gyRiUzQnZpZXclM0ZlbWJlZCUyMiUyMGFsbG93ZnVsbHNjcmVlbiUzRCUyMmFsbG93ZnVsbHNjcmVlbiUyMiUyMGFsbG93JTNEJTIyZnVsbHNjcmVlbiUyMiUzRSUwQSUyMCUyMCUzQyUyRmlmcmFtZSUzRSUwQSUzQyUyRmRpdiUzRSUwQQ==[\/vc_raw_html][\/vc_column][\/vc_row][vc_row row_type=\u00a0\u00bbrow\u00a0\u00bb text_align=\u00a0\u00bbleft\u00a0\u00bb css_animation=\u00a0\u00bb\u00a0\u00bb][vc_column][vc_accordion style=\u00a0\u00bbaccordion\u00a0\u00bb][vc_accordion_tab title=\u00a0\u00bbR\u00e9sultats R\u00e9gionale 7-9 ans\u00a0\u00bb icon=\u00a0\u00bb\u00a0\u00bb][vc_single_image image=\u00a0\u00bb4457&Prime; img_size=\u00a0\u00bbfull\u00a0\u00bb onclick=\u00a0\u00bblink_image\u00a0\u00bb][\/vc_accordion_tab][vc_accordion_tab title=\u00a0\u00bbR\u00e9sultats R\u00e9gionale 9-10 ans\u00a0\u00bb icon=\u00a0\u00bb\u00a0\u00bb][vc_single_image image=\u00a0\u00bb4458&Prime; img_size=\u00a0\u00bbfull\u00a0\u00bb onclick=\u00a0\u00bblink_image\u00a0\u00bb][\/vc_accordion_tab][vc_accordion_tab title=\u00a0\u00bbR\u00e9sultats F\u00e9d\u00e9rale A 10-15 ans\u00a0\u00bb icon=\u00a0\u00bb\u00a0\u00bb][vc_single_image image=\u00a0\u00bb4456&Prime; img_size=\u00a0\u00bbfull\u00a0\u00bb onclick=\u00a0\u00bblink_image\u00a0\u00bb][\/vc_accordion_tab][\/vc_accordion][\/vc_column][\/vc_row]\n<\/section>","protected":false},"excerpt":{"rendered":"<p>[vc_row row_type=\u00a0\u00bbrow\u00a0\u00bb text_align=\u00a0\u00bbleft\u00a0\u00bb css_animation=\u00a0\u00bb\u00a0\u00bb][vc_column][vc_column_text]Pour changer d&rsquo;image, cliquer \u00e0 droite ou \u00e0 gauche du cadre.[\/vc_column_text][vc_raw_html]JTNDZGl2JTIwc3R5bGUlM0QlMjJwb3NpdGlvbiUzQSUyMHJlbGF0aXZlJTNCJTIwd2lkdGglM0ElMjAxMDAlMjUlM0IlMjBoZWlnaHQlM0ElMjAwJTNCJTIwcGFkZGluZy10b3AlM0ElMjAxMDAuMDAwMCUyNSUzQiUwQSUyMHBhZGRpbmctYm90dG9tJTNBJTIwMCUzQiUyMGJveC1zaGFkb3clM0ElMjAwJTIwMnB4JTIwOHB4JTIwMCUyMHJnYmElMjg2MyUyQzY5JTJDODElMkMwLjE2JTI5JTNCJTIwbWFyZ2luLXRvcCUzQSUyMDEuNmVtJTNCJTIwbWFyZ2luLWJvdHRvbSUzQSUyMDAuOWVtJTNCJTIwb3ZlcmZsb3clM0ElMjBoaWRkZW4lM0IlMEElMjBib3JkZXItcmFkaXVzJTNBJTIwOHB4JTNCJTIwd2lsbC1jaGFuZ2UlM0ElMjB0cmFuc2Zvcm0lM0IlMjIlM0UlMEElMjAlMjAlM0NpZnJhbWUlMjBsb2FkaW5nJTNEJTIybGF6eSUyMiUyMHN0eWxlJTNEJTIycG9zaXRpb24lM0ElMjBhYnNvbHV0ZSUzQiUyMHdpZHRoJTNBJTIwMTAwJTI1JTNCJTIwaGVpZ2h0JTNBJTIwMTAwJTI1JTNCJTIwdG9wJTNBJTIwMCUzQiUyMGxlZnQlM0ElMjAwJTNCJTIwYm9yZGVyJTNBJTIwbm9uZSUzQiUyMHBhZGRpbmclM0ElMjAwJTNCbWFyZ2luJTNBJTIwMCUzQiUyMiUwQSUyMCUyMCUyMCUyMHNyYyUzRCUyMmh0dHBzJTNBJTI2JTIzeDJGJTNCJTI2JTIzeDJGJTNCd3d3LmNhbnZhLmNvbSUyNiUyM3gyRiUzQmRlc2lnbiUyNiUyM3gyRiUzQkRBRjluVnk3UDNVJTI2JTIzeDJGJTNCeXRPTWNqNzU5cGJTWm5tZThwRTBjdyUyNiUyM3gyRiUzQnZpZXclM0ZlbWJlZCUyMiUyMGFsbG93ZnVsbHNjcmVlbiUzRCUyMmFsbG93ZnVsbHNjcmVlbiUyMiUyMGFsbG93JTNEJTIyZnVsbHNjcmVlbiUyMiUzRSUwQSUyMCUyMCUzQyUyRmlmcmFtZSUzRSUwQSUzQyUyRmRpdiUzRSUwQQ==[\/vc_raw_html][\/vc_column][\/vc_row][vc_row row_type=\u00a0\u00bbrow\u00a0\u00bb text_align=\u00a0\u00bbleft\u00a0\u00bb css_animation=\u00a0\u00bb\u00a0\u00bb][vc_column][vc_accordion style=\u00a0\u00bbaccordion\u00a0\u00bb][vc_accordion_tab title=\u00a0\u00bbR\u00e9sultats R\u00e9gionale 7-9 ans\u00a0\u00bb icon=\u00a0\u00bb\u00a0\u00bb][vc_single_image image=\u00a0\u00bb4457&Prime; img_size=\u00a0\u00bbfull\u00a0\u00bb onclick=\u00a0\u00bblink_image\u00a0\u00bb][\/vc_accordion_tab][vc_accordion_tab title=\u00a0\u00bbR\u00e9sultats R\u00e9gionale 9-10 ans\u00a0\u00bb icon=\u00a0\u00bb\u00a0\u00bb][vc_single_image image=\u00a0\u00bb4458&Prime; img_size=\u00a0\u00bbfull\u00a0\u00bb onclick=\u00a0\u00bblink_image\u00a0\u00bb][\/vc_accordion_tab][vc_accordion_tab title=\u00a0\u00bbR\u00e9sultats F\u00e9d\u00e9rale A 10-15 ans\u00a0\u00bb icon=\u00a0\u00bb\u00a0\u00bb][vc_single_image image=\u00a0\u00bb4456&Prime; img_size=\u00a0\u00bbfull\u00a0\u00bb onclick=\u00a0\u00bblink_image\u00a0\u00bb][\/vc_accordion_tab][\/vc_accordion][\/vc_column][\/vc_row]<\/p>\n","protected":false},"author":38,"featured_media":0,"comment_status":"closed","ping_status":"closed","sticky":false,"template":"","format":"standard","meta":{"footnotes":""},"categories":[6,32],"tags":[],"class_list":["post-4442","post","type-post","status-publish","format-standard","hentry","category-resultats","category-saison-2023-2024"],"yoast_head":"<!-- This site is optimized with the Yoast SEO plugin v27.3 - https:\/\/yoast.com\/product\/yoast-seo-wordpress\/ -->\n<title>Comp\u00e9tition GAM du 18.02.2024 \u00e0 Mont-de-marsan - ESM Gym<\/title>\n<meta name=\"robots\" content=\"index, follow, max-snippet:-1, max-image-preview:large, max-video-preview:-1\" \/>\n<link rel=\"canonical\" href=\"https:\/\/www.etoilesportivemontoise.fr\/gymnastique\/2024\/02\/23\/competition-gam-gaf-du-18\/\" \/>\n<meta property=\"og:locale\" content=\"fr_FR\" \/>\n<meta property=\"og:type\" content=\"article\" \/>\n<meta property=\"og:title\" content=\"Comp\u00e9tition GAM du 18.02.2024 \u00e0 Mont-de-marsan - ESM Gym\" \/>\n<meta property=\"og:description\" content=\"[vc_row row_type=\u00a0\u00bbrow\u00a0\u00bb text_align=\u00a0\u00bbleft\u00a0\u00bb css_animation=\u00a0\u00bb\u00a0\u00bb][vc_column][vc_column_text]Pour changer d&rsquo;image, cliquer \u00e0 droite ou \u00e0 gauche du cadre.[\/vc_column_text][vc_raw_html]JTNDZGl2JTIwc3R5bGUlM0QlMjJwb3NpdGlvbiUzQSUyMHJlbGF0aXZlJTNCJTIwd2lkdGglM0ElMjAxMDAlMjUlM0IlMjBoZWlnaHQlM0ElMjAwJTNCJTIwcGFkZGluZy10b3AlM0ElMjAxMDAuMDAwMCUyNSUzQiUwQSUyMHBhZGRpbmctYm90dG9tJTNBJTIwMCUzQiUyMGJveC1zaGFkb3clM0ElMjAwJTIwMnB4JTIwOHB4JTIwMCUyMHJnYmElMjg2MyUyQzY5JTJDODElMkMwLjE2JTI5JTNCJTIwbWFyZ2luLXRvcCUzQSUyMDEuNmVtJTNCJTIwbWFyZ2luLWJvdHRvbSUzQSUyMDAuOWVtJTNCJTIwb3ZlcmZsb3clM0ElMjBoaWRkZW4lM0IlMEElMjBib3JkZXItcmFkaXVzJTNBJTIwOHB4JTNCJTIwd2lsbC1jaGFuZ2UlM0ElMjB0cmFuc2Zvcm0lM0IlMjIlM0UlMEElMjAlMjAlM0NpZnJhbWUlMjBsb2FkaW5nJTNEJTIybGF6eSUyMiUyMHN0eWxlJTNEJTIycG9zaXRpb24lM0ElMjBhYnNvbHV0ZSUzQiUyMHdpZHRoJTNBJTIwMTAwJTI1JTNCJTIwaGVpZ2h0JTNBJTIwMTAwJTI1JTNCJTIwdG9wJTNBJTIwMCUzQiUyMGxlZnQlM0ElMjAwJTNCJTIwYm9yZGVyJTNBJTIwbm9uZSUzQiUyMHBhZGRpbmclM0ElMjAwJTNCbWFyZ2luJTNBJTIwMCUzQiUyMiUwQSUyMCUyMCUyMCUyMHNyYyUzRCUyMmh0dHBzJTNBJTI2JTIzeDJGJTNCJTI2JTIzeDJGJTNCd3d3LmNhbnZhLmNvbSUyNiUyM3gyRiUzQmRlc2lnbiUyNiUyM3gyRiUzQkRBRjluVnk3UDNVJTI2JTIzeDJGJTNCeXRPTWNqNzU5cGJTWm5tZThwRTBjdyUyNiUyM3gyRiUzQnZpZXclM0ZlbWJlZCUyMiUyMGFsbG93ZnVsbHNjcmVlbiUzRCUyMmFsbG93ZnVsbHNjcmVlbiUyMiUyMGFsbG93JTNEJTIyZnVsbHNjcmVlbiUyMiUzRSUwQSUyMCUyMCUzQyUyRmlmcmFtZSUzRSUwQSUzQyUyRmRpdiUzRSUwQQ==[\/vc_raw_html][\/vc_column][\/vc_row][vc_row row_type=\u00a0\u00bbrow\u00a0\u00bb text_align=\u00a0\u00bbleft\u00a0\u00bb css_animation=\u00a0\u00bb\u00a0\u00bb][vc_column][vc_accordion style=\u00a0\u00bbaccordion\u00a0\u00bb][vc_accordion_tab title=\u00a0\u00bbR\u00e9sultats R\u00e9gionale 7-9 ans\u00a0\u00bb icon=\u00a0\u00bb\u00a0\u00bb][vc_single_image image=\u00a0\u00bb4457&Prime; img_size=\u00a0\u00bbfull\u00a0\u00bb onclick=\u00a0\u00bblink_image\u00a0\u00bb][\/vc_accordion_tab][vc_accordion_tab title=\u00a0\u00bbR\u00e9sultats R\u00e9gionale 9-10 ans\u00a0\u00bb icon=\u00a0\u00bb\u00a0\u00bb][vc_single_image image=\u00a0\u00bb4458&Prime; img_size=\u00a0\u00bbfull\u00a0\u00bb onclick=\u00a0\u00bblink_image\u00a0\u00bb][\/vc_accordion_tab][vc_accordion_tab title=\u00a0\u00bbR\u00e9sultats F\u00e9d\u00e9rale A 10-15 ans\u00a0\u00bb icon=\u00a0\u00bb\u00a0\u00bb][vc_single_image image=\u00a0\u00bb4456&Prime; img_size=\u00a0\u00bbfull\u00a0\u00bb onclick=\u00a0\u00bblink_image\u00a0\u00bb][\/vc_accordion_tab][\/vc_accordion][\/vc_column][\/vc_row]\" \/>\n<meta property=\"og:url\" content=\"https:\/\/www.etoilesportivemontoise.fr\/gymnastique\/2024\/02\/23\/competition-gam-gaf-du-18\/\" \/>\n<meta property=\"og:site_name\" content=\"ESM Gym\" \/>\n<meta property=\"article:published_time\" content=\"2024-02-23T13:31:30+00:00\" \/>\n<meta property=\"article:modified_time\" content=\"2024-03-24T17:21:31+00:00\" \/>\n<meta name=\"author\" content=\"Guillaume\" \/>\n<meta name=\"twitter:label1\" content=\"\u00c9crit par\" \/>\n\t<meta name=\"twitter:data1\" content=\"Guillaume\" \/>\n\t<meta name=\"twitter:label2\" content=\"Dur\u00e9e de lecture estim\u00e9e\" \/>\n\t<meta name=\"twitter:data2\" content=\"1 minute\" \/>\n<script type=\"application\/ld+json\" class=\"yoast-schema-graph\">{\"@context\":\"https:\\\/\\\/schema.org\",\"@graph\":[{\"@type\":\"Article\",\"@id\":\"https:\\\/\\\/www.etoilesportivemontoise.fr\\\/gymnastique\\\/2024\\\/02\\\/23\\\/competition-gam-gaf-du-18\\\/#article\",\"isPartOf\":{\"@id\":\"https:\\\/\\\/www.etoilesportivemontoise.fr\\\/gymnastique\\\/2024\\\/02\\\/23\\\/competition-gam-gaf-du-18\\\/\"},\"author\":{\"name\":\"Guillaume\",\"@id\":\"https:\\\/\\\/www.etoilesportivemontoise.fr\\\/gymnastique\\\/#\\\/schema\\\/person\\\/633b3913936cc36837458de217b1ebe2\"},\"headline\":\"Comp\u00e9tition GAM du 18.02.2024 \u00e0 Mont-de-marsan\",\"datePublished\":\"2024-02-23T13:31:30+00:00\",\"dateModified\":\"2024-03-24T17:21:31+00:00\",\"mainEntityOfPage\":{\"@id\":\"https:\\\/\\\/www.etoilesportivemontoise.fr\\\/gymnastique\\\/2024\\\/02\\\/23\\\/competition-gam-gaf-du-18\\\/\"},\"wordCount\":218,\"articleSection\":[\"R\u00e9sultats\",\"Saison 2023\\\/2024\"],\"inLanguage\":\"fr-FR\"},{\"@type\":\"WebPage\",\"@id\":\"https:\\\/\\\/www.etoilesportivemontoise.fr\\\/gymnastique\\\/2024\\\/02\\\/23\\\/competition-gam-gaf-du-18\\\/\",\"url\":\"https:\\\/\\\/www.etoilesportivemontoise.fr\\\/gymnastique\\\/2024\\\/02\\\/23\\\/competition-gam-gaf-du-18\\\/\",\"name\":\"Comp\u00e9tition GAM du 18.02.2024 \u00e0 Mont-de-marsan - ESM Gym\",\"isPartOf\":{\"@id\":\"https:\\\/\\\/www.etoilesportivemontoise.fr\\\/gymnastique\\\/#website\"},\"datePublished\":\"2024-02-23T13:31:30+00:00\",\"dateModified\":\"2024-03-24T17:21:31+00:00\",\"author\":{\"@id\":\"https:\\\/\\\/www.etoilesportivemontoise.fr\\\/gymnastique\\\/#\\\/schema\\\/person\\\/633b3913936cc36837458de217b1ebe2\"},\"breadcrumb\":{\"@id\":\"https:\\\/\\\/www.etoilesportivemontoise.fr\\\/gymnastique\\\/2024\\\/02\\\/23\\\/competition-gam-gaf-du-18\\\/#breadcrumb\"},\"inLanguage\":\"fr-FR\",\"potentialAction\":[{\"@type\":\"ReadAction\",\"target\":[\"https:\\\/\\\/www.etoilesportivemontoise.fr\\\/gymnastique\\\/2024\\\/02\\\/23\\\/competition-gam-gaf-du-18\\\/\"]}]},{\"@type\":\"BreadcrumbList\",\"@id\":\"https:\\\/\\\/www.etoilesportivemontoise.fr\\\/gymnastique\\\/2024\\\/02\\\/23\\\/competition-gam-gaf-du-18\\\/#breadcrumb\",\"itemListElement\":[{\"@type\":\"ListItem\",\"position\":1,\"name\":\"Accueil\",\"item\":\"https:\\\/\\\/www.etoilesportivemontoise.fr\\\/gymnastique\\\/\"},{\"@type\":\"ListItem\",\"position\":2,\"name\":\"Comp\u00e9tition GAM du 18.02.2024 \u00e0 Mont-de-marsan\"}]},{\"@type\":\"WebSite\",\"@id\":\"https:\\\/\\\/www.etoilesportivemontoise.fr\\\/gymnastique\\\/#website\",\"url\":\"https:\\\/\\\/www.etoilesportivemontoise.fr\\\/gymnastique\\\/\",\"name\":\"ESM Gym\",\"description\":\"Club de Gymnastique sur Mont-de-marsan \",\"potentialAction\":[{\"@type\":\"SearchAction\",\"target\":{\"@type\":\"EntryPoint\",\"urlTemplate\":\"https:\\\/\\\/www.etoilesportivemontoise.fr\\\/gymnastique\\\/?s={search_term_string}\"},\"query-input\":{\"@type\":\"PropertyValueSpecification\",\"valueRequired\":true,\"valueName\":\"search_term_string\"}}],\"inLanguage\":\"fr-FR\"},{\"@type\":\"Person\",\"@id\":\"https:\\\/\\\/www.etoilesportivemontoise.fr\\\/gymnastique\\\/#\\\/schema\\\/person\\\/633b3913936cc36837458de217b1ebe2\",\"name\":\"Guillaume\",\"image\":{\"@type\":\"ImageObject\",\"inLanguage\":\"fr-FR\",\"@id\":\"https:\\\/\\\/secure.gravatar.com\\\/avatar\\\/dd13f229f497a4a5b14173d8a578936299e9c73d58dda55578eb9f9709f9e949?s=96&d=mm&r=g\",\"url\":\"https:\\\/\\\/secure.gravatar.com\\\/avatar\\\/dd13f229f497a4a5b14173d8a578936299e9c73d58dda55578eb9f9709f9e949?s=96&d=mm&r=g\",\"contentUrl\":\"https:\\\/\\\/secure.gravatar.com\\\/avatar\\\/dd13f229f497a4a5b14173d8a578936299e9c73d58dda55578eb9f9709f9e949?s=96&d=mm&r=g\",\"caption\":\"Guillaume\"},\"url\":\"https:\\\/\\\/www.etoilesportivemontoise.fr\\\/gymnastique\\\/aka\\\/c6db1d085592da78ed0e387c677b7fe9726c8891\\\/\"}]}<\/script>\n<!-- \/ Yoast SEO plugin. -->","yoast_head_json":{"title":"Comp\u00e9tition GAM du 18.02.2024 \u00e0 Mont-de-marsan - ESM Gym","robots":{"index":"index","follow":"follow","max-snippet":"max-snippet:-1","max-image-preview":"max-image-preview:large","max-video-preview":"max-video-preview:-1"},"canonical":"https:\/\/www.etoilesportivemontoise.fr\/gymnastique\/2024\/02\/23\/competition-gam-gaf-du-18\/","og_locale":"fr_FR","og_type":"article","og_title":"Comp\u00e9tition GAM du 18.02.2024 \u00e0 Mont-de-marsan - ESM Gym","og_description":"[vc_row row_type=\u00a0\u00bbrow\u00a0\u00bb text_align=\u00a0\u00bbleft\u00a0\u00bb css_animation=\u00a0\u00bb\u00a0\u00bb][vc_column][vc_column_text]Pour changer d&rsquo;image, cliquer \u00e0 droite ou \u00e0 gauche du cadre.[\/vc_column_text][vc_raw_html]JTNDZGl2JTIwc3R5bGUlM0QlMjJwb3NpdGlvbiUzQSUyMHJlbGF0aXZlJTNCJTIwd2lkdGglM0ElMjAxMDAlMjUlM0IlMjBoZWlnaHQlM0ElMjAwJTNCJTIwcGFkZGluZy10b3AlM0ElMjAxMDAuMDAwMCUyNSUzQiUwQSUyMHBhZGRpbmctYm90dG9tJTNBJTIwMCUzQiUyMGJveC1zaGFkb3clM0ElMjAwJTIwMnB4JTIwOHB4JTIwMCUyMHJnYmElMjg2MyUyQzY5JTJDODElMkMwLjE2JTI5JTNCJTIwbWFyZ2luLXRvcCUzQSUyMDEuNmVtJTNCJTIwbWFyZ2luLWJvdHRvbSUzQSUyMDAuOWVtJTNCJTIwb3ZlcmZsb3clM0ElMjBoaWRkZW4lM0IlMEElMjBib3JkZXItcmFkaXVzJTNBJTIwOHB4JTNCJTIwd2lsbC1jaGFuZ2UlM0ElMjB0cmFuc2Zvcm0lM0IlMjIlM0UlMEElMjAlMjAlM0NpZnJhbWUlMjBsb2FkaW5nJTNEJTIybGF6eSUyMiUyMHN0eWxlJTNEJTIycG9zaXRpb24lM0ElMjBhYnNvbHV0ZSUzQiUyMHdpZHRoJTNBJTIwMTAwJTI1JTNCJTIwaGVpZ2h0JTNBJTIwMTAwJTI1JTNCJTIwdG9wJTNBJTIwMCUzQiUyMGxlZnQlM0ElMjAwJTNCJTIwYm9yZGVyJTNBJTIwbm9uZSUzQiUyMHBhZGRpbmclM0ElMjAwJTNCbWFyZ2luJTNBJTIwMCUzQiUyMiUwQSUyMCUyMCUyMCUyMHNyYyUzRCUyMmh0dHBzJTNBJTI2JTIzeDJGJTNCJTI2JTIzeDJGJTNCd3d3LmNhbnZhLmNvbSUyNiUyM3gyRiUzQmRlc2lnbiUyNiUyM3gyRiUzQkRBRjluVnk3UDNVJTI2JTIzeDJGJTNCeXRPTWNqNzU5cGJTWm5tZThwRTBjdyUyNiUyM3gyRiUzQnZpZXclM0ZlbWJlZCUyMiUyMGFsbG93ZnVsbHNjcmVlbiUzRCUyMmFsbG93ZnVsbHNjcmVlbiUyMiUyMGFsbG93JTNEJTIyZnVsbHNjcmVlbiUyMiUzRSUwQSUyMCUyMCUzQyUyRmlmcmFtZSUzRSUwQSUzQyUyRmRpdiUzRSUwQQ==[\/vc_raw_html][\/vc_column][\/vc_row][vc_row row_type=\u00a0\u00bbrow\u00a0\u00bb text_align=\u00a0\u00bbleft\u00a0\u00bb css_animation=\u00a0\u00bb\u00a0\u00bb][vc_column][vc_accordion style=\u00a0\u00bbaccordion\u00a0\u00bb][vc_accordion_tab title=\u00a0\u00bbR\u00e9sultats R\u00e9gionale 7-9 ans\u00a0\u00bb icon=\u00a0\u00bb\u00a0\u00bb][vc_single_image image=\u00a0\u00bb4457&Prime; img_size=\u00a0\u00bbfull\u00a0\u00bb onclick=\u00a0\u00bblink_image\u00a0\u00bb][\/vc_accordion_tab][vc_accordion_tab title=\u00a0\u00bbR\u00e9sultats R\u00e9gionale 9-10 ans\u00a0\u00bb icon=\u00a0\u00bb\u00a0\u00bb][vc_single_image image=\u00a0\u00bb4458&Prime; img_size=\u00a0\u00bbfull\u00a0\u00bb onclick=\u00a0\u00bblink_image\u00a0\u00bb][\/vc_accordion_tab][vc_accordion_tab title=\u00a0\u00bbR\u00e9sultats F\u00e9d\u00e9rale A 10-15 ans\u00a0\u00bb icon=\u00a0\u00bb\u00a0\u00bb][vc_single_image image=\u00a0\u00bb4456&Prime; img_size=\u00a0\u00bbfull\u00a0\u00bb onclick=\u00a0\u00bblink_image\u00a0\u00bb][\/vc_accordion_tab][\/vc_accordion][\/vc_column][\/vc_row]","og_url":"https:\/\/www.etoilesportivemontoise.fr\/gymnastique\/2024\/02\/23\/competition-gam-gaf-du-18\/","og_site_name":"ESM Gym","article_published_time":"2024-02-23T13:31:30+00:00","article_modified_time":"2024-03-24T17:21:31+00:00","author":"Guillaume","twitter_misc":{"\u00c9crit par":"Guillaume","Dur\u00e9e de lecture estim\u00e9e":"1 minute"},"schema":{"@context":"https:\/\/schema.org","@graph":[{"@type":"Article","@id":"https:\/\/www.etoilesportivemontoise.fr\/gymnastique\/2024\/02\/23\/competition-gam-gaf-du-18\/#article","isPartOf":{"@id":"https:\/\/www.etoilesportivemontoise.fr\/gymnastique\/2024\/02\/23\/competition-gam-gaf-du-18\/"},"author":{"name":"Guillaume","@id":"https:\/\/www.etoilesportivemontoise.fr\/gymnastique\/#\/schema\/person\/633b3913936cc36837458de217b1ebe2"},"headline":"Comp\u00e9tition GAM du 18.02.2024 \u00e0 Mont-de-marsan","datePublished":"2024-02-23T13:31:30+00:00","dateModified":"2024-03-24T17:21:31+00:00","mainEntityOfPage":{"@id":"https:\/\/www.etoilesportivemontoise.fr\/gymnastique\/2024\/02\/23\/competition-gam-gaf-du-18\/"},"wordCount":218,"articleSection":["R\u00e9sultats","Saison 2023\/2024"],"inLanguage":"fr-FR"},{"@type":"WebPage","@id":"https:\/\/www.etoilesportivemontoise.fr\/gymnastique\/2024\/02\/23\/competition-gam-gaf-du-18\/","url":"https:\/\/www.etoilesportivemontoise.fr\/gymnastique\/2024\/02\/23\/competition-gam-gaf-du-18\/","name":"Comp\u00e9tition GAM du 18.02.2024 \u00e0 Mont-de-marsan - ESM Gym","isPartOf":{"@id":"https:\/\/www.etoilesportivemontoise.fr\/gymnastique\/#website"},"datePublished":"2024-02-23T13:31:30+00:00","dateModified":"2024-03-24T17:21:31+00:00","author":{"@id":"https:\/\/www.etoilesportivemontoise.fr\/gymnastique\/#\/schema\/person\/633b3913936cc36837458de217b1ebe2"},"breadcrumb":{"@id":"https:\/\/www.etoilesportivemontoise.fr\/gymnastique\/2024\/02\/23\/competition-gam-gaf-du-18\/#breadcrumb"},"inLanguage":"fr-FR","potentialAction":[{"@type":"ReadAction","target":["https:\/\/www.etoilesportivemontoise.fr\/gymnastique\/2024\/02\/23\/competition-gam-gaf-du-18\/"]}]},{"@type":"BreadcrumbList","@id":"https:\/\/www.etoilesportivemontoise.fr\/gymnastique\/2024\/02\/23\/competition-gam-gaf-du-18\/#breadcrumb","itemListElement":[{"@type":"ListItem","position":1,"name":"Accueil","item":"https:\/\/www.etoilesportivemontoise.fr\/gymnastique\/"},{"@type":"ListItem","position":2,"name":"Comp\u00e9tition GAM du 18.02.2024 \u00e0 Mont-de-marsan"}]},{"@type":"WebSite","@id":"https:\/\/www.etoilesportivemontoise.fr\/gymnastique\/#website","url":"https:\/\/www.etoilesportivemontoise.fr\/gymnastique\/","name":"ESM Gym","description":"Club de Gymnastique sur Mont-de-marsan ","potentialAction":[{"@type":"SearchAction","target":{"@type":"EntryPoint","urlTemplate":"https:\/\/www.etoilesportivemontoise.fr\/gymnastique\/?s={search_term_string}"},"query-input":{"@type":"PropertyValueSpecification","valueRequired":true,"valueName":"search_term_string"}}],"inLanguage":"fr-FR"},{"@type":"Person","@id":"https:\/\/www.etoilesportivemontoise.fr\/gymnastique\/#\/schema\/person\/633b3913936cc36837458de217b1ebe2","name":"Guillaume","image":{"@type":"ImageObject","inLanguage":"fr-FR","@id":"https:\/\/secure.gravatar.com\/avatar\/dd13f229f497a4a5b14173d8a578936299e9c73d58dda55578eb9f9709f9e949?s=96&d=mm&r=g","url":"https:\/\/secure.gravatar.com\/avatar\/dd13f229f497a4a5b14173d8a578936299e9c73d58dda55578eb9f9709f9e949?s=96&d=mm&r=g","contentUrl":"https:\/\/secure.gravatar.com\/avatar\/dd13f229f497a4a5b14173d8a578936299e9c73d58dda55578eb9f9709f9e949?s=96&d=mm&r=g","caption":"Guillaume"},"url":"https:\/\/www.etoilesportivemontoise.fr\/gymnastique\/aka\/c6db1d085592da78ed0e387c677b7fe9726c8891\/"}]}},"_links":{"self":[{"href":"https:\/\/www.etoilesportivemontoise.fr\/gymnastique\/wp-json\/wp\/v2\/posts\/4442","targetHints":{"allow":["GET"]}}],"collection":[{"href":"https:\/\/www.etoilesportivemontoise.fr\/gymnastique\/wp-json\/wp\/v2\/posts"}],"about":[{"href":"https:\/\/www.etoilesportivemontoise.fr\/gymnastique\/wp-json\/wp\/v2\/types\/post"}],"author":[{"embeddable":true,"href":"https:\/\/www.etoilesportivemontoise.fr\/gymnastique\/wp-json\/wp\/v2\/users\/38"}],"replies":[{"embeddable":true,"href":"https:\/\/www.etoilesportivemontoise.fr\/gymnastique\/wp-json\/wp\/v2\/comments?post=4442"}],"version-history":[{"count":9,"href":"https:\/\/www.etoilesportivemontoise.fr\/gymnastique\/wp-json\/wp\/v2\/posts\/4442\/revisions"}],"predecessor-version":[{"id":4460,"href":"https:\/\/www.etoilesportivemontoise.fr\/gymnastique\/wp-json\/wp\/v2\/posts\/4442\/revisions\/4460"}],"wp:attachment":[{"href":"https:\/\/www.etoilesportivemontoise.fr\/gymnastique\/wp-json\/wp\/v2\/media?parent=4442"}],"wp:term":[{"taxonomy":"category","embeddable":true,"href":"https:\/\/www.etoilesportivemontoise.fr\/gymnastique\/wp-json\/wp\/v2\/categories?post=4442"},{"taxonomy":"post_tag","embeddable":true,"href":"https:\/\/www.etoilesportivemontoise.fr\/gymnastique\/wp-json\/wp\/v2\/tags?post=4442"}],"curies":[{"name":"wp","href":"https:\/\/api.w.org\/{rel}","templated":true}]}}