{"id":4585,"date":"2024-06-10T22:35:40","date_gmt":"2024-06-10T22:35:40","guid":{"rendered":"https:\/\/www.etoilesportivemontoise.fr\/gymnastique\/?p=4585"},"modified":"2025-12-02T14:35:40","modified_gmt":"2025-12-02T14:35:40","slug":"gaf-chpt-id-sud-equipes-fed-reg-fed-a","status":"publish","type":"post","link":"https:\/\/www.etoilesportivemontoise.fr\/gymnastique\/2024\/06\/10\/gaf-chpt-id-sud-equipes-fed-reg-fed-a\/","title":{"rendered":"GAF \/ CHPT ID SUD \/ EQUIPES FED REG + FED A"},"content":{"rendered":"<section class=\"wpb-content-wrapper\">[vc_row row_type=\u00a0\u00bbrow\u00a0\u00bb text_align=\u00a0\u00bbleft\u00a0\u00bb css_animation=\u00a0\u00bb\u00a0\u00bb][vc_column][vc_column_text]<strong>Photos r\u00e9alis\u00e9es par Jos\u00e9 PALLARES le photographe de la R\u00e9gion Nouvelle-Aquitaine : <a href=\"https:\/\/ff-gym.com\/boutique\/gallery.php?mode=gallery&amp;id=1010&amp;page=1\">Lien<\/a><\/strong>[\/vc_column_text][\/vc_column][\/vc_row][vc_row row_type=\u00a0\u00bbrow\u00a0\u00bb text_align=\u00a0\u00bbleft\u00a0\u00bb css_animation=\u00a0\u00bb\u00a0\u00bb][vc_column][vc_separator type=\u00a0\u00bbnormal\u00a0\u00bb][\/vc_column][\/vc_row][vc_row row_type=\u00a0\u00bbrow\u00a0\u00bb text_align=\u00a0\u00bbleft\u00a0\u00bb css_animation=\u00a0\u00bb\u00a0\u00bb][vc_column][vc_raw_html]JTNDaWZyYW1lJTIwc3JjJTNEJTIyaHR0cHMlM0ElMkYlMkZ3d3cuZmFjZWJvb2suY29tJTJGcGx1Z2lucyUyRnBvc3QucGhwJTNGaHJlZiUzRGh0dHBzJTI1M0ElMjUyRiUyNTJGd3d3LmZhY2Vib29rLmNvbSUyNTJGZXRvaWxlc3BvcnRpdmVtb250b2lzZWd5bW5hc3RpcXVlJTI1MkZwb3N0cyUyNTJGcGZiaWQwc0VtZEJMQU05aENQaEthVkxQbmZFTm1CVzVqSG1xQUZaenlzZjE2a1BSMnBleWE1eUNCWjdQYUcxYzRlc0RZZWwlMjZzaG93X3RleHQlM0R0cnVlJTI2d2lkdGglM0Q1MDAlMjIlMjB3aWR0aCUzRCUyMjEwMCUyNSUyMiUyMGhlaWdodCUzRCUyMjcwMCUyMiUyMHN0eWxlJTNEJTIyYm9yZGVyJTNBbm9uZSUzQm92ZXJmbG93JTNBaGlkZGVuJTIyJTIwc2Nyb2xsaW5nJTNEJTIybm8lMjIlMjBmcmFtZWJvcmRlciUzRCUyMjAlMjIlMjBhbGxvd2Z1bGxzY3JlZW4lM0QlMjJ0cnVlJTIyJTIwYWxsb3clM0QlMjJhdXRvcGxheSUzQiUyMGNsaXBib2FyZC13cml0ZSUzQiUyMGVuY3J5cHRlZC1tZWRpYSUzQiUyMHBpY3R1cmUtaW4tcGljdHVyZSUzQiUyMHdlYi1zaGFyZSUyMiUzRSUzQyUyRmlmcmFtZSUzRQ==[\/vc_raw_html][\/vc_column][\/vc_row]\n<\/section>","protected":false},"excerpt":{"rendered":"<p>[vc_row row_type=\u00a0\u00bbrow\u00a0\u00bb text_align=\u00a0\u00bbleft\u00a0\u00bb css_animation=\u00a0\u00bb\u00a0\u00bb][vc_column][vc_column_text]Photos r\u00e9alis\u00e9es par Jos\u00e9 PALLARES le photographe de la R\u00e9gion Nouvelle-Aquitaine : Lien[\/vc_column_text][\/vc_column][\/vc_row][vc_row row_type=\u00a0\u00bbrow\u00a0\u00bb text_align=\u00a0\u00bbleft\u00a0\u00bb css_animation=\u00a0\u00bb\u00a0\u00bb][vc_column][vc_separator type=\u00a0\u00bbnormal\u00a0\u00bb][\/vc_column][\/vc_row][vc_row row_type=\u00a0\u00bbrow\u00a0\u00bb text_align=\u00a0\u00bbleft\u00a0\u00bb css_animation=\u00a0\u00bb\u00a0\u00bb][vc_column][vc_raw_html]JTNDaWZyYW1lJTIwc3JjJTNEJTIyaHR0cHMlM0ElMkYlMkZ3d3cuZmFjZWJvb2suY29tJTJGcGx1Z2lucyUyRnBvc3QucGhwJTNGaHJlZiUzRGh0dHBzJTI1M0ElMjUyRiUyNTJGd3d3LmZhY2Vib29rLmNvbSUyNTJGZXRvaWxlc3BvcnRpdmVtb250b2lzZWd5bW5hc3RpcXVlJTI1MkZwb3N0cyUyNTJGcGZiaWQwc0VtZEJMQU05aENQaEthVkxQbmZFTm1CVzVqSG1xQUZaenlzZjE2a1BSMnBleWE1eUNCWjdQYUcxYzRlc0RZZWwlMjZzaG93X3RleHQlM0R0cnVlJTI2d2lkdGglM0Q1MDAlMjIlMjB3aWR0aCUzRCUyMjEwMCUyNSUyMiUyMGhlaWdodCUzRCUyMjcwMCUyMiUyMHN0eWxlJTNEJTIyYm9yZGVyJTNBbm9uZSUzQm92ZXJmbG93JTNBaGlkZGVuJTIyJTIwc2Nyb2xsaW5nJTNEJTIybm8lMjIlMjBmcmFtZWJvcmRlciUzRCUyMjAlMjIlMjBhbGxvd2Z1bGxzY3JlZW4lM0QlMjJ0cnVlJTIyJTIwYWxsb3clM0QlMjJhdXRvcGxheSUzQiUyMGNsaXBib2FyZC13cml0ZSUzQiUyMGVuY3J5cHRlZC1tZWRpYSUzQiUyMHBpY3R1cmUtaW4tcGljdHVyZSUzQiUyMHdlYi1zaGFyZSUyMiUzRSUzQyUyRmlmcmFtZSUzRQ==[\/vc_raw_html][\/vc_column][\/vc_row]<\/p>\n","protected":false},"author":38,"featured_media":4577,"comment_status":"closed","ping_status":"closed","sticky":false,"template":"","format":"standard","meta":{"footnotes":""},"categories":[30],"tags":[],"class_list":["post-4585","post","type-post","status-publish","format-standard","has-post-thumbnail","hentry","category-historiques"],"yoast_head":"<!-- This site is optimized with the Yoast SEO plugin v27.3 - https:\/\/yoast.com\/product\/yoast-seo-wordpress\/ -->\n<title>GAF \/ CHPT ID SUD \/ EQUIPES FED REG + FED A - ESM Gym<\/title>\n<meta name=\"robots\" content=\"index, follow, max-snippet:-1, max-image-preview:large, max-video-preview:-1\" \/>\n<link rel=\"canonical\" href=\"https:\/\/www.etoilesportivemontoise.fr\/gymnastique\/2024\/06\/10\/gaf-chpt-id-sud-equipes-fed-reg-fed-a\/\" \/>\n<meta property=\"og:locale\" content=\"fr_FR\" \/>\n<meta property=\"og:type\" content=\"article\" \/>\n<meta property=\"og:title\" content=\"GAF \/ CHPT ID SUD \/ EQUIPES FED REG + FED A - ESM Gym\" \/>\n<meta property=\"og:description\" content=\"[vc_row row_type=\u00a0\u00bbrow\u00a0\u00bb text_align=\u00a0\u00bbleft\u00a0\u00bb css_animation=\u00a0\u00bb\u00a0\u00bb][vc_column][vc_column_text]Photos r\u00e9alis\u00e9es par Jos\u00e9 PALLARES le photographe de la R\u00e9gion Nouvelle-Aquitaine : Lien[\/vc_column_text][\/vc_column][\/vc_row][vc_row row_type=\u00a0\u00bbrow\u00a0\u00bb text_align=\u00a0\u00bbleft\u00a0\u00bb css_animation=\u00a0\u00bb\u00a0\u00bb][vc_column][vc_separator type=\u00a0\u00bbnormal\u00a0\u00bb][\/vc_column][\/vc_row][vc_row row_type=\u00a0\u00bbrow\u00a0\u00bb text_align=\u00a0\u00bbleft\u00a0\u00bb css_animation=\u00a0\u00bb\u00a0\u00bb][vc_column][vc_raw_html]JTNDaWZyYW1lJTIwc3JjJTNEJTIyaHR0cHMlM0ElMkYlMkZ3d3cuZmFjZWJvb2suY29tJTJGcGx1Z2lucyUyRnBvc3QucGhwJTNGaHJlZiUzRGh0dHBzJTI1M0ElMjUyRiUyNTJGd3d3LmZhY2Vib29rLmNvbSUyNTJGZXRvaWxlc3BvcnRpdmVtb250b2lzZWd5bW5hc3RpcXVlJTI1MkZwb3N0cyUyNTJGcGZiaWQwc0VtZEJMQU05aENQaEthVkxQbmZFTm1CVzVqSG1xQUZaenlzZjE2a1BSMnBleWE1eUNCWjdQYUcxYzRlc0RZZWwlMjZzaG93X3RleHQlM0R0cnVlJTI2d2lkdGglM0Q1MDAlMjIlMjB3aWR0aCUzRCUyMjEwMCUyNSUyMiUyMGhlaWdodCUzRCUyMjcwMCUyMiUyMHN0eWxlJTNEJTIyYm9yZGVyJTNBbm9uZSUzQm92ZXJmbG93JTNBaGlkZGVuJTIyJTIwc2Nyb2xsaW5nJTNEJTIybm8lMjIlMjBmcmFtZWJvcmRlciUzRCUyMjAlMjIlMjBhbGxvd2Z1bGxzY3JlZW4lM0QlMjJ0cnVlJTIyJTIwYWxsb3clM0QlMjJhdXRvcGxheSUzQiUyMGNsaXBib2FyZC13cml0ZSUzQiUyMGVuY3J5cHRlZC1tZWRpYSUzQiUyMHBpY3R1cmUtaW4tcGljdHVyZSUzQiUyMHdlYi1zaGFyZSUyMiUzRSUzQyUyRmlmcmFtZSUzRQ==[\/vc_raw_html][\/vc_column][\/vc_row]\" \/>\n<meta property=\"og:url\" content=\"https:\/\/www.etoilesportivemontoise.fr\/gymnastique\/2024\/06\/10\/gaf-chpt-id-sud-equipes-fed-reg-fed-a\/\" \/>\n<meta property=\"og:site_name\" content=\"ESM Gym\" \/>\n<meta property=\"article:published_time\" content=\"2024-06-10T22:35:40+00:00\" \/>\n<meta property=\"article:modified_time\" content=\"2025-12-02T14:35:40+00:00\" \/>\n<meta property=\"og:image\" content=\"https:\/\/www.etoilesportivemontoise.fr\/content\/uploads\/sites\/5\/2024\/05\/imgLogo467x226.png\" \/>\n\t<meta property=\"og:image:width\" content=\"467\" \/>\n\t<meta property=\"og:image:height\" content=\"226\" \/>\n\t<meta property=\"og:image:type\" content=\"image\/png\" \/>\n<meta name=\"author\" content=\"Guillaume\" \/>\n<meta name=\"twitter:label1\" content=\"\u00c9crit par\" \/>\n\t<meta name=\"twitter:data1\" content=\"Guillaume\" \/>\n\t<meta name=\"twitter:label2\" content=\"Dur\u00e9e de lecture estim\u00e9e\" \/>\n\t<meta name=\"twitter:data2\" content=\"1 minute\" \/>\n<script type=\"application\/ld+json\" class=\"yoast-schema-graph\">{\"@context\":\"https:\\\/\\\/schema.org\",\"@graph\":[{\"@type\":\"Article\",\"@id\":\"https:\\\/\\\/www.etoilesportivemontoise.fr\\\/gymnastique\\\/2024\\\/06\\\/10\\\/gaf-chpt-id-sud-equipes-fed-reg-fed-a\\\/#article\",\"isPartOf\":{\"@id\":\"https:\\\/\\\/www.etoilesportivemontoise.fr\\\/gymnastique\\\/2024\\\/06\\\/10\\\/gaf-chpt-id-sud-equipes-fed-reg-fed-a\\\/\"},\"author\":{\"name\":\"Guillaume\",\"@id\":\"https:\\\/\\\/www.etoilesportivemontoise.fr\\\/gymnastique\\\/#\\\/schema\\\/person\\\/633b3913936cc36837458de217b1ebe2\"},\"headline\":\"GAF \\\/ CHPT ID SUD \\\/ EQUIPES FED REG + FED A\",\"datePublished\":\"2024-06-10T22:35:40+00:00\",\"dateModified\":\"2025-12-02T14:35:40+00:00\",\"mainEntityOfPage\":{\"@id\":\"https:\\\/\\\/www.etoilesportivemontoise.fr\\\/gymnastique\\\/2024\\\/06\\\/10\\\/gaf-chpt-id-sud-equipes-fed-reg-fed-a\\\/\"},\"wordCount\":161,\"image\":{\"@id\":\"https:\\\/\\\/www.etoilesportivemontoise.fr\\\/gymnastique\\\/2024\\\/06\\\/10\\\/gaf-chpt-id-sud-equipes-fed-reg-fed-a\\\/#primaryimage\"},\"thumbnailUrl\":\"https:\\\/\\\/www.etoilesportivemontoise.fr\\\/content\\\/uploads\\\/sites\\\/5\\\/2024\\\/05\\\/imgLogo467x226.png\",\"articleSection\":[\"Archives\"],\"inLanguage\":\"fr-FR\"},{\"@type\":\"WebPage\",\"@id\":\"https:\\\/\\\/www.etoilesportivemontoise.fr\\\/gymnastique\\\/2024\\\/06\\\/10\\\/gaf-chpt-id-sud-equipes-fed-reg-fed-a\\\/\",\"url\":\"https:\\\/\\\/www.etoilesportivemontoise.fr\\\/gymnastique\\\/2024\\\/06\\\/10\\\/gaf-chpt-id-sud-equipes-fed-reg-fed-a\\\/\",\"name\":\"GAF \\\/ CHPT ID SUD \\\/ EQUIPES FED REG + FED A - ESM Gym\",\"isPartOf\":{\"@id\":\"https:\\\/\\\/www.etoilesportivemontoise.fr\\\/gymnastique\\\/#website\"},\"primaryImageOfPage\":{\"@id\":\"https:\\\/\\\/www.etoilesportivemontoise.fr\\\/gymnastique\\\/2024\\\/06\\\/10\\\/gaf-chpt-id-sud-equipes-fed-reg-fed-a\\\/#primaryimage\"},\"image\":{\"@id\":\"https:\\\/\\\/www.etoilesportivemontoise.fr\\\/gymnastique\\\/2024\\\/06\\\/10\\\/gaf-chpt-id-sud-equipes-fed-reg-fed-a\\\/#primaryimage\"},\"thumbnailUrl\":\"https:\\\/\\\/www.etoilesportivemontoise.fr\\\/content\\\/uploads\\\/sites\\\/5\\\/2024\\\/05\\\/imgLogo467x226.png\",\"datePublished\":\"2024-06-10T22:35:40+00:00\",\"dateModified\":\"2025-12-02T14:35:40+00:00\",\"author\":{\"@id\":\"https:\\\/\\\/www.etoilesportivemontoise.fr\\\/gymnastique\\\/#\\\/schema\\\/person\\\/633b3913936cc36837458de217b1ebe2\"},\"breadcrumb\":{\"@id\":\"https:\\\/\\\/www.etoilesportivemontoise.fr\\\/gymnastique\\\/2024\\\/06\\\/10\\\/gaf-chpt-id-sud-equipes-fed-reg-fed-a\\\/#breadcrumb\"},\"inLanguage\":\"fr-FR\",\"potentialAction\":[{\"@type\":\"ReadAction\",\"target\":[\"https:\\\/\\\/www.etoilesportivemontoise.fr\\\/gymnastique\\\/2024\\\/06\\\/10\\\/gaf-chpt-id-sud-equipes-fed-reg-fed-a\\\/\"]}]},{\"@type\":\"ImageObject\",\"inLanguage\":\"fr-FR\",\"@id\":\"https:\\\/\\\/www.etoilesportivemontoise.fr\\\/gymnastique\\\/2024\\\/06\\\/10\\\/gaf-chpt-id-sud-equipes-fed-reg-fed-a\\\/#primaryimage\",\"url\":\"https:\\\/\\\/www.etoilesportivemontoise.fr\\\/content\\\/uploads\\\/sites\\\/5\\\/2024\\\/05\\\/imgLogo467x226.png\",\"contentUrl\":\"https:\\\/\\\/www.etoilesportivemontoise.fr\\\/content\\\/uploads\\\/sites\\\/5\\\/2024\\\/05\\\/imgLogo467x226.png\",\"width\":467,\"height\":226},{\"@type\":\"BreadcrumbList\",\"@id\":\"https:\\\/\\\/www.etoilesportivemontoise.fr\\\/gymnastique\\\/2024\\\/06\\\/10\\\/gaf-chpt-id-sud-equipes-fed-reg-fed-a\\\/#breadcrumb\",\"itemListElement\":[{\"@type\":\"ListItem\",\"position\":1,\"name\":\"Accueil\",\"item\":\"https:\\\/\\\/www.etoilesportivemontoise.fr\\\/gymnastique\\\/\"},{\"@type\":\"ListItem\",\"position\":2,\"name\":\"GAF \\\/ CHPT ID SUD \\\/ EQUIPES FED REG + FED A\"}]},{\"@type\":\"WebSite\",\"@id\":\"https:\\\/\\\/www.etoilesportivemontoise.fr\\\/gymnastique\\\/#website\",\"url\":\"https:\\\/\\\/www.etoilesportivemontoise.fr\\\/gymnastique\\\/\",\"name\":\"ESM Gym\",\"description\":\"Club de Gymnastique sur Mont-de-marsan \",\"potentialAction\":[{\"@type\":\"SearchAction\",\"target\":{\"@type\":\"EntryPoint\",\"urlTemplate\":\"https:\\\/\\\/www.etoilesportivemontoise.fr\\\/gymnastique\\\/?s={search_term_string}\"},\"query-input\":{\"@type\":\"PropertyValueSpecification\",\"valueRequired\":true,\"valueName\":\"search_term_string\"}}],\"inLanguage\":\"fr-FR\"},{\"@type\":\"Person\",\"@id\":\"https:\\\/\\\/www.etoilesportivemontoise.fr\\\/gymnastique\\\/#\\\/schema\\\/person\\\/633b3913936cc36837458de217b1ebe2\",\"name\":\"Guillaume\",\"image\":{\"@type\":\"ImageObject\",\"inLanguage\":\"fr-FR\",\"@id\":\"https:\\\/\\\/secure.gravatar.com\\\/avatar\\\/dd13f229f497a4a5b14173d8a578936299e9c73d58dda55578eb9f9709f9e949?s=96&d=mm&r=g\",\"url\":\"https:\\\/\\\/secure.gravatar.com\\\/avatar\\\/dd13f229f497a4a5b14173d8a578936299e9c73d58dda55578eb9f9709f9e949?s=96&d=mm&r=g\",\"contentUrl\":\"https:\\\/\\\/secure.gravatar.com\\\/avatar\\\/dd13f229f497a4a5b14173d8a578936299e9c73d58dda55578eb9f9709f9e949?s=96&d=mm&r=g\",\"caption\":\"Guillaume\"},\"url\":\"https:\\\/\\\/www.etoilesportivemontoise.fr\\\/gymnastique\\\/aka\\\/c6db1d085592da78ed0e387c677b7fe9726c8891\\\/\"}]}<\/script>\n<!-- \/ Yoast SEO plugin. -->","yoast_head_json":{"title":"GAF \/ CHPT ID SUD \/ EQUIPES FED REG + FED A - ESM Gym","robots":{"index":"index","follow":"follow","max-snippet":"max-snippet:-1","max-image-preview":"max-image-preview:large","max-video-preview":"max-video-preview:-1"},"canonical":"https:\/\/www.etoilesportivemontoise.fr\/gymnastique\/2024\/06\/10\/gaf-chpt-id-sud-equipes-fed-reg-fed-a\/","og_locale":"fr_FR","og_type":"article","og_title":"GAF \/ CHPT ID SUD \/ EQUIPES FED REG + FED A - ESM Gym","og_description":"[vc_row row_type=\u00a0\u00bbrow\u00a0\u00bb text_align=\u00a0\u00bbleft\u00a0\u00bb css_animation=\u00a0\u00bb\u00a0\u00bb][vc_column][vc_column_text]Photos r\u00e9alis\u00e9es par Jos\u00e9 PALLARES le photographe de la R\u00e9gion Nouvelle-Aquitaine : Lien[\/vc_column_text][\/vc_column][\/vc_row][vc_row row_type=\u00a0\u00bbrow\u00a0\u00bb text_align=\u00a0\u00bbleft\u00a0\u00bb css_animation=\u00a0\u00bb\u00a0\u00bb][vc_column][vc_separator type=\u00a0\u00bbnormal\u00a0\u00bb][\/vc_column][\/vc_row][vc_row row_type=\u00a0\u00bbrow\u00a0\u00bb text_align=\u00a0\u00bbleft\u00a0\u00bb css_animation=\u00a0\u00bb\u00a0\u00bb][vc_column][vc_raw_html]JTNDaWZyYW1lJTIwc3JjJTNEJTIyaHR0cHMlM0ElMkYlMkZ3d3cuZmFjZWJvb2suY29tJTJGcGx1Z2lucyUyRnBvc3QucGhwJTNGaHJlZiUzRGh0dHBzJTI1M0ElMjUyRiUyNTJGd3d3LmZhY2Vib29rLmNvbSUyNTJGZXRvaWxlc3BvcnRpdmVtb250b2lzZWd5bW5hc3RpcXVlJTI1MkZwb3N0cyUyNTJGcGZiaWQwc0VtZEJMQU05aENQaEthVkxQbmZFTm1CVzVqSG1xQUZaenlzZjE2a1BSMnBleWE1eUNCWjdQYUcxYzRlc0RZZWwlMjZzaG93X3RleHQlM0R0cnVlJTI2d2lkdGglM0Q1MDAlMjIlMjB3aWR0aCUzRCUyMjEwMCUyNSUyMiUyMGhlaWdodCUzRCUyMjcwMCUyMiUyMHN0eWxlJTNEJTIyYm9yZGVyJTNBbm9uZSUzQm92ZXJmbG93JTNBaGlkZGVuJTIyJTIwc2Nyb2xsaW5nJTNEJTIybm8lMjIlMjBmcmFtZWJvcmRlciUzRCUyMjAlMjIlMjBhbGxvd2Z1bGxzY3JlZW4lM0QlMjJ0cnVlJTIyJTIwYWxsb3clM0QlMjJhdXRvcGxheSUzQiUyMGNsaXBib2FyZC13cml0ZSUzQiUyMGVuY3J5cHRlZC1tZWRpYSUzQiUyMHBpY3R1cmUtaW4tcGljdHVyZSUzQiUyMHdlYi1zaGFyZSUyMiUzRSUzQyUyRmlmcmFtZSUzRQ==[\/vc_raw_html][\/vc_column][\/vc_row]","og_url":"https:\/\/www.etoilesportivemontoise.fr\/gymnastique\/2024\/06\/10\/gaf-chpt-id-sud-equipes-fed-reg-fed-a\/","og_site_name":"ESM Gym","article_published_time":"2024-06-10T22:35:40+00:00","article_modified_time":"2025-12-02T14:35:40+00:00","og_image":[{"width":467,"height":226,"url":"https:\/\/www.etoilesportivemontoise.fr\/content\/uploads\/sites\/5\/2024\/05\/imgLogo467x226.png","type":"image\/png"}],"author":"Guillaume","twitter_misc":{"\u00c9crit par":"Guillaume","Dur\u00e9e de lecture estim\u00e9e":"1 minute"},"schema":{"@context":"https:\/\/schema.org","@graph":[{"@type":"Article","@id":"https:\/\/www.etoilesportivemontoise.fr\/gymnastique\/2024\/06\/10\/gaf-chpt-id-sud-equipes-fed-reg-fed-a\/#article","isPartOf":{"@id":"https:\/\/www.etoilesportivemontoise.fr\/gymnastique\/2024\/06\/10\/gaf-chpt-id-sud-equipes-fed-reg-fed-a\/"},"author":{"name":"Guillaume","@id":"https:\/\/www.etoilesportivemontoise.fr\/gymnastique\/#\/schema\/person\/633b3913936cc36837458de217b1ebe2"},"headline":"GAF \/ CHPT ID SUD \/ EQUIPES FED REG + FED A","datePublished":"2024-06-10T22:35:40+00:00","dateModified":"2025-12-02T14:35:40+00:00","mainEntityOfPage":{"@id":"https:\/\/www.etoilesportivemontoise.fr\/gymnastique\/2024\/06\/10\/gaf-chpt-id-sud-equipes-fed-reg-fed-a\/"},"wordCount":161,"image":{"@id":"https:\/\/www.etoilesportivemontoise.fr\/gymnastique\/2024\/06\/10\/gaf-chpt-id-sud-equipes-fed-reg-fed-a\/#primaryimage"},"thumbnailUrl":"https:\/\/www.etoilesportivemontoise.fr\/content\/uploads\/sites\/5\/2024\/05\/imgLogo467x226.png","articleSection":["Archives"],"inLanguage":"fr-FR"},{"@type":"WebPage","@id":"https:\/\/www.etoilesportivemontoise.fr\/gymnastique\/2024\/06\/10\/gaf-chpt-id-sud-equipes-fed-reg-fed-a\/","url":"https:\/\/www.etoilesportivemontoise.fr\/gymnastique\/2024\/06\/10\/gaf-chpt-id-sud-equipes-fed-reg-fed-a\/","name":"GAF \/ CHPT ID SUD \/ EQUIPES FED REG + FED A - ESM Gym","isPartOf":{"@id":"https:\/\/www.etoilesportivemontoise.fr\/gymnastique\/#website"},"primaryImageOfPage":{"@id":"https:\/\/www.etoilesportivemontoise.fr\/gymnastique\/2024\/06\/10\/gaf-chpt-id-sud-equipes-fed-reg-fed-a\/#primaryimage"},"image":{"@id":"https:\/\/www.etoilesportivemontoise.fr\/gymnastique\/2024\/06\/10\/gaf-chpt-id-sud-equipes-fed-reg-fed-a\/#primaryimage"},"thumbnailUrl":"https:\/\/www.etoilesportivemontoise.fr\/content\/uploads\/sites\/5\/2024\/05\/imgLogo467x226.png","datePublished":"2024-06-10T22:35:40+00:00","dateModified":"2025-12-02T14:35:40+00:00","author":{"@id":"https:\/\/www.etoilesportivemontoise.fr\/gymnastique\/#\/schema\/person\/633b3913936cc36837458de217b1ebe2"},"breadcrumb":{"@id":"https:\/\/www.etoilesportivemontoise.fr\/gymnastique\/2024\/06\/10\/gaf-chpt-id-sud-equipes-fed-reg-fed-a\/#breadcrumb"},"inLanguage":"fr-FR","potentialAction":[{"@type":"ReadAction","target":["https:\/\/www.etoilesportivemontoise.fr\/gymnastique\/2024\/06\/10\/gaf-chpt-id-sud-equipes-fed-reg-fed-a\/"]}]},{"@type":"ImageObject","inLanguage":"fr-FR","@id":"https:\/\/www.etoilesportivemontoise.fr\/gymnastique\/2024\/06\/10\/gaf-chpt-id-sud-equipes-fed-reg-fed-a\/#primaryimage","url":"https:\/\/www.etoilesportivemontoise.fr\/content\/uploads\/sites\/5\/2024\/05\/imgLogo467x226.png","contentUrl":"https:\/\/www.etoilesportivemontoise.fr\/content\/uploads\/sites\/5\/2024\/05\/imgLogo467x226.png","width":467,"height":226},{"@type":"BreadcrumbList","@id":"https:\/\/www.etoilesportivemontoise.fr\/gymnastique\/2024\/06\/10\/gaf-chpt-id-sud-equipes-fed-reg-fed-a\/#breadcrumb","itemListElement":[{"@type":"ListItem","position":1,"name":"Accueil","item":"https:\/\/www.etoilesportivemontoise.fr\/gymnastique\/"},{"@type":"ListItem","position":2,"name":"GAF \/ CHPT ID SUD \/ EQUIPES FED REG + FED A"}]},{"@type":"WebSite","@id":"https:\/\/www.etoilesportivemontoise.fr\/gymnastique\/#website","url":"https:\/\/www.etoilesportivemontoise.fr\/gymnastique\/","name":"ESM Gym","description":"Club de Gymnastique sur Mont-de-marsan ","potentialAction":[{"@type":"SearchAction","target":{"@type":"EntryPoint","urlTemplate":"https:\/\/www.etoilesportivemontoise.fr\/gymnastique\/?s={search_term_string}"},"query-input":{"@type":"PropertyValueSpecification","valueRequired":true,"valueName":"search_term_string"}}],"inLanguage":"fr-FR"},{"@type":"Person","@id":"https:\/\/www.etoilesportivemontoise.fr\/gymnastique\/#\/schema\/person\/633b3913936cc36837458de217b1ebe2","name":"Guillaume","image":{"@type":"ImageObject","inLanguage":"fr-FR","@id":"https:\/\/secure.gravatar.com\/avatar\/dd13f229f497a4a5b14173d8a578936299e9c73d58dda55578eb9f9709f9e949?s=96&d=mm&r=g","url":"https:\/\/secure.gravatar.com\/avatar\/dd13f229f497a4a5b14173d8a578936299e9c73d58dda55578eb9f9709f9e949?s=96&d=mm&r=g","contentUrl":"https:\/\/secure.gravatar.com\/avatar\/dd13f229f497a4a5b14173d8a578936299e9c73d58dda55578eb9f9709f9e949?s=96&d=mm&r=g","caption":"Guillaume"},"url":"https:\/\/www.etoilesportivemontoise.fr\/gymnastique\/aka\/c6db1d085592da78ed0e387c677b7fe9726c8891\/"}]}},"_links":{"self":[{"href":"https:\/\/www.etoilesportivemontoise.fr\/gymnastique\/wp-json\/wp\/v2\/posts\/4585","targetHints":{"allow":["GET"]}}],"collection":[{"href":"https:\/\/www.etoilesportivemontoise.fr\/gymnastique\/wp-json\/wp\/v2\/posts"}],"about":[{"href":"https:\/\/www.etoilesportivemontoise.fr\/gymnastique\/wp-json\/wp\/v2\/types\/post"}],"author":[{"embeddable":true,"href":"https:\/\/www.etoilesportivemontoise.fr\/gymnastique\/wp-json\/wp\/v2\/users\/38"}],"replies":[{"embeddable":true,"href":"https:\/\/www.etoilesportivemontoise.fr\/gymnastique\/wp-json\/wp\/v2\/comments?post=4585"}],"version-history":[{"count":22,"href":"https:\/\/www.etoilesportivemontoise.fr\/gymnastique\/wp-json\/wp\/v2\/posts\/4585\/revisions"}],"predecessor-version":[{"id":4655,"href":"https:\/\/www.etoilesportivemontoise.fr\/gymnastique\/wp-json\/wp\/v2\/posts\/4585\/revisions\/4655"}],"wp:featuredmedia":[{"embeddable":true,"href":"https:\/\/www.etoilesportivemontoise.fr\/gymnastique\/wp-json\/wp\/v2\/media\/4577"}],"wp:attachment":[{"href":"https:\/\/www.etoilesportivemontoise.fr\/gymnastique\/wp-json\/wp\/v2\/media?parent=4585"}],"wp:term":[{"taxonomy":"category","embeddable":true,"href":"https:\/\/www.etoilesportivemontoise.fr\/gymnastique\/wp-json\/wp\/v2\/categories?post=4585"},{"taxonomy":"post_tag","embeddable":true,"href":"https:\/\/www.etoilesportivemontoise.fr\/gymnastique\/wp-json\/wp\/v2\/tags?post=4585"}],"curies":[{"name":"wp","href":"https:\/\/api.w.org\/{rel}","templated":true}]}}