{"id":4843,"date":"2025-12-02T14:22:12","date_gmt":"2025-12-02T14:22:12","guid":{"rendered":"https:\/\/www.etoilesportivemontoise.fr\/gymnastique\/?p=4843"},"modified":"2025-12-02T14:29:53","modified_gmt":"2025-12-02T14:29:53","slug":"noel-de-la-gym-2025-%f0%9f%8e%84","status":"publish","type":"post","link":"https:\/\/www.etoilesportivemontoise.fr\/gymnastique\/2025\/12\/02\/noel-de-la-gym-2025-%f0%9f%8e%84\/","title":{"rendered":"No\u00ebl de la gym 2025 \ud83c\udf84"},"content":{"rendered":"<section class=\"wpb-content-wrapper\">[vc_row row_type=\u00a0\u00bbrow\u00a0\u00bb text_align=\u00a0\u00bbleft\u00a0\u00bb css_animation=\u00a0\u00bb\u00a0\u00bb][vc_column][vc_column_text]\n<p style=\"text-align: left\"><span style=\"color: #008080\">Comme tous les ans avant les vacances de fin d\u2019ann\u00e9e, nous organisons pour l\u2019ensemble de nos adh\u00e9rents notre traditionnel<\/span><br \/>\n<span style=\"color: #008080\">\u00ab No\u00ebl de la Gym \u00bb.<\/span><\/p>\n[\/vc_column_text][vc_empty_space height=\u00a0\u00bb16px\u00a0\u00bb][vc_column_text]\n<p style=\"text-align: left\"><span style=\"color: #008080\">Par la pr\u00e9sente, nous vous invitons donc \u00e0 vous munir de vos plus beaux pulls de No\u00ebl pour l\u2019occasion.<\/span><br \/>\n<span style=\"color: #008080\">Cette ann\u00e9e, l\u2019\u00e9v\u00e9nement aura lieu au Gymnase le :<\/span><\/p>\n[\/vc_column_text][vc_empty_space height=\u00a0\u00bb16px\u00a0\u00bb][vc_column_text]\n<h4 style=\"text-align: center\"><strong><span style=\"color: #ff0000\">Samedi 13 d\u00e9cembre 2025 \u00e0 partir de 17H00<\/span><\/strong><br \/>\n<em><span style=\"color: #ff0000\">(Afin de pr\u00e9parer la salle, toutes les s\u00e9ances pr\u00e9vues dans la journ\u00e9e sont annul\u00e9es)<\/span><\/em><\/h4>\n[\/vc_column_text][vc_empty_space height=\u00a0\u00bb16px\u00a0\u00bb][vc_column_text]\n<p style=\"text-align: left\"><span style=\"color: #008080\">Cette manifestation, plus particuli\u00e8rement destin\u00e9e aux enfants de la petite enfance, de l\u2019\u00e9cole de gym et des poussins\/poussines des groupes de comp\u00e9titions, est ouverte \u00e0 l\u2019ensemble des adh\u00e9rents du club.<\/span><br \/>\n<span style=\"color: #008080\">Les enfants sont invit\u00e9s \u00e0 r\u00e9aliser des dessins sur le th\u00e8me de No\u00ebl et\/ou de la Gym. Ils seront expos\u00e9s (les dessins, pas les enfants) et soumis aux votes des personnes pr\u00e9sentes durant le parcours.<\/span><br \/>\n<span style=\"color: #008080\">Chaque famille peut amener un encas sal\u00e9 (tarte, quiche, etc.) ou sucr\u00e9 (g\u00e2teau, biscuits, etc.) que nous partagerons vers 19H00 autour d\u2019un pot. Le club se charge des boissons.<\/span><\/p>\n[\/vc_column_text][vc_empty_space height=\u00a0\u00bb16px\u00a0\u00bb][vc_column_text]\n<p style=\"text-align: center\"><span style=\"color: #008000\"><strong>\u00c0 partir de 17H00 &#8211; Parcours du P\u00e8re No\u00ebl<\/strong><\/span><\/p>\n<p style=\"text-align: center\"><span style=\"color: #008000\"><strong>18H30 &#8211; Surprise du P\u00e8re No\u00ebl<\/strong><\/span><\/p>\n<p style=\"text-align: center\"><span style=\"color: #008000\"><em>(Uniquement pour les adh\u00e9rents <u>pr\u00e9sents<\/u> des sections Baby Gym, \u00c9veil Gymnique, \u00c9cole de gym et des poussins\/poussines des groupes comp\u00e9titions &#8211; soit ceux n\u00e9es entre 2017 et 2023)<\/em><\/span><\/p>\n<p style=\"text-align: center\"><span style=\"color: #008000\"><strong>19H00 &#8211; Pot de No\u00ebl<\/strong><\/span><\/p>\n<p style=\"text-align: center\"><span style=\"color: #008000\"><strong>Suivi du r\u00e9sultat du concours de dessin, de g\u00e2teaux &amp; de la pes\u00e9e<\/strong><\/span><\/p>\n[\/vc_column_text][vc_empty_space height=\u00a0\u00bb16px\u00a0\u00bb][vc_column_text]<u>Autres Informations \u00e0 retenir :<\/u><\/p>\n<ul>\n<li><strong><span style=\"color: #ff0000\">Les parcours sont pr\u00e9vus pour des enfants jusque 8 ans<\/span><\/strong><\/li>\n<li><strong><span style=\"color: #ff0000\">Les boissons seront servies dans des EcoCup -&gt; <u>pr\u00e9voir une caution de 1\u20ac par verre<\/u><\/span><\/strong><\/li>\n<li><span style=\"color: #ff0000\"><strong>Il y aura une pes\u00e9e de chocolat \u00e0 2\u20ac<\/strong><\/span><\/li>\n<\/ul>\n[\/vc_column_text][vc_empty_space height=\u00a0\u00bb16px\u00a0\u00bb][vc_single_image image=\u00a0\u00bb4768&Prime; img_size=\u00a0\u00bbfull\u00a0\u00bb alignment=\u00a0\u00bbcenter\u00a0\u00bb][\/vc_column][\/vc_row]\n<\/section>","protected":false},"excerpt":{"rendered":"<p>[vc_row row_type=\u00a0\u00bbrow\u00a0\u00bb text_align=\u00a0\u00bbleft\u00a0\u00bb css_animation=\u00a0\u00bb\u00a0\u00bb][vc_column][vc_column_text] Comme tous les ans avant les vacances de fin d\u2019ann\u00e9e, nous organisons pour l\u2019ensemble de nos adh\u00e9rents notre traditionnel \u00ab No\u00ebl de la Gym \u00bb. [\/vc_column_text][vc_empty_space height=\u00a0\u00bb16px\u00a0\u00bb][vc_column_text] Par la pr\u00e9sente, nous vous invitons donc \u00e0 vous munir de vos plus beaux&#8230;<\/p>\n","protected":false},"author":38,"featured_media":4797,"comment_status":"closed","ping_status":"closed","sticky":false,"template":"","format":"standard","meta":{"footnotes":""},"categories":[3],"tags":[],"class_list":["post-4843","post","type-post","status-publish","format-standard","has-post-thumbnail","hentry","category-actualites"],"yoast_head":"<!-- This site is optimized with the Yoast SEO plugin v27.3 - https:\/\/yoast.com\/product\/yoast-seo-wordpress\/ -->\n<title>No\u00ebl de la gym 2025 \ud83c\udf84 - ESM Gym<\/title>\n<meta name=\"robots\" content=\"index, follow, max-snippet:-1, max-image-preview:large, max-video-preview:-1\" \/>\n<link rel=\"canonical\" href=\"https:\/\/www.etoilesportivemontoise.fr\/gymnastique\/2025\/12\/02\/noel-de-la-gym-2025-\ud83c\udf84\/\" \/>\n<meta property=\"og:locale\" content=\"fr_FR\" \/>\n<meta property=\"og:type\" content=\"article\" \/>\n<meta property=\"og:title\" content=\"No\u00ebl de la gym 2025 \ud83c\udf84 - ESM Gym\" \/>\n<meta property=\"og:description\" content=\"[vc_row row_type=\u00a0\u00bbrow\u00a0\u00bb text_align=\u00a0\u00bbleft\u00a0\u00bb css_animation=\u00a0\u00bb\u00a0\u00bb][vc_column][vc_column_text] Comme tous les ans avant les vacances de fin d\u2019ann\u00e9e, nous organisons pour l\u2019ensemble de nos adh\u00e9rents notre traditionnel \u00ab No\u00ebl de la Gym \u00bb. [\/vc_column_text][vc_empty_space height=\u00a0\u00bb16px\u00a0\u00bb][vc_column_text] Par la pr\u00e9sente, nous vous invitons donc \u00e0 vous munir de vos plus beaux...\" \/>\n<meta property=\"og:url\" content=\"https:\/\/www.etoilesportivemontoise.fr\/gymnastique\/2025\/12\/02\/noel-de-la-gym-2025-\ud83c\udf84\/\" \/>\n<meta property=\"og:site_name\" content=\"ESM Gym\" \/>\n<meta property=\"article:published_time\" content=\"2025-12-02T14:22:12+00:00\" \/>\n<meta property=\"article:modified_time\" content=\"2025-12-02T14:29:53+00:00\" \/>\n<meta property=\"og:image\" content=\"https:\/\/www.etoilesportivemontoise.fr\/content\/uploads\/sites\/5\/2024\/11\/admin-ajax.jpeg\" \/>\n\t<meta property=\"og:image:width\" content=\"467\" \/>\n\t<meta property=\"og:image:height\" content=\"226\" \/>\n\t<meta property=\"og:image:type\" content=\"image\/jpeg\" \/>\n<meta name=\"author\" content=\"Guillaume\" \/>\n<meta name=\"twitter:label1\" content=\"\u00c9crit par\" \/>\n\t<meta name=\"twitter:data1\" content=\"Guillaume\" \/>\n\t<meta name=\"twitter:label2\" content=\"Dur\u00e9e de lecture estim\u00e9e\" \/>\n\t<meta name=\"twitter:data2\" content=\"2 minutes\" \/>\n<script type=\"application\/ld+json\" class=\"yoast-schema-graph\">{\"@context\":\"https:\\\/\\\/schema.org\",\"@graph\":[{\"@type\":\"Article\",\"@id\":\"https:\\\/\\\/www.etoilesportivemontoise.fr\\\/gymnastique\\\/2025\\\/12\\\/02\\\/noel-de-la-gym-2025-%f0%9f%8e%84\\\/#article\",\"isPartOf\":{\"@id\":\"https:\\\/\\\/www.etoilesportivemontoise.fr\\\/gymnastique\\\/2025\\\/12\\\/02\\\/noel-de-la-gym-2025-%f0%9f%8e%84\\\/\"},\"author\":{\"name\":\"Guillaume\",\"@id\":\"https:\\\/\\\/www.etoilesportivemontoise.fr\\\/gymnastique\\\/#\\\/schema\\\/person\\\/633b3913936cc36837458de217b1ebe2\"},\"headline\":\"No\u00ebl de la gym 2025 \ud83c\udf84\",\"datePublished\":\"2025-12-02T14:22:12+00:00\",\"dateModified\":\"2025-12-02T14:29:53+00:00\",\"mainEntityOfPage\":{\"@id\":\"https:\\\/\\\/www.etoilesportivemontoise.fr\\\/gymnastique\\\/2025\\\/12\\\/02\\\/noel-de-la-gym-2025-%f0%9f%8e%84\\\/\"},\"wordCount\":397,\"image\":{\"@id\":\"https:\\\/\\\/www.etoilesportivemontoise.fr\\\/gymnastique\\\/2025\\\/12\\\/02\\\/noel-de-la-gym-2025-%f0%9f%8e%84\\\/#primaryimage\"},\"thumbnailUrl\":\"https:\\\/\\\/www.etoilesportivemontoise.fr\\\/content\\\/uploads\\\/sites\\\/5\\\/2024\\\/11\\\/admin-ajax.jpeg\",\"articleSection\":[\"Actualit\u00e9s\"],\"inLanguage\":\"fr-FR\"},{\"@type\":\"WebPage\",\"@id\":\"https:\\\/\\\/www.etoilesportivemontoise.fr\\\/gymnastique\\\/2025\\\/12\\\/02\\\/noel-de-la-gym-2025-%f0%9f%8e%84\\\/\",\"url\":\"https:\\\/\\\/www.etoilesportivemontoise.fr\\\/gymnastique\\\/2025\\\/12\\\/02\\\/noel-de-la-gym-2025-%f0%9f%8e%84\\\/\",\"name\":\"No\u00ebl de la gym 2025 \ud83c\udf84 - ESM Gym\",\"isPartOf\":{\"@id\":\"https:\\\/\\\/www.etoilesportivemontoise.fr\\\/gymnastique\\\/#website\"},\"primaryImageOfPage\":{\"@id\":\"https:\\\/\\\/www.etoilesportivemontoise.fr\\\/gymnastique\\\/2025\\\/12\\\/02\\\/noel-de-la-gym-2025-%f0%9f%8e%84\\\/#primaryimage\"},\"image\":{\"@id\":\"https:\\\/\\\/www.etoilesportivemontoise.fr\\\/gymnastique\\\/2025\\\/12\\\/02\\\/noel-de-la-gym-2025-%f0%9f%8e%84\\\/#primaryimage\"},\"thumbnailUrl\":\"https:\\\/\\\/www.etoilesportivemontoise.fr\\\/content\\\/uploads\\\/sites\\\/5\\\/2024\\\/11\\\/admin-ajax.jpeg\",\"datePublished\":\"2025-12-02T14:22:12+00:00\",\"dateModified\":\"2025-12-02T14:29:53+00:00\",\"author\":{\"@id\":\"https:\\\/\\\/www.etoilesportivemontoise.fr\\\/gymnastique\\\/#\\\/schema\\\/person\\\/633b3913936cc36837458de217b1ebe2\"},\"breadcrumb\":{\"@id\":\"https:\\\/\\\/www.etoilesportivemontoise.fr\\\/gymnastique\\\/2025\\\/12\\\/02\\\/noel-de-la-gym-2025-%f0%9f%8e%84\\\/#breadcrumb\"},\"inLanguage\":\"fr-FR\",\"potentialAction\":[{\"@type\":\"ReadAction\",\"target\":[\"https:\\\/\\\/www.etoilesportivemontoise.fr\\\/gymnastique\\\/2025\\\/12\\\/02\\\/noel-de-la-gym-2025-%f0%9f%8e%84\\\/\"]}]},{\"@type\":\"ImageObject\",\"inLanguage\":\"fr-FR\",\"@id\":\"https:\\\/\\\/www.etoilesportivemontoise.fr\\\/gymnastique\\\/2025\\\/12\\\/02\\\/noel-de-la-gym-2025-%f0%9f%8e%84\\\/#primaryimage\",\"url\":\"https:\\\/\\\/www.etoilesportivemontoise.fr\\\/content\\\/uploads\\\/sites\\\/5\\\/2024\\\/11\\\/admin-ajax.jpeg\",\"contentUrl\":\"https:\\\/\\\/www.etoilesportivemontoise.fr\\\/content\\\/uploads\\\/sites\\\/5\\\/2024\\\/11\\\/admin-ajax.jpeg\",\"width\":467,\"height\":226},{\"@type\":\"BreadcrumbList\",\"@id\":\"https:\\\/\\\/www.etoilesportivemontoise.fr\\\/gymnastique\\\/2025\\\/12\\\/02\\\/noel-de-la-gym-2025-%f0%9f%8e%84\\\/#breadcrumb\",\"itemListElement\":[{\"@type\":\"ListItem\",\"position\":1,\"name\":\"Accueil\",\"item\":\"https:\\\/\\\/www.etoilesportivemontoise.fr\\\/gymnastique\\\/\"},{\"@type\":\"ListItem\",\"position\":2,\"name\":\"No\u00ebl de la gym 2025 \ud83c\udf84\"}]},{\"@type\":\"WebSite\",\"@id\":\"https:\\\/\\\/www.etoilesportivemontoise.fr\\\/gymnastique\\\/#website\",\"url\":\"https:\\\/\\\/www.etoilesportivemontoise.fr\\\/gymnastique\\\/\",\"name\":\"ESM Gym\",\"description\":\"Club de Gymnastique sur Mont-de-marsan \",\"potentialAction\":[{\"@type\":\"SearchAction\",\"target\":{\"@type\":\"EntryPoint\",\"urlTemplate\":\"https:\\\/\\\/www.etoilesportivemontoise.fr\\\/gymnastique\\\/?s={search_term_string}\"},\"query-input\":{\"@type\":\"PropertyValueSpecification\",\"valueRequired\":true,\"valueName\":\"search_term_string\"}}],\"inLanguage\":\"fr-FR\"},{\"@type\":\"Person\",\"@id\":\"https:\\\/\\\/www.etoilesportivemontoise.fr\\\/gymnastique\\\/#\\\/schema\\\/person\\\/633b3913936cc36837458de217b1ebe2\",\"name\":\"Guillaume\",\"image\":{\"@type\":\"ImageObject\",\"inLanguage\":\"fr-FR\",\"@id\":\"https:\\\/\\\/secure.gravatar.com\\\/avatar\\\/dd13f229f497a4a5b14173d8a578936299e9c73d58dda55578eb9f9709f9e949?s=96&d=mm&r=g\",\"url\":\"https:\\\/\\\/secure.gravatar.com\\\/avatar\\\/dd13f229f497a4a5b14173d8a578936299e9c73d58dda55578eb9f9709f9e949?s=96&d=mm&r=g\",\"contentUrl\":\"https:\\\/\\\/secure.gravatar.com\\\/avatar\\\/dd13f229f497a4a5b14173d8a578936299e9c73d58dda55578eb9f9709f9e949?s=96&d=mm&r=g\",\"caption\":\"Guillaume\"},\"url\":\"https:\\\/\\\/www.etoilesportivemontoise.fr\\\/gymnastique\\\/aka\\\/c6db1d085592da78ed0e387c677b7fe9726c8891\\\/\"}]}<\/script>\n<!-- \/ Yoast SEO plugin. -->","yoast_head_json":{"title":"No\u00ebl de la gym 2025 \ud83c\udf84 - ESM Gym","robots":{"index":"index","follow":"follow","max-snippet":"max-snippet:-1","max-image-preview":"max-image-preview:large","max-video-preview":"max-video-preview:-1"},"canonical":"https:\/\/www.etoilesportivemontoise.fr\/gymnastique\/2025\/12\/02\/noel-de-la-gym-2025-\ud83c\udf84\/","og_locale":"fr_FR","og_type":"article","og_title":"No\u00ebl de la gym 2025 \ud83c\udf84 - ESM Gym","og_description":"[vc_row row_type=\u00a0\u00bbrow\u00a0\u00bb text_align=\u00a0\u00bbleft\u00a0\u00bb css_animation=\u00a0\u00bb\u00a0\u00bb][vc_column][vc_column_text] Comme tous les ans avant les vacances de fin d\u2019ann\u00e9e, nous organisons pour l\u2019ensemble de nos adh\u00e9rents notre traditionnel \u00ab No\u00ebl de la Gym \u00bb. [\/vc_column_text][vc_empty_space height=\u00a0\u00bb16px\u00a0\u00bb][vc_column_text] Par la pr\u00e9sente, nous vous invitons donc \u00e0 vous munir de vos plus beaux...","og_url":"https:\/\/www.etoilesportivemontoise.fr\/gymnastique\/2025\/12\/02\/noel-de-la-gym-2025-\ud83c\udf84\/","og_site_name":"ESM Gym","article_published_time":"2025-12-02T14:22:12+00:00","article_modified_time":"2025-12-02T14:29:53+00:00","og_image":[{"width":467,"height":226,"url":"https:\/\/www.etoilesportivemontoise.fr\/content\/uploads\/sites\/5\/2024\/11\/admin-ajax.jpeg","type":"image\/jpeg"}],"author":"Guillaume","twitter_misc":{"\u00c9crit par":"Guillaume","Dur\u00e9e de lecture estim\u00e9e":"2 minutes"},"schema":{"@context":"https:\/\/schema.org","@graph":[{"@type":"Article","@id":"https:\/\/www.etoilesportivemontoise.fr\/gymnastique\/2025\/12\/02\/noel-de-la-gym-2025-%f0%9f%8e%84\/#article","isPartOf":{"@id":"https:\/\/www.etoilesportivemontoise.fr\/gymnastique\/2025\/12\/02\/noel-de-la-gym-2025-%f0%9f%8e%84\/"},"author":{"name":"Guillaume","@id":"https:\/\/www.etoilesportivemontoise.fr\/gymnastique\/#\/schema\/person\/633b3913936cc36837458de217b1ebe2"},"headline":"No\u00ebl de la gym 2025 \ud83c\udf84","datePublished":"2025-12-02T14:22:12+00:00","dateModified":"2025-12-02T14:29:53+00:00","mainEntityOfPage":{"@id":"https:\/\/www.etoilesportivemontoise.fr\/gymnastique\/2025\/12\/02\/noel-de-la-gym-2025-%f0%9f%8e%84\/"},"wordCount":397,"image":{"@id":"https:\/\/www.etoilesportivemontoise.fr\/gymnastique\/2025\/12\/02\/noel-de-la-gym-2025-%f0%9f%8e%84\/#primaryimage"},"thumbnailUrl":"https:\/\/www.etoilesportivemontoise.fr\/content\/uploads\/sites\/5\/2024\/11\/admin-ajax.jpeg","articleSection":["Actualit\u00e9s"],"inLanguage":"fr-FR"},{"@type":"WebPage","@id":"https:\/\/www.etoilesportivemontoise.fr\/gymnastique\/2025\/12\/02\/noel-de-la-gym-2025-%f0%9f%8e%84\/","url":"https:\/\/www.etoilesportivemontoise.fr\/gymnastique\/2025\/12\/02\/noel-de-la-gym-2025-%f0%9f%8e%84\/","name":"No\u00ebl de la gym 2025 \ud83c\udf84 - ESM Gym","isPartOf":{"@id":"https:\/\/www.etoilesportivemontoise.fr\/gymnastique\/#website"},"primaryImageOfPage":{"@id":"https:\/\/www.etoilesportivemontoise.fr\/gymnastique\/2025\/12\/02\/noel-de-la-gym-2025-%f0%9f%8e%84\/#primaryimage"},"image":{"@id":"https:\/\/www.etoilesportivemontoise.fr\/gymnastique\/2025\/12\/02\/noel-de-la-gym-2025-%f0%9f%8e%84\/#primaryimage"},"thumbnailUrl":"https:\/\/www.etoilesportivemontoise.fr\/content\/uploads\/sites\/5\/2024\/11\/admin-ajax.jpeg","datePublished":"2025-12-02T14:22:12+00:00","dateModified":"2025-12-02T14:29:53+00:00","author":{"@id":"https:\/\/www.etoilesportivemontoise.fr\/gymnastique\/#\/schema\/person\/633b3913936cc36837458de217b1ebe2"},"breadcrumb":{"@id":"https:\/\/www.etoilesportivemontoise.fr\/gymnastique\/2025\/12\/02\/noel-de-la-gym-2025-%f0%9f%8e%84\/#breadcrumb"},"inLanguage":"fr-FR","potentialAction":[{"@type":"ReadAction","target":["https:\/\/www.etoilesportivemontoise.fr\/gymnastique\/2025\/12\/02\/noel-de-la-gym-2025-%f0%9f%8e%84\/"]}]},{"@type":"ImageObject","inLanguage":"fr-FR","@id":"https:\/\/www.etoilesportivemontoise.fr\/gymnastique\/2025\/12\/02\/noel-de-la-gym-2025-%f0%9f%8e%84\/#primaryimage","url":"https:\/\/www.etoilesportivemontoise.fr\/content\/uploads\/sites\/5\/2024\/11\/admin-ajax.jpeg","contentUrl":"https:\/\/www.etoilesportivemontoise.fr\/content\/uploads\/sites\/5\/2024\/11\/admin-ajax.jpeg","width":467,"height":226},{"@type":"BreadcrumbList","@id":"https:\/\/www.etoilesportivemontoise.fr\/gymnastique\/2025\/12\/02\/noel-de-la-gym-2025-%f0%9f%8e%84\/#breadcrumb","itemListElement":[{"@type":"ListItem","position":1,"name":"Accueil","item":"https:\/\/www.etoilesportivemontoise.fr\/gymnastique\/"},{"@type":"ListItem","position":2,"name":"No\u00ebl de la gym 2025 \ud83c\udf84"}]},{"@type":"WebSite","@id":"https:\/\/www.etoilesportivemontoise.fr\/gymnastique\/#website","url":"https:\/\/www.etoilesportivemontoise.fr\/gymnastique\/","name":"ESM Gym","description":"Club de Gymnastique sur Mont-de-marsan ","potentialAction":[{"@type":"SearchAction","target":{"@type":"EntryPoint","urlTemplate":"https:\/\/www.etoilesportivemontoise.fr\/gymnastique\/?s={search_term_string}"},"query-input":{"@type":"PropertyValueSpecification","valueRequired":true,"valueName":"search_term_string"}}],"inLanguage":"fr-FR"},{"@type":"Person","@id":"https:\/\/www.etoilesportivemontoise.fr\/gymnastique\/#\/schema\/person\/633b3913936cc36837458de217b1ebe2","name":"Guillaume","image":{"@type":"ImageObject","inLanguage":"fr-FR","@id":"https:\/\/secure.gravatar.com\/avatar\/dd13f229f497a4a5b14173d8a578936299e9c73d58dda55578eb9f9709f9e949?s=96&d=mm&r=g","url":"https:\/\/secure.gravatar.com\/avatar\/dd13f229f497a4a5b14173d8a578936299e9c73d58dda55578eb9f9709f9e949?s=96&d=mm&r=g","contentUrl":"https:\/\/secure.gravatar.com\/avatar\/dd13f229f497a4a5b14173d8a578936299e9c73d58dda55578eb9f9709f9e949?s=96&d=mm&r=g","caption":"Guillaume"},"url":"https:\/\/www.etoilesportivemontoise.fr\/gymnastique\/aka\/c6db1d085592da78ed0e387c677b7fe9726c8891\/"}]}},"_links":{"self":[{"href":"https:\/\/www.etoilesportivemontoise.fr\/gymnastique\/wp-json\/wp\/v2\/posts\/4843","targetHints":{"allow":["GET"]}}],"collection":[{"href":"https:\/\/www.etoilesportivemontoise.fr\/gymnastique\/wp-json\/wp\/v2\/posts"}],"about":[{"href":"https:\/\/www.etoilesportivemontoise.fr\/gymnastique\/wp-json\/wp\/v2\/types\/post"}],"author":[{"embeddable":true,"href":"https:\/\/www.etoilesportivemontoise.fr\/gymnastique\/wp-json\/wp\/v2\/users\/38"}],"replies":[{"embeddable":true,"href":"https:\/\/www.etoilesportivemontoise.fr\/gymnastique\/wp-json\/wp\/v2\/comments?post=4843"}],"version-history":[{"count":7,"href":"https:\/\/www.etoilesportivemontoise.fr\/gymnastique\/wp-json\/wp\/v2\/posts\/4843\/revisions"}],"predecessor-version":[{"id":4851,"href":"https:\/\/www.etoilesportivemontoise.fr\/gymnastique\/wp-json\/wp\/v2\/posts\/4843\/revisions\/4851"}],"wp:featuredmedia":[{"embeddable":true,"href":"https:\/\/www.etoilesportivemontoise.fr\/gymnastique\/wp-json\/wp\/v2\/media\/4797"}],"wp:attachment":[{"href":"https:\/\/www.etoilesportivemontoise.fr\/gymnastique\/wp-json\/wp\/v2\/media?parent=4843"}],"wp:term":[{"taxonomy":"category","embeddable":true,"href":"https:\/\/www.etoilesportivemontoise.fr\/gymnastique\/wp-json\/wp\/v2\/categories?post=4843"},{"taxonomy":"post_tag","embeddable":true,"href":"https:\/\/www.etoilesportivemontoise.fr\/gymnastique\/wp-json\/wp\/v2\/tags?post=4843"}],"curies":[{"name":"wp","href":"https:\/\/api.w.org\/{rel}","templated":true}]}}